{"id":41588,"date":"2016-02-14T09:18:49","date_gmt":"2016-02-14T08:18:49","guid":{"rendered":"https:\/\/www.prijedordanas.com\/?p=41588"},"modified":"2016-02-14T09:26:51","modified_gmt":"2016-02-14T08:26:51","slug":"ofk-brdo-fk-rudar-prijedor-juniori-25-12-foto","status":"publish","type":"post","link":"https:\/\/www.prijedordanas.com\/?p=41588","title":{"rendered":"OFK BRDO: FK RUDAR-PRIJEDOR (JUNIORI)  2:5 (1:2) &#8211; FOTO"},"content":{"rendered":"<p><a href=\"https:\/\/www.prijedordanas.com\/wp-content\/uploads\/2016\/02\/brdo-rudar-prijedor-juniori-prijateljska-1.jpg\" rel=\"attachment wp-att-41613\"><img loading=\"lazy\" decoding=\"async\" class=\"alignleft size-medium wp-image-41613\" src=\"https:\/\/www.prijedordanas.com\/wp-content\/uploads\/2016\/02\/brdo-rudar-prijedor-juniori-prijateljska-1-300x213.jpg\" alt=\"brdo-rudar prijedor juniori-prijateljska (1)\" width=\"300\" height=\"213\" srcset=\"https:\/\/www.prijedordanas.com\/wp-content\/uploads\/2016\/02\/brdo-rudar-prijedor-juniori-prijateljska-1-300x213.jpg 300w, https:\/\/www.prijedordanas.com\/wp-content\/uploads\/2016\/02\/brdo-rudar-prijedor-juniori-prijateljska-1.jpg 700w\" sizes=\"(max-width: 300px) 100vw, 300px\" \/><\/a>U okviru priprema za nastavak sezone u Regionalnoj ligi RS-grupa Zapad, ekipa OFK Brdo je na stadionu \u201eVedro Polje\u201c do\u010dekala juniore FK Rudar-Prijedor.<\/p>\n<p>U zanimljivoj utakmici vi\u0111eno je \u010dak sedam golova a kona\u010dan rezultat je glasio 2:5 (1:2).<\/p>\n<p>Gosti su poveli golom Stoji\u0107a nakon dobrog centar\u0161uta a poravnao je \u201epovratnik\u201c u redove \u201ebr\u0111ana\u201c Armin Me\u0161i\u0107 koji je nakon ubacivanja sa lijeve strane, sjajno uhvatio volej na drugoj stativi i matirao nemo\u0107nog Dragi\u0107a.<\/p>\n<p>Na isteku prvog dijela igre kapiten juniora Rudar-Prijedora, Marko Kova\u010devi\u0107, bio je siguran izvo\u0111a\u010d najstro\u017ee kazne pa se rezultatom 1:2 oti\u0161lo na odmor.<\/p>\n<p>Nastavak su bolje otvorili izabranici Amira Kaltaka pa je Ljeljak izjedna\u010dio na 2:2, pospremiv\u0161i u mre\u017eu odbitak, nakon \u0161to je golman gostiju odbranio odli\u010dan udarac Besima Ibri\u010di\u0107a sa 20-ak metara.<\/p>\n<p>Ipak, do kraja susreta se osjetila trenutno bolja fizi\u010dka pripremljenost igra\u010da koje sa klupe predvodi trener Zoran Buji\u0107.<\/p>\n<p>Pogodak za 2:3 postigao je \u0106ati\u0107, potom je precizan bio i Mirnes Muhi\u0107, koji je ponikao u OFK Brdo, da bi \u0106ati\u0107 pred kraj me\u010da jo\u0161 jednom bio siguran za kona\u010dnih 2:5.<\/p>\n<p>Treba re\u0107i da se igralo po te\u0161kom terenu, a obje ekipe bile su oslabljene.<\/p>\n<p>U redovima doma\u0107ih nedostajali su, prije svega, Kardumovi\u0107 i Vidovi\u0107, a kod juniora \u201erudara sa Sane\u201c nije bilo Gavranovi\u0107a i Davidovi\u0107a, koji su bili sa prvom ekipom u Sanskom Mostu te jo\u0161 nekoliko igra\u010da zbog lak\u0161ih povreda.<\/p>\n<p>OFK Brdo: FK Rudar-Prijedor (juniori)  2:5 (1:2)<br \/>\nHambarine<br \/>\nStadion \u201eVedro Polje\u201c<br \/>\nGledalaca: 50<br \/>\nSudija: Mirza Alki\u0107<br \/>\nStrijelci: Me\u0161i\u0107 u 35. i Ljeljak u 50. za OFK Brdo, Stoji\u0107 u 17., Kova\u010devi\u0107 u 42. iz penala, \u0106ati\u0107 u 60. i 78., Muhi\u0107 u 68. za Rudar-Prijedor (juniori)<\/p>\n<p>OFK Brdo<br \/>\n\u010cau\u0161evi\u0107, Me\u0161i\u0107, Haramba\u0161i\u0107, Karupovi\u0107, Pekija, Pu\u0161kar, Sarhatli\u0107, Ibri\u010di\u0107, Ljeljak, H.Kaltak, Brki\u0107<br \/>\nJo\u0161 su igrali: H.Muhi\u0107, Kukavica, Veli\u0107, Hori\u0107, Topi\u0107, Suba\u0161i\u0107<br \/>\nTrener-Amir Kaltak<\/p>\n<p>Rudar-Prijedor (juniori)<br \/>\nDragi\u0107, Mandi\u0107, Laji\u0107, Pali\u0107, Vukovi\u0107, Kova\u010devi\u0107, Brdar, Stoji\u0107, \u0106ati\u0107, M.Muhi\u0107, Trkulja<br \/>\nJo\u0161 su igrali: \u010civ\u010di\u0107, Radanovi\u0107, Isakovi\u0107<br \/>\nTrener-Zoran Buji\u0107<\/p>\n<p>Tekst i foto \u2013 Aleksandar Drakuli\u0107 \u2013 <a href=\"www.prijedordanas.com\" target=\"_blank\">www.prijedordanas.com<\/a><\/p>\n<p><a href=\"https:\/\/www.prijedordanas.com\/wp-content\/uploads\/2016\/02\/brdo-rudar-prijedor-juniori-prijateljska-2.jpg\" rel=\"attachment wp-att-41614\"><img loading=\"lazy\" decoding=\"async\" class=\"alignleft size-medium wp-image-41614\" src=\"https:\/\/www.prijedordanas.com\/wp-content\/uploads\/2016\/02\/brdo-rudar-prijedor-juniori-prijateljska-2-300x199.jpg\" alt=\"brdo-rudar prijedor juniori-prijateljska (2)\" width=\"300\" height=\"199\" srcset=\"https:\/\/www.prijedordanas.com\/wp-content\/uploads\/2016\/02\/brdo-rudar-prijedor-juniori-prijateljska-2-300x200.jpg 300w, https:\/\/www.prijedordanas.com\/wp-content\/uploads\/2016\/02\/brdo-rudar-prijedor-juniori-prijateljska-2-480x320.jpg 480w, https:\/\/www.prijedordanas.com\/wp-content\/uploads\/2016\/02\/brdo-rudar-prijedor-juniori-prijateljska-2.jpg 600w\" sizes=\"(max-width: 300px) 100vw, 300px\" \/><\/a> <a href=\"https:\/\/www.prijedordanas.com\/wp-content\/uploads\/2016\/02\/brdo-rudar-prijedor-juniori-prijateljska-3.jpg\" rel=\"attachment wp-att-41615\"><img loading=\"lazy\" decoding=\"async\" class=\"alignleft size-medium wp-image-41615\" src=\"https:\/\/www.prijedordanas.com\/wp-content\/uploads\/2016\/02\/brdo-rudar-prijedor-juniori-prijateljska-3-300x199.jpg\" alt=\"brdo-rudar prijedor juniori-prijateljska (3)\" width=\"300\" height=\"199\" srcset=\"https:\/\/www.prijedordanas.com\/wp-content\/uploads\/2016\/02\/brdo-rudar-prijedor-juniori-prijateljska-3-300x200.jpg 300w, https:\/\/www.prijedordanas.com\/wp-content\/uploads\/2016\/02\/brdo-rudar-prijedor-juniori-prijateljska-3-480x320.jpg 480w, https:\/\/www.prijedordanas.com\/wp-content\/uploads\/2016\/02\/brdo-rudar-prijedor-juniori-prijateljska-3.jpg 600w\" sizes=\"(max-width: 300px) 100vw, 300px\" \/><\/a> <a href=\"https:\/\/www.prijedordanas.com\/wp-content\/uploads\/2016\/02\/brdo-rudar-prijedor-juniori-prijateljska-4.jpg\" rel=\"attachment wp-att-41616\"><img loading=\"lazy\" decoding=\"async\" class=\"alignleft size-medium wp-image-41616\" src=\"https:\/\/www.prijedordanas.com\/wp-content\/uploads\/2016\/02\/brdo-rudar-prijedor-juniori-prijateljska-4-300x199.jpg\" alt=\"brdo-rudar prijedor juniori-prijateljska (4)\" width=\"300\" height=\"199\" srcset=\"https:\/\/www.prijedordanas.com\/wp-content\/uploads\/2016\/02\/brdo-rudar-prijedor-juniori-prijateljska-4-300x200.jpg 300w, https:\/\/www.prijedordanas.com\/wp-content\/uploads\/2016\/02\/brdo-rudar-prijedor-juniori-prijateljska-4-480x320.jpg 480w, https:\/\/www.prijedordanas.com\/wp-content\/uploads\/2016\/02\/brdo-rudar-prijedor-juniori-prijateljska-4.jpg 600w\" sizes=\"(max-width: 300px) 100vw, 300px\" \/><\/a> <a href=\"https:\/\/www.prijedordanas.com\/wp-content\/uploads\/2016\/02\/brdo-rudar-prijedor-juniori-prijateljska-5.jpg\" rel=\"attachment wp-att-41617\"><img loading=\"lazy\" decoding=\"async\" class=\"alignleft size-medium wp-image-41617\" src=\"https:\/\/www.prijedordanas.com\/wp-content\/uploads\/2016\/02\/brdo-rudar-prijedor-juniori-prijateljska-5-300x199.jpg\" alt=\"brdo-rudar prijedor juniori-prijateljska (5)\" width=\"300\" height=\"199\" srcset=\"https:\/\/www.prijedordanas.com\/wp-content\/uploads\/2016\/02\/brdo-rudar-prijedor-juniori-prijateljska-5-300x200.jpg 300w, https:\/\/www.prijedordanas.com\/wp-content\/uploads\/2016\/02\/brdo-rudar-prijedor-juniori-prijateljska-5-480x320.jpg 480w, https:\/\/www.prijedordanas.com\/wp-content\/uploads\/2016\/02\/brdo-rudar-prijedor-juniori-prijateljska-5.jpg 600w\" sizes=\"(max-width: 300px) 100vw, 300px\" \/><\/a> <a href=\"https:\/\/www.prijedordanas.com\/wp-content\/uploads\/2016\/02\/brdo-rudar-prijedor-juniori-prijateljska-6.jpg\" rel=\"attachment wp-att-41618\"><img loading=\"lazy\" decoding=\"async\" class=\"alignleft size-medium wp-image-41618\" src=\"https:\/\/www.prijedordanas.com\/wp-content\/uploads\/2016\/02\/brdo-rudar-prijedor-juniori-prijateljska-6-300x199.jpg\" alt=\"brdo-rudar prijedor juniori-prijateljska (6)\" width=\"300\" height=\"199\" srcset=\"https:\/\/www.prijedordanas.com\/wp-content\/uploads\/2016\/02\/brdo-rudar-prijedor-juniori-prijateljska-6-300x200.jpg 300w, https:\/\/www.prijedordanas.com\/wp-content\/uploads\/2016\/02\/brdo-rudar-prijedor-juniori-prijateljska-6-480x320.jpg 480w, https:\/\/www.prijedordanas.com\/wp-content\/uploads\/2016\/02\/brdo-rudar-prijedor-juniori-prijateljska-6.jpg 600w\" sizes=\"(max-width: 300px) 100vw, 300px\" \/><\/a> <a href=\"https:\/\/www.prijedordanas.com\/wp-content\/uploads\/2016\/02\/brdo-rudar-prijedor-juniori-prijateljska-7.jpg\" rel=\"attachment wp-att-41619\"><img loading=\"lazy\" decoding=\"async\" class=\"alignleft size-medium wp-image-41619\" src=\"https:\/\/www.prijedordanas.com\/wp-content\/uploads\/2016\/02\/brdo-rudar-prijedor-juniori-prijateljska-7-300x199.jpg\" alt=\"brdo-rudar prijedor juniori-prijateljska (7)\" width=\"300\" height=\"199\" srcset=\"https:\/\/www.prijedordanas.com\/wp-content\/uploads\/2016\/02\/brdo-rudar-prijedor-juniori-prijateljska-7-300x200.jpg 300w, https:\/\/www.prijedordanas.com\/wp-content\/uploads\/2016\/02\/brdo-rudar-prijedor-juniori-prijateljska-7-480x320.jpg 480w, https:\/\/www.prijedordanas.com\/wp-content\/uploads\/2016\/02\/brdo-rudar-prijedor-juniori-prijateljska-7.jpg 600w\" sizes=\"(max-width: 300px) 100vw, 300px\" \/><\/a> <a href=\"https:\/\/www.prijedordanas.com\/wp-content\/uploads\/2016\/02\/brdo-rudar-prijedor-juniori-prijateljska-8.jpg\" rel=\"attachment wp-att-41620\"><img loading=\"lazy\" decoding=\"async\" class=\"alignleft size-medium wp-image-41620\" src=\"https:\/\/www.prijedordanas.com\/wp-content\/uploads\/2016\/02\/brdo-rudar-prijedor-juniori-prijateljska-8-300x199.jpg\" alt=\"brdo-rudar prijedor juniori-prijateljska (8)\" width=\"300\" height=\"199\" srcset=\"https:\/\/www.prijedordanas.com\/wp-content\/uploads\/2016\/02\/brdo-rudar-prijedor-juniori-prijateljska-8-300x200.jpg 300w, https:\/\/www.prijedordanas.com\/wp-content\/uploads\/2016\/02\/brdo-rudar-prijedor-juniori-prijateljska-8-480x320.jpg 480w, https:\/\/www.prijedordanas.com\/wp-content\/uploads\/2016\/02\/brdo-rudar-prijedor-juniori-prijateljska-8.jpg 600w\" sizes=\"(max-width: 300px) 100vw, 300px\" \/><\/a> <a href=\"https:\/\/www.prijedordanas.com\/wp-content\/uploads\/2016\/02\/brdo-rudar-prijedor-juniori-prijateljska-9.jpg\" rel=\"attachment wp-att-41621\"><img loading=\"lazy\" decoding=\"async\" class=\"alignleft size-medium wp-image-41621\" src=\"https:\/\/www.prijedordanas.com\/wp-content\/uploads\/2016\/02\/brdo-rudar-prijedor-juniori-prijateljska-9-300x199.jpg\" alt=\"brdo-rudar prijedor juniori-prijateljska (9)\" width=\"300\" height=\"199\" srcset=\"https:\/\/www.prijedordanas.com\/wp-content\/uploads\/2016\/02\/brdo-rudar-prijedor-juniori-prijateljska-9-300x200.jpg 300w, https:\/\/www.prijedordanas.com\/wp-content\/uploads\/2016\/02\/brdo-rudar-prijedor-juniori-prijateljska-9-480x320.jpg 480w, https:\/\/www.prijedordanas.com\/wp-content\/uploads\/2016\/02\/brdo-rudar-prijedor-juniori-prijateljska-9.jpg 600w\" sizes=\"(max-width: 300px) 100vw, 300px\" \/><\/a> <a href=\"https:\/\/www.prijedordanas.com\/wp-content\/uploads\/2016\/02\/brdo-rudar-prijedor-juniori-prijateljska-10.jpg\" rel=\"attachment wp-att-41622\"><img loading=\"lazy\" decoding=\"async\" class=\"alignleft size-medium wp-image-41622\" src=\"https:\/\/www.prijedordanas.com\/wp-content\/uploads\/2016\/02\/brdo-rudar-prijedor-juniori-prijateljska-10-300x199.jpg\" alt=\"brdo-rudar prijedor juniori-prijateljska (10)\" width=\"300\" height=\"199\" srcset=\"https:\/\/www.prijedordanas.com\/wp-content\/uploads\/2016\/02\/brdo-rudar-prijedor-juniori-prijateljska-10-300x200.jpg 300w, https:\/\/www.prijedordanas.com\/wp-content\/uploads\/2016\/02\/brdo-rudar-prijedor-juniori-prijateljska-10-480x320.jpg 480w, https:\/\/www.prijedordanas.com\/wp-content\/uploads\/2016\/02\/brdo-rudar-prijedor-juniori-prijateljska-10.jpg 600w\" sizes=\"(max-width: 300px) 100vw, 300px\" \/><\/a><\/p>\n","protected":false},"excerpt":{"rendered":"<p>U okviru priprema za nastavak sezone u Regionalnoj ligi RS-grupa Zapad, ekipa OFK Brdo je na stadionu \u201eVedro Polje\u201c do\u010dekala juniore FK Rudar-Prijedor. U zanimljivoj utakmici vi\u0111eno je \u010dak sedam [&hellip;]<\/p>\n","protected":false},"author":1,"featured_media":0,"comment_status":"closed","ping_status":"open","sticky":false,"template":"","format":"standard","meta":{"_monsterinsights_skip_tracking":false,"_monsterinsights_sitenote_active":false,"_monsterinsights_sitenote_note":"","_monsterinsights_sitenote_category":0,"footnotes":""},"categories":[7],"tags":[5401,80,378,489,2071],"yoast_head":"<!-- This site is optimized with the Yoast SEO plugin v21.6 - https:\/\/yoast.com\/wordpress\/plugins\/seo\/ -->\n<title>OFK BRDO: FK RUDAR-PRIJEDOR (JUNIORI) 2:5 (1:2) - FOTO - PrijedorDanas.com - Prijedorski gradski portal<\/title>\n<meta name=\"robots\" content=\"index, follow, max-snippet:-1, max-image-preview:large, max-video-preview:-1\" \/>\n<link rel=\"canonical\" href=\"https:\/\/www.prijedordanas.com\/?p=41588\" \/>\n<meta property=\"og:locale\" content=\"en_US\" \/>\n<meta property=\"og:type\" content=\"article\" \/>\n<meta property=\"og:title\" content=\"OFK BRDO: FK RUDAR-PRIJEDOR (JUNIORI) 2:5 (1:2) - FOTO - PrijedorDanas.com - Prijedorski gradski portal\" \/>\n<meta property=\"og:description\" content=\"U okviru priprema za nastavak sezone u Regionalnoj ligi RS-grupa Zapad, ekipa OFK Brdo je na stadionu \u201eVedro Polje\u201c do\u010dekala juniore FK Rudar-Prijedor. U zanimljivoj utakmici vi\u0111eno je \u010dak sedam [&hellip;]\" \/>\n<meta property=\"og:url\" content=\"https:\/\/www.prijedordanas.com\/?p=41588\" \/>\n<meta property=\"og:site_name\" content=\"PrijedorDanas.com - Prijedorski gradski portal\" \/>\n<meta property=\"article:publisher\" content=\"https:\/\/www.facebook.com\/PrijedorDanasCom\/\" \/>\n<meta property=\"article:published_time\" content=\"2016-02-14T08:18:49+00:00\" \/>\n<meta property=\"article:modified_time\" content=\"2016-02-14T08:26:51+00:00\" \/>\n<meta property=\"og:image\" content=\"https:\/\/www.prijedordanas.com\/wp-content\/uploads\/2016\/02\/brdo-rudar-prijedor-juniori-prijateljska-1-300x213.jpg\" \/>\n<meta name=\"author\" content=\"admin\" \/>\n<meta name=\"twitter:card\" content=\"summary_large_image\" \/>\n<meta name=\"twitter:label1\" content=\"Written by\" \/>\n\t<meta name=\"twitter:data1\" content=\"admin\" \/>\n\t<meta name=\"twitter:label2\" content=\"Est. reading time\" \/>\n\t<meta name=\"twitter:data2\" content=\"2 minutes\" \/>\n<script type=\"application\/ld+json\" class=\"yoast-schema-graph\">{\"@context\":\"https:\/\/schema.org\",\"@graph\":[{\"@type\":\"Article\",\"@id\":\"https:\/\/www.prijedordanas.com\/?p=41588#article\",\"isPartOf\":{\"@id\":\"https:\/\/www.prijedordanas.com\/?p=41588\"},\"author\":{\"name\":\"admin\",\"@id\":\"https:\/\/www.prijedordanas.com\/#\/schema\/person\/4e08ccf29b506ca916ff86d46bb700e6\"},\"headline\":\"OFK BRDO: FK RUDAR-PRIJEDOR (JUNIORI) 2:5 (1:2) &#8211; FOTO\",\"datePublished\":\"2016-02-14T08:18:49+00:00\",\"dateModified\":\"2016-02-14T08:26:51+00:00\",\"mainEntityOfPage\":{\"@id\":\"https:\/\/www.prijedordanas.com\/?p=41588\"},\"wordCount\":359,\"publisher\":{\"@id\":\"https:\/\/www.prijedordanas.com\/#organization\"},\"keywords\":[\"FK Rudar-Prijedor\",\"fudbal\",\"juniori\",\"OFK Brdo\",\"prijateljska utakmica\"],\"articleSection\":[\"Sport\"],\"inLanguage\":\"en-US\"},{\"@type\":\"WebPage\",\"@id\":\"https:\/\/www.prijedordanas.com\/?p=41588\",\"url\":\"https:\/\/www.prijedordanas.com\/?p=41588\",\"name\":\"OFK BRDO: FK RUDAR-PRIJEDOR (JUNIORI) 2:5 (1:2) - FOTO - PrijedorDanas.com - Prijedorski gradski portal\",\"isPartOf\":{\"@id\":\"https:\/\/www.prijedordanas.com\/#website\"},\"datePublished\":\"2016-02-14T08:18:49+00:00\",\"dateModified\":\"2016-02-14T08:26:51+00:00\",\"breadcrumb\":{\"@id\":\"https:\/\/www.prijedordanas.com\/?p=41588#breadcrumb\"},\"inLanguage\":\"en-US\",\"potentialAction\":[{\"@type\":\"ReadAction\",\"target\":[\"https:\/\/www.prijedordanas.com\/?p=41588\"]}]},{\"@type\":\"BreadcrumbList\",\"@id\":\"https:\/\/www.prijedordanas.com\/?p=41588#breadcrumb\",\"itemListElement\":[{\"@type\":\"ListItem\",\"position\":1,\"name\":\"Home\",\"item\":\"https:\/\/www.prijedordanas.com\/\"},{\"@type\":\"ListItem\",\"position\":2,\"name\":\"OFK BRDO: FK RUDAR-PRIJEDOR (JUNIORI) 2:5 (1:2) &#8211; FOTO\"}]},{\"@type\":\"WebSite\",\"@id\":\"https:\/\/www.prijedordanas.com\/#website\",\"url\":\"https:\/\/www.prijedordanas.com\/\",\"name\":\"PrijedorDanas.com - Prijedorski gradski portal\",\"description\":\"Portal o doga\u0111anjima u gradu Prijedoru\",\"publisher\":{\"@id\":\"https:\/\/www.prijedordanas.com\/#organization\"},\"potentialAction\":[{\"@type\":\"SearchAction\",\"target\":{\"@type\":\"EntryPoint\",\"urlTemplate\":\"https:\/\/www.prijedordanas.com\/?s={search_term_string}\"},\"query-input\":\"required name=search_term_string\"}],\"inLanguage\":\"en-US\"},{\"@type\":\"Organization\",\"@id\":\"https:\/\/www.prijedordanas.com\/#organization\",\"name\":\"PrijedorDanas.com\",\"url\":\"https:\/\/www.prijedordanas.com\/\",\"logo\":{\"@type\":\"ImageObject\",\"inLanguage\":\"en-US\",\"@id\":\"https:\/\/www.prijedordanas.com\/#\/schema\/logo\/image\/\",\"url\":\"http:\/\/www.prijedordanas.com\/wp-content\/uploads\/2021\/12\/logopng.png\",\"contentUrl\":\"http:\/\/www.prijedordanas.com\/wp-content\/uploads\/2021\/12\/logopng.png\",\"width\":1019,\"height\":776,\"caption\":\"PrijedorDanas.com\"},\"image\":{\"@id\":\"https:\/\/www.prijedordanas.com\/#\/schema\/logo\/image\/\"},\"sameAs\":[\"https:\/\/www.facebook.com\/PrijedorDanasCom\/\"]},{\"@type\":\"Person\",\"@id\":\"https:\/\/www.prijedordanas.com\/#\/schema\/person\/4e08ccf29b506ca916ff86d46bb700e6\",\"name\":\"admin\",\"image\":{\"@type\":\"ImageObject\",\"inLanguage\":\"en-US\",\"@id\":\"https:\/\/www.prijedordanas.com\/#\/schema\/person\/image\/\",\"url\":\"https:\/\/secure.gravatar.com\/avatar\/1d3fc949d550f0b53a5f0d51e06dfd79?s=96&d=mm&r=g\",\"contentUrl\":\"https:\/\/secure.gravatar.com\/avatar\/1d3fc949d550f0b53a5f0d51e06dfd79?s=96&d=mm&r=g\",\"caption\":\"admin\"},\"url\":\"https:\/\/www.prijedordanas.com\/?author=1\"}]}<\/script>\n<!-- \/ Yoast SEO plugin. -->","yoast_head_json":{"title":"OFK BRDO: FK RUDAR-PRIJEDOR (JUNIORI) 2:5 (1:2) - FOTO - PrijedorDanas.com - Prijedorski gradski portal","robots":{"index":"index","follow":"follow","max-snippet":"max-snippet:-1","max-image-preview":"max-image-preview:large","max-video-preview":"max-video-preview:-1"},"canonical":"https:\/\/www.prijedordanas.com\/?p=41588","og_locale":"en_US","og_type":"article","og_title":"OFK BRDO: FK RUDAR-PRIJEDOR (JUNIORI) 2:5 (1:2) - FOTO - PrijedorDanas.com - Prijedorski gradski portal","og_description":"U okviru priprema za nastavak sezone u Regionalnoj ligi RS-grupa Zapad, ekipa OFK Brdo je na stadionu \u201eVedro Polje\u201c do\u010dekala juniore FK Rudar-Prijedor. U zanimljivoj utakmici vi\u0111eno je \u010dak sedam [&hellip;]","og_url":"https:\/\/www.prijedordanas.com\/?p=41588","og_site_name":"PrijedorDanas.com - Prijedorski gradski portal","article_publisher":"https:\/\/www.facebook.com\/PrijedorDanasCom\/","article_published_time":"2016-02-14T08:18:49+00:00","article_modified_time":"2016-02-14T08:26:51+00:00","og_image":[{"url":"https:\/\/www.prijedordanas.com\/wp-content\/uploads\/2016\/02\/brdo-rudar-prijedor-juniori-prijateljska-1-300x213.jpg"}],"author":"admin","twitter_card":"summary_large_image","twitter_misc":{"Written by":"admin","Est. reading time":"2 minutes"},"schema":{"@context":"https:\/\/schema.org","@graph":[{"@type":"Article","@id":"https:\/\/www.prijedordanas.com\/?p=41588#article","isPartOf":{"@id":"https:\/\/www.prijedordanas.com\/?p=41588"},"author":{"name":"admin","@id":"https:\/\/www.prijedordanas.com\/#\/schema\/person\/4e08ccf29b506ca916ff86d46bb700e6"},"headline":"OFK BRDO: FK RUDAR-PRIJEDOR (JUNIORI) 2:5 (1:2) &#8211; FOTO","datePublished":"2016-02-14T08:18:49+00:00","dateModified":"2016-02-14T08:26:51+00:00","mainEntityOfPage":{"@id":"https:\/\/www.prijedordanas.com\/?p=41588"},"wordCount":359,"publisher":{"@id":"https:\/\/www.prijedordanas.com\/#organization"},"keywords":["FK Rudar-Prijedor","fudbal","juniori","OFK Brdo","prijateljska utakmica"],"articleSection":["Sport"],"inLanguage":"en-US"},{"@type":"WebPage","@id":"https:\/\/www.prijedordanas.com\/?p=41588","url":"https:\/\/www.prijedordanas.com\/?p=41588","name":"OFK BRDO: FK RUDAR-PRIJEDOR (JUNIORI) 2:5 (1:2) - FOTO - PrijedorDanas.com - Prijedorski gradski portal","isPartOf":{"@id":"https:\/\/www.prijedordanas.com\/#website"},"datePublished":"2016-02-14T08:18:49+00:00","dateModified":"2016-02-14T08:26:51+00:00","breadcrumb":{"@id":"https:\/\/www.prijedordanas.com\/?p=41588#breadcrumb"},"inLanguage":"en-US","potentialAction":[{"@type":"ReadAction","target":["https:\/\/www.prijedordanas.com\/?p=41588"]}]},{"@type":"BreadcrumbList","@id":"https:\/\/www.prijedordanas.com\/?p=41588#breadcrumb","itemListElement":[{"@type":"ListItem","position":1,"name":"Home","item":"https:\/\/www.prijedordanas.com\/"},{"@type":"ListItem","position":2,"name":"OFK BRDO: FK RUDAR-PRIJEDOR (JUNIORI) 2:5 (1:2) &#8211; FOTO"}]},{"@type":"WebSite","@id":"https:\/\/www.prijedordanas.com\/#website","url":"https:\/\/www.prijedordanas.com\/","name":"PrijedorDanas.com - Prijedorski gradski portal","description":"Portal o doga\u0111anjima u gradu Prijedoru","publisher":{"@id":"https:\/\/www.prijedordanas.com\/#organization"},"potentialAction":[{"@type":"SearchAction","target":{"@type":"EntryPoint","urlTemplate":"https:\/\/www.prijedordanas.com\/?s={search_term_string}"},"query-input":"required name=search_term_string"}],"inLanguage":"en-US"},{"@type":"Organization","@id":"https:\/\/www.prijedordanas.com\/#organization","name":"PrijedorDanas.com","url":"https:\/\/www.prijedordanas.com\/","logo":{"@type":"ImageObject","inLanguage":"en-US","@id":"https:\/\/www.prijedordanas.com\/#\/schema\/logo\/image\/","url":"http:\/\/www.prijedordanas.com\/wp-content\/uploads\/2021\/12\/logopng.png","contentUrl":"http:\/\/www.prijedordanas.com\/wp-content\/uploads\/2021\/12\/logopng.png","width":1019,"height":776,"caption":"PrijedorDanas.com"},"image":{"@id":"https:\/\/www.prijedordanas.com\/#\/schema\/logo\/image\/"},"sameAs":["https:\/\/www.facebook.com\/PrijedorDanasCom\/"]},{"@type":"Person","@id":"https:\/\/www.prijedordanas.com\/#\/schema\/person\/4e08ccf29b506ca916ff86d46bb700e6","name":"admin","image":{"@type":"ImageObject","inLanguage":"en-US","@id":"https:\/\/www.prijedordanas.com\/#\/schema\/person\/image\/","url":"https:\/\/secure.gravatar.com\/avatar\/1d3fc949d550f0b53a5f0d51e06dfd79?s=96&d=mm&r=g","contentUrl":"https:\/\/secure.gravatar.com\/avatar\/1d3fc949d550f0b53a5f0d51e06dfd79?s=96&d=mm&r=g","caption":"admin"},"url":"https:\/\/www.prijedordanas.com\/?author=1"}]}},"_links":{"self":[{"href":"https:\/\/www.prijedordanas.com\/index.php?rest_route=\/wp\/v2\/posts\/41588"}],"collection":[{"href":"https:\/\/www.prijedordanas.com\/index.php?rest_route=\/wp\/v2\/posts"}],"about":[{"href":"https:\/\/www.prijedordanas.com\/index.php?rest_route=\/wp\/v2\/types\/post"}],"author":[{"embeddable":true,"href":"https:\/\/www.prijedordanas.com\/index.php?rest_route=\/wp\/v2\/users\/1"}],"replies":[{"embeddable":true,"href":"https:\/\/www.prijedordanas.com\/index.php?rest_route=%2Fwp%2Fv2%2Fcomments&post=41588"}],"version-history":[{"count":3,"href":"https:\/\/www.prijedordanas.com\/index.php?rest_route=\/wp\/v2\/posts\/41588\/revisions"}],"predecessor-version":[{"id":41626,"href":"https:\/\/www.prijedordanas.com\/index.php?rest_route=\/wp\/v2\/posts\/41588\/revisions\/41626"}],"wp:attachment":[{"href":"https:\/\/www.prijedordanas.com\/index.php?rest_route=%2Fwp%2Fv2%2Fmedia&parent=41588"}],"wp:term":[{"taxonomy":"category","embeddable":true,"href":"https:\/\/www.prijedordanas.com\/index.php?rest_route=%2Fwp%2Fv2%2Fcategories&post=41588"},{"taxonomy":"post_tag","embeddable":true,"href":"https:\/\/www.prijedordanas.com\/index.php?rest_route=%2Fwp%2Fv2%2Ftags&post=41588"}],"curies":[{"name":"wp","href":"https:\/\/api.w.org\/{rel}","templated":true}]}}