{"id":41351,"date":"2016-02-10T21:58:06","date_gmt":"2016-02-10T20:58:06","guid":{"rendered":"https:\/\/www.prijedordanas.com\/?p=41351"},"modified":"2016-02-10T21:58:06","modified_gmt":"2016-02-10T20:58:06","slug":"u-muzeju-kozare-otvorena-izlozba-mirjane-jukic-foto","status":"publish","type":"post","link":"https:\/\/www.prijedordanas.com\/?p=41351","title":{"rendered":"U MUZEJU KOZARE OTVORENA IZLO\u017dBA MIRJANE JUKI\u0106 &#8211; FOTO"},"content":{"rendered":"<p><a href=\"https:\/\/www.prijedordanas.com\/wp-content\/uploads\/2016\/02\/izlozba-mirjana-jukic-1.jpg\" rel=\"attachment wp-att-41352\"><img loading=\"lazy\" decoding=\"async\" class=\"alignleft size-medium wp-image-41352\" src=\"https:\/\/www.prijedordanas.com\/wp-content\/uploads\/2016\/02\/izlozba-mirjana-jukic-1-300x199.jpg\" alt=\"izlozba mirjana jukic (1)\" width=\"300\" height=\"199\" srcset=\"https:\/\/www.prijedordanas.com\/wp-content\/uploads\/2016\/02\/izlozba-mirjana-jukic-1-300x200.jpg 300w, https:\/\/www.prijedordanas.com\/wp-content\/uploads\/2016\/02\/izlozba-mirjana-jukic-1-480x320.jpg 480w, https:\/\/www.prijedordanas.com\/wp-content\/uploads\/2016\/02\/izlozba-mirjana-jukic-1.jpg 600w\" sizes=\"(max-width: 300px) 100vw, 300px\" \/><\/a>U Muzeju Kozare u Prijedoru ve\u010deras je otvorena izlo\u017eba likovne umjetnice Mirjane Juki\u0107 pod nazivom &#8220;Slike&#8221; kojom je po\u010dela ovogodi\u0161nja izlo\u017ebena sezona u ovoj ustanovi kulture.<\/p>\n<p>Izlo\u017ebu je otvorio direktor prijedorske &#8220;Galerije `96&#8221; Tihomir Ilija\u0161evi\u0107 koji je rekao da je rije\u010d o izuzetnim slikama nastalim u posljednje dvije godine.<\/p>\n<p>Autor Mirjana Juki\u0107 je istakla da se slikarstvom bavi od 1990. godine, da je poha\u0111ala \u0161kolu slikarstva i grafike kod umjetnika Ude Ajzenahera, a potom intenzivne seminare slikarstva kod poznatih likovnih umjetnika \u0161irom NJema\u010dke.<\/p>\n<p><a href=\"https:\/\/www.prijedordanas.com\/wp-content\/uploads\/2016\/02\/izlozba-mirjana-jukic-2.jpg\" rel=\"attachment wp-att-41353\"><img loading=\"lazy\" decoding=\"async\" class=\"alignleft size-medium wp-image-41353\" src=\"https:\/\/www.prijedordanas.com\/wp-content\/uploads\/2016\/02\/izlozba-mirjana-jukic-2-300x199.jpg\" alt=\"izlozba mirjana jukic (2)\" width=\"300\" height=\"199\" srcset=\"https:\/\/www.prijedordanas.com\/wp-content\/uploads\/2016\/02\/izlozba-mirjana-jukic-2-300x200.jpg 300w, https:\/\/www.prijedordanas.com\/wp-content\/uploads\/2016\/02\/izlozba-mirjana-jukic-2-480x320.jpg 480w, https:\/\/www.prijedordanas.com\/wp-content\/uploads\/2016\/02\/izlozba-mirjana-jukic-2.jpg 600w\" sizes=\"(max-width: 300px) 100vw, 300px\" \/><\/a>&#8220;Radim i danas, i to tehnikom akrilik. Ve\u010deras je izlo\u017eeno 27 radova ra\u0111enih kombinovanom tehnikom i akrilom na platnu i papiru&#8221;, rekla je Juki\u0107eva.<\/p>\n<p>Direktor Muzeja Kozare Zoran Radonji\u0107 je istakao da \u0107e sugra\u0111ani izlo\u017ebu mo\u0107i da pogledaju do kraja februara, a da je izlo\u017eba rezultat konkursa koji je prvi put raspisan u istoriji Muzeja.<\/p>\n<p>&#8220;Umjetni\u010dki savjet je izabrao da Mirjana Juki\u0107 ima u ovoj izlo\u017ebenoj sezoni samostalnu izlo\u017ebu. Ve\u0107 vidimo koje su prednosti konkursa, a to je taj kvalitetan likovni sadr\u017eaj za prijedorsku publiku&#8221;, rekao je Radonji\u0107.<\/p>\n<p>On je istakao da ta vrsta \u017eirirane izlo\u017ebe ima daleko ve\u0107i zna\u010daj u biografiji umjetnika.<\/p>\n<p><a href=\"https:\/\/www.prijedordanas.com\/wp-content\/uploads\/2016\/02\/izlozba-mirjana-jukic-3.jpg\" rel=\"attachment wp-att-41354\"><img loading=\"lazy\" decoding=\"async\" src=\"https:\/\/www.prijedordanas.com\/wp-content\/uploads\/2016\/02\/izlozba-mirjana-jukic-3-300x199.jpg\" alt=\"izlozba mirjana jukic (3)\" width=\"300\" height=\"199\" class=\"alignleft size-medium wp-image-41354\" srcset=\"https:\/\/www.prijedordanas.com\/wp-content\/uploads\/2016\/02\/izlozba-mirjana-jukic-3-300x200.jpg 300w, https:\/\/www.prijedordanas.com\/wp-content\/uploads\/2016\/02\/izlozba-mirjana-jukic-3-480x320.jpg 480w, https:\/\/www.prijedordanas.com\/wp-content\/uploads\/2016\/02\/izlozba-mirjana-jukic-3.jpg 600w\" sizes=\"(max-width: 300px) 100vw, 300px\" \/><\/a>Radonji\u0107 je dodao i da \u0107e nakon Juki\u0107eve, tokom ove izlo\u017ebene sezone u Muzeju Kozare izlagati i Tamara \u017dderi\u0107 iz Beograda i Darko \u0110urovi\u0107 iz Podgorice koji su, tako\u0111e, izabrani putem konkursa.<\/p>\n<p>Sezonu \u0107e upotpuniti ranije dogovorene izlo\u017ebe Radovana Kragulja i Dragana Dragi\u0107a, izlo\u017eba grafike iz umjetni\u010dke zbirke Muzeja, te izlo\u017eba djela nastalih u Likovnoj koloniji &#8220;Rakani&#8221;.<\/p>\n<p>&#8220;Posebno bih istakao Me\u0111unarodni bijenale radova na papiru koji se prvi put odr\u017eava u Prijedoru, za koji je konkurs otvoren do kraja marta tako da \u0107e do kraja godine biti za svakoga po ne\u0161to u Muzeju Kozare&#8221;, istakao je Radonji\u0107.<\/p>\n<p>Tekst \u2013 SRNA<br \/>\nFoto \u2013 Aleksandar Drakuli\u0107 \u2013 <a href=\"www.prijedordanas.com\" target=\"_blank\">www.prijedordanas.com<\/a><\/p>\n<p><a href=\"https:\/\/www.prijedordanas.com\/wp-content\/uploads\/2016\/02\/izlozba-mirjana-jukic-4.jpg\" rel=\"attachment wp-att-41355\"><img loading=\"lazy\" decoding=\"async\" src=\"https:\/\/www.prijedordanas.com\/wp-content\/uploads\/2016\/02\/izlozba-mirjana-jukic-4-300x199.jpg\" alt=\"izlozba mirjana jukic (4)\" width=\"300\" height=\"199\" class=\"alignleft size-medium wp-image-41355\" srcset=\"https:\/\/www.prijedordanas.com\/wp-content\/uploads\/2016\/02\/izlozba-mirjana-jukic-4-300x200.jpg 300w, https:\/\/www.prijedordanas.com\/wp-content\/uploads\/2016\/02\/izlozba-mirjana-jukic-4-480x320.jpg 480w, https:\/\/www.prijedordanas.com\/wp-content\/uploads\/2016\/02\/izlozba-mirjana-jukic-4.jpg 600w\" sizes=\"(max-width: 300px) 100vw, 300px\" \/><\/a> <a href=\"https:\/\/www.prijedordanas.com\/wp-content\/uploads\/2016\/02\/izlozba-mirjana-jukic-5.jpg\" rel=\"attachment wp-att-41356\"><img loading=\"lazy\" decoding=\"async\" src=\"https:\/\/www.prijedordanas.com\/wp-content\/uploads\/2016\/02\/izlozba-mirjana-jukic-5-300x199.jpg\" alt=\"izlozba mirjana jukic (5)\" width=\"300\" height=\"199\" class=\"alignleft size-medium wp-image-41356\" srcset=\"https:\/\/www.prijedordanas.com\/wp-content\/uploads\/2016\/02\/izlozba-mirjana-jukic-5-300x200.jpg 300w, https:\/\/www.prijedordanas.com\/wp-content\/uploads\/2016\/02\/izlozba-mirjana-jukic-5-480x320.jpg 480w, https:\/\/www.prijedordanas.com\/wp-content\/uploads\/2016\/02\/izlozba-mirjana-jukic-5.jpg 600w\" sizes=\"(max-width: 300px) 100vw, 300px\" \/><\/a> <a href=\"https:\/\/www.prijedordanas.com\/wp-content\/uploads\/2016\/02\/izlozba-mirjana-jukic-6.jpg\" rel=\"attachment wp-att-41357\"><img loading=\"lazy\" decoding=\"async\" src=\"https:\/\/www.prijedordanas.com\/wp-content\/uploads\/2016\/02\/izlozba-mirjana-jukic-6-300x199.jpg\" alt=\"izlozba mirjana jukic (6)\" width=\"300\" height=\"199\" class=\"alignleft size-medium wp-image-41357\" srcset=\"https:\/\/www.prijedordanas.com\/wp-content\/uploads\/2016\/02\/izlozba-mirjana-jukic-6-300x200.jpg 300w, https:\/\/www.prijedordanas.com\/wp-content\/uploads\/2016\/02\/izlozba-mirjana-jukic-6-480x320.jpg 480w, https:\/\/www.prijedordanas.com\/wp-content\/uploads\/2016\/02\/izlozba-mirjana-jukic-6.jpg 600w\" sizes=\"(max-width: 300px) 100vw, 300px\" \/><\/a><\/p>\n","protected":false},"excerpt":{"rendered":"<p>U Muzeju Kozare u Prijedoru ve\u010deras je otvorena izlo\u017eba likovne umjetnice Mirjane Juki\u0107 pod nazivom &#8220;Slike&#8221; kojom je po\u010dela ovogodi\u0161nja izlo\u017ebena sezona u ovoj ustanovi kulture. Izlo\u017ebu je otvorio direktor [&hellip;]<\/p>\n","protected":false},"author":1,"featured_media":0,"comment_status":"closed","ping_status":"open","sticky":false,"template":"","format":"standard","meta":{"_monsterinsights_skip_tracking":false,"_monsterinsights_sitenote_active":false,"_monsterinsights_sitenote_note":"","_monsterinsights_sitenote_category":0,"footnotes":""},"categories":[6],"tags":[95,6734,147,3559],"yoast_head":"<!-- This site is optimized with the Yoast SEO plugin v21.6 - https:\/\/yoast.com\/wordpress\/plugins\/seo\/ -->\n<title>U MUZEJU KOZARE OTVORENA IZLO\u017dBA MIRJANE JUKI\u0106 - FOTO - PrijedorDanas.com - Prijedorski gradski portal<\/title>\n<meta name=\"robots\" content=\"index, follow, max-snippet:-1, max-image-preview:large, max-video-preview:-1\" \/>\n<link rel=\"canonical\" href=\"https:\/\/www.prijedordanas.com\/?p=41351\" \/>\n<meta property=\"og:locale\" content=\"en_US\" \/>\n<meta property=\"og:type\" content=\"article\" \/>\n<meta property=\"og:title\" content=\"U MUZEJU KOZARE OTVORENA IZLO\u017dBA MIRJANE JUKI\u0106 - FOTO - PrijedorDanas.com - Prijedorski gradski portal\" \/>\n<meta property=\"og:description\" content=\"U Muzeju Kozare u Prijedoru ve\u010deras je otvorena izlo\u017eba likovne umjetnice Mirjane Juki\u0107 pod nazivom &#8220;Slike&#8221; kojom je po\u010dela ovogodi\u0161nja izlo\u017ebena sezona u ovoj ustanovi kulture. Izlo\u017ebu je otvorio direktor [&hellip;]\" \/>\n<meta property=\"og:url\" content=\"https:\/\/www.prijedordanas.com\/?p=41351\" \/>\n<meta property=\"og:site_name\" content=\"PrijedorDanas.com - Prijedorski gradski portal\" \/>\n<meta property=\"article:publisher\" content=\"https:\/\/www.facebook.com\/PrijedorDanasCom\/\" \/>\n<meta property=\"article:published_time\" content=\"2016-02-10T20:58:06+00:00\" \/>\n<meta property=\"og:image\" content=\"https:\/\/www.prijedordanas.com\/wp-content\/uploads\/2016\/02\/izlozba-mirjana-jukic-1-300x199.jpg\" \/>\n<meta name=\"author\" content=\"admin\" \/>\n<meta name=\"twitter:card\" content=\"summary_large_image\" \/>\n<meta name=\"twitter:label1\" content=\"Written by\" \/>\n\t<meta name=\"twitter:data1\" content=\"admin\" \/>\n\t<meta name=\"twitter:label2\" content=\"Est. reading time\" \/>\n\t<meta name=\"twitter:data2\" content=\"2 minutes\" \/>\n<script type=\"application\/ld+json\" class=\"yoast-schema-graph\">{\"@context\":\"https:\/\/schema.org\",\"@graph\":[{\"@type\":\"Article\",\"@id\":\"https:\/\/www.prijedordanas.com\/?p=41351#article\",\"isPartOf\":{\"@id\":\"https:\/\/www.prijedordanas.com\/?p=41351\"},\"author\":{\"name\":\"admin\",\"@id\":\"https:\/\/www.prijedordanas.com\/#\/schema\/person\/4e08ccf29b506ca916ff86d46bb700e6\"},\"headline\":\"U MUZEJU KOZARE OTVORENA IZLO\u017dBA MIRJANE JUKI\u0106 &#8211; FOTO\",\"datePublished\":\"2016-02-10T20:58:06+00:00\",\"dateModified\":\"2016-02-10T20:58:06+00:00\",\"mainEntityOfPage\":{\"@id\":\"https:\/\/www.prijedordanas.com\/?p=41351\"},\"wordCount\":333,\"publisher\":{\"@id\":\"https:\/\/www.prijedordanas.com\/#organization\"},\"keywords\":[\"izlo\u017eba\",\"Mirjana Juki\u0107\",\"Muzej Kozare\",\"Zoran Radonji\u0107\"],\"articleSection\":[\"Kultura\"],\"inLanguage\":\"en-US\"},{\"@type\":\"WebPage\",\"@id\":\"https:\/\/www.prijedordanas.com\/?p=41351\",\"url\":\"https:\/\/www.prijedordanas.com\/?p=41351\",\"name\":\"U MUZEJU KOZARE OTVORENA IZLO\u017dBA MIRJANE JUKI\u0106 - FOTO - PrijedorDanas.com - Prijedorski gradski portal\",\"isPartOf\":{\"@id\":\"https:\/\/www.prijedordanas.com\/#website\"},\"datePublished\":\"2016-02-10T20:58:06+00:00\",\"dateModified\":\"2016-02-10T20:58:06+00:00\",\"breadcrumb\":{\"@id\":\"https:\/\/www.prijedordanas.com\/?p=41351#breadcrumb\"},\"inLanguage\":\"en-US\",\"potentialAction\":[{\"@type\":\"ReadAction\",\"target\":[\"https:\/\/www.prijedordanas.com\/?p=41351\"]}]},{\"@type\":\"BreadcrumbList\",\"@id\":\"https:\/\/www.prijedordanas.com\/?p=41351#breadcrumb\",\"itemListElement\":[{\"@type\":\"ListItem\",\"position\":1,\"name\":\"Home\",\"item\":\"https:\/\/www.prijedordanas.com\/\"},{\"@type\":\"ListItem\",\"position\":2,\"name\":\"U MUZEJU KOZARE OTVORENA IZLO\u017dBA MIRJANE JUKI\u0106 &#8211; FOTO\"}]},{\"@type\":\"WebSite\",\"@id\":\"https:\/\/www.prijedordanas.com\/#website\",\"url\":\"https:\/\/www.prijedordanas.com\/\",\"name\":\"PrijedorDanas.com - Prijedorski gradski portal\",\"description\":\"Portal o doga\u0111anjima u gradu Prijedoru\",\"publisher\":{\"@id\":\"https:\/\/www.prijedordanas.com\/#organization\"},\"potentialAction\":[{\"@type\":\"SearchAction\",\"target\":{\"@type\":\"EntryPoint\",\"urlTemplate\":\"https:\/\/www.prijedordanas.com\/?s={search_term_string}\"},\"query-input\":\"required name=search_term_string\"}],\"inLanguage\":\"en-US\"},{\"@type\":\"Organization\",\"@id\":\"https:\/\/www.prijedordanas.com\/#organization\",\"name\":\"PrijedorDanas.com\",\"url\":\"https:\/\/www.prijedordanas.com\/\",\"logo\":{\"@type\":\"ImageObject\",\"inLanguage\":\"en-US\",\"@id\":\"https:\/\/www.prijedordanas.com\/#\/schema\/logo\/image\/\",\"url\":\"http:\/\/www.prijedordanas.com\/wp-content\/uploads\/2021\/12\/logopng.png\",\"contentUrl\":\"http:\/\/www.prijedordanas.com\/wp-content\/uploads\/2021\/12\/logopng.png\",\"width\":1019,\"height\":776,\"caption\":\"PrijedorDanas.com\"},\"image\":{\"@id\":\"https:\/\/www.prijedordanas.com\/#\/schema\/logo\/image\/\"},\"sameAs\":[\"https:\/\/www.facebook.com\/PrijedorDanasCom\/\"]},{\"@type\":\"Person\",\"@id\":\"https:\/\/www.prijedordanas.com\/#\/schema\/person\/4e08ccf29b506ca916ff86d46bb700e6\",\"name\":\"admin\",\"image\":{\"@type\":\"ImageObject\",\"inLanguage\":\"en-US\",\"@id\":\"https:\/\/www.prijedordanas.com\/#\/schema\/person\/image\/\",\"url\":\"https:\/\/secure.gravatar.com\/avatar\/1d3fc949d550f0b53a5f0d51e06dfd79?s=96&d=mm&r=g\",\"contentUrl\":\"https:\/\/secure.gravatar.com\/avatar\/1d3fc949d550f0b53a5f0d51e06dfd79?s=96&d=mm&r=g\",\"caption\":\"admin\"},\"url\":\"https:\/\/www.prijedordanas.com\/?author=1\"}]}<\/script>\n<!-- \/ Yoast SEO plugin. -->","yoast_head_json":{"title":"U MUZEJU KOZARE OTVORENA IZLO\u017dBA MIRJANE JUKI\u0106 - FOTO - PrijedorDanas.com - Prijedorski gradski portal","robots":{"index":"index","follow":"follow","max-snippet":"max-snippet:-1","max-image-preview":"max-image-preview:large","max-video-preview":"max-video-preview:-1"},"canonical":"https:\/\/www.prijedordanas.com\/?p=41351","og_locale":"en_US","og_type":"article","og_title":"U MUZEJU KOZARE OTVORENA IZLO\u017dBA MIRJANE JUKI\u0106 - FOTO - PrijedorDanas.com - Prijedorski gradski portal","og_description":"U Muzeju Kozare u Prijedoru ve\u010deras je otvorena izlo\u017eba likovne umjetnice Mirjane Juki\u0107 pod nazivom &#8220;Slike&#8221; kojom je po\u010dela ovogodi\u0161nja izlo\u017ebena sezona u ovoj ustanovi kulture. Izlo\u017ebu je otvorio direktor [&hellip;]","og_url":"https:\/\/www.prijedordanas.com\/?p=41351","og_site_name":"PrijedorDanas.com - Prijedorski gradski portal","article_publisher":"https:\/\/www.facebook.com\/PrijedorDanasCom\/","article_published_time":"2016-02-10T20:58:06+00:00","og_image":[{"url":"https:\/\/www.prijedordanas.com\/wp-content\/uploads\/2016\/02\/izlozba-mirjana-jukic-1-300x199.jpg"}],"author":"admin","twitter_card":"summary_large_image","twitter_misc":{"Written by":"admin","Est. reading time":"2 minutes"},"schema":{"@context":"https:\/\/schema.org","@graph":[{"@type":"Article","@id":"https:\/\/www.prijedordanas.com\/?p=41351#article","isPartOf":{"@id":"https:\/\/www.prijedordanas.com\/?p=41351"},"author":{"name":"admin","@id":"https:\/\/www.prijedordanas.com\/#\/schema\/person\/4e08ccf29b506ca916ff86d46bb700e6"},"headline":"U MUZEJU KOZARE OTVORENA IZLO\u017dBA MIRJANE JUKI\u0106 &#8211; FOTO","datePublished":"2016-02-10T20:58:06+00:00","dateModified":"2016-02-10T20:58:06+00:00","mainEntityOfPage":{"@id":"https:\/\/www.prijedordanas.com\/?p=41351"},"wordCount":333,"publisher":{"@id":"https:\/\/www.prijedordanas.com\/#organization"},"keywords":["izlo\u017eba","Mirjana Juki\u0107","Muzej Kozare","Zoran Radonji\u0107"],"articleSection":["Kultura"],"inLanguage":"en-US"},{"@type":"WebPage","@id":"https:\/\/www.prijedordanas.com\/?p=41351","url":"https:\/\/www.prijedordanas.com\/?p=41351","name":"U MUZEJU KOZARE OTVORENA IZLO\u017dBA MIRJANE JUKI\u0106 - FOTO - PrijedorDanas.com - Prijedorski gradski portal","isPartOf":{"@id":"https:\/\/www.prijedordanas.com\/#website"},"datePublished":"2016-02-10T20:58:06+00:00","dateModified":"2016-02-10T20:58:06+00:00","breadcrumb":{"@id":"https:\/\/www.prijedordanas.com\/?p=41351#breadcrumb"},"inLanguage":"en-US","potentialAction":[{"@type":"ReadAction","target":["https:\/\/www.prijedordanas.com\/?p=41351"]}]},{"@type":"BreadcrumbList","@id":"https:\/\/www.prijedordanas.com\/?p=41351#breadcrumb","itemListElement":[{"@type":"ListItem","position":1,"name":"Home","item":"https:\/\/www.prijedordanas.com\/"},{"@type":"ListItem","position":2,"name":"U MUZEJU KOZARE OTVORENA IZLO\u017dBA MIRJANE JUKI\u0106 &#8211; FOTO"}]},{"@type":"WebSite","@id":"https:\/\/www.prijedordanas.com\/#website","url":"https:\/\/www.prijedordanas.com\/","name":"PrijedorDanas.com - Prijedorski gradski portal","description":"Portal o doga\u0111anjima u gradu Prijedoru","publisher":{"@id":"https:\/\/www.prijedordanas.com\/#organization"},"potentialAction":[{"@type":"SearchAction","target":{"@type":"EntryPoint","urlTemplate":"https:\/\/www.prijedordanas.com\/?s={search_term_string}"},"query-input":"required name=search_term_string"}],"inLanguage":"en-US"},{"@type":"Organization","@id":"https:\/\/www.prijedordanas.com\/#organization","name":"PrijedorDanas.com","url":"https:\/\/www.prijedordanas.com\/","logo":{"@type":"ImageObject","inLanguage":"en-US","@id":"https:\/\/www.prijedordanas.com\/#\/schema\/logo\/image\/","url":"http:\/\/www.prijedordanas.com\/wp-content\/uploads\/2021\/12\/logopng.png","contentUrl":"http:\/\/www.prijedordanas.com\/wp-content\/uploads\/2021\/12\/logopng.png","width":1019,"height":776,"caption":"PrijedorDanas.com"},"image":{"@id":"https:\/\/www.prijedordanas.com\/#\/schema\/logo\/image\/"},"sameAs":["https:\/\/www.facebook.com\/PrijedorDanasCom\/"]},{"@type":"Person","@id":"https:\/\/www.prijedordanas.com\/#\/schema\/person\/4e08ccf29b506ca916ff86d46bb700e6","name":"admin","image":{"@type":"ImageObject","inLanguage":"en-US","@id":"https:\/\/www.prijedordanas.com\/#\/schema\/person\/image\/","url":"https:\/\/secure.gravatar.com\/avatar\/1d3fc949d550f0b53a5f0d51e06dfd79?s=96&d=mm&r=g","contentUrl":"https:\/\/secure.gravatar.com\/avatar\/1d3fc949d550f0b53a5f0d51e06dfd79?s=96&d=mm&r=g","caption":"admin"},"url":"https:\/\/www.prijedordanas.com\/?author=1"}]}},"_links":{"self":[{"href":"https:\/\/www.prijedordanas.com\/index.php?rest_route=\/wp\/v2\/posts\/41351"}],"collection":[{"href":"https:\/\/www.prijedordanas.com\/index.php?rest_route=\/wp\/v2\/posts"}],"about":[{"href":"https:\/\/www.prijedordanas.com\/index.php?rest_route=\/wp\/v2\/types\/post"}],"author":[{"embeddable":true,"href":"https:\/\/www.prijedordanas.com\/index.php?rest_route=\/wp\/v2\/users\/1"}],"replies":[{"embeddable":true,"href":"https:\/\/www.prijedordanas.com\/index.php?rest_route=%2Fwp%2Fv2%2Fcomments&post=41351"}],"version-history":[{"count":1,"href":"https:\/\/www.prijedordanas.com\/index.php?rest_route=\/wp\/v2\/posts\/41351\/revisions"}],"predecessor-version":[{"id":41358,"href":"https:\/\/www.prijedordanas.com\/index.php?rest_route=\/wp\/v2\/posts\/41351\/revisions\/41358"}],"wp:attachment":[{"href":"https:\/\/www.prijedordanas.com\/index.php?rest_route=%2Fwp%2Fv2%2Fmedia&parent=41351"}],"wp:term":[{"taxonomy":"category","embeddable":true,"href":"https:\/\/www.prijedordanas.com\/index.php?rest_route=%2Fwp%2Fv2%2Fcategories&post=41351"},{"taxonomy":"post_tag","embeddable":true,"href":"https:\/\/www.prijedordanas.com\/index.php?rest_route=%2Fwp%2Fv2%2Ftags&post=41351"}],"curies":[{"name":"wp","href":"https:\/\/api.w.org\/{rel}","templated":true}]}}