{"id":41179,"date":"2016-02-08T17:38:37","date_gmt":"2016-02-08T16:38:37","guid":{"rendered":"https:\/\/www.prijedordanas.com\/?p=41179"},"modified":"2016-02-08T17:38:37","modified_gmt":"2016-02-08T16:38:37","slug":"pozoriste-prijedor-audicija-premijera","status":"publish","type":"post","link":"https:\/\/www.prijedordanas.com\/?p=41179","title":{"rendered":"POZORI\u0160TE PRIJEDOR: \u201eAUDICIJA\u201c \u2013 PREMIJERA"},"content":{"rendered":"<p><a href=\"https:\/\/www.prijedordanas.com\/wp-content\/uploads\/2016\/02\/pozoriste-prijedor-audicija-1.jpg\" rel=\"attachment wp-att-41180\"><img loading=\"lazy\" decoding=\"async\" src=\"https:\/\/www.prijedordanas.com\/wp-content\/uploads\/2016\/02\/pozoriste-prijedor-audicija-1-300x210.jpg\" alt=\"pozoriste prijedor-audicija\" width=\"300\" height=\"210\" class=\"alignleft size-medium wp-image-41180\" srcset=\"https:\/\/www.prijedordanas.com\/wp-content\/uploads\/2016\/02\/pozoriste-prijedor-audicija-1-300x210.jpg 300w, https:\/\/www.prijedordanas.com\/wp-content\/uploads\/2016\/02\/pozoriste-prijedor-audicija-1.jpg 600w\" sizes=\"(max-width: 300px) 100vw, 300px\" \/><\/a>Mjesto: Pozori\u0161te Prijedor<br \/>\nDatum: 08.02.2016. godine<br \/>\nVrijeme: 20:00 \u010dasova<br \/>\nCijena ulaznice: 4 KM<\/p>\n<p>Sezona 63. 2015\/16.<\/p>\n<p>AUDICIJA<br \/>\n(po tekstu Aleksandra Galina)<\/p>\n<p>Re\u017eija: Vedran Mar\u010deta<br \/>\nLektor: Slobodanka \u0160odic\u0301<br \/>\nGrafi\u010dki dizajn: Vladimir Vanja Vla\u010dina<br \/>\nIzbor kostima: Vedran Mar\u010deta i Mira Santra\u010d<br \/>\nScensko rje\u0161enje: Vedran Mar\u010deta<\/p>\n<p>Tehni\u010dka realizacija:<\/p>\n<p>\u0160ef tehnike i majstor scene: Milenko Bilbija<br \/>\nInspicijent: Dubravko Vukadinovic\u0301<br \/>\nMajstor svjetla: Goran \u0160obot<br \/>\nGarderober: Mira Santra\u010d<br \/>\nMajstor scene: Milan Ke\u0161in<\/p>\n<p>IGRAJU:<\/p>\n<p>NINA- Jelena Gojic\u0301<br \/>\nRAJKA- Marija C\u0301ur\u010dija<br \/>\nKAC\u0301A- Sandra Macura<br \/>\nLEA- Gordana Dobric\u0301<br \/>\nTAMARA- Aleksandra Vuj\u010dic\u0301<br \/>\nOLGA- Helena Milojica<br \/>\nROBERT- Boris Tomic\u0301<br \/>\nTECUDZIN AOKI- David Laj\u0161ic\u0301<br \/>\nBORIS- Svetozar Kosanovic\u0301<br \/>\nVASILIJE- Stefan Radanovic\u0301<br \/>\nVIKTOR- Uglje\u0161a Vejnovic\u0301<\/p>\n","protected":false},"excerpt":{"rendered":"<p>Mjesto: Pozori\u0161te Prijedor Datum: 08.02.2016. godine Vrijeme: 20:00 \u010dasova Cijena ulaznice: 4 KM Sezona 63. 2015\/16. AUDICIJA (po tekstu Aleksandra Galina) Re\u017eija: Vedran Mar\u010deta Lektor: Slobodanka \u0160odic\u0301 Grafi\u010dki dizajn: Vladimir [&hellip;]<\/p>\n","protected":false},"author":1,"featured_media":0,"comment_status":"closed","ping_status":"open","sticky":false,"template":"","format":"standard","meta":{"_monsterinsights_skip_tracking":false,"_monsterinsights_sitenote_active":false,"_monsterinsights_sitenote_note":"","_monsterinsights_sitenote_category":0,"footnotes":""},"categories":[6],"tags":[848,3701,189,194],"yoast_head":"<!-- This site is optimized with the Yoast SEO plugin v21.6 - https:\/\/yoast.com\/wordpress\/plugins\/seo\/ -->\n<title>POZORI\u0160TE PRIJEDOR: \u201eAUDICIJA\u201c \u2013 PREMIJERA - PrijedorDanas.com - Prijedorski gradski portal<\/title>\n<meta name=\"robots\" content=\"index, follow, max-snippet:-1, max-image-preview:large, max-video-preview:-1\" \/>\n<link rel=\"canonical\" href=\"https:\/\/www.prijedordanas.com\/?p=41179\" \/>\n<meta property=\"og:locale\" content=\"en_US\" \/>\n<meta property=\"og:type\" content=\"article\" \/>\n<meta property=\"og:title\" content=\"POZORI\u0160TE PRIJEDOR: \u201eAUDICIJA\u201c \u2013 PREMIJERA - PrijedorDanas.com - Prijedorski gradski portal\" \/>\n<meta property=\"og:description\" content=\"Mjesto: Pozori\u0161te Prijedor Datum: 08.02.2016. godine Vrijeme: 20:00 \u010dasova Cijena ulaznice: 4 KM Sezona 63. 2015\/16. AUDICIJA (po tekstu Aleksandra Galina) Re\u017eija: Vedran Mar\u010deta Lektor: Slobodanka \u0160odic\u0301 Grafi\u010dki dizajn: Vladimir [&hellip;]\" \/>\n<meta property=\"og:url\" content=\"https:\/\/www.prijedordanas.com\/?p=41179\" \/>\n<meta property=\"og:site_name\" content=\"PrijedorDanas.com - Prijedorski gradski portal\" \/>\n<meta property=\"article:publisher\" content=\"https:\/\/www.facebook.com\/PrijedorDanasCom\/\" \/>\n<meta property=\"article:published_time\" content=\"2016-02-08T16:38:37+00:00\" \/>\n<meta property=\"og:image\" content=\"https:\/\/www.prijedordanas.com\/wp-content\/uploads\/2016\/02\/pozoriste-prijedor-audicija-1-300x210.jpg\" \/>\n<meta name=\"author\" content=\"admin\" \/>\n<meta name=\"twitter:card\" content=\"summary_large_image\" \/>\n<meta name=\"twitter:label1\" content=\"Written by\" \/>\n\t<meta name=\"twitter:data1\" content=\"admin\" \/>\n\t<meta name=\"twitter:label2\" content=\"Est. reading time\" \/>\n\t<meta name=\"twitter:data2\" content=\"1 minute\" \/>\n<script type=\"application\/ld+json\" class=\"yoast-schema-graph\">{\"@context\":\"https:\/\/schema.org\",\"@graph\":[{\"@type\":\"Article\",\"@id\":\"https:\/\/www.prijedordanas.com\/?p=41179#article\",\"isPartOf\":{\"@id\":\"https:\/\/www.prijedordanas.com\/?p=41179\"},\"author\":{\"name\":\"admin\",\"@id\":\"https:\/\/www.prijedordanas.com\/#\/schema\/person\/4e08ccf29b506ca916ff86d46bb700e6\"},\"headline\":\"POZORI\u0160TE PRIJEDOR: \u201eAUDICIJA\u201c \u2013 PREMIJERA\",\"datePublished\":\"2016-02-08T16:38:37+00:00\",\"dateModified\":\"2016-02-08T16:38:37+00:00\",\"mainEntityOfPage\":{\"@id\":\"https:\/\/www.prijedordanas.com\/?p=41179\"},\"wordCount\":117,\"publisher\":{\"@id\":\"https:\/\/www.prijedordanas.com\/#organization\"},\"keywords\":[\"audicija\",\"Dramski studio \\\"\u017divko Desnica\\\"\",\"Pozori\u0161te Prijedor\",\"premijera\"],\"articleSection\":[\"Kultura\"],\"inLanguage\":\"en-US\"},{\"@type\":\"WebPage\",\"@id\":\"https:\/\/www.prijedordanas.com\/?p=41179\",\"url\":\"https:\/\/www.prijedordanas.com\/?p=41179\",\"name\":\"POZORI\u0160TE PRIJEDOR: \u201eAUDICIJA\u201c \u2013 PREMIJERA - PrijedorDanas.com - Prijedorski gradski portal\",\"isPartOf\":{\"@id\":\"https:\/\/www.prijedordanas.com\/#website\"},\"datePublished\":\"2016-02-08T16:38:37+00:00\",\"dateModified\":\"2016-02-08T16:38:37+00:00\",\"breadcrumb\":{\"@id\":\"https:\/\/www.prijedordanas.com\/?p=41179#breadcrumb\"},\"inLanguage\":\"en-US\",\"potentialAction\":[{\"@type\":\"ReadAction\",\"target\":[\"https:\/\/www.prijedordanas.com\/?p=41179\"]}]},{\"@type\":\"BreadcrumbList\",\"@id\":\"https:\/\/www.prijedordanas.com\/?p=41179#breadcrumb\",\"itemListElement\":[{\"@type\":\"ListItem\",\"position\":1,\"name\":\"Home\",\"item\":\"https:\/\/www.prijedordanas.com\/\"},{\"@type\":\"ListItem\",\"position\":2,\"name\":\"POZORI\u0160TE PRIJEDOR: \u201eAUDICIJA\u201c \u2013 PREMIJERA\"}]},{\"@type\":\"WebSite\",\"@id\":\"https:\/\/www.prijedordanas.com\/#website\",\"url\":\"https:\/\/www.prijedordanas.com\/\",\"name\":\"PrijedorDanas.com - Prijedorski gradski portal\",\"description\":\"Portal o doga\u0111anjima u gradu Prijedoru\",\"publisher\":{\"@id\":\"https:\/\/www.prijedordanas.com\/#organization\"},\"potentialAction\":[{\"@type\":\"SearchAction\",\"target\":{\"@type\":\"EntryPoint\",\"urlTemplate\":\"https:\/\/www.prijedordanas.com\/?s={search_term_string}\"},\"query-input\":\"required name=search_term_string\"}],\"inLanguage\":\"en-US\"},{\"@type\":\"Organization\",\"@id\":\"https:\/\/www.prijedordanas.com\/#organization\",\"name\":\"PrijedorDanas.com\",\"url\":\"https:\/\/www.prijedordanas.com\/\",\"logo\":{\"@type\":\"ImageObject\",\"inLanguage\":\"en-US\",\"@id\":\"https:\/\/www.prijedordanas.com\/#\/schema\/logo\/image\/\",\"url\":\"http:\/\/www.prijedordanas.com\/wp-content\/uploads\/2021\/12\/logopng.png\",\"contentUrl\":\"http:\/\/www.prijedordanas.com\/wp-content\/uploads\/2021\/12\/logopng.png\",\"width\":1019,\"height\":776,\"caption\":\"PrijedorDanas.com\"},\"image\":{\"@id\":\"https:\/\/www.prijedordanas.com\/#\/schema\/logo\/image\/\"},\"sameAs\":[\"https:\/\/www.facebook.com\/PrijedorDanasCom\/\"]},{\"@type\":\"Person\",\"@id\":\"https:\/\/www.prijedordanas.com\/#\/schema\/person\/4e08ccf29b506ca916ff86d46bb700e6\",\"name\":\"admin\",\"image\":{\"@type\":\"ImageObject\",\"inLanguage\":\"en-US\",\"@id\":\"https:\/\/www.prijedordanas.com\/#\/schema\/person\/image\/\",\"url\":\"https:\/\/secure.gravatar.com\/avatar\/1d3fc949d550f0b53a5f0d51e06dfd79?s=96&d=mm&r=g\",\"contentUrl\":\"https:\/\/secure.gravatar.com\/avatar\/1d3fc949d550f0b53a5f0d51e06dfd79?s=96&d=mm&r=g\",\"caption\":\"admin\"},\"url\":\"https:\/\/www.prijedordanas.com\/?author=1\"}]}<\/script>\n<!-- \/ Yoast SEO plugin. -->","yoast_head_json":{"title":"POZORI\u0160TE PRIJEDOR: \u201eAUDICIJA\u201c \u2013 PREMIJERA - PrijedorDanas.com - Prijedorski gradski portal","robots":{"index":"index","follow":"follow","max-snippet":"max-snippet:-1","max-image-preview":"max-image-preview:large","max-video-preview":"max-video-preview:-1"},"canonical":"https:\/\/www.prijedordanas.com\/?p=41179","og_locale":"en_US","og_type":"article","og_title":"POZORI\u0160TE PRIJEDOR: \u201eAUDICIJA\u201c \u2013 PREMIJERA - PrijedorDanas.com - Prijedorski gradski portal","og_description":"Mjesto: Pozori\u0161te Prijedor Datum: 08.02.2016. godine Vrijeme: 20:00 \u010dasova Cijena ulaznice: 4 KM Sezona 63. 2015\/16. AUDICIJA (po tekstu Aleksandra Galina) Re\u017eija: Vedran Mar\u010deta Lektor: Slobodanka \u0160odic\u0301 Grafi\u010dki dizajn: Vladimir [&hellip;]","og_url":"https:\/\/www.prijedordanas.com\/?p=41179","og_site_name":"PrijedorDanas.com - Prijedorski gradski portal","article_publisher":"https:\/\/www.facebook.com\/PrijedorDanasCom\/","article_published_time":"2016-02-08T16:38:37+00:00","og_image":[{"url":"https:\/\/www.prijedordanas.com\/wp-content\/uploads\/2016\/02\/pozoriste-prijedor-audicija-1-300x210.jpg"}],"author":"admin","twitter_card":"summary_large_image","twitter_misc":{"Written by":"admin","Est. reading time":"1 minute"},"schema":{"@context":"https:\/\/schema.org","@graph":[{"@type":"Article","@id":"https:\/\/www.prijedordanas.com\/?p=41179#article","isPartOf":{"@id":"https:\/\/www.prijedordanas.com\/?p=41179"},"author":{"name":"admin","@id":"https:\/\/www.prijedordanas.com\/#\/schema\/person\/4e08ccf29b506ca916ff86d46bb700e6"},"headline":"POZORI\u0160TE PRIJEDOR: \u201eAUDICIJA\u201c \u2013 PREMIJERA","datePublished":"2016-02-08T16:38:37+00:00","dateModified":"2016-02-08T16:38:37+00:00","mainEntityOfPage":{"@id":"https:\/\/www.prijedordanas.com\/?p=41179"},"wordCount":117,"publisher":{"@id":"https:\/\/www.prijedordanas.com\/#organization"},"keywords":["audicija","Dramski studio \"\u017divko Desnica\"","Pozori\u0161te Prijedor","premijera"],"articleSection":["Kultura"],"inLanguage":"en-US"},{"@type":"WebPage","@id":"https:\/\/www.prijedordanas.com\/?p=41179","url":"https:\/\/www.prijedordanas.com\/?p=41179","name":"POZORI\u0160TE PRIJEDOR: \u201eAUDICIJA\u201c \u2013 PREMIJERA - PrijedorDanas.com - Prijedorski gradski portal","isPartOf":{"@id":"https:\/\/www.prijedordanas.com\/#website"},"datePublished":"2016-02-08T16:38:37+00:00","dateModified":"2016-02-08T16:38:37+00:00","breadcrumb":{"@id":"https:\/\/www.prijedordanas.com\/?p=41179#breadcrumb"},"inLanguage":"en-US","potentialAction":[{"@type":"ReadAction","target":["https:\/\/www.prijedordanas.com\/?p=41179"]}]},{"@type":"BreadcrumbList","@id":"https:\/\/www.prijedordanas.com\/?p=41179#breadcrumb","itemListElement":[{"@type":"ListItem","position":1,"name":"Home","item":"https:\/\/www.prijedordanas.com\/"},{"@type":"ListItem","position":2,"name":"POZORI\u0160TE PRIJEDOR: \u201eAUDICIJA\u201c \u2013 PREMIJERA"}]},{"@type":"WebSite","@id":"https:\/\/www.prijedordanas.com\/#website","url":"https:\/\/www.prijedordanas.com\/","name":"PrijedorDanas.com - Prijedorski gradski portal","description":"Portal o doga\u0111anjima u gradu Prijedoru","publisher":{"@id":"https:\/\/www.prijedordanas.com\/#organization"},"potentialAction":[{"@type":"SearchAction","target":{"@type":"EntryPoint","urlTemplate":"https:\/\/www.prijedordanas.com\/?s={search_term_string}"},"query-input":"required name=search_term_string"}],"inLanguage":"en-US"},{"@type":"Organization","@id":"https:\/\/www.prijedordanas.com\/#organization","name":"PrijedorDanas.com","url":"https:\/\/www.prijedordanas.com\/","logo":{"@type":"ImageObject","inLanguage":"en-US","@id":"https:\/\/www.prijedordanas.com\/#\/schema\/logo\/image\/","url":"http:\/\/www.prijedordanas.com\/wp-content\/uploads\/2021\/12\/logopng.png","contentUrl":"http:\/\/www.prijedordanas.com\/wp-content\/uploads\/2021\/12\/logopng.png","width":1019,"height":776,"caption":"PrijedorDanas.com"},"image":{"@id":"https:\/\/www.prijedordanas.com\/#\/schema\/logo\/image\/"},"sameAs":["https:\/\/www.facebook.com\/PrijedorDanasCom\/"]},{"@type":"Person","@id":"https:\/\/www.prijedordanas.com\/#\/schema\/person\/4e08ccf29b506ca916ff86d46bb700e6","name":"admin","image":{"@type":"ImageObject","inLanguage":"en-US","@id":"https:\/\/www.prijedordanas.com\/#\/schema\/person\/image\/","url":"https:\/\/secure.gravatar.com\/avatar\/1d3fc949d550f0b53a5f0d51e06dfd79?s=96&d=mm&r=g","contentUrl":"https:\/\/secure.gravatar.com\/avatar\/1d3fc949d550f0b53a5f0d51e06dfd79?s=96&d=mm&r=g","caption":"admin"},"url":"https:\/\/www.prijedordanas.com\/?author=1"}]}},"_links":{"self":[{"href":"https:\/\/www.prijedordanas.com\/index.php?rest_route=\/wp\/v2\/posts\/41179"}],"collection":[{"href":"https:\/\/www.prijedordanas.com\/index.php?rest_route=\/wp\/v2\/posts"}],"about":[{"href":"https:\/\/www.prijedordanas.com\/index.php?rest_route=\/wp\/v2\/types\/post"}],"author":[{"embeddable":true,"href":"https:\/\/www.prijedordanas.com\/index.php?rest_route=\/wp\/v2\/users\/1"}],"replies":[{"embeddable":true,"href":"https:\/\/www.prijedordanas.com\/index.php?rest_route=%2Fwp%2Fv2%2Fcomments&post=41179"}],"version-history":[{"count":1,"href":"https:\/\/www.prijedordanas.com\/index.php?rest_route=\/wp\/v2\/posts\/41179\/revisions"}],"predecessor-version":[{"id":41181,"href":"https:\/\/www.prijedordanas.com\/index.php?rest_route=\/wp\/v2\/posts\/41179\/revisions\/41181"}],"wp:attachment":[{"href":"https:\/\/www.prijedordanas.com\/index.php?rest_route=%2Fwp%2Fv2%2Fmedia&parent=41179"}],"wp:term":[{"taxonomy":"category","embeddable":true,"href":"https:\/\/www.prijedordanas.com\/index.php?rest_route=%2Fwp%2Fv2%2Fcategories&post=41179"},{"taxonomy":"post_tag","embeddable":true,"href":"https:\/\/www.prijedordanas.com\/index.php?rest_route=%2Fwp%2Fv2%2Ftags&post=41179"}],"curies":[{"name":"wp","href":"https:\/\/api.w.org\/{rel}","templated":true}]}}