{"id":41082,"date":"2016-02-07T11:11:01","date_gmt":"2016-02-07T10:11:01","guid":{"rendered":"https:\/\/www.prijedordanas.com\/?p=41082"},"modified":"2016-02-07T11:11:01","modified_gmt":"2016-02-07T10:11:01","slug":"sudenje-za-zlocine-na-podrucju-prijedora-tijela-u-zecovima","status":"publish","type":"post","link":"https:\/\/www.prijedordanas.com\/?p=41082","title":{"rendered":"SU\u0110ENJE ZA ZLO\u010cINE NA PODRU\u010cJU PRIJEDORA: TIJELA U ZECOVIMA"},"content":{"rendered":"<p><a href=\"https:\/\/www.prijedordanas.com\/wp-content\/uploads\/2016\/02\/sud-bih-2-1.jpg\" rel=\"attachment wp-att-41083\"><img loading=\"lazy\" decoding=\"async\" src=\"https:\/\/www.prijedordanas.com\/wp-content\/uploads\/2016\/02\/sud-bih-2-1-300x225.jpg\" alt=\"sud bih (2)\" width=\"300\" height=\"225\" class=\"alignleft size-medium wp-image-41083\" srcset=\"https:\/\/www.prijedordanas.com\/wp-content\/uploads\/2016\/02\/sud-bih-2-1-300x225.jpg 300w, https:\/\/www.prijedordanas.com\/wp-content\/uploads\/2016\/02\/sud-bih-2-1.jpg 500w\" sizes=\"(max-width: 300px) 100vw, 300px\" \/><\/a>Svjedok Tu\u017eila\u0161tva BiH je ispri\u010dao da je prilikom akcije u selu Zecovi (op\u0161tina Prijedor) ispred nekoliko ku\u0107a vidio da le\u017ee ljudi, za koje je pretpostavio da su mrtvi.<\/p>\n<p>Bogdan Mr\u0161i\u0107 je kazao da je bio pripadnik rezervnog sastava policije u Rasavcima (op\u0161tina Prijedor) i da je krajem jula 1992. godine u\u010destvovao u akciji u selu Zecovi.<\/p>\n<p>\u201cRe\u010deno je da \u0107e biti akcija, da ima naredba i da treba i\u0107i u pretres terena u Zecove. (\u2026) Mislim da je rekao komandir ili zamjenik, nisam siguran\u201d, izjavio je svjedok, dodav\u0161i da je to kazano na sastanku dan ili dva prije akcije.<\/p>\n<p>On je napomenuo da je komandir rezervnog sastava policije bio Radomir Stojni\u0107.<\/p>\n<p>Mr\u0161i\u0107 je rekao da na po\u010detku akcije nije sreo nikoga na relaciji kojom je i\u0161ao, a da je kasnije ispred dvije ku\u0107e u Zecovima vidio tri do \u010detiri \u010dovjeka, za koje je kazao da su vjerovatno bili mrtvi civili, istaknuv\u0161i da im nije prilazio.<\/p>\n<p>On je naveo da nije nai\u0161ao na fizi\u010dki otpor, naoru\u017eane stanovnike Zecova ili oru\u017eje.<\/p>\n<p>Svjedok je kazao da ima saznanja da su u zaseoku Gradina pobijeni \u017eene i djeca, ali da ne zna ko je to uradio. Prema njegovom mi\u0161ljenju, \u201cneko sa strane je nai\u0161ao i pobio ih\u201d.<\/p>\n<p>Na pitanje Odbrane da li je Radomir Stojni\u0107 to jutro rekao da se civili upu\u0107uju bilo gdje iz svojih ku\u0107a, svjedok je odgovorio da on \u201cto nije \u010duo od njega\u201d.<\/p>\n<p>On je dodao i da nije \u010duo da je Zoran Stojni\u0107, koji je bio s njim u rezervnom sastavu policije, u\u010dinio bilo \u0161ta ru\u017eno, pogotovo u Zecovima.<\/p>\n<p>Mr\u0161i\u0107 je svjedo\u010dio na su\u0111enju Du\u0161anu Miluni\u0107u, Radomiru Stojni\u0107u, Radovanu \u010ceti\u0107u, Du\u0161ku Zori\u0107u, Zoranu Stojni\u0107u, \u017deljku Grbi\u0107u, Iliji Zori\u0107u, Zoranu Miluni\u0107u, Bo\u0161ku Gruji\u010di\u0107u, Ljubi\u0161i \u010ceti\u0107u, Radetu i Uro\u0161u Gruj\u010di\u0107u, Zdravku Antoni\u0107u i Rajku Gnjatovi\u0107u, optu\u017eenima za ubistva, mu\u010denja, seksualno nasilje, uni\u0161tavanje i oduzimanje imovine stanovnika sela Zecovi.<\/p>\n<p>Prema optu\u017enici, Miluni\u0107 je bio komandir Rasava\u010dke \u010dete 6. bataljona 43. brigade Vojske Republike Srpske (VRS), Radomir Stojni\u0107 komandir Rezervne stanice milicije Rasavci, a Radovan \u010ceti\u0107 predsjednik Srpske demokratske stranke (SDS) i Kriznog \u0161taba za selo Rasavci. Ostali su bili pripadnici Rasava\u010dke \u010dete, milicije te drugih formacija.<\/p>\n<p>Svjedok Pero Davidovi\u0107, nekada\u0161nji pripadnik Rasava\u010dke \u010dete, tako\u0111er je kazao da je u\u010destvovao u akciji u Zecovima u ljeto 1992. godine. Komandir \u010dete je, prema svjedoku, bio Du\u0161ko Miluni\u0107.<\/p>\n<p>\u201cDu\u0161ko Miluni\u0107 je rekao da se radi akcija i da idemo da obezbje\u0111ujemo liniju izme\u0111u Zecova i Rasavaca\u201d, izjavio je svjedok, dodav\u0161i da je bilo nare\u0111enje da ne smiju raditi ni\u0161ta na svoju ruku ako nai\u0111u na nekoga.<\/p>\n<p>Davidovi\u0107 je kazao da putem kojim se njegova grupa kretala nije vidio nikog od stanovnika, da nisu nai\u0161li na otpor ili prona\u0161li oru\u017eje. On je potvrdio da je vidio zapaljene bo\u0161nja\u010dke ku\u0107e.<\/p>\n<p>Su\u0111enje \u0107e se nastaviti 12. februara.<\/p>\n<p>BIRN<\/p>\n","protected":false},"excerpt":{"rendered":"<p>Svjedok Tu\u017eila\u0161tva BiH je ispri\u010dao da je prilikom akcije u selu Zecovi (op\u0161tina Prijedor) ispred nekoliko ku\u0107a vidio da le\u017ee ljudi, za koje je pretpostavio da su mrtvi. Bogdan Mr\u0161i\u0107 [&hellip;]<\/p>\n","protected":false},"author":1,"featured_media":0,"comment_status":"closed","ping_status":"open","sticky":false,"template":"","format":"standard","meta":{"_monsterinsights_skip_tracking":false,"_monsterinsights_sitenote_active":false,"_monsterinsights_sitenote_note":"","_monsterinsights_sitenote_category":0,"footnotes":""},"categories":[5],"tags":[531,249],"yoast_head":"<!-- This site is optimized with the Yoast SEO plugin v21.6 - https:\/\/yoast.com\/wordpress\/plugins\/seo\/ -->\n<title>SU\u0110ENJE ZA ZLO\u010cINE NA PODRU\u010cJU PRIJEDORA: TIJELA U ZECOVIMA - PrijedorDanas.com - Prijedorski gradski portal<\/title>\n<meta name=\"robots\" content=\"index, follow, max-snippet:-1, max-image-preview:large, max-video-preview:-1\" \/>\n<link rel=\"canonical\" href=\"https:\/\/www.prijedordanas.com\/?p=41082\" \/>\n<meta property=\"og:locale\" content=\"en_US\" \/>\n<meta property=\"og:type\" content=\"article\" \/>\n<meta property=\"og:title\" content=\"SU\u0110ENJE ZA ZLO\u010cINE NA PODRU\u010cJU PRIJEDORA: TIJELA U ZECOVIMA - PrijedorDanas.com - Prijedorski gradski portal\" \/>\n<meta property=\"og:description\" content=\"Svjedok Tu\u017eila\u0161tva BiH je ispri\u010dao da je prilikom akcije u selu Zecovi (op\u0161tina Prijedor) ispred nekoliko ku\u0107a vidio da le\u017ee ljudi, za koje je pretpostavio da su mrtvi. Bogdan Mr\u0161i\u0107 [&hellip;]\" \/>\n<meta property=\"og:url\" content=\"https:\/\/www.prijedordanas.com\/?p=41082\" \/>\n<meta property=\"og:site_name\" content=\"PrijedorDanas.com - Prijedorski gradski portal\" \/>\n<meta property=\"article:publisher\" content=\"https:\/\/www.facebook.com\/PrijedorDanasCom\/\" \/>\n<meta property=\"article:published_time\" content=\"2016-02-07T10:11:01+00:00\" \/>\n<meta property=\"og:image\" content=\"https:\/\/www.prijedordanas.com\/wp-content\/uploads\/2016\/02\/sud-bih-2-1-300x225.jpg\" \/>\n<meta name=\"author\" content=\"admin\" \/>\n<meta name=\"twitter:card\" content=\"summary_large_image\" \/>\n<meta name=\"twitter:label1\" content=\"Written by\" \/>\n\t<meta name=\"twitter:data1\" content=\"admin\" \/>\n\t<meta name=\"twitter:label2\" content=\"Est. reading time\" \/>\n\t<meta name=\"twitter:data2\" content=\"3 minutes\" \/>\n<script type=\"application\/ld+json\" class=\"yoast-schema-graph\">{\"@context\":\"https:\/\/schema.org\",\"@graph\":[{\"@type\":\"Article\",\"@id\":\"https:\/\/www.prijedordanas.com\/?p=41082#article\",\"isPartOf\":{\"@id\":\"https:\/\/www.prijedordanas.com\/?p=41082\"},\"author\":{\"name\":\"admin\",\"@id\":\"https:\/\/www.prijedordanas.com\/#\/schema\/person\/4e08ccf29b506ca916ff86d46bb700e6\"},\"headline\":\"SU\u0110ENJE ZA ZLO\u010cINE NA PODRU\u010cJU PRIJEDORA: TIJELA U ZECOVIMA\",\"datePublished\":\"2016-02-07T10:11:01+00:00\",\"dateModified\":\"2016-02-07T10:11:01+00:00\",\"mainEntityOfPage\":{\"@id\":\"https:\/\/www.prijedordanas.com\/?p=41082\"},\"wordCount\":541,\"publisher\":{\"@id\":\"https:\/\/www.prijedordanas.com\/#organization\"},\"keywords\":[\"Sud BiH\",\"su\u0111enje\"],\"articleSection\":[\"Hronika\"],\"inLanguage\":\"en-US\"},{\"@type\":\"WebPage\",\"@id\":\"https:\/\/www.prijedordanas.com\/?p=41082\",\"url\":\"https:\/\/www.prijedordanas.com\/?p=41082\",\"name\":\"SU\u0110ENJE ZA ZLO\u010cINE NA PODRU\u010cJU PRIJEDORA: TIJELA U ZECOVIMA - PrijedorDanas.com - Prijedorski gradski portal\",\"isPartOf\":{\"@id\":\"https:\/\/www.prijedordanas.com\/#website\"},\"datePublished\":\"2016-02-07T10:11:01+00:00\",\"dateModified\":\"2016-02-07T10:11:01+00:00\",\"breadcrumb\":{\"@id\":\"https:\/\/www.prijedordanas.com\/?p=41082#breadcrumb\"},\"inLanguage\":\"en-US\",\"potentialAction\":[{\"@type\":\"ReadAction\",\"target\":[\"https:\/\/www.prijedordanas.com\/?p=41082\"]}]},{\"@type\":\"BreadcrumbList\",\"@id\":\"https:\/\/www.prijedordanas.com\/?p=41082#breadcrumb\",\"itemListElement\":[{\"@type\":\"ListItem\",\"position\":1,\"name\":\"Home\",\"item\":\"https:\/\/www.prijedordanas.com\/\"},{\"@type\":\"ListItem\",\"position\":2,\"name\":\"SU\u0110ENJE ZA ZLO\u010cINE NA PODRU\u010cJU PRIJEDORA: TIJELA U ZECOVIMA\"}]},{\"@type\":\"WebSite\",\"@id\":\"https:\/\/www.prijedordanas.com\/#website\",\"url\":\"https:\/\/www.prijedordanas.com\/\",\"name\":\"PrijedorDanas.com - Prijedorski gradski portal\",\"description\":\"Portal o doga\u0111anjima u gradu Prijedoru\",\"publisher\":{\"@id\":\"https:\/\/www.prijedordanas.com\/#organization\"},\"potentialAction\":[{\"@type\":\"SearchAction\",\"target\":{\"@type\":\"EntryPoint\",\"urlTemplate\":\"https:\/\/www.prijedordanas.com\/?s={search_term_string}\"},\"query-input\":\"required name=search_term_string\"}],\"inLanguage\":\"en-US\"},{\"@type\":\"Organization\",\"@id\":\"https:\/\/www.prijedordanas.com\/#organization\",\"name\":\"PrijedorDanas.com\",\"url\":\"https:\/\/www.prijedordanas.com\/\",\"logo\":{\"@type\":\"ImageObject\",\"inLanguage\":\"en-US\",\"@id\":\"https:\/\/www.prijedordanas.com\/#\/schema\/logo\/image\/\",\"url\":\"http:\/\/www.prijedordanas.com\/wp-content\/uploads\/2021\/12\/logopng.png\",\"contentUrl\":\"http:\/\/www.prijedordanas.com\/wp-content\/uploads\/2021\/12\/logopng.png\",\"width\":1019,\"height\":776,\"caption\":\"PrijedorDanas.com\"},\"image\":{\"@id\":\"https:\/\/www.prijedordanas.com\/#\/schema\/logo\/image\/\"},\"sameAs\":[\"https:\/\/www.facebook.com\/PrijedorDanasCom\/\"]},{\"@type\":\"Person\",\"@id\":\"https:\/\/www.prijedordanas.com\/#\/schema\/person\/4e08ccf29b506ca916ff86d46bb700e6\",\"name\":\"admin\",\"image\":{\"@type\":\"ImageObject\",\"inLanguage\":\"en-US\",\"@id\":\"https:\/\/www.prijedordanas.com\/#\/schema\/person\/image\/\",\"url\":\"https:\/\/secure.gravatar.com\/avatar\/1d3fc949d550f0b53a5f0d51e06dfd79?s=96&d=mm&r=g\",\"contentUrl\":\"https:\/\/secure.gravatar.com\/avatar\/1d3fc949d550f0b53a5f0d51e06dfd79?s=96&d=mm&r=g\",\"caption\":\"admin\"},\"url\":\"https:\/\/www.prijedordanas.com\/?author=1\"}]}<\/script>\n<!-- \/ Yoast SEO plugin. -->","yoast_head_json":{"title":"SU\u0110ENJE ZA ZLO\u010cINE NA PODRU\u010cJU PRIJEDORA: TIJELA U ZECOVIMA - PrijedorDanas.com - Prijedorski gradski portal","robots":{"index":"index","follow":"follow","max-snippet":"max-snippet:-1","max-image-preview":"max-image-preview:large","max-video-preview":"max-video-preview:-1"},"canonical":"https:\/\/www.prijedordanas.com\/?p=41082","og_locale":"en_US","og_type":"article","og_title":"SU\u0110ENJE ZA ZLO\u010cINE NA PODRU\u010cJU PRIJEDORA: TIJELA U ZECOVIMA - PrijedorDanas.com - Prijedorski gradski portal","og_description":"Svjedok Tu\u017eila\u0161tva BiH je ispri\u010dao da je prilikom akcije u selu Zecovi (op\u0161tina Prijedor) ispred nekoliko ku\u0107a vidio da le\u017ee ljudi, za koje je pretpostavio da su mrtvi. Bogdan Mr\u0161i\u0107 [&hellip;]","og_url":"https:\/\/www.prijedordanas.com\/?p=41082","og_site_name":"PrijedorDanas.com - Prijedorski gradski portal","article_publisher":"https:\/\/www.facebook.com\/PrijedorDanasCom\/","article_published_time":"2016-02-07T10:11:01+00:00","og_image":[{"url":"https:\/\/www.prijedordanas.com\/wp-content\/uploads\/2016\/02\/sud-bih-2-1-300x225.jpg"}],"author":"admin","twitter_card":"summary_large_image","twitter_misc":{"Written by":"admin","Est. reading time":"3 minutes"},"schema":{"@context":"https:\/\/schema.org","@graph":[{"@type":"Article","@id":"https:\/\/www.prijedordanas.com\/?p=41082#article","isPartOf":{"@id":"https:\/\/www.prijedordanas.com\/?p=41082"},"author":{"name":"admin","@id":"https:\/\/www.prijedordanas.com\/#\/schema\/person\/4e08ccf29b506ca916ff86d46bb700e6"},"headline":"SU\u0110ENJE ZA ZLO\u010cINE NA PODRU\u010cJU PRIJEDORA: TIJELA U ZECOVIMA","datePublished":"2016-02-07T10:11:01+00:00","dateModified":"2016-02-07T10:11:01+00:00","mainEntityOfPage":{"@id":"https:\/\/www.prijedordanas.com\/?p=41082"},"wordCount":541,"publisher":{"@id":"https:\/\/www.prijedordanas.com\/#organization"},"keywords":["Sud BiH","su\u0111enje"],"articleSection":["Hronika"],"inLanguage":"en-US"},{"@type":"WebPage","@id":"https:\/\/www.prijedordanas.com\/?p=41082","url":"https:\/\/www.prijedordanas.com\/?p=41082","name":"SU\u0110ENJE ZA ZLO\u010cINE NA PODRU\u010cJU PRIJEDORA: TIJELA U ZECOVIMA - PrijedorDanas.com - Prijedorski gradski portal","isPartOf":{"@id":"https:\/\/www.prijedordanas.com\/#website"},"datePublished":"2016-02-07T10:11:01+00:00","dateModified":"2016-02-07T10:11:01+00:00","breadcrumb":{"@id":"https:\/\/www.prijedordanas.com\/?p=41082#breadcrumb"},"inLanguage":"en-US","potentialAction":[{"@type":"ReadAction","target":["https:\/\/www.prijedordanas.com\/?p=41082"]}]},{"@type":"BreadcrumbList","@id":"https:\/\/www.prijedordanas.com\/?p=41082#breadcrumb","itemListElement":[{"@type":"ListItem","position":1,"name":"Home","item":"https:\/\/www.prijedordanas.com\/"},{"@type":"ListItem","position":2,"name":"SU\u0110ENJE ZA ZLO\u010cINE NA PODRU\u010cJU PRIJEDORA: TIJELA U ZECOVIMA"}]},{"@type":"WebSite","@id":"https:\/\/www.prijedordanas.com\/#website","url":"https:\/\/www.prijedordanas.com\/","name":"PrijedorDanas.com - Prijedorski gradski portal","description":"Portal o doga\u0111anjima u gradu Prijedoru","publisher":{"@id":"https:\/\/www.prijedordanas.com\/#organization"},"potentialAction":[{"@type":"SearchAction","target":{"@type":"EntryPoint","urlTemplate":"https:\/\/www.prijedordanas.com\/?s={search_term_string}"},"query-input":"required name=search_term_string"}],"inLanguage":"en-US"},{"@type":"Organization","@id":"https:\/\/www.prijedordanas.com\/#organization","name":"PrijedorDanas.com","url":"https:\/\/www.prijedordanas.com\/","logo":{"@type":"ImageObject","inLanguage":"en-US","@id":"https:\/\/www.prijedordanas.com\/#\/schema\/logo\/image\/","url":"http:\/\/www.prijedordanas.com\/wp-content\/uploads\/2021\/12\/logopng.png","contentUrl":"http:\/\/www.prijedordanas.com\/wp-content\/uploads\/2021\/12\/logopng.png","width":1019,"height":776,"caption":"PrijedorDanas.com"},"image":{"@id":"https:\/\/www.prijedordanas.com\/#\/schema\/logo\/image\/"},"sameAs":["https:\/\/www.facebook.com\/PrijedorDanasCom\/"]},{"@type":"Person","@id":"https:\/\/www.prijedordanas.com\/#\/schema\/person\/4e08ccf29b506ca916ff86d46bb700e6","name":"admin","image":{"@type":"ImageObject","inLanguage":"en-US","@id":"https:\/\/www.prijedordanas.com\/#\/schema\/person\/image\/","url":"https:\/\/secure.gravatar.com\/avatar\/1d3fc949d550f0b53a5f0d51e06dfd79?s=96&d=mm&r=g","contentUrl":"https:\/\/secure.gravatar.com\/avatar\/1d3fc949d550f0b53a5f0d51e06dfd79?s=96&d=mm&r=g","caption":"admin"},"url":"https:\/\/www.prijedordanas.com\/?author=1"}]}},"_links":{"self":[{"href":"https:\/\/www.prijedordanas.com\/index.php?rest_route=\/wp\/v2\/posts\/41082"}],"collection":[{"href":"https:\/\/www.prijedordanas.com\/index.php?rest_route=\/wp\/v2\/posts"}],"about":[{"href":"https:\/\/www.prijedordanas.com\/index.php?rest_route=\/wp\/v2\/types\/post"}],"author":[{"embeddable":true,"href":"https:\/\/www.prijedordanas.com\/index.php?rest_route=\/wp\/v2\/users\/1"}],"replies":[{"embeddable":true,"href":"https:\/\/www.prijedordanas.com\/index.php?rest_route=%2Fwp%2Fv2%2Fcomments&post=41082"}],"version-history":[{"count":1,"href":"https:\/\/www.prijedordanas.com\/index.php?rest_route=\/wp\/v2\/posts\/41082\/revisions"}],"predecessor-version":[{"id":41084,"href":"https:\/\/www.prijedordanas.com\/index.php?rest_route=\/wp\/v2\/posts\/41082\/revisions\/41084"}],"wp:attachment":[{"href":"https:\/\/www.prijedordanas.com\/index.php?rest_route=%2Fwp%2Fv2%2Fmedia&parent=41082"}],"wp:term":[{"taxonomy":"category","embeddable":true,"href":"https:\/\/www.prijedordanas.com\/index.php?rest_route=%2Fwp%2Fv2%2Fcategories&post=41082"},{"taxonomy":"post_tag","embeddable":true,"href":"https:\/\/www.prijedordanas.com\/index.php?rest_route=%2Fwp%2Fv2%2Ftags&post=41082"}],"curies":[{"name":"wp","href":"https:\/\/api.w.org\/{rel}","templated":true}]}}