{"id":40920,"date":"2016-02-04T23:08:47","date_gmt":"2016-02-04T22:08:47","guid":{"rendered":"https:\/\/www.prijedordanas.com\/?p=40920"},"modified":"2016-02-04T23:08:47","modified_gmt":"2016-02-04T22:08:47","slug":"gala-koncert-povodom-130-godina-skud-a-dr-mladen-stojanovic-foto-2","status":"publish","type":"post","link":"https:\/\/www.prijedordanas.com\/?p=40920","title":{"rendered":"GALA KONCERT POVODOM 130 GODINA SKUD-A &#8220;DR MLADEN STOJANOVI\u0106&#8221; &#8211; FOTO"},"content":{"rendered":"<p><a href=\"https:\/\/www.prijedordanas.com\/wp-content\/uploads\/2016\/02\/skud-dr-mladen-stojanovic-godisnji-koncert-1.jpg\" rel=\"attachment wp-att-40911\"><img loading=\"lazy\" decoding=\"async\" class=\"alignleft size-medium wp-image-40911\" src=\"https:\/\/www.prijedordanas.com\/wp-content\/uploads\/2016\/02\/skud-dr-mladen-stojanovic-godisnji-koncert-1-300x199.jpg\" alt=\"skud dr mladen stojanovic-godisnji koncert (1)\" width=\"300\" height=\"199\" srcset=\"https:\/\/www.prijedordanas.com\/wp-content\/uploads\/2016\/02\/skud-dr-mladen-stojanovic-godisnji-koncert-1-300x200.jpg 300w, https:\/\/www.prijedordanas.com\/wp-content\/uploads\/2016\/02\/skud-dr-mladen-stojanovic-godisnji-koncert-1-480x320.jpg 480w, https:\/\/www.prijedordanas.com\/wp-content\/uploads\/2016\/02\/skud-dr-mladen-stojanovic-godisnji-koncert-1.jpg 600w\" sizes=\"(max-width: 300px) 100vw, 300px\" \/><\/a>\u010clanovi Srpskog kulturno-umjetni\u010dkog dru\u0161tva &#8220;Dr Mladen Stojanovi\u0107&#8221; iz Prijedora ve\u010deras su, povodom jubilarnih 130 godina rada, priredili u Pozori\u0161tu Prijedor gala koncert za sve ljubitelje pjesme i igre.<\/p>\n<p>Vr\u0161ilac du\u017enosti predsjednika Dru\u0161tva Dejan Karlica istakao je da je ovo zavr\u0161nica obilje\u017eavanja velikog jubileja, jedinstvenog na ovim prostorima, a koja je po\u010dela ju\u010de sve\u010danom akademijom.<\/p>\n<p>&#8220;Malo koje dru\u0161tvo se mo\u017ee pohvaliti sa ovoliko godina trajanja, a svi koji godinama prate na\u0161 rad zaslu\u017eili su da im se ovim ve\u010dera\u0161njim nastupom bar djelimi\u010dno odu\u017eimo&#8221;, rekao je Karlica.<\/p>\n<p>On je javno pro\u010ditao odluku predsjednika bratskog Kulturno-umjetni\u010dkog dru\u0161tva &#8220;Semendrija&#8221; Slobodana Sedlarevi\u0107a iz Smedereva da, povodom jubileja, a kao znak po\u0161tovanja za dugogodi\u0161nju saradnju i neizmjernu podr\u0161ku u radu njihovog dru\u0161tva, dodijeli komplet no\u0161nje za \u017eensku pjeva\u010dku grupu Dru\u0161tvu iz Prijedora.<\/p>\n<p><a href=\"https:\/\/www.prijedordanas.com\/wp-content\/uploads\/2016\/02\/skud-dr-mladen-stojanovic-godisnji-koncert-3.jpg\" rel=\"attachment wp-att-40912\"><img loading=\"lazy\" decoding=\"async\" class=\"alignleft size-medium wp-image-40912\" src=\"https:\/\/www.prijedordanas.com\/wp-content\/uploads\/2016\/02\/skud-dr-mladen-stojanovic-godisnji-koncert-3-300x199.jpg\" alt=\"skud dr mladen stojanovic-godisnji koncert (3)\" width=\"300\" height=\"199\" srcset=\"https:\/\/www.prijedordanas.com\/wp-content\/uploads\/2016\/02\/skud-dr-mladen-stojanovic-godisnji-koncert-3-300x200.jpg 300w, https:\/\/www.prijedordanas.com\/wp-content\/uploads\/2016\/02\/skud-dr-mladen-stojanovic-godisnji-koncert-3-480x320.jpg 480w, https:\/\/www.prijedordanas.com\/wp-content\/uploads\/2016\/02\/skud-dr-mladen-stojanovic-godisnji-koncert-3.jpg 600w\" sizes=\"(max-width: 300px) 100vw, 300px\" \/><\/a>Na ovom koncertu dodijeljeno je \u0161est priznanja \u010dlanovima SKUD &#8220;Dr Mladen Stojanovi\u0107&#8221; koji su nagra\u0111eni odlukom Upravnog odbora Dru\u0161tva.<\/p>\n<p>Priznanja za doprinos ugledu i razvoju Dru\u0161tva, a prema du\u017eini igra\u010dkog, pjeva\u010dkog i svira\u010dkog sta\u017ea, dobili su Ognjen Radi\u0161i\u0107, Neboj\u0161a Kuruzovi\u0107, Boris \u0160ipovac, Bojana Laki\u0107, Bo\u0161ko Bokan i Sla\u0111ana Kne\u017eevi\u0107.<\/p>\n<p>Na repertoaru ovog koncerta na\u0161le su se igre iz Glamo\u010da, Krajine i sa Kozare, te igre iz Srbije od vla\u0161kih predjela do Kosova i Metohije.<\/p>\n<p>Gosti slavljenika bili su Vokalna grupa &#8220;Kne\u0161polje&#8221; iz Kne\u017eice i Vokalna grupa Akademskog dru\u0161tva &#8220;Novi Beograd&#8221; iz Beograda koji su osim velikog aplauza publike dobili i zahvalnice za u\u010de\u0161\u0107e u ovom koncertu.<\/p>\n<p>SKUD &#8220;Dr Mladen Stojanovi\u0107&#8221; iz Prijedora broji oko 500 \u010dlanova, a osim folklornih sekcija raznih uzrasta, ima i svoj orkestar, \u017eensku i mu\u0161ku vokalnu grupu te tambura\u0161ki orkestar.<\/p>\n<p>Na njihovom repertoaru je 50 koreografija za koje imaju kompletne narodne no\u0161nje.<\/p>\n<p>Obilje\u017eavanje ovog vrijednog jubileja bi\u0107e zavr\u0161eno sutra, kada \u0107e od 17:00 \u010dasova biti odr\u017eana repriza ve\u010dera\u0161njeg koncerta za koji se danima tra\u017eila karta vi\u0161e.<\/p>\n<p>Tekst \u2013 SRNA<br \/>\nFoto \u2013 Aleksandar Drakuli\u0107 \u2013 <a href=\"www.prijedordanas.com\" target=\"_blank\">www.prijedordanas.com<\/a><\/p>\n<p><a href=\"https:\/\/www.prijedordanas.com\/wp-content\/uploads\/2016\/02\/skud-dr-mladen-stojanovic-godisnji-koncert-4.jpg\" rel=\"attachment wp-att-40913\"><img loading=\"lazy\" decoding=\"async\" src=\"https:\/\/www.prijedordanas.com\/wp-content\/uploads\/2016\/02\/skud-dr-mladen-stojanovic-godisnji-koncert-4-300x199.jpg\" alt=\"skud dr mladen stojanovic-godisnji koncert (4)\" width=\"300\" height=\"199\" class=\"alignleft size-medium wp-image-40913\" srcset=\"https:\/\/www.prijedordanas.com\/wp-content\/uploads\/2016\/02\/skud-dr-mladen-stojanovic-godisnji-koncert-4-300x200.jpg 300w, https:\/\/www.prijedordanas.com\/wp-content\/uploads\/2016\/02\/skud-dr-mladen-stojanovic-godisnji-koncert-4-480x320.jpg 480w, https:\/\/www.prijedordanas.com\/wp-content\/uploads\/2016\/02\/skud-dr-mladen-stojanovic-godisnji-koncert-4.jpg 600w\" sizes=\"(max-width: 300px) 100vw, 300px\" \/><\/a> <a href=\"https:\/\/www.prijedordanas.com\/wp-content\/uploads\/2016\/02\/skud-dr-mladen-stojanovic-godisnji-koncert-2.jpg\" rel=\"attachment wp-att-40914\"><img loading=\"lazy\" decoding=\"async\" src=\"https:\/\/www.prijedordanas.com\/wp-content\/uploads\/2016\/02\/skud-dr-mladen-stojanovic-godisnji-koncert-2-300x199.jpg\" alt=\"skud dr mladen stojanovic-godisnji koncert (2)\" width=\"300\" height=\"199\" class=\"alignleft size-medium wp-image-40914\" srcset=\"https:\/\/www.prijedordanas.com\/wp-content\/uploads\/2016\/02\/skud-dr-mladen-stojanovic-godisnji-koncert-2-300x200.jpg 300w, https:\/\/www.prijedordanas.com\/wp-content\/uploads\/2016\/02\/skud-dr-mladen-stojanovic-godisnji-koncert-2-480x320.jpg 480w, https:\/\/www.prijedordanas.com\/wp-content\/uploads\/2016\/02\/skud-dr-mladen-stojanovic-godisnji-koncert-2.jpg 600w\" sizes=\"(max-width: 300px) 100vw, 300px\" \/><\/a> <a href=\"https:\/\/www.prijedordanas.com\/wp-content\/uploads\/2016\/02\/skud-dr-mladen-stojanovic-godisnji-koncert-5.jpg\" rel=\"attachment wp-att-40916\"><img loading=\"lazy\" decoding=\"async\" src=\"https:\/\/www.prijedordanas.com\/wp-content\/uploads\/2016\/02\/skud-dr-mladen-stojanovic-godisnji-koncert-5-300x199.jpg\" alt=\"skud dr mladen stojanovic-godisnji koncert (5)\" width=\"300\" height=\"199\" class=\"alignleft size-medium wp-image-40916\" srcset=\"https:\/\/www.prijedordanas.com\/wp-content\/uploads\/2016\/02\/skud-dr-mladen-stojanovic-godisnji-koncert-5-300x200.jpg 300w, https:\/\/www.prijedordanas.com\/wp-content\/uploads\/2016\/02\/skud-dr-mladen-stojanovic-godisnji-koncert-5-480x320.jpg 480w, https:\/\/www.prijedordanas.com\/wp-content\/uploads\/2016\/02\/skud-dr-mladen-stojanovic-godisnji-koncert-5.jpg 600w\" sizes=\"(max-width: 300px) 100vw, 300px\" \/><\/a> <a href=\"https:\/\/www.prijedordanas.com\/wp-content\/uploads\/2016\/02\/skud-dr-mladen-stojanovic-godisnji-koncert-6.jpg\" rel=\"attachment wp-att-40917\"><img loading=\"lazy\" decoding=\"async\" src=\"https:\/\/www.prijedordanas.com\/wp-content\/uploads\/2016\/02\/skud-dr-mladen-stojanovic-godisnji-koncert-6-300x199.jpg\" alt=\"skud dr mladen stojanovic-godisnji koncert (6)\" width=\"300\" height=\"199\" class=\"alignleft size-medium wp-image-40917\" srcset=\"https:\/\/www.prijedordanas.com\/wp-content\/uploads\/2016\/02\/skud-dr-mladen-stojanovic-godisnji-koncert-6-300x200.jpg 300w, https:\/\/www.prijedordanas.com\/wp-content\/uploads\/2016\/02\/skud-dr-mladen-stojanovic-godisnji-koncert-6-480x320.jpg 480w, https:\/\/www.prijedordanas.com\/wp-content\/uploads\/2016\/02\/skud-dr-mladen-stojanovic-godisnji-koncert-6.jpg 600w\" sizes=\"(max-width: 300px) 100vw, 300px\" \/><\/a> <a href=\"https:\/\/www.prijedordanas.com\/wp-content\/uploads\/2016\/02\/skud-dr-mladen-stojanovic-godisnji-koncert-7.jpg\" rel=\"attachment wp-att-40919\"><img loading=\"lazy\" decoding=\"async\" src=\"https:\/\/www.prijedordanas.com\/wp-content\/uploads\/2016\/02\/skud-dr-mladen-stojanovic-godisnji-koncert-7-300x199.jpg\" alt=\"skud dr mladen stojanovic-godisnji koncert (7)\" width=\"300\" height=\"199\" class=\"alignleft size-medium wp-image-40919\" srcset=\"https:\/\/www.prijedordanas.com\/wp-content\/uploads\/2016\/02\/skud-dr-mladen-stojanovic-godisnji-koncert-7-300x200.jpg 300w, https:\/\/www.prijedordanas.com\/wp-content\/uploads\/2016\/02\/skud-dr-mladen-stojanovic-godisnji-koncert-7-480x320.jpg 480w, https:\/\/www.prijedordanas.com\/wp-content\/uploads\/2016\/02\/skud-dr-mladen-stojanovic-godisnji-koncert-7.jpg 600w\" sizes=\"(max-width: 300px) 100vw, 300px\" \/><\/a><\/p>\n","protected":false},"excerpt":{"rendered":"<p>\u010clanovi Srpskog kulturno-umjetni\u010dkog dru\u0161tva &#8220;Dr Mladen Stojanovi\u0107&#8221; iz Prijedora ve\u010deras su, povodom jubilarnih 130 godina rada, priredili u Pozori\u0161tu Prijedor gala koncert za sve ljubitelje pjesme i igre. Vr\u0161ilac du\u017enosti [&hellip;]<\/p>\n","protected":false},"author":1,"featured_media":0,"comment_status":"closed","ping_status":"open","sticky":false,"template":"","format":"standard","meta":{"_monsterinsights_skip_tracking":false,"_monsterinsights_sitenote_active":false,"_monsterinsights_sitenote_note":"","_monsterinsights_sitenote_category":0,"footnotes":""},"categories":[6],"tags":[6685,3125],"yoast_head":"<!-- This site is optimized with the Yoast SEO plugin v21.6 - https:\/\/yoast.com\/wordpress\/plugins\/seo\/ -->\n<title>GALA KONCERT POVODOM 130 GODINA SKUD-A &quot;DR MLADEN STOJANOVI\u0106&quot; - FOTO - PrijedorDanas.com - Prijedorski gradski portal<\/title>\n<meta name=\"robots\" content=\"index, follow, max-snippet:-1, max-image-preview:large, max-video-preview:-1\" \/>\n<link rel=\"canonical\" href=\"https:\/\/www.prijedordanas.com\/?p=40920\" \/>\n<meta property=\"og:locale\" content=\"en_US\" \/>\n<meta property=\"og:type\" content=\"article\" \/>\n<meta property=\"og:title\" content=\"GALA KONCERT POVODOM 130 GODINA SKUD-A &quot;DR MLADEN STOJANOVI\u0106&quot; - FOTO - PrijedorDanas.com - Prijedorski gradski portal\" \/>\n<meta property=\"og:description\" content=\"\u010clanovi Srpskog kulturno-umjetni\u010dkog dru\u0161tva &#8220;Dr Mladen Stojanovi\u0107&#8221; iz Prijedora ve\u010deras su, povodom jubilarnih 130 godina rada, priredili u Pozori\u0161tu Prijedor gala koncert za sve ljubitelje pjesme i igre. Vr\u0161ilac du\u017enosti [&hellip;]\" \/>\n<meta property=\"og:url\" content=\"https:\/\/www.prijedordanas.com\/?p=40920\" \/>\n<meta property=\"og:site_name\" content=\"PrijedorDanas.com - Prijedorski gradski portal\" \/>\n<meta property=\"article:publisher\" content=\"https:\/\/www.facebook.com\/PrijedorDanasCom\/\" \/>\n<meta property=\"article:published_time\" content=\"2016-02-04T22:08:47+00:00\" \/>\n<meta property=\"og:image\" content=\"https:\/\/www.prijedordanas.com\/wp-content\/uploads\/2016\/02\/skud-dr-mladen-stojanovic-godisnji-koncert-1-300x199.jpg\" \/>\n<meta name=\"author\" content=\"admin\" \/>\n<meta name=\"twitter:card\" content=\"summary_large_image\" \/>\n<meta name=\"twitter:label1\" content=\"Written by\" \/>\n\t<meta name=\"twitter:data1\" content=\"admin\" \/>\n\t<meta name=\"twitter:label2\" content=\"Est. reading time\" \/>\n\t<meta name=\"twitter:data2\" content=\"2 minutes\" \/>\n<script type=\"application\/ld+json\" class=\"yoast-schema-graph\">{\"@context\":\"https:\/\/schema.org\",\"@graph\":[{\"@type\":\"Article\",\"@id\":\"https:\/\/www.prijedordanas.com\/?p=40920#article\",\"isPartOf\":{\"@id\":\"https:\/\/www.prijedordanas.com\/?p=40920\"},\"author\":{\"name\":\"admin\",\"@id\":\"https:\/\/www.prijedordanas.com\/#\/schema\/person\/4e08ccf29b506ca916ff86d46bb700e6\"},\"headline\":\"GALA KONCERT POVODOM 130 GODINA SKUD-A &#8220;DR MLADEN STOJANOVI\u0106&#8221; &#8211; FOTO\",\"datePublished\":\"2016-02-04T22:08:47+00:00\",\"dateModified\":\"2016-02-04T22:08:47+00:00\",\"mainEntityOfPage\":{\"@id\":\"https:\/\/www.prijedordanas.com\/?p=40920\"},\"wordCount\":372,\"publisher\":{\"@id\":\"https:\/\/www.prijedordanas.com\/#organization\"},\"keywords\":[\"gala koncert\",\"SKUD \u201eDr Mladen Stojanovi\u0107\u201c Prijedor\"],\"articleSection\":[\"Kultura\"],\"inLanguage\":\"en-US\"},{\"@type\":\"WebPage\",\"@id\":\"https:\/\/www.prijedordanas.com\/?p=40920\",\"url\":\"https:\/\/www.prijedordanas.com\/?p=40920\",\"name\":\"GALA KONCERT POVODOM 130 GODINA SKUD-A \\\"DR MLADEN STOJANOVI\u0106\\\" - FOTO - PrijedorDanas.com - Prijedorski gradski portal\",\"isPartOf\":{\"@id\":\"https:\/\/www.prijedordanas.com\/#website\"},\"datePublished\":\"2016-02-04T22:08:47+00:00\",\"dateModified\":\"2016-02-04T22:08:47+00:00\",\"breadcrumb\":{\"@id\":\"https:\/\/www.prijedordanas.com\/?p=40920#breadcrumb\"},\"inLanguage\":\"en-US\",\"potentialAction\":[{\"@type\":\"ReadAction\",\"target\":[\"https:\/\/www.prijedordanas.com\/?p=40920\"]}]},{\"@type\":\"BreadcrumbList\",\"@id\":\"https:\/\/www.prijedordanas.com\/?p=40920#breadcrumb\",\"itemListElement\":[{\"@type\":\"ListItem\",\"position\":1,\"name\":\"Home\",\"item\":\"https:\/\/www.prijedordanas.com\/\"},{\"@type\":\"ListItem\",\"position\":2,\"name\":\"GALA KONCERT POVODOM 130 GODINA SKUD-A &#8220;DR MLADEN STOJANOVI\u0106&#8221; &#8211; FOTO\"}]},{\"@type\":\"WebSite\",\"@id\":\"https:\/\/www.prijedordanas.com\/#website\",\"url\":\"https:\/\/www.prijedordanas.com\/\",\"name\":\"PrijedorDanas.com - Prijedorski gradski portal\",\"description\":\"Portal o doga\u0111anjima u gradu Prijedoru\",\"publisher\":{\"@id\":\"https:\/\/www.prijedordanas.com\/#organization\"},\"potentialAction\":[{\"@type\":\"SearchAction\",\"target\":{\"@type\":\"EntryPoint\",\"urlTemplate\":\"https:\/\/www.prijedordanas.com\/?s={search_term_string}\"},\"query-input\":\"required name=search_term_string\"}],\"inLanguage\":\"en-US\"},{\"@type\":\"Organization\",\"@id\":\"https:\/\/www.prijedordanas.com\/#organization\",\"name\":\"PrijedorDanas.com\",\"url\":\"https:\/\/www.prijedordanas.com\/\",\"logo\":{\"@type\":\"ImageObject\",\"inLanguage\":\"en-US\",\"@id\":\"https:\/\/www.prijedordanas.com\/#\/schema\/logo\/image\/\",\"url\":\"http:\/\/www.prijedordanas.com\/wp-content\/uploads\/2021\/12\/logopng.png\",\"contentUrl\":\"http:\/\/www.prijedordanas.com\/wp-content\/uploads\/2021\/12\/logopng.png\",\"width\":1019,\"height\":776,\"caption\":\"PrijedorDanas.com\"},\"image\":{\"@id\":\"https:\/\/www.prijedordanas.com\/#\/schema\/logo\/image\/\"},\"sameAs\":[\"https:\/\/www.facebook.com\/PrijedorDanasCom\/\"]},{\"@type\":\"Person\",\"@id\":\"https:\/\/www.prijedordanas.com\/#\/schema\/person\/4e08ccf29b506ca916ff86d46bb700e6\",\"name\":\"admin\",\"image\":{\"@type\":\"ImageObject\",\"inLanguage\":\"en-US\",\"@id\":\"https:\/\/www.prijedordanas.com\/#\/schema\/person\/image\/\",\"url\":\"https:\/\/secure.gravatar.com\/avatar\/1d3fc949d550f0b53a5f0d51e06dfd79?s=96&d=mm&r=g\",\"contentUrl\":\"https:\/\/secure.gravatar.com\/avatar\/1d3fc949d550f0b53a5f0d51e06dfd79?s=96&d=mm&r=g\",\"caption\":\"admin\"},\"url\":\"https:\/\/www.prijedordanas.com\/?author=1\"}]}<\/script>\n<!-- \/ Yoast SEO plugin. -->","yoast_head_json":{"title":"GALA KONCERT POVODOM 130 GODINA SKUD-A \"DR MLADEN STOJANOVI\u0106\" - FOTO - PrijedorDanas.com - Prijedorski gradski portal","robots":{"index":"index","follow":"follow","max-snippet":"max-snippet:-1","max-image-preview":"max-image-preview:large","max-video-preview":"max-video-preview:-1"},"canonical":"https:\/\/www.prijedordanas.com\/?p=40920","og_locale":"en_US","og_type":"article","og_title":"GALA KONCERT POVODOM 130 GODINA SKUD-A \"DR MLADEN STOJANOVI\u0106\" - FOTO - PrijedorDanas.com - Prijedorski gradski portal","og_description":"\u010clanovi Srpskog kulturno-umjetni\u010dkog dru\u0161tva &#8220;Dr Mladen Stojanovi\u0107&#8221; iz Prijedora ve\u010deras su, povodom jubilarnih 130 godina rada, priredili u Pozori\u0161tu Prijedor gala koncert za sve ljubitelje pjesme i igre. Vr\u0161ilac du\u017enosti [&hellip;]","og_url":"https:\/\/www.prijedordanas.com\/?p=40920","og_site_name":"PrijedorDanas.com - Prijedorski gradski portal","article_publisher":"https:\/\/www.facebook.com\/PrijedorDanasCom\/","article_published_time":"2016-02-04T22:08:47+00:00","og_image":[{"url":"https:\/\/www.prijedordanas.com\/wp-content\/uploads\/2016\/02\/skud-dr-mladen-stojanovic-godisnji-koncert-1-300x199.jpg"}],"author":"admin","twitter_card":"summary_large_image","twitter_misc":{"Written by":"admin","Est. reading time":"2 minutes"},"schema":{"@context":"https:\/\/schema.org","@graph":[{"@type":"Article","@id":"https:\/\/www.prijedordanas.com\/?p=40920#article","isPartOf":{"@id":"https:\/\/www.prijedordanas.com\/?p=40920"},"author":{"name":"admin","@id":"https:\/\/www.prijedordanas.com\/#\/schema\/person\/4e08ccf29b506ca916ff86d46bb700e6"},"headline":"GALA KONCERT POVODOM 130 GODINA SKUD-A &#8220;DR MLADEN STOJANOVI\u0106&#8221; &#8211; FOTO","datePublished":"2016-02-04T22:08:47+00:00","dateModified":"2016-02-04T22:08:47+00:00","mainEntityOfPage":{"@id":"https:\/\/www.prijedordanas.com\/?p=40920"},"wordCount":372,"publisher":{"@id":"https:\/\/www.prijedordanas.com\/#organization"},"keywords":["gala koncert","SKUD \u201eDr Mladen Stojanovi\u0107\u201c Prijedor"],"articleSection":["Kultura"],"inLanguage":"en-US"},{"@type":"WebPage","@id":"https:\/\/www.prijedordanas.com\/?p=40920","url":"https:\/\/www.prijedordanas.com\/?p=40920","name":"GALA KONCERT POVODOM 130 GODINA SKUD-A \"DR MLADEN STOJANOVI\u0106\" - FOTO - PrijedorDanas.com - Prijedorski gradski portal","isPartOf":{"@id":"https:\/\/www.prijedordanas.com\/#website"},"datePublished":"2016-02-04T22:08:47+00:00","dateModified":"2016-02-04T22:08:47+00:00","breadcrumb":{"@id":"https:\/\/www.prijedordanas.com\/?p=40920#breadcrumb"},"inLanguage":"en-US","potentialAction":[{"@type":"ReadAction","target":["https:\/\/www.prijedordanas.com\/?p=40920"]}]},{"@type":"BreadcrumbList","@id":"https:\/\/www.prijedordanas.com\/?p=40920#breadcrumb","itemListElement":[{"@type":"ListItem","position":1,"name":"Home","item":"https:\/\/www.prijedordanas.com\/"},{"@type":"ListItem","position":2,"name":"GALA KONCERT POVODOM 130 GODINA SKUD-A &#8220;DR MLADEN STOJANOVI\u0106&#8221; &#8211; FOTO"}]},{"@type":"WebSite","@id":"https:\/\/www.prijedordanas.com\/#website","url":"https:\/\/www.prijedordanas.com\/","name":"PrijedorDanas.com - Prijedorski gradski portal","description":"Portal o doga\u0111anjima u gradu Prijedoru","publisher":{"@id":"https:\/\/www.prijedordanas.com\/#organization"},"potentialAction":[{"@type":"SearchAction","target":{"@type":"EntryPoint","urlTemplate":"https:\/\/www.prijedordanas.com\/?s={search_term_string}"},"query-input":"required name=search_term_string"}],"inLanguage":"en-US"},{"@type":"Organization","@id":"https:\/\/www.prijedordanas.com\/#organization","name":"PrijedorDanas.com","url":"https:\/\/www.prijedordanas.com\/","logo":{"@type":"ImageObject","inLanguage":"en-US","@id":"https:\/\/www.prijedordanas.com\/#\/schema\/logo\/image\/","url":"http:\/\/www.prijedordanas.com\/wp-content\/uploads\/2021\/12\/logopng.png","contentUrl":"http:\/\/www.prijedordanas.com\/wp-content\/uploads\/2021\/12\/logopng.png","width":1019,"height":776,"caption":"PrijedorDanas.com"},"image":{"@id":"https:\/\/www.prijedordanas.com\/#\/schema\/logo\/image\/"},"sameAs":["https:\/\/www.facebook.com\/PrijedorDanasCom\/"]},{"@type":"Person","@id":"https:\/\/www.prijedordanas.com\/#\/schema\/person\/4e08ccf29b506ca916ff86d46bb700e6","name":"admin","image":{"@type":"ImageObject","inLanguage":"en-US","@id":"https:\/\/www.prijedordanas.com\/#\/schema\/person\/image\/","url":"https:\/\/secure.gravatar.com\/avatar\/1d3fc949d550f0b53a5f0d51e06dfd79?s=96&d=mm&r=g","contentUrl":"https:\/\/secure.gravatar.com\/avatar\/1d3fc949d550f0b53a5f0d51e06dfd79?s=96&d=mm&r=g","caption":"admin"},"url":"https:\/\/www.prijedordanas.com\/?author=1"}]}},"_links":{"self":[{"href":"https:\/\/www.prijedordanas.com\/index.php?rest_route=\/wp\/v2\/posts\/40920"}],"collection":[{"href":"https:\/\/www.prijedordanas.com\/index.php?rest_route=\/wp\/v2\/posts"}],"about":[{"href":"https:\/\/www.prijedordanas.com\/index.php?rest_route=\/wp\/v2\/types\/post"}],"author":[{"embeddable":true,"href":"https:\/\/www.prijedordanas.com\/index.php?rest_route=\/wp\/v2\/users\/1"}],"replies":[{"embeddable":true,"href":"https:\/\/www.prijedordanas.com\/index.php?rest_route=%2Fwp%2Fv2%2Fcomments&post=40920"}],"version-history":[{"count":1,"href":"https:\/\/www.prijedordanas.com\/index.php?rest_route=\/wp\/v2\/posts\/40920\/revisions"}],"predecessor-version":[{"id":40921,"href":"https:\/\/www.prijedordanas.com\/index.php?rest_route=\/wp\/v2\/posts\/40920\/revisions\/40921"}],"wp:attachment":[{"href":"https:\/\/www.prijedordanas.com\/index.php?rest_route=%2Fwp%2Fv2%2Fmedia&parent=40920"}],"wp:term":[{"taxonomy":"category","embeddable":true,"href":"https:\/\/www.prijedordanas.com\/index.php?rest_route=%2Fwp%2Fv2%2Fcategories&post=40920"},{"taxonomy":"post_tag","embeddable":true,"href":"https:\/\/www.prijedordanas.com\/index.php?rest_route=%2Fwp%2Fv2%2Ftags&post=40920"}],"curies":[{"name":"wp","href":"https:\/\/api.w.org\/{rel}","templated":true}]}}