{"id":40867,"date":"2016-02-04T11:07:00","date_gmt":"2016-02-04T10:07:00","guid":{"rendered":"https:\/\/www.prijedordanas.com\/?p=40867"},"modified":"2016-02-04T11:07:00","modified_gmt":"2016-02-04T10:07:00","slug":"svjedok-nisam-znao-za-zlocine-nad-muslimanima-u-bosanskoj-krajini","status":"publish","type":"post","link":"https:\/\/www.prijedordanas.com\/?p=40867","title":{"rendered":"SVJEDOK: NISAM ZNAO ZA ZLO\u010cINE NAD MUSLIMANIMA U BOSANSKOJ KRAJINI"},"content":{"rendered":"<p><a href=\"https:\/\/www.prijedordanas.com\/wp-content\/uploads\/2016\/02\/hag-sudnica.jpg\" rel=\"attachment wp-att-40868\"><img loading=\"lazy\" decoding=\"async\" src=\"https:\/\/www.prijedordanas.com\/wp-content\/uploads\/2016\/02\/hag-sudnica-300x135.jpg\" alt=\"hag-sudnica\" width=\"300\" height=\"135\" class=\"alignleft size-medium wp-image-40868\" srcset=\"https:\/\/www.prijedordanas.com\/wp-content\/uploads\/2016\/02\/hag-sudnica-300x135.jpg 300w, https:\/\/www.prijedordanas.com\/wp-content\/uploads\/2016\/02\/hag-sudnica.jpg 604w\" sizes=\"(max-width: 300px) 100vw, 300px\" \/><\/a>Mile Matijevi\u0107, svjedok odbrane na su\u0111enju generalu Ratku Mladi\u0107u, izjavio je pred Ha\u0161kim tribunalom da 1992. godine nije znao da je specijalna policija po\u010dinila zlo\u010dine nad muslimanima i Hrvatima u bosanskoj Krajini i da nije u\u010destvovao u prikrivanju masovne grobnice u Toma\u0161ici kod Prijedora.<\/p>\n<p>Matijevi\u0107, koji je u prolje\u0107e 1992. godine bio na\u010delnik policije u Centru slu\u017ebe bezbjednosti u Banjaluci, rekao je tokom unakrsnog ispitivanja da mu nisu poznati zlo\u010dini nad muslimanima koje su, prema navodima Tu\u017eila\u0161tva, po\u010dinili pripadnici odreda specijalne policije u Bosanskom Novom, Kotor Varo\u0161u i Prijedoru. <\/p>\n<p>Na direktno pitanje zastupnika optu\u017ebe da li je znao da je prijedorska policija po\u010dinila zlo\u010din na Kori\u0107anskim stijenama, svjedok je odgovorio da je bio upoznat, ali ne detaljno, te dodao da mu nije poznato da li je za taj zlo\u010din neko odgovarao. <\/p>\n<p>Matijevi\u0107 je negirao da je znao za zlo\u010dine nad muslimanima u logoru Omarska kod Prijedora. &#8220;\u010cuo sam da ima bezbjednosnih problema, ali nisam i\u0161ao tamo&#8221;, rekao je Matijevi\u0107. <\/p>\n<p>On je odbacio tvrdnju da je bio umije\u0161an u prikrivanje masovne grobnice u rudniku Toma\u0161ica kod Prijedora. &#8220;To je apsolutno neta\u010dno. Ja u vezi sa tim ne znam ni\u0161ta&#8230; Apsolutno sam \u010diste savjesti, nemam nikakvog saznanja, ni u\u010de\u0161\u0107a u tome&#8221;, rekao je svjedok. <\/p>\n<p>Zbog problema koje Mladi\u0107eva odbrana ima u dovo\u0111enju posljednjih svjedoka, izvo\u0111enje dokaza pred Tribunalom ne\u0107e biti do kraja februara, saop\u0161tio je na kraju zasjedanja predsjedavaju\u0107i sudija Alfons Ori. <\/p>\n<p>Strane \u0107e se, me\u0111utim, u sudnici ponovo na\u0107i 16. februara na raspravi o zahtjevu Mladi\u0107eve odbrane da Tribunal obave\u017ee Belgiju i NATO da omogu\u0107e braniocima da razgovaraju sa jednim potencijalnim svjedokom. <\/p>\n<p>SRNA<\/p>\n","protected":false},"excerpt":{"rendered":"<p>Mile Matijevi\u0107, svjedok odbrane na su\u0111enju generalu Ratku Mladi\u0107u, izjavio je pred Ha\u0161kim tribunalom da 1992. godine nije znao da je specijalna policija po\u010dinila zlo\u010dine nad muslimanima i Hrvatima u [&hellip;]<\/p>\n","protected":false},"author":1,"featured_media":0,"comment_status":"closed","ping_status":"open","sticky":false,"template":"","format":"standard","meta":{"_monsterinsights_skip_tracking":false,"_monsterinsights_sitenote_active":false,"_monsterinsights_sitenote_note":"","_monsterinsights_sitenote_category":0,"footnotes":""},"categories":[5],"tags":[3218,6679,249],"yoast_head":"<!-- This site is optimized with the Yoast SEO plugin v21.6 - https:\/\/yoast.com\/wordpress\/plugins\/seo\/ -->\n<title>SVJEDOK: NISAM ZNAO ZA ZLO\u010cINE NAD MUSLIMANIMA U BOSANSKOJ KRAJINI - PrijedorDanas.com - Prijedorski gradski portal<\/title>\n<meta name=\"robots\" content=\"index, follow, max-snippet:-1, max-image-preview:large, max-video-preview:-1\" \/>\n<link rel=\"canonical\" href=\"https:\/\/www.prijedordanas.com\/?p=40867\" \/>\n<meta property=\"og:locale\" content=\"en_US\" \/>\n<meta property=\"og:type\" content=\"article\" \/>\n<meta property=\"og:title\" content=\"SVJEDOK: NISAM ZNAO ZA ZLO\u010cINE NAD MUSLIMANIMA U BOSANSKOJ KRAJINI - PrijedorDanas.com - Prijedorski gradski portal\" \/>\n<meta property=\"og:description\" content=\"Mile Matijevi\u0107, svjedok odbrane na su\u0111enju generalu Ratku Mladi\u0107u, izjavio je pred Ha\u0161kim tribunalom da 1992. godine nije znao da je specijalna policija po\u010dinila zlo\u010dine nad muslimanima i Hrvatima u [&hellip;]\" \/>\n<meta property=\"og:url\" content=\"https:\/\/www.prijedordanas.com\/?p=40867\" \/>\n<meta property=\"og:site_name\" content=\"PrijedorDanas.com - Prijedorski gradski portal\" \/>\n<meta property=\"article:publisher\" content=\"https:\/\/www.facebook.com\/PrijedorDanasCom\/\" \/>\n<meta property=\"article:published_time\" content=\"2016-02-04T10:07:00+00:00\" \/>\n<meta property=\"og:image\" content=\"https:\/\/www.prijedordanas.com\/wp-content\/uploads\/2016\/02\/hag-sudnica-300x135.jpg\" \/>\n<meta name=\"author\" content=\"admin\" \/>\n<meta name=\"twitter:card\" content=\"summary_large_image\" \/>\n<meta name=\"twitter:label1\" content=\"Written by\" \/>\n\t<meta name=\"twitter:data1\" content=\"admin\" \/>\n\t<meta name=\"twitter:label2\" content=\"Est. reading time\" \/>\n\t<meta name=\"twitter:data2\" content=\"1 minute\" \/>\n<script type=\"application\/ld+json\" class=\"yoast-schema-graph\">{\"@context\":\"https:\/\/schema.org\",\"@graph\":[{\"@type\":\"Article\",\"@id\":\"https:\/\/www.prijedordanas.com\/?p=40867#article\",\"isPartOf\":{\"@id\":\"https:\/\/www.prijedordanas.com\/?p=40867\"},\"author\":{\"name\":\"admin\",\"@id\":\"https:\/\/www.prijedordanas.com\/#\/schema\/person\/4e08ccf29b506ca916ff86d46bb700e6\"},\"headline\":\"SVJEDOK: NISAM ZNAO ZA ZLO\u010cINE NAD MUSLIMANIMA U BOSANSKOJ KRAJINI\",\"datePublished\":\"2016-02-04T10:07:00+00:00\",\"dateModified\":\"2016-02-04T10:07:00+00:00\",\"mainEntityOfPage\":{\"@id\":\"https:\/\/www.prijedordanas.com\/?p=40867\"},\"wordCount\":309,\"publisher\":{\"@id\":\"https:\/\/www.prijedordanas.com\/#organization\"},\"keywords\":[\"Hag\",\"Mile Matijevi\u0107\",\"su\u0111enje\"],\"articleSection\":[\"Hronika\"],\"inLanguage\":\"en-US\"},{\"@type\":\"WebPage\",\"@id\":\"https:\/\/www.prijedordanas.com\/?p=40867\",\"url\":\"https:\/\/www.prijedordanas.com\/?p=40867\",\"name\":\"SVJEDOK: NISAM ZNAO ZA ZLO\u010cINE NAD MUSLIMANIMA U BOSANSKOJ KRAJINI - PrijedorDanas.com - Prijedorski gradski portal\",\"isPartOf\":{\"@id\":\"https:\/\/www.prijedordanas.com\/#website\"},\"datePublished\":\"2016-02-04T10:07:00+00:00\",\"dateModified\":\"2016-02-04T10:07:00+00:00\",\"breadcrumb\":{\"@id\":\"https:\/\/www.prijedordanas.com\/?p=40867#breadcrumb\"},\"inLanguage\":\"en-US\",\"potentialAction\":[{\"@type\":\"ReadAction\",\"target\":[\"https:\/\/www.prijedordanas.com\/?p=40867\"]}]},{\"@type\":\"BreadcrumbList\",\"@id\":\"https:\/\/www.prijedordanas.com\/?p=40867#breadcrumb\",\"itemListElement\":[{\"@type\":\"ListItem\",\"position\":1,\"name\":\"Home\",\"item\":\"https:\/\/www.prijedordanas.com\/\"},{\"@type\":\"ListItem\",\"position\":2,\"name\":\"SVJEDOK: NISAM ZNAO ZA ZLO\u010cINE NAD MUSLIMANIMA U BOSANSKOJ KRAJINI\"}]},{\"@type\":\"WebSite\",\"@id\":\"https:\/\/www.prijedordanas.com\/#website\",\"url\":\"https:\/\/www.prijedordanas.com\/\",\"name\":\"PrijedorDanas.com - Prijedorski gradski portal\",\"description\":\"Portal o doga\u0111anjima u gradu Prijedoru\",\"publisher\":{\"@id\":\"https:\/\/www.prijedordanas.com\/#organization\"},\"potentialAction\":[{\"@type\":\"SearchAction\",\"target\":{\"@type\":\"EntryPoint\",\"urlTemplate\":\"https:\/\/www.prijedordanas.com\/?s={search_term_string}\"},\"query-input\":\"required name=search_term_string\"}],\"inLanguage\":\"en-US\"},{\"@type\":\"Organization\",\"@id\":\"https:\/\/www.prijedordanas.com\/#organization\",\"name\":\"PrijedorDanas.com\",\"url\":\"https:\/\/www.prijedordanas.com\/\",\"logo\":{\"@type\":\"ImageObject\",\"inLanguage\":\"en-US\",\"@id\":\"https:\/\/www.prijedordanas.com\/#\/schema\/logo\/image\/\",\"url\":\"http:\/\/www.prijedordanas.com\/wp-content\/uploads\/2021\/12\/logopng.png\",\"contentUrl\":\"http:\/\/www.prijedordanas.com\/wp-content\/uploads\/2021\/12\/logopng.png\",\"width\":1019,\"height\":776,\"caption\":\"PrijedorDanas.com\"},\"image\":{\"@id\":\"https:\/\/www.prijedordanas.com\/#\/schema\/logo\/image\/\"},\"sameAs\":[\"https:\/\/www.facebook.com\/PrijedorDanasCom\/\"]},{\"@type\":\"Person\",\"@id\":\"https:\/\/www.prijedordanas.com\/#\/schema\/person\/4e08ccf29b506ca916ff86d46bb700e6\",\"name\":\"admin\",\"image\":{\"@type\":\"ImageObject\",\"inLanguage\":\"en-US\",\"@id\":\"https:\/\/www.prijedordanas.com\/#\/schema\/person\/image\/\",\"url\":\"https:\/\/secure.gravatar.com\/avatar\/1d3fc949d550f0b53a5f0d51e06dfd79?s=96&d=mm&r=g\",\"contentUrl\":\"https:\/\/secure.gravatar.com\/avatar\/1d3fc949d550f0b53a5f0d51e06dfd79?s=96&d=mm&r=g\",\"caption\":\"admin\"},\"url\":\"https:\/\/www.prijedordanas.com\/?author=1\"}]}<\/script>\n<!-- \/ Yoast SEO plugin. -->","yoast_head_json":{"title":"SVJEDOK: NISAM ZNAO ZA ZLO\u010cINE NAD MUSLIMANIMA U BOSANSKOJ KRAJINI - PrijedorDanas.com - Prijedorski gradski portal","robots":{"index":"index","follow":"follow","max-snippet":"max-snippet:-1","max-image-preview":"max-image-preview:large","max-video-preview":"max-video-preview:-1"},"canonical":"https:\/\/www.prijedordanas.com\/?p=40867","og_locale":"en_US","og_type":"article","og_title":"SVJEDOK: NISAM ZNAO ZA ZLO\u010cINE NAD MUSLIMANIMA U BOSANSKOJ KRAJINI - PrijedorDanas.com - Prijedorski gradski portal","og_description":"Mile Matijevi\u0107, svjedok odbrane na su\u0111enju generalu Ratku Mladi\u0107u, izjavio je pred Ha\u0161kim tribunalom da 1992. godine nije znao da je specijalna policija po\u010dinila zlo\u010dine nad muslimanima i Hrvatima u [&hellip;]","og_url":"https:\/\/www.prijedordanas.com\/?p=40867","og_site_name":"PrijedorDanas.com - Prijedorski gradski portal","article_publisher":"https:\/\/www.facebook.com\/PrijedorDanasCom\/","article_published_time":"2016-02-04T10:07:00+00:00","og_image":[{"url":"https:\/\/www.prijedordanas.com\/wp-content\/uploads\/2016\/02\/hag-sudnica-300x135.jpg"}],"author":"admin","twitter_card":"summary_large_image","twitter_misc":{"Written by":"admin","Est. reading time":"1 minute"},"schema":{"@context":"https:\/\/schema.org","@graph":[{"@type":"Article","@id":"https:\/\/www.prijedordanas.com\/?p=40867#article","isPartOf":{"@id":"https:\/\/www.prijedordanas.com\/?p=40867"},"author":{"name":"admin","@id":"https:\/\/www.prijedordanas.com\/#\/schema\/person\/4e08ccf29b506ca916ff86d46bb700e6"},"headline":"SVJEDOK: NISAM ZNAO ZA ZLO\u010cINE NAD MUSLIMANIMA U BOSANSKOJ KRAJINI","datePublished":"2016-02-04T10:07:00+00:00","dateModified":"2016-02-04T10:07:00+00:00","mainEntityOfPage":{"@id":"https:\/\/www.prijedordanas.com\/?p=40867"},"wordCount":309,"publisher":{"@id":"https:\/\/www.prijedordanas.com\/#organization"},"keywords":["Hag","Mile Matijevi\u0107","su\u0111enje"],"articleSection":["Hronika"],"inLanguage":"en-US"},{"@type":"WebPage","@id":"https:\/\/www.prijedordanas.com\/?p=40867","url":"https:\/\/www.prijedordanas.com\/?p=40867","name":"SVJEDOK: NISAM ZNAO ZA ZLO\u010cINE NAD MUSLIMANIMA U BOSANSKOJ KRAJINI - PrijedorDanas.com - Prijedorski gradski portal","isPartOf":{"@id":"https:\/\/www.prijedordanas.com\/#website"},"datePublished":"2016-02-04T10:07:00+00:00","dateModified":"2016-02-04T10:07:00+00:00","breadcrumb":{"@id":"https:\/\/www.prijedordanas.com\/?p=40867#breadcrumb"},"inLanguage":"en-US","potentialAction":[{"@type":"ReadAction","target":["https:\/\/www.prijedordanas.com\/?p=40867"]}]},{"@type":"BreadcrumbList","@id":"https:\/\/www.prijedordanas.com\/?p=40867#breadcrumb","itemListElement":[{"@type":"ListItem","position":1,"name":"Home","item":"https:\/\/www.prijedordanas.com\/"},{"@type":"ListItem","position":2,"name":"SVJEDOK: NISAM ZNAO ZA ZLO\u010cINE NAD MUSLIMANIMA U BOSANSKOJ KRAJINI"}]},{"@type":"WebSite","@id":"https:\/\/www.prijedordanas.com\/#website","url":"https:\/\/www.prijedordanas.com\/","name":"PrijedorDanas.com - Prijedorski gradski portal","description":"Portal o doga\u0111anjima u gradu Prijedoru","publisher":{"@id":"https:\/\/www.prijedordanas.com\/#organization"},"potentialAction":[{"@type":"SearchAction","target":{"@type":"EntryPoint","urlTemplate":"https:\/\/www.prijedordanas.com\/?s={search_term_string}"},"query-input":"required name=search_term_string"}],"inLanguage":"en-US"},{"@type":"Organization","@id":"https:\/\/www.prijedordanas.com\/#organization","name":"PrijedorDanas.com","url":"https:\/\/www.prijedordanas.com\/","logo":{"@type":"ImageObject","inLanguage":"en-US","@id":"https:\/\/www.prijedordanas.com\/#\/schema\/logo\/image\/","url":"http:\/\/www.prijedordanas.com\/wp-content\/uploads\/2021\/12\/logopng.png","contentUrl":"http:\/\/www.prijedordanas.com\/wp-content\/uploads\/2021\/12\/logopng.png","width":1019,"height":776,"caption":"PrijedorDanas.com"},"image":{"@id":"https:\/\/www.prijedordanas.com\/#\/schema\/logo\/image\/"},"sameAs":["https:\/\/www.facebook.com\/PrijedorDanasCom\/"]},{"@type":"Person","@id":"https:\/\/www.prijedordanas.com\/#\/schema\/person\/4e08ccf29b506ca916ff86d46bb700e6","name":"admin","image":{"@type":"ImageObject","inLanguage":"en-US","@id":"https:\/\/www.prijedordanas.com\/#\/schema\/person\/image\/","url":"https:\/\/secure.gravatar.com\/avatar\/1d3fc949d550f0b53a5f0d51e06dfd79?s=96&d=mm&r=g","contentUrl":"https:\/\/secure.gravatar.com\/avatar\/1d3fc949d550f0b53a5f0d51e06dfd79?s=96&d=mm&r=g","caption":"admin"},"url":"https:\/\/www.prijedordanas.com\/?author=1"}]}},"_links":{"self":[{"href":"https:\/\/www.prijedordanas.com\/index.php?rest_route=\/wp\/v2\/posts\/40867"}],"collection":[{"href":"https:\/\/www.prijedordanas.com\/index.php?rest_route=\/wp\/v2\/posts"}],"about":[{"href":"https:\/\/www.prijedordanas.com\/index.php?rest_route=\/wp\/v2\/types\/post"}],"author":[{"embeddable":true,"href":"https:\/\/www.prijedordanas.com\/index.php?rest_route=\/wp\/v2\/users\/1"}],"replies":[{"embeddable":true,"href":"https:\/\/www.prijedordanas.com\/index.php?rest_route=%2Fwp%2Fv2%2Fcomments&post=40867"}],"version-history":[{"count":1,"href":"https:\/\/www.prijedordanas.com\/index.php?rest_route=\/wp\/v2\/posts\/40867\/revisions"}],"predecessor-version":[{"id":40869,"href":"https:\/\/www.prijedordanas.com\/index.php?rest_route=\/wp\/v2\/posts\/40867\/revisions\/40869"}],"wp:attachment":[{"href":"https:\/\/www.prijedordanas.com\/index.php?rest_route=%2Fwp%2Fv2%2Fmedia&parent=40867"}],"wp:term":[{"taxonomy":"category","embeddable":true,"href":"https:\/\/www.prijedordanas.com\/index.php?rest_route=%2Fwp%2Fv2%2Fcategories&post=40867"},{"taxonomy":"post_tag","embeddable":true,"href":"https:\/\/www.prijedordanas.com\/index.php?rest_route=%2Fwp%2Fv2%2Ftags&post=40867"}],"curies":[{"name":"wp","href":"https:\/\/api.w.org\/{rel}","templated":true}]}}