{"id":40780,"date":"2016-02-03T17:35:50","date_gmt":"2016-02-03T16:35:50","guid":{"rendered":"https:\/\/www.prijedordanas.com\/?p=40780"},"modified":"2016-02-03T17:37:17","modified_gmt":"2016-02-03T16:37:17","slug":"rudar-prijedor-nastavlja-pripreme-u-makarskoj-foto","status":"publish","type":"post","link":"https:\/\/www.prijedordanas.com\/?p=40780","title":{"rendered":"RUDAR-PRIJEDOR NASTAVLJA PRIPREME U MAKARSKOJ \u2013 FOTO"},"content":{"rendered":"<p><a href=\"https:\/\/www.prijedordanas.com\/wp-content\/uploads\/2016\/02\/rudar-prijedor-odlazak-na-pripreme-makarska-1.jpg\" rel=\"attachment wp-att-40781\"><img loading=\"lazy\" decoding=\"async\" class=\"alignleft size-medium wp-image-40781\" src=\"https:\/\/www.prijedordanas.com\/wp-content\/uploads\/2016\/02\/rudar-prijedor-odlazak-na-pripreme-makarska-1-300x200.jpg\" alt=\"rudar prijedor-odlazak na pripreme-makarska (1)\" width=\"300\" height=\"200\" srcset=\"https:\/\/www.prijedordanas.com\/wp-content\/uploads\/2016\/02\/rudar-prijedor-odlazak-na-pripreme-makarska-1-300x200.jpg 300w, https:\/\/www.prijedordanas.com\/wp-content\/uploads\/2016\/02\/rudar-prijedor-odlazak-na-pripreme-makarska-1-768x512.jpg 768w, https:\/\/www.prijedordanas.com\/wp-content\/uploads\/2016\/02\/rudar-prijedor-odlazak-na-pripreme-makarska-1-480x320.jpg 480w, https:\/\/www.prijedordanas.com\/wp-content\/uploads\/2016\/02\/rudar-prijedor-odlazak-na-pripreme-makarska-1.jpg 1000w\" sizes=\"(max-width: 300px) 100vw, 300px\" \/><\/a>Fudbaleri Rudar-Prijedora otputovali su u Makarsku, gdje \u0107e do 11.februara obaviti drugu fazu priprema za nastavak prvenstva Premijer lige BiH.<\/p>\n<p>Uz \u0161efa stru\u010dnog \u0161taba Zlatka Jelisavca, koji nije znao imena rivala njegovih izabranika u kontrolnim me\u010devima, u vo\u0111stvu \u201erudara sa Sane\u201c su pomo\u0107ni trener Sa\u0161a Keranovi\u0107, trener golmana Perica Topi\u0107, fizioterapeut Vladan Lekani\u0107 i sekretar kluba Zoran Janjetovi\u0107.<\/p>\n<p>-Vjerujemo da \u0107emo imati dobre uslove za rad na primorju susjedne Hrvatske. Do\u0161lo je nekoliko novih fudbalera, a iskoristi\u0107emo priliku da se \u0161to bolje uigramo i spremni do\u010dekamo proljetne borbe za bodove sa ciljem da izborimo opstanak u elitnom rangu &#8211; naglasio je golman \u201ezeleno-crnih\u201c Dalibor Kozi\u0107.<\/p>\n<p>Ove zime Prijedor\u010dane je napustilo 11 igra\u010da, a u njihove redove, pored povratnika: Vedrana Kantara (Vitez), Marinka Rastoke (Austrija), Rastka Rokvi\u0107a (BSK,Banjaluka) i Demira Jakupovi\u0107a (Borac, Banjaluka), stigli su: lijevi bo\u010dni Borisav Eri\u0107 (Drina, Zvornik), napada\u010d Ljuban Antoni\u0107 (Sloboda, Novi Grad) i \u201e\u0161toper\u201c Petar Bogdanovi\u0107, dosada\u0161nji \u010dlan prvoliga\u0161a Srbije, Banata iz Zrenjanina.<\/p>\n<p>Put tradicionalne destinacije nije krenuo samo \u201evezista\u201c Bojan Burazor, po\u0161to mu je istekao paso\u0161, a o\u010dekuje se da \u0107e se uskoro, kad napravi novu ispravu, priklju\u010diti saigra\u010dima.<\/p>\n<p>PUTNICI<\/p>\n<p>U ekspediciji Rudar-Prijedora na\u0161la su se imena 25 kandidata za prvi tim. To su: Dalibor Kozi\u0107, Nemanja Petrovi\u0107 (golmani), Neboj\u0161a \u0160oddi\u0107, Aleksandar Jovi\u010di\u0107, Nemanja Pekija, Sini\u0161a Radoja, \u010cedomir \u0106ulum, Dejan Koji\u0107, Petar Kuni\u0107, Neboj\u0161a Mrki\u0107, Stefan Gavranovi\u0107, Neboj\u0161a Peji\u0107, Ljuban Antoni\u0107, Petar Bogdanovi\u0107, Borisav Eri\u0107, Nemanja Mari\u0107, Rastko Rokvi\u0107, Vedran Kantar, Demir Jakupovi\u0107, Marinko Rastoka, Zoran Milutinovi\u0107, te iz Omladinskog pogona priklju\u010deni: Ognjen Davidovi\u0107, Predrag Laji\u0107, Ervin \u0106ati\u0107 i Mirnes Muhi\u0107.<\/p>\n<p>Tekst i foto \u2013 Nenad \u0110eri\u0107\/Aleksandar Drakuli\u0107 \u2013 <a href=\"www.prijedordanas.com\" target=\"_blank\">www.prijedordanas.com<\/a><\/p>\n<p><a href=\"https:\/\/www.prijedordanas.com\/wp-content\/uploads\/2016\/02\/rudar-prijedor-odlazak-na-pripreme-makarska-3.jpg\" rel=\"attachment wp-att-40782\"><img loading=\"lazy\" decoding=\"async\" src=\"https:\/\/www.prijedordanas.com\/wp-content\/uploads\/2016\/02\/rudar-prijedor-odlazak-na-pripreme-makarska-3-300x200.jpg\" alt=\"rudar prijedor-odlazak na pripreme-makarska (3)\" width=\"300\" height=\"200\" class=\"alignleft size-medium wp-image-40782\" srcset=\"https:\/\/www.prijedordanas.com\/wp-content\/uploads\/2016\/02\/rudar-prijedor-odlazak-na-pripreme-makarska-3-300x200.jpg 300w, https:\/\/www.prijedordanas.com\/wp-content\/uploads\/2016\/02\/rudar-prijedor-odlazak-na-pripreme-makarska-3-480x320.jpg 480w, https:\/\/www.prijedordanas.com\/wp-content\/uploads\/2016\/02\/rudar-prijedor-odlazak-na-pripreme-makarska-3.jpg 600w\" sizes=\"(max-width: 300px) 100vw, 300px\" \/><\/a> <a href=\"https:\/\/www.prijedordanas.com\/wp-content\/uploads\/2016\/02\/rudar-prijedor-odlazak-na-pripreme-makarska-2.jpg\" rel=\"attachment wp-att-40784\"><img loading=\"lazy\" decoding=\"async\" src=\"https:\/\/www.prijedordanas.com\/wp-content\/uploads\/2016\/02\/rudar-prijedor-odlazak-na-pripreme-makarska-2-300x200.jpg\" alt=\"rudar prijedor-odlazak na pripreme-makarska (2)\" width=\"300\" height=\"200\" class=\"alignleft size-medium wp-image-40784\" srcset=\"https:\/\/www.prijedordanas.com\/wp-content\/uploads\/2016\/02\/rudar-prijedor-odlazak-na-pripreme-makarska-2-300x200.jpg 300w, https:\/\/www.prijedordanas.com\/wp-content\/uploads\/2016\/02\/rudar-prijedor-odlazak-na-pripreme-makarska-2-480x320.jpg 480w, https:\/\/www.prijedordanas.com\/wp-content\/uploads\/2016\/02\/rudar-prijedor-odlazak-na-pripreme-makarska-2.jpg 600w\" sizes=\"(max-width: 300px) 100vw, 300px\" \/><\/a><\/p>\n","protected":false},"excerpt":{"rendered":"<p>Fudbaleri Rudar-Prijedora otputovali su u Makarsku, gdje \u0107e do 11.februara obaviti drugu fazu priprema za nastavak prvenstva Premijer lige BiH. Uz \u0161efa stru\u010dnog \u0161taba Zlatka Jelisavca, koji nije znao imena [&hellip;]<\/p>\n","protected":false},"author":1,"featured_media":0,"comment_status":"closed","ping_status":"open","sticky":false,"template":"","format":"standard","meta":{"_monsterinsights_skip_tracking":false,"_monsterinsights_sitenote_active":false,"_monsterinsights_sitenote_note":"","_monsterinsights_sitenote_category":0,"footnotes":""},"categories":[7],"tags":[131,201,221],"yoast_head":"<!-- This site is optimized with the Yoast SEO plugin v21.6 - https:\/\/yoast.com\/wordpress\/plugins\/seo\/ -->\n<title>RUDAR-PRIJEDOR NASTAVLJA PRIPREME U MAKARSKOJ \u2013 FOTO - PrijedorDanas.com - Prijedorski gradski portal<\/title>\n<meta name=\"robots\" content=\"index, follow, max-snippet:-1, max-image-preview:large, max-video-preview:-1\" \/>\n<link rel=\"canonical\" href=\"https:\/\/www.prijedordanas.com\/?p=40780\" \/>\n<meta property=\"og:locale\" content=\"en_US\" \/>\n<meta property=\"og:type\" content=\"article\" \/>\n<meta property=\"og:title\" content=\"RUDAR-PRIJEDOR NASTAVLJA PRIPREME U MAKARSKOJ \u2013 FOTO - PrijedorDanas.com - Prijedorski gradski portal\" \/>\n<meta property=\"og:description\" content=\"Fudbaleri Rudar-Prijedora otputovali su u Makarsku, gdje \u0107e do 11.februara obaviti drugu fazu priprema za nastavak prvenstva Premijer lige BiH. Uz \u0161efa stru\u010dnog \u0161taba Zlatka Jelisavca, koji nije znao imena [&hellip;]\" \/>\n<meta property=\"og:url\" content=\"https:\/\/www.prijedordanas.com\/?p=40780\" \/>\n<meta property=\"og:site_name\" content=\"PrijedorDanas.com - Prijedorski gradski portal\" \/>\n<meta property=\"article:publisher\" content=\"https:\/\/www.facebook.com\/PrijedorDanasCom\/\" \/>\n<meta property=\"article:published_time\" content=\"2016-02-03T16:35:50+00:00\" \/>\n<meta property=\"article:modified_time\" content=\"2016-02-03T16:37:17+00:00\" \/>\n<meta property=\"og:image\" content=\"https:\/\/www.prijedordanas.com\/wp-content\/uploads\/2016\/02\/rudar-prijedor-odlazak-na-pripreme-makarska-1-300x200.jpg\" \/>\n<meta name=\"author\" content=\"admin\" \/>\n<meta name=\"twitter:card\" content=\"summary_large_image\" \/>\n<meta name=\"twitter:label1\" content=\"Written by\" \/>\n\t<meta name=\"twitter:data1\" content=\"admin\" \/>\n\t<meta name=\"twitter:label2\" content=\"Est. reading time\" \/>\n\t<meta name=\"twitter:data2\" content=\"1 minute\" \/>\n<script type=\"application\/ld+json\" class=\"yoast-schema-graph\">{\"@context\":\"https:\/\/schema.org\",\"@graph\":[{\"@type\":\"Article\",\"@id\":\"https:\/\/www.prijedordanas.com\/?p=40780#article\",\"isPartOf\":{\"@id\":\"https:\/\/www.prijedordanas.com\/?p=40780\"},\"author\":{\"name\":\"admin\",\"@id\":\"https:\/\/www.prijedordanas.com\/#\/schema\/person\/4e08ccf29b506ca916ff86d46bb700e6\"},\"headline\":\"RUDAR-PRIJEDOR NASTAVLJA PRIPREME U MAKARSKOJ \u2013 FOTO\",\"datePublished\":\"2016-02-03T16:35:50+00:00\",\"dateModified\":\"2016-02-03T16:37:17+00:00\",\"mainEntityOfPage\":{\"@id\":\"https:\/\/www.prijedordanas.com\/?p=40780\"},\"wordCount\":297,\"publisher\":{\"@id\":\"https:\/\/www.prijedordanas.com\/#organization\"},\"keywords\":[\"Makarska\",\"pripreme\",\"Rudar-Prijedor\"],\"articleSection\":[\"Sport\"],\"inLanguage\":\"en-US\"},{\"@type\":\"WebPage\",\"@id\":\"https:\/\/www.prijedordanas.com\/?p=40780\",\"url\":\"https:\/\/www.prijedordanas.com\/?p=40780\",\"name\":\"RUDAR-PRIJEDOR NASTAVLJA PRIPREME U MAKARSKOJ \u2013 FOTO - PrijedorDanas.com - Prijedorski gradski portal\",\"isPartOf\":{\"@id\":\"https:\/\/www.prijedordanas.com\/#website\"},\"datePublished\":\"2016-02-03T16:35:50+00:00\",\"dateModified\":\"2016-02-03T16:37:17+00:00\",\"breadcrumb\":{\"@id\":\"https:\/\/www.prijedordanas.com\/?p=40780#breadcrumb\"},\"inLanguage\":\"en-US\",\"potentialAction\":[{\"@type\":\"ReadAction\",\"target\":[\"https:\/\/www.prijedordanas.com\/?p=40780\"]}]},{\"@type\":\"BreadcrumbList\",\"@id\":\"https:\/\/www.prijedordanas.com\/?p=40780#breadcrumb\",\"itemListElement\":[{\"@type\":\"ListItem\",\"position\":1,\"name\":\"Home\",\"item\":\"https:\/\/www.prijedordanas.com\/\"},{\"@type\":\"ListItem\",\"position\":2,\"name\":\"RUDAR-PRIJEDOR NASTAVLJA PRIPREME U MAKARSKOJ \u2013 FOTO\"}]},{\"@type\":\"WebSite\",\"@id\":\"https:\/\/www.prijedordanas.com\/#website\",\"url\":\"https:\/\/www.prijedordanas.com\/\",\"name\":\"PrijedorDanas.com - Prijedorski gradski portal\",\"description\":\"Portal o doga\u0111anjima u gradu Prijedoru\",\"publisher\":{\"@id\":\"https:\/\/www.prijedordanas.com\/#organization\"},\"potentialAction\":[{\"@type\":\"SearchAction\",\"target\":{\"@type\":\"EntryPoint\",\"urlTemplate\":\"https:\/\/www.prijedordanas.com\/?s={search_term_string}\"},\"query-input\":\"required name=search_term_string\"}],\"inLanguage\":\"en-US\"},{\"@type\":\"Organization\",\"@id\":\"https:\/\/www.prijedordanas.com\/#organization\",\"name\":\"PrijedorDanas.com\",\"url\":\"https:\/\/www.prijedordanas.com\/\",\"logo\":{\"@type\":\"ImageObject\",\"inLanguage\":\"en-US\",\"@id\":\"https:\/\/www.prijedordanas.com\/#\/schema\/logo\/image\/\",\"url\":\"http:\/\/www.prijedordanas.com\/wp-content\/uploads\/2021\/12\/logopng.png\",\"contentUrl\":\"http:\/\/www.prijedordanas.com\/wp-content\/uploads\/2021\/12\/logopng.png\",\"width\":1019,\"height\":776,\"caption\":\"PrijedorDanas.com\"},\"image\":{\"@id\":\"https:\/\/www.prijedordanas.com\/#\/schema\/logo\/image\/\"},\"sameAs\":[\"https:\/\/www.facebook.com\/PrijedorDanasCom\/\"]},{\"@type\":\"Person\",\"@id\":\"https:\/\/www.prijedordanas.com\/#\/schema\/person\/4e08ccf29b506ca916ff86d46bb700e6\",\"name\":\"admin\",\"image\":{\"@type\":\"ImageObject\",\"inLanguage\":\"en-US\",\"@id\":\"https:\/\/www.prijedordanas.com\/#\/schema\/person\/image\/\",\"url\":\"https:\/\/secure.gravatar.com\/avatar\/1d3fc949d550f0b53a5f0d51e06dfd79?s=96&d=mm&r=g\",\"contentUrl\":\"https:\/\/secure.gravatar.com\/avatar\/1d3fc949d550f0b53a5f0d51e06dfd79?s=96&d=mm&r=g\",\"caption\":\"admin\"},\"url\":\"https:\/\/www.prijedordanas.com\/?author=1\"}]}<\/script>\n<!-- \/ Yoast SEO plugin. -->","yoast_head_json":{"title":"RUDAR-PRIJEDOR NASTAVLJA PRIPREME U MAKARSKOJ \u2013 FOTO - PrijedorDanas.com - Prijedorski gradski portal","robots":{"index":"index","follow":"follow","max-snippet":"max-snippet:-1","max-image-preview":"max-image-preview:large","max-video-preview":"max-video-preview:-1"},"canonical":"https:\/\/www.prijedordanas.com\/?p=40780","og_locale":"en_US","og_type":"article","og_title":"RUDAR-PRIJEDOR NASTAVLJA PRIPREME U MAKARSKOJ \u2013 FOTO - PrijedorDanas.com - Prijedorski gradski portal","og_description":"Fudbaleri Rudar-Prijedora otputovali su u Makarsku, gdje \u0107e do 11.februara obaviti drugu fazu priprema za nastavak prvenstva Premijer lige BiH. Uz \u0161efa stru\u010dnog \u0161taba Zlatka Jelisavca, koji nije znao imena [&hellip;]","og_url":"https:\/\/www.prijedordanas.com\/?p=40780","og_site_name":"PrijedorDanas.com - Prijedorski gradski portal","article_publisher":"https:\/\/www.facebook.com\/PrijedorDanasCom\/","article_published_time":"2016-02-03T16:35:50+00:00","article_modified_time":"2016-02-03T16:37:17+00:00","og_image":[{"url":"https:\/\/www.prijedordanas.com\/wp-content\/uploads\/2016\/02\/rudar-prijedor-odlazak-na-pripreme-makarska-1-300x200.jpg"}],"author":"admin","twitter_card":"summary_large_image","twitter_misc":{"Written by":"admin","Est. reading time":"1 minute"},"schema":{"@context":"https:\/\/schema.org","@graph":[{"@type":"Article","@id":"https:\/\/www.prijedordanas.com\/?p=40780#article","isPartOf":{"@id":"https:\/\/www.prijedordanas.com\/?p=40780"},"author":{"name":"admin","@id":"https:\/\/www.prijedordanas.com\/#\/schema\/person\/4e08ccf29b506ca916ff86d46bb700e6"},"headline":"RUDAR-PRIJEDOR NASTAVLJA PRIPREME U MAKARSKOJ \u2013 FOTO","datePublished":"2016-02-03T16:35:50+00:00","dateModified":"2016-02-03T16:37:17+00:00","mainEntityOfPage":{"@id":"https:\/\/www.prijedordanas.com\/?p=40780"},"wordCount":297,"publisher":{"@id":"https:\/\/www.prijedordanas.com\/#organization"},"keywords":["Makarska","pripreme","Rudar-Prijedor"],"articleSection":["Sport"],"inLanguage":"en-US"},{"@type":"WebPage","@id":"https:\/\/www.prijedordanas.com\/?p=40780","url":"https:\/\/www.prijedordanas.com\/?p=40780","name":"RUDAR-PRIJEDOR NASTAVLJA PRIPREME U MAKARSKOJ \u2013 FOTO - PrijedorDanas.com - Prijedorski gradski portal","isPartOf":{"@id":"https:\/\/www.prijedordanas.com\/#website"},"datePublished":"2016-02-03T16:35:50+00:00","dateModified":"2016-02-03T16:37:17+00:00","breadcrumb":{"@id":"https:\/\/www.prijedordanas.com\/?p=40780#breadcrumb"},"inLanguage":"en-US","potentialAction":[{"@type":"ReadAction","target":["https:\/\/www.prijedordanas.com\/?p=40780"]}]},{"@type":"BreadcrumbList","@id":"https:\/\/www.prijedordanas.com\/?p=40780#breadcrumb","itemListElement":[{"@type":"ListItem","position":1,"name":"Home","item":"https:\/\/www.prijedordanas.com\/"},{"@type":"ListItem","position":2,"name":"RUDAR-PRIJEDOR NASTAVLJA PRIPREME U MAKARSKOJ \u2013 FOTO"}]},{"@type":"WebSite","@id":"https:\/\/www.prijedordanas.com\/#website","url":"https:\/\/www.prijedordanas.com\/","name":"PrijedorDanas.com - Prijedorski gradski portal","description":"Portal o doga\u0111anjima u gradu Prijedoru","publisher":{"@id":"https:\/\/www.prijedordanas.com\/#organization"},"potentialAction":[{"@type":"SearchAction","target":{"@type":"EntryPoint","urlTemplate":"https:\/\/www.prijedordanas.com\/?s={search_term_string}"},"query-input":"required name=search_term_string"}],"inLanguage":"en-US"},{"@type":"Organization","@id":"https:\/\/www.prijedordanas.com\/#organization","name":"PrijedorDanas.com","url":"https:\/\/www.prijedordanas.com\/","logo":{"@type":"ImageObject","inLanguage":"en-US","@id":"https:\/\/www.prijedordanas.com\/#\/schema\/logo\/image\/","url":"http:\/\/www.prijedordanas.com\/wp-content\/uploads\/2021\/12\/logopng.png","contentUrl":"http:\/\/www.prijedordanas.com\/wp-content\/uploads\/2021\/12\/logopng.png","width":1019,"height":776,"caption":"PrijedorDanas.com"},"image":{"@id":"https:\/\/www.prijedordanas.com\/#\/schema\/logo\/image\/"},"sameAs":["https:\/\/www.facebook.com\/PrijedorDanasCom\/"]},{"@type":"Person","@id":"https:\/\/www.prijedordanas.com\/#\/schema\/person\/4e08ccf29b506ca916ff86d46bb700e6","name":"admin","image":{"@type":"ImageObject","inLanguage":"en-US","@id":"https:\/\/www.prijedordanas.com\/#\/schema\/person\/image\/","url":"https:\/\/secure.gravatar.com\/avatar\/1d3fc949d550f0b53a5f0d51e06dfd79?s=96&d=mm&r=g","contentUrl":"https:\/\/secure.gravatar.com\/avatar\/1d3fc949d550f0b53a5f0d51e06dfd79?s=96&d=mm&r=g","caption":"admin"},"url":"https:\/\/www.prijedordanas.com\/?author=1"}]}},"_links":{"self":[{"href":"https:\/\/www.prijedordanas.com\/index.php?rest_route=\/wp\/v2\/posts\/40780"}],"collection":[{"href":"https:\/\/www.prijedordanas.com\/index.php?rest_route=\/wp\/v2\/posts"}],"about":[{"href":"https:\/\/www.prijedordanas.com\/index.php?rest_route=\/wp\/v2\/types\/post"}],"author":[{"embeddable":true,"href":"https:\/\/www.prijedordanas.com\/index.php?rest_route=\/wp\/v2\/users\/1"}],"replies":[{"embeddable":true,"href":"https:\/\/www.prijedordanas.com\/index.php?rest_route=%2Fwp%2Fv2%2Fcomments&post=40780"}],"version-history":[{"count":3,"href":"https:\/\/www.prijedordanas.com\/index.php?rest_route=\/wp\/v2\/posts\/40780\/revisions"}],"predecessor-version":[{"id":40786,"href":"https:\/\/www.prijedordanas.com\/index.php?rest_route=\/wp\/v2\/posts\/40780\/revisions\/40786"}],"wp:attachment":[{"href":"https:\/\/www.prijedordanas.com\/index.php?rest_route=%2Fwp%2Fv2%2Fmedia&parent=40780"}],"wp:term":[{"taxonomy":"category","embeddable":true,"href":"https:\/\/www.prijedordanas.com\/index.php?rest_route=%2Fwp%2Fv2%2Fcategories&post=40780"},{"taxonomy":"post_tag","embeddable":true,"href":"https:\/\/www.prijedordanas.com\/index.php?rest_route=%2Fwp%2Fv2%2Ftags&post=40780"}],"curies":[{"name":"wp","href":"https:\/\/api.w.org\/{rel}","templated":true}]}}