{"id":40748,"date":"2016-02-03T07:47:37","date_gmt":"2016-02-03T06:47:37","guid":{"rendered":"https:\/\/www.prijedordanas.com\/?p=40748"},"modified":"2016-02-03T07:47:37","modified_gmt":"2016-02-03T06:47:37","slug":"ofk-brdo-hambarine-pocele-pripreme-za-nastavak-prvenstva-foto","status":"publish","type":"post","link":"https:\/\/www.prijedordanas.com\/?p=40748","title":{"rendered":"OFK BRDO HAMBARINE: PO\u010cELE PRIPREME ZA NASTAVAK PRVENSTVA \u2013 FOTO"},"content":{"rendered":"<p><a href=\"https:\/\/www.prijedordanas.com\/wp-content\/uploads\/2016\/02\/ofk-brdo-zimske-pripreme-pocetak-1.jpg\" rel=\"attachment wp-att-40749\"><img loading=\"lazy\" decoding=\"async\" class=\"alignleft size-medium wp-image-40749\" src=\"https:\/\/www.prijedordanas.com\/wp-content\/uploads\/2016\/02\/ofk-brdo-zimske-pripreme-pocetak-1-300x199.jpg\" alt=\"ofk brdo-zimske pripreme-pocetak (1)\" width=\"300\" height=\"199\" srcset=\"https:\/\/www.prijedordanas.com\/wp-content\/uploads\/2016\/02\/ofk-brdo-zimske-pripreme-pocetak-1-300x200.jpg 300w, https:\/\/www.prijedordanas.com\/wp-content\/uploads\/2016\/02\/ofk-brdo-zimske-pripreme-pocetak-1-480x320.jpg 480w, https:\/\/www.prijedordanas.com\/wp-content\/uploads\/2016\/02\/ofk-brdo-zimske-pripreme-pocetak-1.jpg 600w\" sizes=\"(max-width: 300px) 100vw, 300px\" \/><\/a>Proteklog vikenda sa pripremama za nastavak sezone po\u010deo je i Omladinski fudbalski klub \u201eBrdo\u201c iz Hambarina, \u010dlan Regionalne lige Republike Srpske \u2013 grupa Zapad.<\/p>\n<p>Prozivkom i prvim treningom \u201eBr\u0111ani\u201c su po\u010deli sa pripremama za prvenstvo koje se nastavlja 5.marta.<\/p>\n<p>-Osim \u201estarosjedilaca\u201c u na\u0161im redovima, na po\u010detak priprema stigla su i poja\u010danja. Aner Ljeljak, Haris Merdanovi\u0107, Endy Pu\u0161kar i Edis Durakovi\u0107 su do\u0161li iz Krajine (Cazin), Edis Hoti\u0107 iz Podgrme\u010da (Sanski Most), a postoje realne \u0161anse da se u klub vrati i Armin Me\u0161i\u0107 koji je proteklu polusezonu bio \u010dlan Rudar-Prijedora \u2013 ka\u017ee trener Amir Kaltak.<\/p>\n<p><a href=\"https:\/\/www.prijedordanas.com\/wp-content\/uploads\/2016\/02\/ofk-brdo-zimske-pripreme-pocetak-2.jpg\" rel=\"attachment wp-att-40750\"><img loading=\"lazy\" decoding=\"async\" class=\"alignleft size-medium wp-image-40750\" src=\"https:\/\/www.prijedordanas.com\/wp-content\/uploads\/2016\/02\/ofk-brdo-zimske-pripreme-pocetak-2-300x199.jpg\" alt=\"ofk brdo-zimske pripreme-pocetak (2)\" width=\"300\" height=\"199\" srcset=\"https:\/\/www.prijedordanas.com\/wp-content\/uploads\/2016\/02\/ofk-brdo-zimske-pripreme-pocetak-2-300x200.jpg 300w, https:\/\/www.prijedordanas.com\/wp-content\/uploads\/2016\/02\/ofk-brdo-zimske-pripreme-pocetak-2-480x320.jpg 480w, https:\/\/www.prijedordanas.com\/wp-content\/uploads\/2016\/02\/ofk-brdo-zimske-pripreme-pocetak-2.jpg 600w\" sizes=\"(max-width: 300px) 100vw, 300px\" \/><\/a>On je dodao da su na po\u010detku planirani treninzi u ciklusu, tri dana rada-jedan dan odmora, kao i dva treninga vikendom.<\/p>\n<p>Osim poja\u010danja na prvom treningu bili su i: Jadranko Vidovi\u0107, Besim Ibri\u010di\u0107, Rajko Pekija, Haris Kaltak, Haris Suba\u0161i\u0107, Haris Haramba\u0161i\u0107, Adnan \u010cau\u0161evi\u0107, Husein Hori\u0107, Aldin Topi\u0107 (Berek 1975) i Haris Muhi\u0107 (Radnik Urije), dok se priklju\u010denje Denisa Kardumovi\u0107a i Samira Kaltaka o\u010dekuje po povratku iz inostranstva.<\/p>\n<p>-Ispisnice iz OFK \u201eBrdo\u201c tra\u017eili su Marko \u0110enadija i Veljko Vujkovi\u0107, Bojan \u0110urki\u0107 odlazi na rad u Sloveniju, dok jo\u0161 uvijek nije definisan status Asmira Brki\u0107a, \u017deljka Stegi\u0107a i Ivana \u0160aki\u0107a. Uprava kluba \u010dini napore da se prvotimcima obezbijede adekvatni uslovi za pripreme kako bi \u0161to spremnije do\u010dekali nastavak prvenstva \u2013 rekao je Bahrudin D\u017eamd\u017ei\u0107, sportski direktor kluba.<\/p>\n<p><a href=\"https:\/\/www.prijedordanas.com\/wp-content\/uploads\/2016\/02\/ofk-brdo-zimske-pripreme-pocetak-3.jpg\" rel=\"attachment wp-att-40751\"><img loading=\"lazy\" decoding=\"async\" class=\"alignleft size-medium wp-image-40751\" src=\"https:\/\/www.prijedordanas.com\/wp-content\/uploads\/2016\/02\/ofk-brdo-zimske-pripreme-pocetak-3-300x199.jpg\" alt=\"ofk brdo-zimske pripreme-pocetak (3)\" width=\"300\" height=\"199\" srcset=\"https:\/\/www.prijedordanas.com\/wp-content\/uploads\/2016\/02\/ofk-brdo-zimske-pripreme-pocetak-3-300x200.jpg 300w, https:\/\/www.prijedordanas.com\/wp-content\/uploads\/2016\/02\/ofk-brdo-zimske-pripreme-pocetak-3-480x320.jpg 480w, https:\/\/www.prijedordanas.com\/wp-content\/uploads\/2016\/02\/ofk-brdo-zimske-pripreme-pocetak-3.jpg 600w\" sizes=\"(max-width: 300px) 100vw, 300px\" \/><\/a>Iz kluba su potvrdili da su za sredinu februara planirane i prijateljske utakmice sa ekipama iz okru\u017eenja, a ve\u0107 je dogovoren me\u010d sa drugoliga\u0161em Omarskom.<\/p>\n<p>-Nakon ne\u0161to lo\u0161ijeg starta u Regionalnoj ligi, gdje smo po sta\u017eu najstarija ekipa sa podru\u010dja Prijedora, \u201euhvatili\u201c smo ritam pa smo u posljednjih sedam jesenjih kola ostvarili 2 remija i 5 pobjeda. Zadovoljni smo trenutnim plasmanom na 6. poziciji, ali se nadam i napretku ka vrhu. U prvih pet prolje\u0107nih kola ostajemo u Prijedoru. Tri puta smo doma\u0107ini ekipama koje su ispred nas i imaju ambicije za rang vi\u0161e, jednom smo slobodni a o\u010dekuje nas i kom\u0161ijski derbi protiv ekipe FSA \u2013 rekao je predsjednik kluba Ismet Im\u0161irovi\u0107.<\/p>\n<p>On je dodao da se nada dobrim igrama i rezultatima kluba na startu proljetnog dijela sezone i dobroj \u201e\u017eetvi\u201c bodova.<\/p>\n<p><a href=\"https:\/\/www.prijedordanas.com\/wp-content\/uploads\/2016\/02\/ofk-brdo-zimske-pripreme-pocetak-4.jpg\" rel=\"attachment wp-att-40752\"><img loading=\"lazy\" decoding=\"async\" src=\"https:\/\/www.prijedordanas.com\/wp-content\/uploads\/2016\/02\/ofk-brdo-zimske-pripreme-pocetak-4-300x199.jpg\" alt=\"ofk brdo-zimske pripreme-pocetak (4)\" width=\"300\" height=\"199\" class=\"alignleft size-medium wp-image-40752\" srcset=\"https:\/\/www.prijedordanas.com\/wp-content\/uploads\/2016\/02\/ofk-brdo-zimske-pripreme-pocetak-4-300x200.jpg 300w, https:\/\/www.prijedordanas.com\/wp-content\/uploads\/2016\/02\/ofk-brdo-zimske-pripreme-pocetak-4-480x320.jpg 480w, https:\/\/www.prijedordanas.com\/wp-content\/uploads\/2016\/02\/ofk-brdo-zimske-pripreme-pocetak-4.jpg 600w\" sizes=\"(max-width: 300px) 100vw, 300px\" \/><\/a>-Iskoristio bih priliku da se jo\u0161 jednom zahvalim prijateljima i sponzorima kluba, kako ovdje tako i u inostranstvu, koji svake godine prate na\u0161e rezultate i poma\u017eu u skladu sa svojim mogu\u0107nostima, da bi osigurali finansijska sredstva i opremu za uspje\u0161an rad OFK \u201eBrdo\u201c \u2013 istakao je Im\u0161irovi\u0107.<\/p>\n<p>Tekst i foto \u2013 Aleksandar Drakuli\u0107 \u2013 <a href=\"www.prijedordanas.com\" target=\"_blank\">www.prijedordanas.com<\/a><\/p>\n","protected":false},"excerpt":{"rendered":"<p>Proteklog vikenda sa pripremama za nastavak sezone po\u010deo je i Omladinski fudbalski klub \u201eBrdo\u201c iz Hambarina, \u010dlan Regionalne lige Republike Srpske \u2013 grupa Zapad. Prozivkom i prvim treningom \u201eBr\u0111ani\u201c su [&hellip;]<\/p>\n","protected":false},"author":1,"featured_media":0,"comment_status":"closed","ping_status":"open","sticky":false,"template":"","format":"standard","meta":{"_monsterinsights_skip_tracking":false,"_monsterinsights_sitenote_active":false,"_monsterinsights_sitenote_note":"","_monsterinsights_sitenote_category":0,"footnotes":""},"categories":[7],"tags":[4264,201],"yoast_head":"<!-- This site is optimized with the Yoast SEO plugin v21.6 - https:\/\/yoast.com\/wordpress\/plugins\/seo\/ -->\n<title>OFK BRDO HAMBARINE: PO\u010cELE PRIPREME ZA NASTAVAK PRVENSTVA \u2013 FOTO - PrijedorDanas.com - Prijedorski gradski portal<\/title>\n<meta name=\"robots\" content=\"index, follow, max-snippet:-1, max-image-preview:large, max-video-preview:-1\" \/>\n<link rel=\"canonical\" href=\"https:\/\/www.prijedordanas.com\/?p=40748\" \/>\n<meta property=\"og:locale\" content=\"en_US\" \/>\n<meta property=\"og:type\" content=\"article\" \/>\n<meta property=\"og:title\" content=\"OFK BRDO HAMBARINE: PO\u010cELE PRIPREME ZA NASTAVAK PRVENSTVA \u2013 FOTO - PrijedorDanas.com - Prijedorski gradski portal\" \/>\n<meta property=\"og:description\" content=\"Proteklog vikenda sa pripremama za nastavak sezone po\u010deo je i Omladinski fudbalski klub \u201eBrdo\u201c iz Hambarina, \u010dlan Regionalne lige Republike Srpske \u2013 grupa Zapad. Prozivkom i prvim treningom \u201eBr\u0111ani\u201c su [&hellip;]\" \/>\n<meta property=\"og:url\" content=\"https:\/\/www.prijedordanas.com\/?p=40748\" \/>\n<meta property=\"og:site_name\" content=\"PrijedorDanas.com - Prijedorski gradski portal\" \/>\n<meta property=\"article:publisher\" content=\"https:\/\/www.facebook.com\/PrijedorDanasCom\/\" \/>\n<meta property=\"article:published_time\" content=\"2016-02-03T06:47:37+00:00\" \/>\n<meta property=\"og:image\" content=\"https:\/\/www.prijedordanas.com\/wp-content\/uploads\/2016\/02\/ofk-brdo-zimske-pripreme-pocetak-1-300x199.jpg\" \/>\n<meta name=\"author\" content=\"admin\" \/>\n<meta name=\"twitter:card\" content=\"summary_large_image\" \/>\n<meta name=\"twitter:label1\" content=\"Written by\" \/>\n\t<meta name=\"twitter:data1\" content=\"admin\" \/>\n\t<meta name=\"twitter:label2\" content=\"Est. reading time\" \/>\n\t<meta name=\"twitter:data2\" content=\"2 minutes\" \/>\n<script type=\"application\/ld+json\" class=\"yoast-schema-graph\">{\"@context\":\"https:\/\/schema.org\",\"@graph\":[{\"@type\":\"Article\",\"@id\":\"https:\/\/www.prijedordanas.com\/?p=40748#article\",\"isPartOf\":{\"@id\":\"https:\/\/www.prijedordanas.com\/?p=40748\"},\"author\":{\"name\":\"admin\",\"@id\":\"https:\/\/www.prijedordanas.com\/#\/schema\/person\/4e08ccf29b506ca916ff86d46bb700e6\"},\"headline\":\"OFK BRDO HAMBARINE: PO\u010cELE PRIPREME ZA NASTAVAK PRVENSTVA \u2013 FOTO\",\"datePublished\":\"2016-02-03T06:47:37+00:00\",\"dateModified\":\"2016-02-03T06:47:37+00:00\",\"mainEntityOfPage\":{\"@id\":\"https:\/\/www.prijedordanas.com\/?p=40748\"},\"wordCount\":453,\"publisher\":{\"@id\":\"https:\/\/www.prijedordanas.com\/#organization\"},\"keywords\":[\"OFK Brdo Hambarine\",\"pripreme\"],\"articleSection\":[\"Sport\"],\"inLanguage\":\"en-US\"},{\"@type\":\"WebPage\",\"@id\":\"https:\/\/www.prijedordanas.com\/?p=40748\",\"url\":\"https:\/\/www.prijedordanas.com\/?p=40748\",\"name\":\"OFK BRDO HAMBARINE: PO\u010cELE PRIPREME ZA NASTAVAK PRVENSTVA \u2013 FOTO - PrijedorDanas.com - Prijedorski gradski portal\",\"isPartOf\":{\"@id\":\"https:\/\/www.prijedordanas.com\/#website\"},\"datePublished\":\"2016-02-03T06:47:37+00:00\",\"dateModified\":\"2016-02-03T06:47:37+00:00\",\"breadcrumb\":{\"@id\":\"https:\/\/www.prijedordanas.com\/?p=40748#breadcrumb\"},\"inLanguage\":\"en-US\",\"potentialAction\":[{\"@type\":\"ReadAction\",\"target\":[\"https:\/\/www.prijedordanas.com\/?p=40748\"]}]},{\"@type\":\"BreadcrumbList\",\"@id\":\"https:\/\/www.prijedordanas.com\/?p=40748#breadcrumb\",\"itemListElement\":[{\"@type\":\"ListItem\",\"position\":1,\"name\":\"Home\",\"item\":\"https:\/\/www.prijedordanas.com\/\"},{\"@type\":\"ListItem\",\"position\":2,\"name\":\"OFK BRDO HAMBARINE: PO\u010cELE PRIPREME ZA NASTAVAK PRVENSTVA \u2013 FOTO\"}]},{\"@type\":\"WebSite\",\"@id\":\"https:\/\/www.prijedordanas.com\/#website\",\"url\":\"https:\/\/www.prijedordanas.com\/\",\"name\":\"PrijedorDanas.com - Prijedorski gradski portal\",\"description\":\"Portal o doga\u0111anjima u gradu Prijedoru\",\"publisher\":{\"@id\":\"https:\/\/www.prijedordanas.com\/#organization\"},\"potentialAction\":[{\"@type\":\"SearchAction\",\"target\":{\"@type\":\"EntryPoint\",\"urlTemplate\":\"https:\/\/www.prijedordanas.com\/?s={search_term_string}\"},\"query-input\":\"required name=search_term_string\"}],\"inLanguage\":\"en-US\"},{\"@type\":\"Organization\",\"@id\":\"https:\/\/www.prijedordanas.com\/#organization\",\"name\":\"PrijedorDanas.com\",\"url\":\"https:\/\/www.prijedordanas.com\/\",\"logo\":{\"@type\":\"ImageObject\",\"inLanguage\":\"en-US\",\"@id\":\"https:\/\/www.prijedordanas.com\/#\/schema\/logo\/image\/\",\"url\":\"http:\/\/www.prijedordanas.com\/wp-content\/uploads\/2021\/12\/logopng.png\",\"contentUrl\":\"http:\/\/www.prijedordanas.com\/wp-content\/uploads\/2021\/12\/logopng.png\",\"width\":1019,\"height\":776,\"caption\":\"PrijedorDanas.com\"},\"image\":{\"@id\":\"https:\/\/www.prijedordanas.com\/#\/schema\/logo\/image\/\"},\"sameAs\":[\"https:\/\/www.facebook.com\/PrijedorDanasCom\/\"]},{\"@type\":\"Person\",\"@id\":\"https:\/\/www.prijedordanas.com\/#\/schema\/person\/4e08ccf29b506ca916ff86d46bb700e6\",\"name\":\"admin\",\"image\":{\"@type\":\"ImageObject\",\"inLanguage\":\"en-US\",\"@id\":\"https:\/\/www.prijedordanas.com\/#\/schema\/person\/image\/\",\"url\":\"https:\/\/secure.gravatar.com\/avatar\/1d3fc949d550f0b53a5f0d51e06dfd79?s=96&d=mm&r=g\",\"contentUrl\":\"https:\/\/secure.gravatar.com\/avatar\/1d3fc949d550f0b53a5f0d51e06dfd79?s=96&d=mm&r=g\",\"caption\":\"admin\"},\"url\":\"https:\/\/www.prijedordanas.com\/?author=1\"}]}<\/script>\n<!-- \/ Yoast SEO plugin. -->","yoast_head_json":{"title":"OFK BRDO HAMBARINE: PO\u010cELE PRIPREME ZA NASTAVAK PRVENSTVA \u2013 FOTO - PrijedorDanas.com - Prijedorski gradski portal","robots":{"index":"index","follow":"follow","max-snippet":"max-snippet:-1","max-image-preview":"max-image-preview:large","max-video-preview":"max-video-preview:-1"},"canonical":"https:\/\/www.prijedordanas.com\/?p=40748","og_locale":"en_US","og_type":"article","og_title":"OFK BRDO HAMBARINE: PO\u010cELE PRIPREME ZA NASTAVAK PRVENSTVA \u2013 FOTO - PrijedorDanas.com - Prijedorski gradski portal","og_description":"Proteklog vikenda sa pripremama za nastavak sezone po\u010deo je i Omladinski fudbalski klub \u201eBrdo\u201c iz Hambarina, \u010dlan Regionalne lige Republike Srpske \u2013 grupa Zapad. Prozivkom i prvim treningom \u201eBr\u0111ani\u201c su [&hellip;]","og_url":"https:\/\/www.prijedordanas.com\/?p=40748","og_site_name":"PrijedorDanas.com - Prijedorski gradski portal","article_publisher":"https:\/\/www.facebook.com\/PrijedorDanasCom\/","article_published_time":"2016-02-03T06:47:37+00:00","og_image":[{"url":"https:\/\/www.prijedordanas.com\/wp-content\/uploads\/2016\/02\/ofk-brdo-zimske-pripreme-pocetak-1-300x199.jpg"}],"author":"admin","twitter_card":"summary_large_image","twitter_misc":{"Written by":"admin","Est. reading time":"2 minutes"},"schema":{"@context":"https:\/\/schema.org","@graph":[{"@type":"Article","@id":"https:\/\/www.prijedordanas.com\/?p=40748#article","isPartOf":{"@id":"https:\/\/www.prijedordanas.com\/?p=40748"},"author":{"name":"admin","@id":"https:\/\/www.prijedordanas.com\/#\/schema\/person\/4e08ccf29b506ca916ff86d46bb700e6"},"headline":"OFK BRDO HAMBARINE: PO\u010cELE PRIPREME ZA NASTAVAK PRVENSTVA \u2013 FOTO","datePublished":"2016-02-03T06:47:37+00:00","dateModified":"2016-02-03T06:47:37+00:00","mainEntityOfPage":{"@id":"https:\/\/www.prijedordanas.com\/?p=40748"},"wordCount":453,"publisher":{"@id":"https:\/\/www.prijedordanas.com\/#organization"},"keywords":["OFK Brdo Hambarine","pripreme"],"articleSection":["Sport"],"inLanguage":"en-US"},{"@type":"WebPage","@id":"https:\/\/www.prijedordanas.com\/?p=40748","url":"https:\/\/www.prijedordanas.com\/?p=40748","name":"OFK BRDO HAMBARINE: PO\u010cELE PRIPREME ZA NASTAVAK PRVENSTVA \u2013 FOTO - PrijedorDanas.com - Prijedorski gradski portal","isPartOf":{"@id":"https:\/\/www.prijedordanas.com\/#website"},"datePublished":"2016-02-03T06:47:37+00:00","dateModified":"2016-02-03T06:47:37+00:00","breadcrumb":{"@id":"https:\/\/www.prijedordanas.com\/?p=40748#breadcrumb"},"inLanguage":"en-US","potentialAction":[{"@type":"ReadAction","target":["https:\/\/www.prijedordanas.com\/?p=40748"]}]},{"@type":"BreadcrumbList","@id":"https:\/\/www.prijedordanas.com\/?p=40748#breadcrumb","itemListElement":[{"@type":"ListItem","position":1,"name":"Home","item":"https:\/\/www.prijedordanas.com\/"},{"@type":"ListItem","position":2,"name":"OFK BRDO HAMBARINE: PO\u010cELE PRIPREME ZA NASTAVAK PRVENSTVA \u2013 FOTO"}]},{"@type":"WebSite","@id":"https:\/\/www.prijedordanas.com\/#website","url":"https:\/\/www.prijedordanas.com\/","name":"PrijedorDanas.com - Prijedorski gradski portal","description":"Portal o doga\u0111anjima u gradu Prijedoru","publisher":{"@id":"https:\/\/www.prijedordanas.com\/#organization"},"potentialAction":[{"@type":"SearchAction","target":{"@type":"EntryPoint","urlTemplate":"https:\/\/www.prijedordanas.com\/?s={search_term_string}"},"query-input":"required name=search_term_string"}],"inLanguage":"en-US"},{"@type":"Organization","@id":"https:\/\/www.prijedordanas.com\/#organization","name":"PrijedorDanas.com","url":"https:\/\/www.prijedordanas.com\/","logo":{"@type":"ImageObject","inLanguage":"en-US","@id":"https:\/\/www.prijedordanas.com\/#\/schema\/logo\/image\/","url":"http:\/\/www.prijedordanas.com\/wp-content\/uploads\/2021\/12\/logopng.png","contentUrl":"http:\/\/www.prijedordanas.com\/wp-content\/uploads\/2021\/12\/logopng.png","width":1019,"height":776,"caption":"PrijedorDanas.com"},"image":{"@id":"https:\/\/www.prijedordanas.com\/#\/schema\/logo\/image\/"},"sameAs":["https:\/\/www.facebook.com\/PrijedorDanasCom\/"]},{"@type":"Person","@id":"https:\/\/www.prijedordanas.com\/#\/schema\/person\/4e08ccf29b506ca916ff86d46bb700e6","name":"admin","image":{"@type":"ImageObject","inLanguage":"en-US","@id":"https:\/\/www.prijedordanas.com\/#\/schema\/person\/image\/","url":"https:\/\/secure.gravatar.com\/avatar\/1d3fc949d550f0b53a5f0d51e06dfd79?s=96&d=mm&r=g","contentUrl":"https:\/\/secure.gravatar.com\/avatar\/1d3fc949d550f0b53a5f0d51e06dfd79?s=96&d=mm&r=g","caption":"admin"},"url":"https:\/\/www.prijedordanas.com\/?author=1"}]}},"_links":{"self":[{"href":"https:\/\/www.prijedordanas.com\/index.php?rest_route=\/wp\/v2\/posts\/40748"}],"collection":[{"href":"https:\/\/www.prijedordanas.com\/index.php?rest_route=\/wp\/v2\/posts"}],"about":[{"href":"https:\/\/www.prijedordanas.com\/index.php?rest_route=\/wp\/v2\/types\/post"}],"author":[{"embeddable":true,"href":"https:\/\/www.prijedordanas.com\/index.php?rest_route=\/wp\/v2\/users\/1"}],"replies":[{"embeddable":true,"href":"https:\/\/www.prijedordanas.com\/index.php?rest_route=%2Fwp%2Fv2%2Fcomments&post=40748"}],"version-history":[{"count":1,"href":"https:\/\/www.prijedordanas.com\/index.php?rest_route=\/wp\/v2\/posts\/40748\/revisions"}],"predecessor-version":[{"id":40753,"href":"https:\/\/www.prijedordanas.com\/index.php?rest_route=\/wp\/v2\/posts\/40748\/revisions\/40753"}],"wp:attachment":[{"href":"https:\/\/www.prijedordanas.com\/index.php?rest_route=%2Fwp%2Fv2%2Fmedia&parent=40748"}],"wp:term":[{"taxonomy":"category","embeddable":true,"href":"https:\/\/www.prijedordanas.com\/index.php?rest_route=%2Fwp%2Fv2%2Fcategories&post=40748"},{"taxonomy":"post_tag","embeddable":true,"href":"https:\/\/www.prijedordanas.com\/index.php?rest_route=%2Fwp%2Fv2%2Ftags&post=40748"}],"curies":[{"name":"wp","href":"https:\/\/api.w.org\/{rel}","templated":true}]}}