{"id":40579,"date":"2016-02-01T18:22:44","date_gmt":"2016-02-01T17:22:44","guid":{"rendered":"https:\/\/www.prijedordanas.com\/?p=40579"},"modified":"2016-02-01T18:41:52","modified_gmt":"2016-02-01T17:41:52","slug":"tri-prijedorske-ekipe-slavile-na-danima-zime-na-kozari-2016-foto-video","status":"publish","type":"post","link":"https:\/\/www.prijedordanas.com\/?p=40579","title":{"rendered":"TRI PRIJEDORSKE EKIPE SLAVILE NA \u201eDANIMA ZIME NA KOZARI 2016\u201c \u2013 FOTO \u2013 VIDEO"},"content":{"rendered":"<p><a href=\"https:\/\/www.prijedordanas.com\/wp-content\/uploads\/2016\/02\/dani-zime-na-kozari-2016-rezime-1.jpg\" rel=\"attachment wp-att-40580\"><img loading=\"lazy\" decoding=\"async\" class=\"alignleft size-medium wp-image-40580\" src=\"https:\/\/www.prijedordanas.com\/wp-content\/uploads\/2016\/02\/dani-zime-na-kozari-2016-rezime-1-300x180.jpg\" alt=\"dani zime na kozari 2016-rezime (1)\" width=\"300\" height=\"180\" srcset=\"https:\/\/www.prijedordanas.com\/wp-content\/uploads\/2016\/02\/dani-zime-na-kozari-2016-rezime-1-300x180.jpg 300w, https:\/\/www.prijedordanas.com\/wp-content\/uploads\/2016\/02\/dani-zime-na-kozari-2016-rezime-1.jpg 600w\" sizes=\"(max-width: 300px) 100vw, 300px\" \/><\/a>Dragan In\u0111i\u0107, Aleksandar Duki\u0107, Nikola Radi\u0107, Sa\u0161a Babi\u0107 i Davor Popovi\u0107, \u010dlanovi Kluba ekstremnih sportova \u201eAlbatros\u201c iz Prijedora, \u010dinili su ekipu grada Prijedora koja se takmi\u010dila u sportskim igrama na desetoj privredno-turisti\u010dkoj manifestaciji \u201eDani zime na Kozari\u201c koja je proteklog vikenda odr\u017eana na \u201ekraji\u0161koj ljepotici\u201c.<\/p>\n<p>Uspjeli su tako mladi Prijedor\u010dani da tek u jubilarnom izdanju ove manifestacije ostvare prvu pobjedu za grad doma\u0107in.<\/p>\n<p>U\u010denici Ekonomsko-ugostiteljske \u0161kole iz grada na Sani te \u010dlanovi Planinarskog dru\u0161tva \u201eMrakovica\u201c iz Kozarca pobjedama u gastro takmi\u010denjima srednjo\u0161kolaca, odnosno planinarskih dru\u0161tava i odreda izvi\u0111a\u010da, samo su upotpunili trijumf ekipa iz Prijedora.<\/p>\n<p>Prvo mjesto u gastro takmi\u010denju lova\u010dkih udru\u017eenja pripalo je Lova\u010dkom udru\u017eenju \u201eSrnda\u0107\u201c iz Svodne.<\/p>\n<p>\u201eDane zime na Kozari 2016\u201c uspje\u0161no su organizovali grad Prijedor, Turisti\u010dka organizacija grada Prijedora, Turisti\u010dka organizacija op\u0161tine Kozarska Dubica i Nacionalni park &#8220;Kozara&#8221;.<\/p>\n<p>Tekst i foto &#8211; Aleksandar Drakuli\u0107 \u2013 <a href=\"www.prijedordanas.com\" target=\"_blank\">www.prijedordanas.com<\/a><br \/>\nVideo \u2013 RTRS<\/p>\n<p><iframe loading=\"lazy\" width=\"500\" height=\"375\" src=\"https:\/\/www.youtube.com\/embed\/xdVr2RCuH2Q?feature=oembed\" frameborder=\"0\" allowfullscreen><\/iframe><\/p>\n<p><a href=\"https:\/\/www.prijedordanas.com\/wp-content\/uploads\/2016\/01\/dani-zime-na-kozari-2016-pobjednici-4.jpg\" rel=\"attachment wp-att-40475\"><img loading=\"lazy\" decoding=\"async\" class=\"alignleft size-medium wp-image-40475\" src=\"https:\/\/www.prijedordanas.com\/wp-content\/uploads\/2016\/01\/dani-zime-na-kozari-2016-pobjednici-4-300x199.jpg\" alt=\"dani zime na kozari 2016-pobjednici (4)\" width=\"300\" height=\"199\" srcset=\"https:\/\/www.prijedordanas.com\/wp-content\/uploads\/2016\/01\/dani-zime-na-kozari-2016-pobjednici-4-300x200.jpg 300w, https:\/\/www.prijedordanas.com\/wp-content\/uploads\/2016\/01\/dani-zime-na-kozari-2016-pobjednici-4-480x320.jpg 480w, https:\/\/www.prijedordanas.com\/wp-content\/uploads\/2016\/01\/dani-zime-na-kozari-2016-pobjednici-4.jpg 600w\" sizes=\"(max-width: 300px) 100vw, 300px\" \/><\/a> <a href=\"https:\/\/www.prijedordanas.com\/wp-content\/uploads\/2016\/01\/dani-zime-na-kozari-2016-pobjednici-2.jpg\" rel=\"attachment wp-att-40476\"><img loading=\"lazy\" decoding=\"async\" class=\"alignleft size-medium wp-image-40476\" src=\"https:\/\/www.prijedordanas.com\/wp-content\/uploads\/2016\/01\/dani-zime-na-kozari-2016-pobjednici-2-300x199.jpg\" alt=\"dani zime na kozari 2016-pobjednici (2)\" width=\"300\" height=\"199\" srcset=\"https:\/\/www.prijedordanas.com\/wp-content\/uploads\/2016\/01\/dani-zime-na-kozari-2016-pobjednici-2-300x200.jpg 300w, https:\/\/www.prijedordanas.com\/wp-content\/uploads\/2016\/01\/dani-zime-na-kozari-2016-pobjednici-2-480x320.jpg 480w, https:\/\/www.prijedordanas.com\/wp-content\/uploads\/2016\/01\/dani-zime-na-kozari-2016-pobjednici-2.jpg 600w\" sizes=\"(max-width: 300px) 100vw, 300px\" \/><\/a> <a href=\"https:\/\/www.prijedordanas.com\/wp-content\/uploads\/2016\/02\/dani-zime-na-kozari-2016-rezime-13.jpg\" rel=\"attachment wp-att-40581\"><img loading=\"lazy\" decoding=\"async\" class=\"alignleft size-medium wp-image-40581\" src=\"https:\/\/www.prijedordanas.com\/wp-content\/uploads\/2016\/02\/dani-zime-na-kozari-2016-rezime-13-300x199.jpg\" alt=\"dani zime na kozari 2016-rezime (13)\" width=\"300\" height=\"199\" srcset=\"https:\/\/www.prijedordanas.com\/wp-content\/uploads\/2016\/02\/dani-zime-na-kozari-2016-rezime-13-300x200.jpg 300w, https:\/\/www.prijedordanas.com\/wp-content\/uploads\/2016\/02\/dani-zime-na-kozari-2016-rezime-13-480x320.jpg 480w, https:\/\/www.prijedordanas.com\/wp-content\/uploads\/2016\/02\/dani-zime-na-kozari-2016-rezime-13.jpg 600w\" sizes=\"(max-width: 300px) 100vw, 300px\" \/><\/a> <a href=\"https:\/\/www.prijedordanas.com\/wp-content\/uploads\/2016\/02\/dani-zime-na-kozari-2016-rezime-2.jpg\" rel=\"attachment wp-att-40583\"><img loading=\"lazy\" decoding=\"async\" class=\"alignleft size-medium wp-image-40583\" src=\"https:\/\/www.prijedordanas.com\/wp-content\/uploads\/2016\/02\/dani-zime-na-kozari-2016-rezime-2-300x199.jpg\" alt=\"dani zime na kozari 2016-rezime (2)\" width=\"300\" height=\"199\" srcset=\"https:\/\/www.prijedordanas.com\/wp-content\/uploads\/2016\/02\/dani-zime-na-kozari-2016-rezime-2-300x200.jpg 300w, https:\/\/www.prijedordanas.com\/wp-content\/uploads\/2016\/02\/dani-zime-na-kozari-2016-rezime-2-480x320.jpg 480w, https:\/\/www.prijedordanas.com\/wp-content\/uploads\/2016\/02\/dani-zime-na-kozari-2016-rezime-2.jpg 600w\" sizes=\"(max-width: 300px) 100vw, 300px\" \/><\/a> <a href=\"https:\/\/www.prijedordanas.com\/wp-content\/uploads\/2016\/02\/dani-zime-na-kozari-2016-rezime-3.jpg\" rel=\"attachment wp-att-40584\"><img loading=\"lazy\" decoding=\"async\" class=\"alignleft size-medium wp-image-40584\" src=\"https:\/\/www.prijedordanas.com\/wp-content\/uploads\/2016\/02\/dani-zime-na-kozari-2016-rezime-3-300x199.jpg\" alt=\"dani zime na kozari 2016-rezime (3)\" width=\"300\" height=\"199\" srcset=\"https:\/\/www.prijedordanas.com\/wp-content\/uploads\/2016\/02\/dani-zime-na-kozari-2016-rezime-3-300x200.jpg 300w, https:\/\/www.prijedordanas.com\/wp-content\/uploads\/2016\/02\/dani-zime-na-kozari-2016-rezime-3-480x320.jpg 480w, https:\/\/www.prijedordanas.com\/wp-content\/uploads\/2016\/02\/dani-zime-na-kozari-2016-rezime-3.jpg 600w\" sizes=\"(max-width: 300px) 100vw, 300px\" \/><\/a> <a href=\"https:\/\/www.prijedordanas.com\/wp-content\/uploads\/2016\/02\/dani-zime-na-kozari-2016-rezime-4.jpg\" rel=\"attachment wp-att-40585\"><img loading=\"lazy\" decoding=\"async\" class=\"alignleft size-medium wp-image-40585\" src=\"https:\/\/www.prijedordanas.com\/wp-content\/uploads\/2016\/02\/dani-zime-na-kozari-2016-rezime-4-300x199.jpg\" alt=\"dani zime na kozari 2016-rezime (4)\" width=\"300\" height=\"199\" srcset=\"https:\/\/www.prijedordanas.com\/wp-content\/uploads\/2016\/02\/dani-zime-na-kozari-2016-rezime-4-300x200.jpg 300w, https:\/\/www.prijedordanas.com\/wp-content\/uploads\/2016\/02\/dani-zime-na-kozari-2016-rezime-4-480x320.jpg 480w, https:\/\/www.prijedordanas.com\/wp-content\/uploads\/2016\/02\/dani-zime-na-kozari-2016-rezime-4.jpg 600w\" sizes=\"(max-width: 300px) 100vw, 300px\" \/><\/a> <a href=\"https:\/\/www.prijedordanas.com\/wp-content\/uploads\/2016\/02\/dani-zime-na-kozari-2016-rezime-5.jpg\" rel=\"attachment wp-att-40587\"><img loading=\"lazy\" decoding=\"async\" class=\"alignleft size-medium wp-image-40587\" src=\"https:\/\/www.prijedordanas.com\/wp-content\/uploads\/2016\/02\/dani-zime-na-kozari-2016-rezime-5-300x199.jpg\" alt=\"dani zime na kozari 2016-rezime (5)\" width=\"300\" height=\"199\" srcset=\"https:\/\/www.prijedordanas.com\/wp-content\/uploads\/2016\/02\/dani-zime-na-kozari-2016-rezime-5-300x200.jpg 300w, https:\/\/www.prijedordanas.com\/wp-content\/uploads\/2016\/02\/dani-zime-na-kozari-2016-rezime-5-480x320.jpg 480w, https:\/\/www.prijedordanas.com\/wp-content\/uploads\/2016\/02\/dani-zime-na-kozari-2016-rezime-5.jpg 600w\" sizes=\"(max-width: 300px) 100vw, 300px\" \/><\/a> <a href=\"https:\/\/www.prijedordanas.com\/wp-content\/uploads\/2016\/02\/dani-zime-na-kozari-2016-rezime-6.jpg\" rel=\"attachment wp-att-40588\"><img loading=\"lazy\" decoding=\"async\" class=\"alignleft size-medium wp-image-40588\" src=\"https:\/\/www.prijedordanas.com\/wp-content\/uploads\/2016\/02\/dani-zime-na-kozari-2016-rezime-6-300x199.jpg\" alt=\"dani zime na kozari 2016-rezime (6)\" width=\"300\" height=\"199\" srcset=\"https:\/\/www.prijedordanas.com\/wp-content\/uploads\/2016\/02\/dani-zime-na-kozari-2016-rezime-6-300x200.jpg 300w, https:\/\/www.prijedordanas.com\/wp-content\/uploads\/2016\/02\/dani-zime-na-kozari-2016-rezime-6-480x320.jpg 480w, https:\/\/www.prijedordanas.com\/wp-content\/uploads\/2016\/02\/dani-zime-na-kozari-2016-rezime-6.jpg 600w\" sizes=\"(max-width: 300px) 100vw, 300px\" \/><\/a> <a href=\"https:\/\/www.prijedordanas.com\/wp-content\/uploads\/2016\/02\/dani-zime-na-kozari-2016-rezime-7.jpg\" rel=\"attachment wp-att-40589\"><img loading=\"lazy\" decoding=\"async\" class=\"alignleft size-medium wp-image-40589\" src=\"https:\/\/www.prijedordanas.com\/wp-content\/uploads\/2016\/02\/dani-zime-na-kozari-2016-rezime-7-300x199.jpg\" alt=\"dani zime na kozari 2016-rezime (7)\" width=\"300\" height=\"199\" srcset=\"https:\/\/www.prijedordanas.com\/wp-content\/uploads\/2016\/02\/dani-zime-na-kozari-2016-rezime-7-300x200.jpg 300w, https:\/\/www.prijedordanas.com\/wp-content\/uploads\/2016\/02\/dani-zime-na-kozari-2016-rezime-7-480x320.jpg 480w, https:\/\/www.prijedordanas.com\/wp-content\/uploads\/2016\/02\/dani-zime-na-kozari-2016-rezime-7.jpg 600w\" sizes=\"(max-width: 300px) 100vw, 300px\" \/><\/a> <a href=\"https:\/\/www.prijedordanas.com\/wp-content\/uploads\/2016\/02\/dani-zime-na-kozari-2016-rezime-8.jpg\" rel=\"attachment wp-att-40590\"><img loading=\"lazy\" decoding=\"async\" class=\"alignleft size-medium wp-image-40590\" src=\"https:\/\/www.prijedordanas.com\/wp-content\/uploads\/2016\/02\/dani-zime-na-kozari-2016-rezime-8-300x199.jpg\" alt=\"dani zime na kozari 2016-rezime (8)\" width=\"300\" height=\"199\" srcset=\"https:\/\/www.prijedordanas.com\/wp-content\/uploads\/2016\/02\/dani-zime-na-kozari-2016-rezime-8-300x200.jpg 300w, https:\/\/www.prijedordanas.com\/wp-content\/uploads\/2016\/02\/dani-zime-na-kozari-2016-rezime-8-480x320.jpg 480w, https:\/\/www.prijedordanas.com\/wp-content\/uploads\/2016\/02\/dani-zime-na-kozari-2016-rezime-8.jpg 600w\" sizes=\"(max-width: 300px) 100vw, 300px\" \/><\/a> <a href=\"https:\/\/www.prijedordanas.com\/wp-content\/uploads\/2016\/02\/dani-zime-na-kozari-2016-rezime-9.jpg\" rel=\"attachment wp-att-40591\"><img loading=\"lazy\" decoding=\"async\" class=\"alignleft size-medium wp-image-40591\" src=\"https:\/\/www.prijedordanas.com\/wp-content\/uploads\/2016\/02\/dani-zime-na-kozari-2016-rezime-9-300x199.jpg\" alt=\"dani zime na kozari 2016-rezime (9)\" width=\"300\" height=\"199\" srcset=\"https:\/\/www.prijedordanas.com\/wp-content\/uploads\/2016\/02\/dani-zime-na-kozari-2016-rezime-9-300x200.jpg 300w, https:\/\/www.prijedordanas.com\/wp-content\/uploads\/2016\/02\/dani-zime-na-kozari-2016-rezime-9-480x320.jpg 480w, https:\/\/www.prijedordanas.com\/wp-content\/uploads\/2016\/02\/dani-zime-na-kozari-2016-rezime-9.jpg 600w\" sizes=\"(max-width: 300px) 100vw, 300px\" \/><\/a> <a href=\"https:\/\/www.prijedordanas.com\/wp-content\/uploads\/2016\/02\/dani-zime-na-kozari-2016-rezime-10.jpg\" rel=\"attachment wp-att-40592\"><img loading=\"lazy\" decoding=\"async\" class=\"alignleft size-medium wp-image-40592\" src=\"https:\/\/www.prijedordanas.com\/wp-content\/uploads\/2016\/02\/dani-zime-na-kozari-2016-rezime-10-300x199.jpg\" alt=\"dani zime na kozari 2016-rezime (10)\" width=\"300\" height=\"199\" srcset=\"https:\/\/www.prijedordanas.com\/wp-content\/uploads\/2016\/02\/dani-zime-na-kozari-2016-rezime-10-300x200.jpg 300w, https:\/\/www.prijedordanas.com\/wp-content\/uploads\/2016\/02\/dani-zime-na-kozari-2016-rezime-10-480x320.jpg 480w, https:\/\/www.prijedordanas.com\/wp-content\/uploads\/2016\/02\/dani-zime-na-kozari-2016-rezime-10.jpg 600w\" sizes=\"(max-width: 300px) 100vw, 300px\" \/><\/a> <a href=\"https:\/\/www.prijedordanas.com\/wp-content\/uploads\/2016\/02\/dani-zime-na-kozari-2016-rezime-11.jpg\" rel=\"attachment wp-att-40593\"><img loading=\"lazy\" decoding=\"async\" class=\"alignleft size-medium wp-image-40593\" src=\"https:\/\/www.prijedordanas.com\/wp-content\/uploads\/2016\/02\/dani-zime-na-kozari-2016-rezime-11-300x199.jpg\" alt=\"dani zime na kozari 2016-rezime (11)\" width=\"300\" height=\"199\" srcset=\"https:\/\/www.prijedordanas.com\/wp-content\/uploads\/2016\/02\/dani-zime-na-kozari-2016-rezime-11-300x200.jpg 300w, https:\/\/www.prijedordanas.com\/wp-content\/uploads\/2016\/02\/dani-zime-na-kozari-2016-rezime-11-480x320.jpg 480w, https:\/\/www.prijedordanas.com\/wp-content\/uploads\/2016\/02\/dani-zime-na-kozari-2016-rezime-11.jpg 600w\" sizes=\"(max-width: 300px) 100vw, 300px\" \/><\/a> <a href=\"https:\/\/www.prijedordanas.com\/wp-content\/uploads\/2016\/02\/dani-zime-na-kozari-2016-rezime-12.jpg\" rel=\"attachment wp-att-40594\"><img loading=\"lazy\" decoding=\"async\" class=\"alignleft size-medium wp-image-40594\" src=\"https:\/\/www.prijedordanas.com\/wp-content\/uploads\/2016\/02\/dani-zime-na-kozari-2016-rezime-12-300x199.jpg\" alt=\"dani zime na kozari 2016-rezime (12)\" width=\"300\" height=\"199\" srcset=\"https:\/\/www.prijedordanas.com\/wp-content\/uploads\/2016\/02\/dani-zime-na-kozari-2016-rezime-12-300x200.jpg 300w, https:\/\/www.prijedordanas.com\/wp-content\/uploads\/2016\/02\/dani-zime-na-kozari-2016-rezime-12-480x320.jpg 480w, https:\/\/www.prijedordanas.com\/wp-content\/uploads\/2016\/02\/dani-zime-na-kozari-2016-rezime-12.jpg 600w\" sizes=\"(max-width: 300px) 100vw, 300px\" \/><\/a> <a href=\"https:\/\/www.prijedordanas.com\/wp-content\/uploads\/2016\/02\/dani-zime-na-kozari-2016-rezime-14.jpg\" rel=\"attachment wp-att-40595\"><img loading=\"lazy\" decoding=\"async\" class=\"alignleft size-medium wp-image-40595\" src=\"https:\/\/www.prijedordanas.com\/wp-content\/uploads\/2016\/02\/dani-zime-na-kozari-2016-rezime-14-300x199.jpg\" alt=\"dani zime na kozari 2016-rezime (14)\" width=\"300\" height=\"199\" srcset=\"https:\/\/www.prijedordanas.com\/wp-content\/uploads\/2016\/02\/dani-zime-na-kozari-2016-rezime-14-300x200.jpg 300w, https:\/\/www.prijedordanas.com\/wp-content\/uploads\/2016\/02\/dani-zime-na-kozari-2016-rezime-14-480x320.jpg 480w, https:\/\/www.prijedordanas.com\/wp-content\/uploads\/2016\/02\/dani-zime-na-kozari-2016-rezime-14.jpg 600w\" sizes=\"(max-width: 300px) 100vw, 300px\" \/><\/a><\/p>\n","protected":false},"excerpt":{"rendered":"<p>Dragan In\u0111i\u0107, Aleksandar Duki\u0107, Nikola Radi\u0107, Sa\u0161a Babi\u0107 i Davor Popovi\u0107, \u010dlanovi Kluba ekstremnih sportova \u201eAlbatros\u201c iz Prijedora, \u010dinili su ekipu grada Prijedora koja se takmi\u010dila u sportskim igrama na [&hellip;]<\/p>\n","protected":false},"author":1,"featured_media":0,"comment_status":"closed","ping_status":"open","sticky":false,"template":"","format":"standard","meta":{"_monsterinsights_skip_tracking":false,"_monsterinsights_sitenote_active":false,"_monsterinsights_sitenote_note":"","_monsterinsights_sitenote_category":0,"footnotes":""},"categories":[8],"tags":[6524],"yoast_head":"<!-- This site is optimized with the Yoast SEO plugin v21.6 - https:\/\/yoast.com\/wordpress\/plugins\/seo\/ -->\n<title>TRI PRIJEDORSKE EKIPE SLAVILE NA \u201eDANIMA ZIME NA KOZARI 2016\u201c \u2013 FOTO \u2013 VIDEO - PrijedorDanas.com - Prijedorski gradski portal<\/title>\n<meta name=\"robots\" content=\"index, follow, max-snippet:-1, max-image-preview:large, max-video-preview:-1\" \/>\n<link rel=\"canonical\" href=\"https:\/\/www.prijedordanas.com\/?p=40579\" \/>\n<meta property=\"og:locale\" content=\"en_US\" \/>\n<meta property=\"og:type\" content=\"article\" \/>\n<meta property=\"og:title\" content=\"TRI PRIJEDORSKE EKIPE SLAVILE NA \u201eDANIMA ZIME NA KOZARI 2016\u201c \u2013 FOTO \u2013 VIDEO - PrijedorDanas.com - Prijedorski gradski portal\" \/>\n<meta property=\"og:description\" content=\"Dragan In\u0111i\u0107, Aleksandar Duki\u0107, Nikola Radi\u0107, Sa\u0161a Babi\u0107 i Davor Popovi\u0107, \u010dlanovi Kluba ekstremnih sportova \u201eAlbatros\u201c iz Prijedora, \u010dinili su ekipu grada Prijedora koja se takmi\u010dila u sportskim igrama na [&hellip;]\" \/>\n<meta property=\"og:url\" content=\"https:\/\/www.prijedordanas.com\/?p=40579\" \/>\n<meta property=\"og:site_name\" content=\"PrijedorDanas.com - Prijedorski gradski portal\" \/>\n<meta property=\"article:publisher\" content=\"https:\/\/www.facebook.com\/PrijedorDanasCom\/\" \/>\n<meta property=\"article:published_time\" content=\"2016-02-01T17:22:44+00:00\" \/>\n<meta property=\"article:modified_time\" content=\"2016-02-01T17:41:52+00:00\" \/>\n<meta property=\"og:image\" content=\"https:\/\/www.prijedordanas.com\/wp-content\/uploads\/2016\/02\/dani-zime-na-kozari-2016-rezime-1-300x180.jpg\" \/>\n<meta name=\"author\" content=\"admin\" \/>\n<meta name=\"twitter:card\" content=\"summary_large_image\" \/>\n<meta name=\"twitter:label1\" content=\"Written by\" \/>\n\t<meta name=\"twitter:data1\" content=\"admin\" \/>\n\t<meta name=\"twitter:label2\" content=\"Est. reading time\" \/>\n\t<meta name=\"twitter:data2\" content=\"1 minute\" \/>\n<script type=\"application\/ld+json\" class=\"yoast-schema-graph\">{\"@context\":\"https:\/\/schema.org\",\"@graph\":[{\"@type\":\"Article\",\"@id\":\"https:\/\/www.prijedordanas.com\/?p=40579#article\",\"isPartOf\":{\"@id\":\"https:\/\/www.prijedordanas.com\/?p=40579\"},\"author\":{\"name\":\"admin\",\"@id\":\"https:\/\/www.prijedordanas.com\/#\/schema\/person\/4e08ccf29b506ca916ff86d46bb700e6\"},\"headline\":\"TRI PRIJEDORSKE EKIPE SLAVILE NA \u201eDANIMA ZIME NA KOZARI 2016\u201c \u2013 FOTO \u2013 VIDEO\",\"datePublished\":\"2016-02-01T17:22:44+00:00\",\"dateModified\":\"2016-02-01T17:41:52+00:00\",\"mainEntityOfPage\":{\"@id\":\"https:\/\/www.prijedordanas.com\/?p=40579\"},\"wordCount\":183,\"publisher\":{\"@id\":\"https:\/\/www.prijedordanas.com\/#organization\"},\"keywords\":[\"Dani zime na Kozari 2016\"],\"articleSection\":[\"Svakodnevno\"],\"inLanguage\":\"en-US\"},{\"@type\":\"WebPage\",\"@id\":\"https:\/\/www.prijedordanas.com\/?p=40579\",\"url\":\"https:\/\/www.prijedordanas.com\/?p=40579\",\"name\":\"TRI PRIJEDORSKE EKIPE SLAVILE NA \u201eDANIMA ZIME NA KOZARI 2016\u201c \u2013 FOTO \u2013 VIDEO - PrijedorDanas.com - Prijedorski gradski portal\",\"isPartOf\":{\"@id\":\"https:\/\/www.prijedordanas.com\/#website\"},\"datePublished\":\"2016-02-01T17:22:44+00:00\",\"dateModified\":\"2016-02-01T17:41:52+00:00\",\"breadcrumb\":{\"@id\":\"https:\/\/www.prijedordanas.com\/?p=40579#breadcrumb\"},\"inLanguage\":\"en-US\",\"potentialAction\":[{\"@type\":\"ReadAction\",\"target\":[\"https:\/\/www.prijedordanas.com\/?p=40579\"]}]},{\"@type\":\"BreadcrumbList\",\"@id\":\"https:\/\/www.prijedordanas.com\/?p=40579#breadcrumb\",\"itemListElement\":[{\"@type\":\"ListItem\",\"position\":1,\"name\":\"Home\",\"item\":\"https:\/\/www.prijedordanas.com\/\"},{\"@type\":\"ListItem\",\"position\":2,\"name\":\"TRI PRIJEDORSKE EKIPE SLAVILE NA \u201eDANIMA ZIME NA KOZARI 2016\u201c \u2013 FOTO \u2013 VIDEO\"}]},{\"@type\":\"WebSite\",\"@id\":\"https:\/\/www.prijedordanas.com\/#website\",\"url\":\"https:\/\/www.prijedordanas.com\/\",\"name\":\"PrijedorDanas.com - Prijedorski gradski portal\",\"description\":\"Portal o doga\u0111anjima u gradu Prijedoru\",\"publisher\":{\"@id\":\"https:\/\/www.prijedordanas.com\/#organization\"},\"potentialAction\":[{\"@type\":\"SearchAction\",\"target\":{\"@type\":\"EntryPoint\",\"urlTemplate\":\"https:\/\/www.prijedordanas.com\/?s={search_term_string}\"},\"query-input\":\"required name=search_term_string\"}],\"inLanguage\":\"en-US\"},{\"@type\":\"Organization\",\"@id\":\"https:\/\/www.prijedordanas.com\/#organization\",\"name\":\"PrijedorDanas.com\",\"url\":\"https:\/\/www.prijedordanas.com\/\",\"logo\":{\"@type\":\"ImageObject\",\"inLanguage\":\"en-US\",\"@id\":\"https:\/\/www.prijedordanas.com\/#\/schema\/logo\/image\/\",\"url\":\"http:\/\/www.prijedordanas.com\/wp-content\/uploads\/2021\/12\/logopng.png\",\"contentUrl\":\"http:\/\/www.prijedordanas.com\/wp-content\/uploads\/2021\/12\/logopng.png\",\"width\":1019,\"height\":776,\"caption\":\"PrijedorDanas.com\"},\"image\":{\"@id\":\"https:\/\/www.prijedordanas.com\/#\/schema\/logo\/image\/\"},\"sameAs\":[\"https:\/\/www.facebook.com\/PrijedorDanasCom\/\"]},{\"@type\":\"Person\",\"@id\":\"https:\/\/www.prijedordanas.com\/#\/schema\/person\/4e08ccf29b506ca916ff86d46bb700e6\",\"name\":\"admin\",\"image\":{\"@type\":\"ImageObject\",\"inLanguage\":\"en-US\",\"@id\":\"https:\/\/www.prijedordanas.com\/#\/schema\/person\/image\/\",\"url\":\"https:\/\/secure.gravatar.com\/avatar\/1d3fc949d550f0b53a5f0d51e06dfd79?s=96&d=mm&r=g\",\"contentUrl\":\"https:\/\/secure.gravatar.com\/avatar\/1d3fc949d550f0b53a5f0d51e06dfd79?s=96&d=mm&r=g\",\"caption\":\"admin\"},\"url\":\"https:\/\/www.prijedordanas.com\/?author=1\"}]}<\/script>\n<!-- \/ Yoast SEO plugin. -->","yoast_head_json":{"title":"TRI PRIJEDORSKE EKIPE SLAVILE NA \u201eDANIMA ZIME NA KOZARI 2016\u201c \u2013 FOTO \u2013 VIDEO - PrijedorDanas.com - Prijedorski gradski portal","robots":{"index":"index","follow":"follow","max-snippet":"max-snippet:-1","max-image-preview":"max-image-preview:large","max-video-preview":"max-video-preview:-1"},"canonical":"https:\/\/www.prijedordanas.com\/?p=40579","og_locale":"en_US","og_type":"article","og_title":"TRI PRIJEDORSKE EKIPE SLAVILE NA \u201eDANIMA ZIME NA KOZARI 2016\u201c \u2013 FOTO \u2013 VIDEO - PrijedorDanas.com - Prijedorski gradski portal","og_description":"Dragan In\u0111i\u0107, Aleksandar Duki\u0107, Nikola Radi\u0107, Sa\u0161a Babi\u0107 i Davor Popovi\u0107, \u010dlanovi Kluba ekstremnih sportova \u201eAlbatros\u201c iz Prijedora, \u010dinili su ekipu grada Prijedora koja se takmi\u010dila u sportskim igrama na [&hellip;]","og_url":"https:\/\/www.prijedordanas.com\/?p=40579","og_site_name":"PrijedorDanas.com - Prijedorski gradski portal","article_publisher":"https:\/\/www.facebook.com\/PrijedorDanasCom\/","article_published_time":"2016-02-01T17:22:44+00:00","article_modified_time":"2016-02-01T17:41:52+00:00","og_image":[{"url":"https:\/\/www.prijedordanas.com\/wp-content\/uploads\/2016\/02\/dani-zime-na-kozari-2016-rezime-1-300x180.jpg"}],"author":"admin","twitter_card":"summary_large_image","twitter_misc":{"Written by":"admin","Est. reading time":"1 minute"},"schema":{"@context":"https:\/\/schema.org","@graph":[{"@type":"Article","@id":"https:\/\/www.prijedordanas.com\/?p=40579#article","isPartOf":{"@id":"https:\/\/www.prijedordanas.com\/?p=40579"},"author":{"name":"admin","@id":"https:\/\/www.prijedordanas.com\/#\/schema\/person\/4e08ccf29b506ca916ff86d46bb700e6"},"headline":"TRI PRIJEDORSKE EKIPE SLAVILE NA \u201eDANIMA ZIME NA KOZARI 2016\u201c \u2013 FOTO \u2013 VIDEO","datePublished":"2016-02-01T17:22:44+00:00","dateModified":"2016-02-01T17:41:52+00:00","mainEntityOfPage":{"@id":"https:\/\/www.prijedordanas.com\/?p=40579"},"wordCount":183,"publisher":{"@id":"https:\/\/www.prijedordanas.com\/#organization"},"keywords":["Dani zime na Kozari 2016"],"articleSection":["Svakodnevno"],"inLanguage":"en-US"},{"@type":"WebPage","@id":"https:\/\/www.prijedordanas.com\/?p=40579","url":"https:\/\/www.prijedordanas.com\/?p=40579","name":"TRI PRIJEDORSKE EKIPE SLAVILE NA \u201eDANIMA ZIME NA KOZARI 2016\u201c \u2013 FOTO \u2013 VIDEO - PrijedorDanas.com - Prijedorski gradski portal","isPartOf":{"@id":"https:\/\/www.prijedordanas.com\/#website"},"datePublished":"2016-02-01T17:22:44+00:00","dateModified":"2016-02-01T17:41:52+00:00","breadcrumb":{"@id":"https:\/\/www.prijedordanas.com\/?p=40579#breadcrumb"},"inLanguage":"en-US","potentialAction":[{"@type":"ReadAction","target":["https:\/\/www.prijedordanas.com\/?p=40579"]}]},{"@type":"BreadcrumbList","@id":"https:\/\/www.prijedordanas.com\/?p=40579#breadcrumb","itemListElement":[{"@type":"ListItem","position":1,"name":"Home","item":"https:\/\/www.prijedordanas.com\/"},{"@type":"ListItem","position":2,"name":"TRI PRIJEDORSKE EKIPE SLAVILE NA \u201eDANIMA ZIME NA KOZARI 2016\u201c \u2013 FOTO \u2013 VIDEO"}]},{"@type":"WebSite","@id":"https:\/\/www.prijedordanas.com\/#website","url":"https:\/\/www.prijedordanas.com\/","name":"PrijedorDanas.com - Prijedorski gradski portal","description":"Portal o doga\u0111anjima u gradu Prijedoru","publisher":{"@id":"https:\/\/www.prijedordanas.com\/#organization"},"potentialAction":[{"@type":"SearchAction","target":{"@type":"EntryPoint","urlTemplate":"https:\/\/www.prijedordanas.com\/?s={search_term_string}"},"query-input":"required name=search_term_string"}],"inLanguage":"en-US"},{"@type":"Organization","@id":"https:\/\/www.prijedordanas.com\/#organization","name":"PrijedorDanas.com","url":"https:\/\/www.prijedordanas.com\/","logo":{"@type":"ImageObject","inLanguage":"en-US","@id":"https:\/\/www.prijedordanas.com\/#\/schema\/logo\/image\/","url":"http:\/\/www.prijedordanas.com\/wp-content\/uploads\/2021\/12\/logopng.png","contentUrl":"http:\/\/www.prijedordanas.com\/wp-content\/uploads\/2021\/12\/logopng.png","width":1019,"height":776,"caption":"PrijedorDanas.com"},"image":{"@id":"https:\/\/www.prijedordanas.com\/#\/schema\/logo\/image\/"},"sameAs":["https:\/\/www.facebook.com\/PrijedorDanasCom\/"]},{"@type":"Person","@id":"https:\/\/www.prijedordanas.com\/#\/schema\/person\/4e08ccf29b506ca916ff86d46bb700e6","name":"admin","image":{"@type":"ImageObject","inLanguage":"en-US","@id":"https:\/\/www.prijedordanas.com\/#\/schema\/person\/image\/","url":"https:\/\/secure.gravatar.com\/avatar\/1d3fc949d550f0b53a5f0d51e06dfd79?s=96&d=mm&r=g","contentUrl":"https:\/\/secure.gravatar.com\/avatar\/1d3fc949d550f0b53a5f0d51e06dfd79?s=96&d=mm&r=g","caption":"admin"},"url":"https:\/\/www.prijedordanas.com\/?author=1"}]}},"_links":{"self":[{"href":"https:\/\/www.prijedordanas.com\/index.php?rest_route=\/wp\/v2\/posts\/40579"}],"collection":[{"href":"https:\/\/www.prijedordanas.com\/index.php?rest_route=\/wp\/v2\/posts"}],"about":[{"href":"https:\/\/www.prijedordanas.com\/index.php?rest_route=\/wp\/v2\/types\/post"}],"author":[{"embeddable":true,"href":"https:\/\/www.prijedordanas.com\/index.php?rest_route=\/wp\/v2\/users\/1"}],"replies":[{"embeddable":true,"href":"https:\/\/www.prijedordanas.com\/index.php?rest_route=%2Fwp%2Fv2%2Fcomments&post=40579"}],"version-history":[{"count":3,"href":"https:\/\/www.prijedordanas.com\/index.php?rest_route=\/wp\/v2\/posts\/40579\/revisions"}],"predecessor-version":[{"id":40596,"href":"https:\/\/www.prijedordanas.com\/index.php?rest_route=\/wp\/v2\/posts\/40579\/revisions\/40596"}],"wp:attachment":[{"href":"https:\/\/www.prijedordanas.com\/index.php?rest_route=%2Fwp%2Fv2%2Fmedia&parent=40579"}],"wp:term":[{"taxonomy":"category","embeddable":true,"href":"https:\/\/www.prijedordanas.com\/index.php?rest_route=%2Fwp%2Fv2%2Fcategories&post=40579"},{"taxonomy":"post_tag","embeddable":true,"href":"https:\/\/www.prijedordanas.com\/index.php?rest_route=%2Fwp%2Fv2%2Ftags&post=40579"}],"curies":[{"name":"wp","href":"https:\/\/api.w.org\/{rel}","templated":true}]}}