{"id":40374,"date":"2016-01-30T11:40:42","date_gmt":"2016-01-30T10:40:42","guid":{"rendered":"https:\/\/www.prijedordanas.com\/?p=40374"},"modified":"2016-01-30T11:40:42","modified_gmt":"2016-01-30T10:40:42","slug":"resiceva-na-otvaranju-desetih-dana-zime-na-kozari","status":"publish","type":"post","link":"https:\/\/www.prijedordanas.com\/?p=40374","title":{"rendered":"RE\u0160I\u0106EVA NA OTVARANJU DESETIH &#8220;DANA ZIME NA KOZARI&#8221;"},"content":{"rendered":"<p><a href=\"https:\/\/www.prijedordanas.com\/wp-content\/uploads\/2016\/01\/dani-zime-na-kozari-otvaranje-2.jpg\" rel=\"attachment wp-att-40375\"><img loading=\"lazy\" decoding=\"async\" class=\"alignleft size-medium wp-image-40375\" src=\"https:\/\/www.prijedordanas.com\/wp-content\/uploads\/2016\/01\/dani-zime-na-kozari-otvaranje-2-300x199.jpg\" alt=\"dani zime na kozari-otvaranje (2)\" width=\"300\" height=\"199\" srcset=\"https:\/\/www.prijedordanas.com\/wp-content\/uploads\/2016\/01\/dani-zime-na-kozari-otvaranje-2-300x200.jpg 300w, https:\/\/www.prijedordanas.com\/wp-content\/uploads\/2016\/01\/dani-zime-na-kozari-otvaranje-2-768x509.jpg 768w, https:\/\/www.prijedordanas.com\/wp-content\/uploads\/2016\/01\/dani-zime-na-kozari-otvaranje-2-480x320.jpg 480w, https:\/\/www.prijedordanas.com\/wp-content\/uploads\/2016\/01\/dani-zime-na-kozari-otvaranje-2.jpg 800w\" sizes=\"(max-width: 300px) 100vw, 300px\" \/><\/a>Ministar uprave i lokalne samouprave Republike Srpske Lejla Re\u0161i\u0107 prisustvova\u0107e u nedjelju, 31. januara, otvaranju desete privredno-turisti\u010dke manifestacije &#8220;Dani zime na Kozari&#8221;, najavljeno je iz resornog ministarstva.<\/p>\n<p>O\u010dekuje se da \u0107e jubilarna manifestacija imati isti ili ve\u0107i odziv od pro\u0161logodi\u0161njeg, kada je bilo oko 6.000 posjetilaca.<\/p>\n<p>Sla\u0111ana Jovi\u0107 iz Turisti\u010dke organizacije grada Prijedora najavila je da \u0107e deset autobusa biti na raspolaganju gra\u0111anima Prijedora u nedjelju, 31. januara, sa polascima od 9.00 do 10.00 \u010dasova ispred Sportske dvorane &#8220;Mladost&#8221; i povratkom u 15.30 \u010dasova sa Kozare.<\/p>\n<p><a href=\"https:\/\/www.prijedordanas.com\/wp-content\/uploads\/2016\/01\/dani-zime-arhiva.jpg\" rel=\"attachment wp-att-40376\"><img loading=\"lazy\" decoding=\"async\" class=\"alignleft size-medium wp-image-40376\" src=\"https:\/\/www.prijedordanas.com\/wp-content\/uploads\/2016\/01\/dani-zime-arhiva-300x199.jpg\" alt=\"dani zime-arhiva\" width=\"300\" height=\"199\" srcset=\"https:\/\/www.prijedordanas.com\/wp-content\/uploads\/2016\/01\/dani-zime-arhiva-300x200.jpg 300w, https:\/\/www.prijedordanas.com\/wp-content\/uploads\/2016\/01\/dani-zime-arhiva-480x320.jpg 480w, https:\/\/www.prijedordanas.com\/wp-content\/uploads\/2016\/01\/dani-zime-arhiva.jpg 600w\" sizes=\"(max-width: 300px) 100vw, 300px\" \/><\/a>&#8220;Autobuski prevoz je besplatan, a ulaznica u Nacionalni park `Kozara` ko\u0161ta\u0107e jednu umjesto dvije marke, koliko je redovna cijena. Sve kupljene ulaznice u\u010destvuju u tomboli koja toga dana organizujemo na Mrakovici&#8221;, rekla je Jovi\u0107eva.<\/p>\n<p>Ona je navela da se za sportska takmi\u010denja prijavilo deset ekipa iz Prijedora, Srpca, Dervente, Kostajnice, O\u0161tre Luke, Kozarske Dubice, Banjaluke i Gradi\u0161ke, a za gastro takmi\u010denja 23 ekipe iz Prijedora, Srpca, Dervente, Kostajnice, O\u0161tre Luke, Kozarske Dubice, Banjaluke, Gradi\u0161ke, Sanskog Mosta i Broda.<\/p>\n<p>Nov\u010dane nagrade za najbolje sportske ekipe su 250, 150 i 100 KM, dok je za sve u\u010desnike gastro takmi\u010denja predvi\u0111eno po 100 KM za nabavku materijala potrebnog za pripremu \u010dorbe u kotli\u0107u.<\/p>\n<p><a href=\"https:\/\/www.prijedordanas.com\/wp-content\/uploads\/2016\/01\/dani-zime-na-kozari-2016.jpg\" rel=\"attachment wp-att-40377\"><img loading=\"lazy\" decoding=\"async\" src=\"https:\/\/www.prijedordanas.com\/wp-content\/uploads\/2016\/01\/dani-zime-na-kozari-2016-213x300.jpg\" alt=\"dani zime na kozari 2016\" width=\"213\" height=\"300\" class=\"alignleft size-medium wp-image-40377\" srcset=\"https:\/\/www.prijedordanas.com\/wp-content\/uploads\/2016\/01\/dani-zime-na-kozari-2016-213x300.jpg 213w, https:\/\/www.prijedordanas.com\/wp-content\/uploads\/2016\/01\/dani-zime-na-kozari-2016.jpg 425w\" sizes=\"(max-width: 213px) 100vw, 213px\" \/><\/a>&#8220;Gastro takmi\u010denja po prvi put razdvajamo u tri kategorije, i to lova\u010dka udru\u017eenja, srednje \u0161kole, te planinari i izvi\u0111a\u010di&#8221;, dodala je Jovi\u0107eva.<\/p>\n<p>Turisti\u010dka oganizacija grada Banjaluka organizova\u0107e besplatan prevoz za sve ljubitelje i po\u0161tovaoce manifestacije &#8220;Dani zime na Kozari&#8221;.<\/p>\n<p>&#8220;Polazak je planiran 31. januara, u 9.00 \u010dasova, sa stare autobuske stanice, a na raspolaganju \u0107e biti dva autobusa&#8221;, saop\u0161teno je iz Turisti\u010dke organizacije grada Banjaluka.<\/p>\n<p>Besplatni autobusi za gra\u0111ane Kozarske Dubice polaze u 9.00 \u010dasova ispred tamo\u0161nje sportske dvorane, a za gra\u0111ane Gradi\u0161ke u 8.00 \u010dasova ispred zgrade op\u0161tine.<\/p>\n<p>U oganizaciji Kluba ekstremnih sportova &#8220;Albatros&#8221; iz Prijedora danas se odr\u017eava planinarski mar\u0161, dok se, zbog nedostatka snijega, ski kup otkazuje.<\/p>\n<p>Centralni doga\u0111aji po\u010dinju 31. januara polaganjem vijenaca na spomenik poginulima u Drugom svjetskom ratu na Mrakovici u 10.30 \u010dasova i sve\u010danim otvaranjem manifestacije na platou kod spomenika na Kozari u 11.00 \u010dasova, dok je progla\u0161enje pobjednika i zatvaranje najavljeno za 15.30 \u010dasova.<\/p>\n<p>Manifestaciju organizuju turisti\u010dke organizacije Prijedora i Kozarske Dubice i Nacionalni park &#8220;Kozara&#8221;, pokrovitelji su grad Prijedor, ministarstva trgovine i turizma i uprave i lokalne samouprave, a me\u0111u prijateljima manifestacije prvi put od ove godine je i kompanija &#8220;M:tel&#8221;.<\/p>\n<p>Tekst \u2013 SRNA<br \/>\nFoto arhiva &#8211; Aleksandar Drakuli\u0107 \u2013 <a href=\"www.prijedordanas.com\" target=\"_blank\">www.prijedordanas.com<\/a><br \/>\nVideo &#8211; RTRS<\/p>\n<p><iframe loading=\"lazy\" width=\"500\" height=\"375\" src=\"https:\/\/www.youtube.com\/embed\/WP5Ym6dA82c?feature=oembed\" frameborder=\"0\" allowfullscreen><\/iframe><\/p>\n","protected":false},"excerpt":{"rendered":"<p>Ministar uprave i lokalne samouprave Republike Srpske Lejla Re\u0161i\u0107 prisustvova\u0107e u nedjelju, 31. januara, otvaranju desete privredno-turisti\u010dke manifestacije &#8220;Dani zime na Kozari&#8221;, najavljeno je iz resornog ministarstva. O\u010dekuje se da [&hellip;]<\/p>\n","protected":false},"author":1,"featured_media":0,"comment_status":"closed","ping_status":"open","sticky":false,"template":"","format":"standard","meta":{"_monsterinsights_skip_tracking":false,"_monsterinsights_sitenote_active":false,"_monsterinsights_sitenote_note":"","_monsterinsights_sitenote_category":0,"footnotes":""},"categories":[4],"tags":[6524,427,126,331],"yoast_head":"<!-- This site is optimized with the Yoast SEO plugin v21.6 - https:\/\/yoast.com\/wordpress\/plugins\/seo\/ -->\n<title>RE\u0160I\u0106EVA NA OTVARANJU DESETIH &quot;DANA ZIME NA KOZARI&quot; - PrijedorDanas.com - Prijedorski gradski portal<\/title>\n<meta name=\"robots\" content=\"index, follow, max-snippet:-1, max-image-preview:large, max-video-preview:-1\" \/>\n<link rel=\"canonical\" href=\"https:\/\/www.prijedordanas.com\/?p=40374\" \/>\n<meta property=\"og:locale\" content=\"en_US\" \/>\n<meta property=\"og:type\" content=\"article\" \/>\n<meta property=\"og:title\" content=\"RE\u0160I\u0106EVA NA OTVARANJU DESETIH &quot;DANA ZIME NA KOZARI&quot; - PrijedorDanas.com - Prijedorski gradski portal\" \/>\n<meta property=\"og:description\" content=\"Ministar uprave i lokalne samouprave Republike Srpske Lejla Re\u0161i\u0107 prisustvova\u0107e u nedjelju, 31. januara, otvaranju desete privredno-turisti\u010dke manifestacije &#8220;Dani zime na Kozari&#8221;, najavljeno je iz resornog ministarstva. O\u010dekuje se da [&hellip;]\" \/>\n<meta property=\"og:url\" content=\"https:\/\/www.prijedordanas.com\/?p=40374\" \/>\n<meta property=\"og:site_name\" content=\"PrijedorDanas.com - Prijedorski gradski portal\" \/>\n<meta property=\"article:publisher\" content=\"https:\/\/www.facebook.com\/PrijedorDanasCom\/\" \/>\n<meta property=\"article:published_time\" content=\"2016-01-30T10:40:42+00:00\" \/>\n<meta property=\"og:image\" content=\"https:\/\/www.prijedordanas.com\/wp-content\/uploads\/2016\/01\/dani-zime-na-kozari-otvaranje-2-300x199.jpg\" \/>\n<meta name=\"author\" content=\"admin\" \/>\n<meta name=\"twitter:card\" content=\"summary_large_image\" \/>\n<meta name=\"twitter:label1\" content=\"Written by\" \/>\n\t<meta name=\"twitter:data1\" content=\"admin\" \/>\n\t<meta name=\"twitter:label2\" content=\"Est. reading time\" \/>\n\t<meta name=\"twitter:data2\" content=\"2 minutes\" \/>\n<script type=\"application\/ld+json\" class=\"yoast-schema-graph\">{\"@context\":\"https:\/\/schema.org\",\"@graph\":[{\"@type\":\"Article\",\"@id\":\"https:\/\/www.prijedordanas.com\/?p=40374#article\",\"isPartOf\":{\"@id\":\"https:\/\/www.prijedordanas.com\/?p=40374\"},\"author\":{\"name\":\"admin\",\"@id\":\"https:\/\/www.prijedordanas.com\/#\/schema\/person\/4e08ccf29b506ca916ff86d46bb700e6\"},\"headline\":\"RE\u0160I\u0106EVA NA OTVARANJU DESETIH &#8220;DANA ZIME NA KOZARI&#8221;\",\"datePublished\":\"2016-01-30T10:40:42+00:00\",\"dateModified\":\"2016-01-30T10:40:42+00:00\",\"mainEntityOfPage\":{\"@id\":\"https:\/\/www.prijedordanas.com\/?p=40374\"},\"wordCount\":446,\"publisher\":{\"@id\":\"https:\/\/www.prijedordanas.com\/#organization\"},\"keywords\":[\"Dani zime na Kozari 2016\",\"Kozara\",\"Lejla Re\u0161i\u0107\",\"Mrakovica\"],\"articleSection\":[\"Dru\u0161tvo\"],\"inLanguage\":\"en-US\"},{\"@type\":\"WebPage\",\"@id\":\"https:\/\/www.prijedordanas.com\/?p=40374\",\"url\":\"https:\/\/www.prijedordanas.com\/?p=40374\",\"name\":\"RE\u0160I\u0106EVA NA OTVARANJU DESETIH \\\"DANA ZIME NA KOZARI\\\" - PrijedorDanas.com - Prijedorski gradski portal\",\"isPartOf\":{\"@id\":\"https:\/\/www.prijedordanas.com\/#website\"},\"datePublished\":\"2016-01-30T10:40:42+00:00\",\"dateModified\":\"2016-01-30T10:40:42+00:00\",\"breadcrumb\":{\"@id\":\"https:\/\/www.prijedordanas.com\/?p=40374#breadcrumb\"},\"inLanguage\":\"en-US\",\"potentialAction\":[{\"@type\":\"ReadAction\",\"target\":[\"https:\/\/www.prijedordanas.com\/?p=40374\"]}]},{\"@type\":\"BreadcrumbList\",\"@id\":\"https:\/\/www.prijedordanas.com\/?p=40374#breadcrumb\",\"itemListElement\":[{\"@type\":\"ListItem\",\"position\":1,\"name\":\"Home\",\"item\":\"https:\/\/www.prijedordanas.com\/\"},{\"@type\":\"ListItem\",\"position\":2,\"name\":\"RE\u0160I\u0106EVA NA OTVARANJU DESETIH &#8220;DANA ZIME NA KOZARI&#8221;\"}]},{\"@type\":\"WebSite\",\"@id\":\"https:\/\/www.prijedordanas.com\/#website\",\"url\":\"https:\/\/www.prijedordanas.com\/\",\"name\":\"PrijedorDanas.com - Prijedorski gradski portal\",\"description\":\"Portal o doga\u0111anjima u gradu Prijedoru\",\"publisher\":{\"@id\":\"https:\/\/www.prijedordanas.com\/#organization\"},\"potentialAction\":[{\"@type\":\"SearchAction\",\"target\":{\"@type\":\"EntryPoint\",\"urlTemplate\":\"https:\/\/www.prijedordanas.com\/?s={search_term_string}\"},\"query-input\":\"required name=search_term_string\"}],\"inLanguage\":\"en-US\"},{\"@type\":\"Organization\",\"@id\":\"https:\/\/www.prijedordanas.com\/#organization\",\"name\":\"PrijedorDanas.com\",\"url\":\"https:\/\/www.prijedordanas.com\/\",\"logo\":{\"@type\":\"ImageObject\",\"inLanguage\":\"en-US\",\"@id\":\"https:\/\/www.prijedordanas.com\/#\/schema\/logo\/image\/\",\"url\":\"http:\/\/www.prijedordanas.com\/wp-content\/uploads\/2021\/12\/logopng.png\",\"contentUrl\":\"http:\/\/www.prijedordanas.com\/wp-content\/uploads\/2021\/12\/logopng.png\",\"width\":1019,\"height\":776,\"caption\":\"PrijedorDanas.com\"},\"image\":{\"@id\":\"https:\/\/www.prijedordanas.com\/#\/schema\/logo\/image\/\"},\"sameAs\":[\"https:\/\/www.facebook.com\/PrijedorDanasCom\/\"]},{\"@type\":\"Person\",\"@id\":\"https:\/\/www.prijedordanas.com\/#\/schema\/person\/4e08ccf29b506ca916ff86d46bb700e6\",\"name\":\"admin\",\"image\":{\"@type\":\"ImageObject\",\"inLanguage\":\"en-US\",\"@id\":\"https:\/\/www.prijedordanas.com\/#\/schema\/person\/image\/\",\"url\":\"https:\/\/secure.gravatar.com\/avatar\/1d3fc949d550f0b53a5f0d51e06dfd79?s=96&d=mm&r=g\",\"contentUrl\":\"https:\/\/secure.gravatar.com\/avatar\/1d3fc949d550f0b53a5f0d51e06dfd79?s=96&d=mm&r=g\",\"caption\":\"admin\"},\"url\":\"https:\/\/www.prijedordanas.com\/?author=1\"}]}<\/script>\n<!-- \/ Yoast SEO plugin. -->","yoast_head_json":{"title":"RE\u0160I\u0106EVA NA OTVARANJU DESETIH \"DANA ZIME NA KOZARI\" - PrijedorDanas.com - Prijedorski gradski portal","robots":{"index":"index","follow":"follow","max-snippet":"max-snippet:-1","max-image-preview":"max-image-preview:large","max-video-preview":"max-video-preview:-1"},"canonical":"https:\/\/www.prijedordanas.com\/?p=40374","og_locale":"en_US","og_type":"article","og_title":"RE\u0160I\u0106EVA NA OTVARANJU DESETIH \"DANA ZIME NA KOZARI\" - PrijedorDanas.com - Prijedorski gradski portal","og_description":"Ministar uprave i lokalne samouprave Republike Srpske Lejla Re\u0161i\u0107 prisustvova\u0107e u nedjelju, 31. januara, otvaranju desete privredno-turisti\u010dke manifestacije &#8220;Dani zime na Kozari&#8221;, najavljeno je iz resornog ministarstva. O\u010dekuje se da [&hellip;]","og_url":"https:\/\/www.prijedordanas.com\/?p=40374","og_site_name":"PrijedorDanas.com - Prijedorski gradski portal","article_publisher":"https:\/\/www.facebook.com\/PrijedorDanasCom\/","article_published_time":"2016-01-30T10:40:42+00:00","og_image":[{"url":"https:\/\/www.prijedordanas.com\/wp-content\/uploads\/2016\/01\/dani-zime-na-kozari-otvaranje-2-300x199.jpg"}],"author":"admin","twitter_card":"summary_large_image","twitter_misc":{"Written by":"admin","Est. reading time":"2 minutes"},"schema":{"@context":"https:\/\/schema.org","@graph":[{"@type":"Article","@id":"https:\/\/www.prijedordanas.com\/?p=40374#article","isPartOf":{"@id":"https:\/\/www.prijedordanas.com\/?p=40374"},"author":{"name":"admin","@id":"https:\/\/www.prijedordanas.com\/#\/schema\/person\/4e08ccf29b506ca916ff86d46bb700e6"},"headline":"RE\u0160I\u0106EVA NA OTVARANJU DESETIH &#8220;DANA ZIME NA KOZARI&#8221;","datePublished":"2016-01-30T10:40:42+00:00","dateModified":"2016-01-30T10:40:42+00:00","mainEntityOfPage":{"@id":"https:\/\/www.prijedordanas.com\/?p=40374"},"wordCount":446,"publisher":{"@id":"https:\/\/www.prijedordanas.com\/#organization"},"keywords":["Dani zime na Kozari 2016","Kozara","Lejla Re\u0161i\u0107","Mrakovica"],"articleSection":["Dru\u0161tvo"],"inLanguage":"en-US"},{"@type":"WebPage","@id":"https:\/\/www.prijedordanas.com\/?p=40374","url":"https:\/\/www.prijedordanas.com\/?p=40374","name":"RE\u0160I\u0106EVA NA OTVARANJU DESETIH \"DANA ZIME NA KOZARI\" - PrijedorDanas.com - Prijedorski gradski portal","isPartOf":{"@id":"https:\/\/www.prijedordanas.com\/#website"},"datePublished":"2016-01-30T10:40:42+00:00","dateModified":"2016-01-30T10:40:42+00:00","breadcrumb":{"@id":"https:\/\/www.prijedordanas.com\/?p=40374#breadcrumb"},"inLanguage":"en-US","potentialAction":[{"@type":"ReadAction","target":["https:\/\/www.prijedordanas.com\/?p=40374"]}]},{"@type":"BreadcrumbList","@id":"https:\/\/www.prijedordanas.com\/?p=40374#breadcrumb","itemListElement":[{"@type":"ListItem","position":1,"name":"Home","item":"https:\/\/www.prijedordanas.com\/"},{"@type":"ListItem","position":2,"name":"RE\u0160I\u0106EVA NA OTVARANJU DESETIH &#8220;DANA ZIME NA KOZARI&#8221;"}]},{"@type":"WebSite","@id":"https:\/\/www.prijedordanas.com\/#website","url":"https:\/\/www.prijedordanas.com\/","name":"PrijedorDanas.com - Prijedorski gradski portal","description":"Portal o doga\u0111anjima u gradu Prijedoru","publisher":{"@id":"https:\/\/www.prijedordanas.com\/#organization"},"potentialAction":[{"@type":"SearchAction","target":{"@type":"EntryPoint","urlTemplate":"https:\/\/www.prijedordanas.com\/?s={search_term_string}"},"query-input":"required name=search_term_string"}],"inLanguage":"en-US"},{"@type":"Organization","@id":"https:\/\/www.prijedordanas.com\/#organization","name":"PrijedorDanas.com","url":"https:\/\/www.prijedordanas.com\/","logo":{"@type":"ImageObject","inLanguage":"en-US","@id":"https:\/\/www.prijedordanas.com\/#\/schema\/logo\/image\/","url":"http:\/\/www.prijedordanas.com\/wp-content\/uploads\/2021\/12\/logopng.png","contentUrl":"http:\/\/www.prijedordanas.com\/wp-content\/uploads\/2021\/12\/logopng.png","width":1019,"height":776,"caption":"PrijedorDanas.com"},"image":{"@id":"https:\/\/www.prijedordanas.com\/#\/schema\/logo\/image\/"},"sameAs":["https:\/\/www.facebook.com\/PrijedorDanasCom\/"]},{"@type":"Person","@id":"https:\/\/www.prijedordanas.com\/#\/schema\/person\/4e08ccf29b506ca916ff86d46bb700e6","name":"admin","image":{"@type":"ImageObject","inLanguage":"en-US","@id":"https:\/\/www.prijedordanas.com\/#\/schema\/person\/image\/","url":"https:\/\/secure.gravatar.com\/avatar\/1d3fc949d550f0b53a5f0d51e06dfd79?s=96&d=mm&r=g","contentUrl":"https:\/\/secure.gravatar.com\/avatar\/1d3fc949d550f0b53a5f0d51e06dfd79?s=96&d=mm&r=g","caption":"admin"},"url":"https:\/\/www.prijedordanas.com\/?author=1"}]}},"_links":{"self":[{"href":"https:\/\/www.prijedordanas.com\/index.php?rest_route=\/wp\/v2\/posts\/40374"}],"collection":[{"href":"https:\/\/www.prijedordanas.com\/index.php?rest_route=\/wp\/v2\/posts"}],"about":[{"href":"https:\/\/www.prijedordanas.com\/index.php?rest_route=\/wp\/v2\/types\/post"}],"author":[{"embeddable":true,"href":"https:\/\/www.prijedordanas.com\/index.php?rest_route=\/wp\/v2\/users\/1"}],"replies":[{"embeddable":true,"href":"https:\/\/www.prijedordanas.com\/index.php?rest_route=%2Fwp%2Fv2%2Fcomments&post=40374"}],"version-history":[{"count":1,"href":"https:\/\/www.prijedordanas.com\/index.php?rest_route=\/wp\/v2\/posts\/40374\/revisions"}],"predecessor-version":[{"id":40378,"href":"https:\/\/www.prijedordanas.com\/index.php?rest_route=\/wp\/v2\/posts\/40374\/revisions\/40378"}],"wp:attachment":[{"href":"https:\/\/www.prijedordanas.com\/index.php?rest_route=%2Fwp%2Fv2%2Fmedia&parent=40374"}],"wp:term":[{"taxonomy":"category","embeddable":true,"href":"https:\/\/www.prijedordanas.com\/index.php?rest_route=%2Fwp%2Fv2%2Fcategories&post=40374"},{"taxonomy":"post_tag","embeddable":true,"href":"https:\/\/www.prijedordanas.com\/index.php?rest_route=%2Fwp%2Fv2%2Ftags&post=40374"}],"curies":[{"name":"wp","href":"https:\/\/api.w.org\/{rel}","templated":true}]}}