{"id":39777,"date":"2016-01-23T09:20:45","date_gmt":"2016-01-23T08:20:45","guid":{"rendered":"https:\/\/www.prijedordanas.com\/?p=39777"},"modified":"2016-01-23T09:20:45","modified_gmt":"2016-01-23T08:20:45","slug":"sa-radom-poceo-novi-sportski-kolektiv-u-prijedoru-mma-klub-privukao-paznju-foto","status":"publish","type":"post","link":"https:\/\/www.prijedordanas.com\/?p=39777","title":{"rendered":"SA RADOM PO\u010cEO NOVI SPORTSKI KOLEKTIV U PRIJEDORU: MMA KLUB PRIVUKAO PA\u017dNJU &#8211; FOTO"},"content":{"rendered":"<p><a href=\"https:\/\/www.prijedordanas.com\/wp-content\/uploads\/2016\/01\/mma-klub-prijedor-prvi-trening-1.jpg\" rel=\"attachment wp-att-39778\"><img loading=\"lazy\" decoding=\"async\" class=\"alignleft size-medium wp-image-39778\" src=\"https:\/\/www.prijedordanas.com\/wp-content\/uploads\/2016\/01\/mma-klub-prijedor-prvi-trening-1-300x180.jpg\" alt=\"mma klub prijedor-prvi trening (1)\" width=\"300\" height=\"180\" srcset=\"https:\/\/www.prijedordanas.com\/wp-content\/uploads\/2016\/01\/mma-klub-prijedor-prvi-trening-1-300x180.jpg 300w, https:\/\/www.prijedordanas.com\/wp-content\/uploads\/2016\/01\/mma-klub-prijedor-prvi-trening-1.jpg 600w\" sizes=\"(max-width: 300px) 100vw, 300px\" \/><\/a>U gradu na Sani po\u010deo je sa radom novi sportski kolektiv &#8211; Akademija Borila\u010dkih Sportova MMA klub Prijedor.<\/p>\n<p>Na sve\u010danom otvaranju i prvom treningu prisustvovalo je 20 polaznika ove atraktivne borila\u010dke vje\u0161tine.<\/p>\n<p>Odziv je bio i vi\u0161e nego dobar, a podr\u0161ku radu kluba, prvog u mje\u0161avini borila\u010dkih disciplina na na\u0161im prostorima, pru\u017eili su mnogi prijatelji iz svijeta sporta u gradu Prijedoru.<\/p>\n<p>Pored njih, prisutni su bili i gosti iz Novog Grada te susjedne Hrvatske.<\/p>\n<p>-Sala je u jednom trenutku bila mala da primi sve goste i takmi\u010dare koji su po\u010deli sa svojim prvim treningom. Interesovanje za ovaj sve popularniji sport je sve ve\u0107e i zadovoljni smo sa odzivom &#8211; rekao je Sa\u0161a Daji\u0107, sportski direktor novog kluba.<\/p>\n<p><a href=\"https:\/\/www.prijedordanas.com\/wp-content\/uploads\/2016\/01\/mma-klub-prijedor-prvi-trening-5.jpg\" rel=\"attachment wp-att-39779\"><img loading=\"lazy\" decoding=\"async\" class=\"alignleft size-medium wp-image-39779\" src=\"https:\/\/www.prijedordanas.com\/wp-content\/uploads\/2016\/01\/mma-klub-prijedor-prvi-trening-5-300x180.jpg\" alt=\"mma klub prijedor-prvi trening (5)\" width=\"300\" height=\"180\" srcset=\"https:\/\/www.prijedordanas.com\/wp-content\/uploads\/2016\/01\/mma-klub-prijedor-prvi-trening-5-300x180.jpg 300w, https:\/\/www.prijedordanas.com\/wp-content\/uploads\/2016\/01\/mma-klub-prijedor-prvi-trening-5.jpg 600w\" sizes=\"(max-width: 300px) 100vw, 300px\" \/><\/a>Pioniri prijedorskog MMA su izrazili zahvalnost svima koji su podr\u017eali na startu aktivnosti, uz poziv<\/p>\n<p>-O\u010dekujem da \u0107e odziv biti jo\u0161 ve\u0107i jer imamo najava jo\u0161 dosta znati\u017eeljnika za bavljenje ovom vje\u0161tinom koji \u0107e se priklju\u010diti na nekom od sljede\u0107ih treninga. Vje\u017eba\u0107emo u prostoru biv\u0161e Mljekare Vitamilk nedaleko od stadiona FK Gomjenica u istoimenom prijedorskom naselju &#8211; rekao je istaknuti d\u017eudo-stru\u010dnjak, a sada i trener u Akademiji sportova MMA Prijedor Radenko Marinovi\u0107.<\/p>\n<p>Tekst \u2013 Nenad \u0110eri\u0107\/Aleksandar Drakuli\u0107 \u2013 <a href=\"www.prijedordanas.com\" target=\"_blank\">www.prijedordanas.com<\/a><br \/>\nFoto &#8211; Akademija Borila\u010dkih Sportova MMA klub Prijedor<\/p>\n<p><a href=\"https:\/\/www.prijedordanas.com\/wp-content\/uploads\/2016\/01\/mma-klub-prijedor-prvi-trening-2.jpg\" rel=\"attachment wp-att-39780\"><img loading=\"lazy\" decoding=\"async\" class=\"alignleft size-medium wp-image-39780\" src=\"https:\/\/www.prijedordanas.com\/wp-content\/uploads\/2016\/01\/mma-klub-prijedor-prvi-trening-2-300x180.jpg\" alt=\"mma klub prijedor-prvi trening (2)\" width=\"300\" height=\"180\" srcset=\"https:\/\/www.prijedordanas.com\/wp-content\/uploads\/2016\/01\/mma-klub-prijedor-prvi-trening-2-300x180.jpg 300w, https:\/\/www.prijedordanas.com\/wp-content\/uploads\/2016\/01\/mma-klub-prijedor-prvi-trening-2.jpg 600w\" sizes=\"(max-width: 300px) 100vw, 300px\" \/><\/a> <a href=\"https:\/\/www.prijedordanas.com\/wp-content\/uploads\/2016\/01\/mma-klub-prijedor-prvi-trening-3.jpg\" rel=\"attachment wp-att-39781\"><img loading=\"lazy\" decoding=\"async\" class=\"alignleft size-medium wp-image-39781\" src=\"https:\/\/www.prijedordanas.com\/wp-content\/uploads\/2016\/01\/mma-klub-prijedor-prvi-trening-3-300x180.jpg\" alt=\"mma klub prijedor-prvi trening (3)\" width=\"300\" height=\"180\" srcset=\"https:\/\/www.prijedordanas.com\/wp-content\/uploads\/2016\/01\/mma-klub-prijedor-prvi-trening-3-300x180.jpg 300w, https:\/\/www.prijedordanas.com\/wp-content\/uploads\/2016\/01\/mma-klub-prijedor-prvi-trening-3.jpg 600w\" sizes=\"(max-width: 300px) 100vw, 300px\" \/><\/a> <a href=\"https:\/\/www.prijedordanas.com\/wp-content\/uploads\/2016\/01\/mma-klub-prijedor-prvi-trening-4.jpg\" rel=\"attachment wp-att-39782\"><img loading=\"lazy\" decoding=\"async\" class=\"alignleft size-medium wp-image-39782\" src=\"https:\/\/www.prijedordanas.com\/wp-content\/uploads\/2016\/01\/mma-klub-prijedor-prvi-trening-4-300x180.jpg\" alt=\"mma klub prijedor-prvi trening (4)\" width=\"300\" height=\"180\" srcset=\"https:\/\/www.prijedordanas.com\/wp-content\/uploads\/2016\/01\/mma-klub-prijedor-prvi-trening-4-300x180.jpg 300w, https:\/\/www.prijedordanas.com\/wp-content\/uploads\/2016\/01\/mma-klub-prijedor-prvi-trening-4.jpg 600w\" sizes=\"(max-width: 300px) 100vw, 300px\" \/><\/a><\/p>\n","protected":false},"excerpt":{"rendered":"<p>U gradu na Sani po\u010deo je sa radom novi sportski kolektiv &#8211; Akademija Borila\u010dkih Sportova MMA klub Prijedor. Na sve\u010danom otvaranju i prvom treningu prisustvovalo je 20 polaznika ove atraktivne [&hellip;]<\/p>\n","protected":false},"author":1,"featured_media":0,"comment_status":"closed","ping_status":"open","sticky":false,"template":"","format":"standard","meta":{"_monsterinsights_skip_tracking":false,"_monsterinsights_sitenote_active":false,"_monsterinsights_sitenote_note":"","_monsterinsights_sitenote_category":0,"footnotes":""},"categories":[7],"tags":[6522,3796,4802],"yoast_head":"<!-- This site is optimized with the Yoast SEO plugin v21.6 - https:\/\/yoast.com\/wordpress\/plugins\/seo\/ -->\n<title>SA RADOM PO\u010cEO NOVI SPORTSKI KOLEKTIV U PRIJEDORU: MMA KLUB PRIVUKAO PA\u017dNJU - FOTO - PrijedorDanas.com - Prijedorski gradski portal<\/title>\n<meta name=\"robots\" content=\"index, follow, max-snippet:-1, max-image-preview:large, max-video-preview:-1\" \/>\n<link rel=\"canonical\" href=\"https:\/\/www.prijedordanas.com\/?p=39777\" \/>\n<meta property=\"og:locale\" content=\"en_US\" \/>\n<meta property=\"og:type\" content=\"article\" \/>\n<meta property=\"og:title\" content=\"SA RADOM PO\u010cEO NOVI SPORTSKI KOLEKTIV U PRIJEDORU: MMA KLUB PRIVUKAO PA\u017dNJU - FOTO - PrijedorDanas.com - Prijedorski gradski portal\" \/>\n<meta property=\"og:description\" content=\"U gradu na Sani po\u010deo je sa radom novi sportski kolektiv &#8211; Akademija Borila\u010dkih Sportova MMA klub Prijedor. Na sve\u010danom otvaranju i prvom treningu prisustvovalo je 20 polaznika ove atraktivne [&hellip;]\" \/>\n<meta property=\"og:url\" content=\"https:\/\/www.prijedordanas.com\/?p=39777\" \/>\n<meta property=\"og:site_name\" content=\"PrijedorDanas.com - Prijedorski gradski portal\" \/>\n<meta property=\"article:publisher\" content=\"https:\/\/www.facebook.com\/PrijedorDanasCom\/\" \/>\n<meta property=\"article:published_time\" content=\"2016-01-23T08:20:45+00:00\" \/>\n<meta property=\"og:image\" content=\"https:\/\/www.prijedordanas.com\/wp-content\/uploads\/2016\/01\/mma-klub-prijedor-prvi-trening-1-300x180.jpg\" \/>\n<meta name=\"author\" content=\"admin\" \/>\n<meta name=\"twitter:card\" content=\"summary_large_image\" \/>\n<meta name=\"twitter:label1\" content=\"Written by\" \/>\n\t<meta name=\"twitter:data1\" content=\"admin\" \/>\n\t<meta name=\"twitter:label2\" content=\"Est. reading time\" \/>\n\t<meta name=\"twitter:data2\" content=\"1 minute\" \/>\n<script type=\"application\/ld+json\" class=\"yoast-schema-graph\">{\"@context\":\"https:\/\/schema.org\",\"@graph\":[{\"@type\":\"Article\",\"@id\":\"https:\/\/www.prijedordanas.com\/?p=39777#article\",\"isPartOf\":{\"@id\":\"https:\/\/www.prijedordanas.com\/?p=39777\"},\"author\":{\"name\":\"admin\",\"@id\":\"https:\/\/www.prijedordanas.com\/#\/schema\/person\/4e08ccf29b506ca916ff86d46bb700e6\"},\"headline\":\"SA RADOM PO\u010cEO NOVI SPORTSKI KOLEKTIV U PRIJEDORU: MMA KLUB PRIVUKAO PA\u017dNJU &#8211; FOTO\",\"datePublished\":\"2016-01-23T08:20:45+00:00\",\"dateModified\":\"2016-01-23T08:20:45+00:00\",\"mainEntityOfPage\":{\"@id\":\"https:\/\/www.prijedordanas.com\/?p=39777\"},\"wordCount\":248,\"publisher\":{\"@id\":\"https:\/\/www.prijedordanas.com\/#organization\"},\"keywords\":[\"Akademija Borila\u010dkih Sportova MMA klub Prijedor\",\"Radenko Marinovi\u0107\",\"Sa\u0161a Daji\u0107\"],\"articleSection\":[\"Sport\"],\"inLanguage\":\"en-US\"},{\"@type\":\"WebPage\",\"@id\":\"https:\/\/www.prijedordanas.com\/?p=39777\",\"url\":\"https:\/\/www.prijedordanas.com\/?p=39777\",\"name\":\"SA RADOM PO\u010cEO NOVI SPORTSKI KOLEKTIV U PRIJEDORU: MMA KLUB PRIVUKAO PA\u017dNJU - FOTO - PrijedorDanas.com - Prijedorski gradski portal\",\"isPartOf\":{\"@id\":\"https:\/\/www.prijedordanas.com\/#website\"},\"datePublished\":\"2016-01-23T08:20:45+00:00\",\"dateModified\":\"2016-01-23T08:20:45+00:00\",\"breadcrumb\":{\"@id\":\"https:\/\/www.prijedordanas.com\/?p=39777#breadcrumb\"},\"inLanguage\":\"en-US\",\"potentialAction\":[{\"@type\":\"ReadAction\",\"target\":[\"https:\/\/www.prijedordanas.com\/?p=39777\"]}]},{\"@type\":\"BreadcrumbList\",\"@id\":\"https:\/\/www.prijedordanas.com\/?p=39777#breadcrumb\",\"itemListElement\":[{\"@type\":\"ListItem\",\"position\":1,\"name\":\"Home\",\"item\":\"https:\/\/www.prijedordanas.com\/\"},{\"@type\":\"ListItem\",\"position\":2,\"name\":\"SA RADOM PO\u010cEO NOVI SPORTSKI KOLEKTIV U PRIJEDORU: MMA KLUB PRIVUKAO PA\u017dNJU &#8211; FOTO\"}]},{\"@type\":\"WebSite\",\"@id\":\"https:\/\/www.prijedordanas.com\/#website\",\"url\":\"https:\/\/www.prijedordanas.com\/\",\"name\":\"PrijedorDanas.com - Prijedorski gradski portal\",\"description\":\"Portal o doga\u0111anjima u gradu Prijedoru\",\"publisher\":{\"@id\":\"https:\/\/www.prijedordanas.com\/#organization\"},\"potentialAction\":[{\"@type\":\"SearchAction\",\"target\":{\"@type\":\"EntryPoint\",\"urlTemplate\":\"https:\/\/www.prijedordanas.com\/?s={search_term_string}\"},\"query-input\":\"required name=search_term_string\"}],\"inLanguage\":\"en-US\"},{\"@type\":\"Organization\",\"@id\":\"https:\/\/www.prijedordanas.com\/#organization\",\"name\":\"PrijedorDanas.com\",\"url\":\"https:\/\/www.prijedordanas.com\/\",\"logo\":{\"@type\":\"ImageObject\",\"inLanguage\":\"en-US\",\"@id\":\"https:\/\/www.prijedordanas.com\/#\/schema\/logo\/image\/\",\"url\":\"http:\/\/www.prijedordanas.com\/wp-content\/uploads\/2021\/12\/logopng.png\",\"contentUrl\":\"http:\/\/www.prijedordanas.com\/wp-content\/uploads\/2021\/12\/logopng.png\",\"width\":1019,\"height\":776,\"caption\":\"PrijedorDanas.com\"},\"image\":{\"@id\":\"https:\/\/www.prijedordanas.com\/#\/schema\/logo\/image\/\"},\"sameAs\":[\"https:\/\/www.facebook.com\/PrijedorDanasCom\/\"]},{\"@type\":\"Person\",\"@id\":\"https:\/\/www.prijedordanas.com\/#\/schema\/person\/4e08ccf29b506ca916ff86d46bb700e6\",\"name\":\"admin\",\"image\":{\"@type\":\"ImageObject\",\"inLanguage\":\"en-US\",\"@id\":\"https:\/\/www.prijedordanas.com\/#\/schema\/person\/image\/\",\"url\":\"https:\/\/secure.gravatar.com\/avatar\/1d3fc949d550f0b53a5f0d51e06dfd79?s=96&d=mm&r=g\",\"contentUrl\":\"https:\/\/secure.gravatar.com\/avatar\/1d3fc949d550f0b53a5f0d51e06dfd79?s=96&d=mm&r=g\",\"caption\":\"admin\"},\"url\":\"https:\/\/www.prijedordanas.com\/?author=1\"}]}<\/script>\n<!-- \/ Yoast SEO plugin. -->","yoast_head_json":{"title":"SA RADOM PO\u010cEO NOVI SPORTSKI KOLEKTIV U PRIJEDORU: MMA KLUB PRIVUKAO PA\u017dNJU - FOTO - PrijedorDanas.com - Prijedorski gradski portal","robots":{"index":"index","follow":"follow","max-snippet":"max-snippet:-1","max-image-preview":"max-image-preview:large","max-video-preview":"max-video-preview:-1"},"canonical":"https:\/\/www.prijedordanas.com\/?p=39777","og_locale":"en_US","og_type":"article","og_title":"SA RADOM PO\u010cEO NOVI SPORTSKI KOLEKTIV U PRIJEDORU: MMA KLUB PRIVUKAO PA\u017dNJU - FOTO - PrijedorDanas.com - Prijedorski gradski portal","og_description":"U gradu na Sani po\u010deo je sa radom novi sportski kolektiv &#8211; Akademija Borila\u010dkih Sportova MMA klub Prijedor. Na sve\u010danom otvaranju i prvom treningu prisustvovalo je 20 polaznika ove atraktivne [&hellip;]","og_url":"https:\/\/www.prijedordanas.com\/?p=39777","og_site_name":"PrijedorDanas.com - Prijedorski gradski portal","article_publisher":"https:\/\/www.facebook.com\/PrijedorDanasCom\/","article_published_time":"2016-01-23T08:20:45+00:00","og_image":[{"url":"https:\/\/www.prijedordanas.com\/wp-content\/uploads\/2016\/01\/mma-klub-prijedor-prvi-trening-1-300x180.jpg"}],"author":"admin","twitter_card":"summary_large_image","twitter_misc":{"Written by":"admin","Est. reading time":"1 minute"},"schema":{"@context":"https:\/\/schema.org","@graph":[{"@type":"Article","@id":"https:\/\/www.prijedordanas.com\/?p=39777#article","isPartOf":{"@id":"https:\/\/www.prijedordanas.com\/?p=39777"},"author":{"name":"admin","@id":"https:\/\/www.prijedordanas.com\/#\/schema\/person\/4e08ccf29b506ca916ff86d46bb700e6"},"headline":"SA RADOM PO\u010cEO NOVI SPORTSKI KOLEKTIV U PRIJEDORU: MMA KLUB PRIVUKAO PA\u017dNJU &#8211; FOTO","datePublished":"2016-01-23T08:20:45+00:00","dateModified":"2016-01-23T08:20:45+00:00","mainEntityOfPage":{"@id":"https:\/\/www.prijedordanas.com\/?p=39777"},"wordCount":248,"publisher":{"@id":"https:\/\/www.prijedordanas.com\/#organization"},"keywords":["Akademija Borila\u010dkih Sportova MMA klub Prijedor","Radenko Marinovi\u0107","Sa\u0161a Daji\u0107"],"articleSection":["Sport"],"inLanguage":"en-US"},{"@type":"WebPage","@id":"https:\/\/www.prijedordanas.com\/?p=39777","url":"https:\/\/www.prijedordanas.com\/?p=39777","name":"SA RADOM PO\u010cEO NOVI SPORTSKI KOLEKTIV U PRIJEDORU: MMA KLUB PRIVUKAO PA\u017dNJU - FOTO - PrijedorDanas.com - Prijedorski gradski portal","isPartOf":{"@id":"https:\/\/www.prijedordanas.com\/#website"},"datePublished":"2016-01-23T08:20:45+00:00","dateModified":"2016-01-23T08:20:45+00:00","breadcrumb":{"@id":"https:\/\/www.prijedordanas.com\/?p=39777#breadcrumb"},"inLanguage":"en-US","potentialAction":[{"@type":"ReadAction","target":["https:\/\/www.prijedordanas.com\/?p=39777"]}]},{"@type":"BreadcrumbList","@id":"https:\/\/www.prijedordanas.com\/?p=39777#breadcrumb","itemListElement":[{"@type":"ListItem","position":1,"name":"Home","item":"https:\/\/www.prijedordanas.com\/"},{"@type":"ListItem","position":2,"name":"SA RADOM PO\u010cEO NOVI SPORTSKI KOLEKTIV U PRIJEDORU: MMA KLUB PRIVUKAO PA\u017dNJU &#8211; FOTO"}]},{"@type":"WebSite","@id":"https:\/\/www.prijedordanas.com\/#website","url":"https:\/\/www.prijedordanas.com\/","name":"PrijedorDanas.com - Prijedorski gradski portal","description":"Portal o doga\u0111anjima u gradu Prijedoru","publisher":{"@id":"https:\/\/www.prijedordanas.com\/#organization"},"potentialAction":[{"@type":"SearchAction","target":{"@type":"EntryPoint","urlTemplate":"https:\/\/www.prijedordanas.com\/?s={search_term_string}"},"query-input":"required name=search_term_string"}],"inLanguage":"en-US"},{"@type":"Organization","@id":"https:\/\/www.prijedordanas.com\/#organization","name":"PrijedorDanas.com","url":"https:\/\/www.prijedordanas.com\/","logo":{"@type":"ImageObject","inLanguage":"en-US","@id":"https:\/\/www.prijedordanas.com\/#\/schema\/logo\/image\/","url":"http:\/\/www.prijedordanas.com\/wp-content\/uploads\/2021\/12\/logopng.png","contentUrl":"http:\/\/www.prijedordanas.com\/wp-content\/uploads\/2021\/12\/logopng.png","width":1019,"height":776,"caption":"PrijedorDanas.com"},"image":{"@id":"https:\/\/www.prijedordanas.com\/#\/schema\/logo\/image\/"},"sameAs":["https:\/\/www.facebook.com\/PrijedorDanasCom\/"]},{"@type":"Person","@id":"https:\/\/www.prijedordanas.com\/#\/schema\/person\/4e08ccf29b506ca916ff86d46bb700e6","name":"admin","image":{"@type":"ImageObject","inLanguage":"en-US","@id":"https:\/\/www.prijedordanas.com\/#\/schema\/person\/image\/","url":"https:\/\/secure.gravatar.com\/avatar\/1d3fc949d550f0b53a5f0d51e06dfd79?s=96&d=mm&r=g","contentUrl":"https:\/\/secure.gravatar.com\/avatar\/1d3fc949d550f0b53a5f0d51e06dfd79?s=96&d=mm&r=g","caption":"admin"},"url":"https:\/\/www.prijedordanas.com\/?author=1"}]}},"_links":{"self":[{"href":"https:\/\/www.prijedordanas.com\/index.php?rest_route=\/wp\/v2\/posts\/39777"}],"collection":[{"href":"https:\/\/www.prijedordanas.com\/index.php?rest_route=\/wp\/v2\/posts"}],"about":[{"href":"https:\/\/www.prijedordanas.com\/index.php?rest_route=\/wp\/v2\/types\/post"}],"author":[{"embeddable":true,"href":"https:\/\/www.prijedordanas.com\/index.php?rest_route=\/wp\/v2\/users\/1"}],"replies":[{"embeddable":true,"href":"https:\/\/www.prijedordanas.com\/index.php?rest_route=%2Fwp%2Fv2%2Fcomments&post=39777"}],"version-history":[{"count":1,"href":"https:\/\/www.prijedordanas.com\/index.php?rest_route=\/wp\/v2\/posts\/39777\/revisions"}],"predecessor-version":[{"id":39783,"href":"https:\/\/www.prijedordanas.com\/index.php?rest_route=\/wp\/v2\/posts\/39777\/revisions\/39783"}],"wp:attachment":[{"href":"https:\/\/www.prijedordanas.com\/index.php?rest_route=%2Fwp%2Fv2%2Fmedia&parent=39777"}],"wp:term":[{"taxonomy":"category","embeddable":true,"href":"https:\/\/www.prijedordanas.com\/index.php?rest_route=%2Fwp%2Fv2%2Fcategories&post=39777"},{"taxonomy":"post_tag","embeddable":true,"href":"https:\/\/www.prijedordanas.com\/index.php?rest_route=%2Fwp%2Fv2%2Ftags&post=39777"}],"curies":[{"name":"wp","href":"https:\/\/api.w.org\/{rel}","templated":true}]}}