{"id":39558,"date":"2016-01-20T18:34:21","date_gmt":"2016-01-20T17:34:21","guid":{"rendered":"https:\/\/www.prijedordanas.com\/?p=39558"},"modified":"2016-01-20T18:37:27","modified_gmt":"2016-01-20T17:37:27","slug":"akcija-trojka-uhapseni-presudeni-kriminalci-provaljivali-i-krali-dok-su-cekali-robiju-foto","status":"publish","type":"post","link":"https:\/\/www.prijedordanas.com\/?p=39558","title":{"rendered":"AKCIJA \u201eTROJKA\u201c-UHAP\u0160ENI PRESU\u0110ENI KRIMINALCI: PROVALJIVALI I KRALI DOK SU \u010cEKALI ROBIJU \u2013 FOTO"},"content":{"rendered":"<p><a href=\"https:\/\/www.prijedordanas.com\/wp-content\/uploads\/2016\/01\/nezavisne-akcija-trojka-1.jpg\" rel=\"attachment wp-att-39559\"><img loading=\"lazy\" decoding=\"async\" class=\"alignleft size-medium wp-image-39559\" src=\"https:\/\/www.prijedordanas.com\/wp-content\/uploads\/2016\/01\/nezavisne-akcija-trojka-1-300x200.jpg\" alt=\"nezavisne-akcija trojka (1)\" width=\"300\" height=\"200\" srcset=\"https:\/\/www.prijedordanas.com\/wp-content\/uploads\/2016\/01\/nezavisne-akcija-trojka-1-300x200.jpg 300w, https:\/\/www.prijedordanas.com\/wp-content\/uploads\/2016\/01\/nezavisne-akcija-trojka-1-480x320.jpg 480w, https:\/\/www.prijedordanas.com\/wp-content\/uploads\/2016\/01\/nezavisne-akcija-trojka-1.jpg 600w\" sizes=\"(max-width: 300px) 100vw, 300px\" \/><\/a>\u010cekaju\u0107i izvr\u0161enje presude i odlazak u zatvorsku \u0107eliju, grupa razbojnika, na \u010delu s Nevenom Ne\u0161kovi\u0107em (33), iskoristila je \u010dinjenicu da su na slobodi kako bi po\u010dinila nova razbojni\u0161tva u Prijedoru i Doboju.<\/p>\n<p>Kako &#8220;Nezavisne&#8221; saznaju, pored Ne\u0161kovi\u0107a, u akciji &#8220;Trojka&#8221;, koja je sprovedena u ponedjeljak u Banjaluci i Novom Gradu uhap\u0161eni su i Milenko Vuruni\u0107 (41), Dalibor I. (41) i B.S. (32), dok se za jednim osumnji\u010denim intenzivno traga.<\/p>\n<p>Podsje\u0107amo, Ne\u0161kovi\u0107 i Vuruni\u0107 su u avgustu pro\u0161le godine u slu\u010daju &#8220;Kastelo&#8221; sa Specijalnim tu\u017eila\u0161tvom RS potpisali sporazum o priznanju krivice za organizovane plja\u010dke benzinskih pumpi i prodavnica na podru\u010dju nekoliko op\u0161tina, koje su izvr\u0161ili od 2011. do 2014. godine.<\/p>\n<p><a href=\"https:\/\/www.prijedordanas.com\/wp-content\/uploads\/2016\/01\/nezavisne-akcija-trojka-2.jpg\" rel=\"attachment wp-att-39561\"><img loading=\"lazy\" decoding=\"async\" class=\"alignleft size-medium wp-image-39561\" src=\"https:\/\/www.prijedordanas.com\/wp-content\/uploads\/2016\/01\/nezavisne-akcija-trojka-2-300x180.jpg\" alt=\"nezavisne-akcija trojka (2)\" width=\"300\" height=\"180\" srcset=\"https:\/\/www.prijedordanas.com\/wp-content\/uploads\/2016\/01\/nezavisne-akcija-trojka-2-300x180.jpg 300w, https:\/\/www.prijedordanas.com\/wp-content\/uploads\/2016\/01\/nezavisne-akcija-trojka-2.jpg 600w\" sizes=\"(max-width: 300px) 100vw, 300px\" \/><\/a>Dobili su \u010detiri, odnosno tri godine zatvora, a presuda je postala pravosna\u017ena tek u januaru ove godine, s tim da im sud nije produ\u017eavao pritvor.<\/p>\n<p>Ina\u010de, tokom akcije &#8220;Trojka&#8221;, u kojoj su, pored prijedorske policije, u\u010destvovali i pripadnici Specijalne jedinice policije i Jedinice za podr\u0161ku, prona\u0111eni su dokazi koji uhap\u0161ene povezuju s tri te\u0161ke kra\u0111e.<\/p>\n<p>U pitanju su filmska plja\u010dka u Tr\u017enom centru &#8220;Bingo&#8221; u Doboju, kada je 22. decembra pro\u0161le godine ukradeno oko 20.000 maraka, te kra\u0111a u butiku &#8220;Bang Bang&#8221; i prodavnici &#8220;Niki\u0107&#8221; u Prijedoru, gdje su lopovi uspjeli ukrasti ukupno oko 15.000 maraka.<\/p>\n<p>Izvor blizak istrazi nam je ispri\u010dao kako je gotovo izvjesno da je dio \u010dlanova ove grupe po\u010dinio i te\u0161ku kra\u0111u u Tr\u017enom centru &#8220;Bingo&#8221; 4. decembra pro\u0161le godine u Prijedoru, kada su ukradenim automobilom provaljena vrata ovog centra i kada je iz mjenja\u010dnice ukradeno oko 95.000 maraka.<\/p>\n<p><a href=\"https:\/\/www.prijedordanas.com\/wp-content\/uploads\/2016\/01\/nezavisne-akcija-trojka-3.jpg\" rel=\"attachment wp-att-39563\"><img loading=\"lazy\" decoding=\"async\" class=\"alignleft size-medium wp-image-39563\" src=\"https:\/\/www.prijedordanas.com\/wp-content\/uploads\/2016\/01\/nezavisne-akcija-trojka-3-300x187.jpg\" alt=\"nezavisne-akcija trojka (3)\" width=\"300\" height=\"187\" srcset=\"https:\/\/www.prijedordanas.com\/wp-content\/uploads\/2016\/01\/nezavisne-akcija-trojka-3-300x187.jpg 300w, https:\/\/www.prijedordanas.com\/wp-content\/uploads\/2016\/01\/nezavisne-akcija-trojka-3.jpg 600w\" sizes=\"(max-width: 300px) 100vw, 300px\" \/><\/a>&#8220;Za taj slu\u010daj su prona\u0111eni dokazi, koji ukazuju na umije\u0161anost grupe u ovo krivi\u010dno djelo, ali se moraju odraditi dodatne DNK analize kako bi se to potvrdilo&#8221;, kazao nam je on.<\/p>\n<p>Ovu pri\u010du potvrdio je i djelimi\u010dno Radomir Duki\u0107, na\u010delnik Sektora krim-policije CJB Prijedor, koji je rekao kako postoje indicije i tragovi da je najmanje jedan od uhap\u0161enih povezan s ovim slu\u010dajem.<\/p>\n<p>Pretresom Ne\u0161kovi\u0107evog stana policija je prona\u0161la i oduzela odre\u0111ene ukradene predmete, dok su kod Dalibora I. prona\u0111ena dva raketna baca\u010da i okvir s municijom.<\/p>\n<p>&#8220;Svi prona\u0111eni i oduzeti predmeti \u0107e u daljem postupku biti kori\u0161teni kao dokazi protiv osumnji\u010denih lica&#8221;, saop\u0161teno je iz Centra javne bezbjednosti (CJB) Prijedor.<\/p>\n<p><a href=\"https:\/\/www.prijedordanas.com\/wp-content\/uploads\/2016\/01\/pljacka-mjenjacnica-trzni-centar-4.jpg\" rel=\"attachment wp-att-39564\"><img loading=\"lazy\" decoding=\"async\" src=\"https:\/\/www.prijedordanas.com\/wp-content\/uploads\/2016\/01\/pljacka-mjenjacnica-trzni-centar-4-300x199.jpg\" alt=\"pljacka-mjenjacnica-trzni centar (4)\" width=\"300\" height=\"199\" class=\"alignleft size-medium wp-image-39564\" srcset=\"https:\/\/www.prijedordanas.com\/wp-content\/uploads\/2016\/01\/pljacka-mjenjacnica-trzni-centar-4-300x200.jpg 300w, https:\/\/www.prijedordanas.com\/wp-content\/uploads\/2016\/01\/pljacka-mjenjacnica-trzni-centar-4-768x509.jpg 768w, https:\/\/www.prijedordanas.com\/wp-content\/uploads\/2016\/01\/pljacka-mjenjacnica-trzni-centar-4-480x320.jpg 480w, https:\/\/www.prijedordanas.com\/wp-content\/uploads\/2016\/01\/pljacka-mjenjacnica-trzni-centar-4.jpg 800w\" sizes=\"(max-width: 300px) 100vw, 300px\" \/><\/a>Dalibor Ivani\u0107, na\u010delnik CJB Prijedor, rekao je da je &#8220;Trojka&#8221; planska akcija, koja je pripremana du\u017ei period, sinhronizovano i u koordinaciji CJB Prijedor, CJB Doboj, Upravom Krim-policije, MUP-a RS i uz anga\u017eovanje Specijalne jedinice policije i pripadnika Jedinice za podr\u0161ku.<\/p>\n<p>&#8220;Vjerujemo da \u0107e u narednih mjesec dana sve biti mnogo jasnije. Uglavnom, ocjenjujemo akciju uspje\u0161nom&#8221;, istakao je Ivani\u0107.<\/p>\n<p>Dalibor I., B.S. i Milenko Vuruni\u0107 su pu\u0161teni na slobodu, dok je Ne\u0161kovi\u0107 sproveden u Okru\u017eno tu\u017eila\u0161tvo u Banjaluci, nakon \u010dega je predlo\u017eeno odre\u0111ivanje pritvora.<\/p>\n<p>Protiv Dalibora I. bi\u0107e podnesen izvje\u0161taj zbog nedozvoljene proizvodnje i prometa oru\u017eja ili eksplozivnih materija.<\/p>\n<p>Nezavisne novine<\/p>\n","protected":false},"excerpt":{"rendered":"<p>\u010cekaju\u0107i izvr\u0161enje presude i odlazak u zatvorsku \u0107eliju, grupa razbojnika, na \u010delu s Nevenom Ne\u0161kovi\u0107em (33), iskoristila je \u010dinjenicu da su na slobodi kako bi po\u010dinila nova razbojni\u0161tva u Prijedoru [&hellip;]<\/p>\n","protected":false},"author":1,"featured_media":0,"comment_status":"closed","ping_status":"open","sticky":false,"template":"","format":"standard","meta":{"_monsterinsights_skip_tracking":false,"_monsterinsights_sitenote_active":false,"_monsterinsights_sitenote_note":"","_monsterinsights_sitenote_category":0,"footnotes":""},"categories":[5],"tags":[6527,38,3188,1326,6547,6548],"yoast_head":"<!-- This site is optimized with the Yoast SEO plugin v21.6 - https:\/\/yoast.com\/wordpress\/plugins\/seo\/ -->\n<title>AKCIJA \u201eTROJKA\u201c-UHAP\u0160ENI PRESU\u0110ENI KRIMINALCI: PROVALJIVALI I KRALI DOK SU \u010cEKALI ROBIJU \u2013 FOTO - PrijedorDanas.com - Prijedorski gradski portal<\/title>\n<meta name=\"robots\" content=\"index, follow, max-snippet:-1, max-image-preview:large, max-video-preview:-1\" \/>\n<link rel=\"canonical\" href=\"https:\/\/www.prijedordanas.com\/?p=39558\" \/>\n<meta property=\"og:locale\" content=\"en_US\" \/>\n<meta property=\"og:type\" content=\"article\" \/>\n<meta property=\"og:title\" content=\"AKCIJA \u201eTROJKA\u201c-UHAP\u0160ENI PRESU\u0110ENI KRIMINALCI: PROVALJIVALI I KRALI DOK SU \u010cEKALI ROBIJU \u2013 FOTO - PrijedorDanas.com - Prijedorski gradski portal\" \/>\n<meta property=\"og:description\" content=\"\u010cekaju\u0107i izvr\u0161enje presude i odlazak u zatvorsku \u0107eliju, grupa razbojnika, na \u010delu s Nevenom Ne\u0161kovi\u0107em (33), iskoristila je \u010dinjenicu da su na slobodi kako bi po\u010dinila nova razbojni\u0161tva u Prijedoru [&hellip;]\" \/>\n<meta property=\"og:url\" content=\"https:\/\/www.prijedordanas.com\/?p=39558\" \/>\n<meta property=\"og:site_name\" content=\"PrijedorDanas.com - Prijedorski gradski portal\" \/>\n<meta property=\"article:publisher\" content=\"https:\/\/www.facebook.com\/PrijedorDanasCom\/\" \/>\n<meta property=\"article:published_time\" content=\"2016-01-20T17:34:21+00:00\" \/>\n<meta property=\"article:modified_time\" content=\"2016-01-20T17:37:27+00:00\" \/>\n<meta property=\"og:image\" content=\"https:\/\/www.prijedordanas.com\/wp-content\/uploads\/2016\/01\/nezavisne-akcija-trojka-1-300x200.jpg\" \/>\n<meta name=\"author\" content=\"admin\" \/>\n<meta name=\"twitter:card\" content=\"summary_large_image\" \/>\n<meta name=\"twitter:label1\" content=\"Written by\" \/>\n\t<meta name=\"twitter:data1\" content=\"admin\" \/>\n\t<meta name=\"twitter:label2\" content=\"Est. reading time\" \/>\n\t<meta name=\"twitter:data2\" content=\"3 minutes\" \/>\n<script type=\"application\/ld+json\" class=\"yoast-schema-graph\">{\"@context\":\"https:\/\/schema.org\",\"@graph\":[{\"@type\":\"Article\",\"@id\":\"https:\/\/www.prijedordanas.com\/?p=39558#article\",\"isPartOf\":{\"@id\":\"https:\/\/www.prijedordanas.com\/?p=39558\"},\"author\":{\"name\":\"admin\",\"@id\":\"https:\/\/www.prijedordanas.com\/#\/schema\/person\/4e08ccf29b506ca916ff86d46bb700e6\"},\"headline\":\"AKCIJA \u201eTROJKA\u201c-UHAP\u0160ENI PRESU\u0110ENI KRIMINALCI: PROVALJIVALI I KRALI DOK SU \u010cEKALI ROBIJU \u2013 FOTO\",\"datePublished\":\"2016-01-20T17:34:21+00:00\",\"dateModified\":\"2016-01-20T17:37:27+00:00\",\"mainEntityOfPage\":{\"@id\":\"https:\/\/www.prijedordanas.com\/?p=39558\"},\"wordCount\":542,\"publisher\":{\"@id\":\"https:\/\/www.prijedordanas.com\/#organization\"},\"keywords\":[\"akcija \\\"Trojka\\\"\",\"CJB Prijedor\",\"hap\u0161enja\",\"kra\u0111e\",\"kriminalci\",\"robija\"],\"articleSection\":[\"Hronika\"],\"inLanguage\":\"en-US\"},{\"@type\":\"WebPage\",\"@id\":\"https:\/\/www.prijedordanas.com\/?p=39558\",\"url\":\"https:\/\/www.prijedordanas.com\/?p=39558\",\"name\":\"AKCIJA \u201eTROJKA\u201c-UHAP\u0160ENI PRESU\u0110ENI KRIMINALCI: PROVALJIVALI I KRALI DOK SU \u010cEKALI ROBIJU \u2013 FOTO - PrijedorDanas.com - Prijedorski gradski portal\",\"isPartOf\":{\"@id\":\"https:\/\/www.prijedordanas.com\/#website\"},\"datePublished\":\"2016-01-20T17:34:21+00:00\",\"dateModified\":\"2016-01-20T17:37:27+00:00\",\"breadcrumb\":{\"@id\":\"https:\/\/www.prijedordanas.com\/?p=39558#breadcrumb\"},\"inLanguage\":\"en-US\",\"potentialAction\":[{\"@type\":\"ReadAction\",\"target\":[\"https:\/\/www.prijedordanas.com\/?p=39558\"]}]},{\"@type\":\"BreadcrumbList\",\"@id\":\"https:\/\/www.prijedordanas.com\/?p=39558#breadcrumb\",\"itemListElement\":[{\"@type\":\"ListItem\",\"position\":1,\"name\":\"Home\",\"item\":\"https:\/\/www.prijedordanas.com\/\"},{\"@type\":\"ListItem\",\"position\":2,\"name\":\"AKCIJA \u201eTROJKA\u201c-UHAP\u0160ENI PRESU\u0110ENI KRIMINALCI: PROVALJIVALI I KRALI DOK SU \u010cEKALI ROBIJU \u2013 FOTO\"}]},{\"@type\":\"WebSite\",\"@id\":\"https:\/\/www.prijedordanas.com\/#website\",\"url\":\"https:\/\/www.prijedordanas.com\/\",\"name\":\"PrijedorDanas.com - Prijedorski gradski portal\",\"description\":\"Portal o doga\u0111anjima u gradu Prijedoru\",\"publisher\":{\"@id\":\"https:\/\/www.prijedordanas.com\/#organization\"},\"potentialAction\":[{\"@type\":\"SearchAction\",\"target\":{\"@type\":\"EntryPoint\",\"urlTemplate\":\"https:\/\/www.prijedordanas.com\/?s={search_term_string}\"},\"query-input\":\"required name=search_term_string\"}],\"inLanguage\":\"en-US\"},{\"@type\":\"Organization\",\"@id\":\"https:\/\/www.prijedordanas.com\/#organization\",\"name\":\"PrijedorDanas.com\",\"url\":\"https:\/\/www.prijedordanas.com\/\",\"logo\":{\"@type\":\"ImageObject\",\"inLanguage\":\"en-US\",\"@id\":\"https:\/\/www.prijedordanas.com\/#\/schema\/logo\/image\/\",\"url\":\"http:\/\/www.prijedordanas.com\/wp-content\/uploads\/2021\/12\/logopng.png\",\"contentUrl\":\"http:\/\/www.prijedordanas.com\/wp-content\/uploads\/2021\/12\/logopng.png\",\"width\":1019,\"height\":776,\"caption\":\"PrijedorDanas.com\"},\"image\":{\"@id\":\"https:\/\/www.prijedordanas.com\/#\/schema\/logo\/image\/\"},\"sameAs\":[\"https:\/\/www.facebook.com\/PrijedorDanasCom\/\"]},{\"@type\":\"Person\",\"@id\":\"https:\/\/www.prijedordanas.com\/#\/schema\/person\/4e08ccf29b506ca916ff86d46bb700e6\",\"name\":\"admin\",\"image\":{\"@type\":\"ImageObject\",\"inLanguage\":\"en-US\",\"@id\":\"https:\/\/www.prijedordanas.com\/#\/schema\/person\/image\/\",\"url\":\"https:\/\/secure.gravatar.com\/avatar\/1d3fc949d550f0b53a5f0d51e06dfd79?s=96&d=mm&r=g\",\"contentUrl\":\"https:\/\/secure.gravatar.com\/avatar\/1d3fc949d550f0b53a5f0d51e06dfd79?s=96&d=mm&r=g\",\"caption\":\"admin\"},\"url\":\"https:\/\/www.prijedordanas.com\/?author=1\"}]}<\/script>\n<!-- \/ Yoast SEO plugin. -->","yoast_head_json":{"title":"AKCIJA \u201eTROJKA\u201c-UHAP\u0160ENI PRESU\u0110ENI KRIMINALCI: PROVALJIVALI I KRALI DOK SU \u010cEKALI ROBIJU \u2013 FOTO - PrijedorDanas.com - Prijedorski gradski portal","robots":{"index":"index","follow":"follow","max-snippet":"max-snippet:-1","max-image-preview":"max-image-preview:large","max-video-preview":"max-video-preview:-1"},"canonical":"https:\/\/www.prijedordanas.com\/?p=39558","og_locale":"en_US","og_type":"article","og_title":"AKCIJA \u201eTROJKA\u201c-UHAP\u0160ENI PRESU\u0110ENI KRIMINALCI: PROVALJIVALI I KRALI DOK SU \u010cEKALI ROBIJU \u2013 FOTO - PrijedorDanas.com - Prijedorski gradski portal","og_description":"\u010cekaju\u0107i izvr\u0161enje presude i odlazak u zatvorsku \u0107eliju, grupa razbojnika, na \u010delu s Nevenom Ne\u0161kovi\u0107em (33), iskoristila je \u010dinjenicu da su na slobodi kako bi po\u010dinila nova razbojni\u0161tva u Prijedoru [&hellip;]","og_url":"https:\/\/www.prijedordanas.com\/?p=39558","og_site_name":"PrijedorDanas.com - Prijedorski gradski portal","article_publisher":"https:\/\/www.facebook.com\/PrijedorDanasCom\/","article_published_time":"2016-01-20T17:34:21+00:00","article_modified_time":"2016-01-20T17:37:27+00:00","og_image":[{"url":"https:\/\/www.prijedordanas.com\/wp-content\/uploads\/2016\/01\/nezavisne-akcija-trojka-1-300x200.jpg"}],"author":"admin","twitter_card":"summary_large_image","twitter_misc":{"Written by":"admin","Est. reading time":"3 minutes"},"schema":{"@context":"https:\/\/schema.org","@graph":[{"@type":"Article","@id":"https:\/\/www.prijedordanas.com\/?p=39558#article","isPartOf":{"@id":"https:\/\/www.prijedordanas.com\/?p=39558"},"author":{"name":"admin","@id":"https:\/\/www.prijedordanas.com\/#\/schema\/person\/4e08ccf29b506ca916ff86d46bb700e6"},"headline":"AKCIJA \u201eTROJKA\u201c-UHAP\u0160ENI PRESU\u0110ENI KRIMINALCI: PROVALJIVALI I KRALI DOK SU \u010cEKALI ROBIJU \u2013 FOTO","datePublished":"2016-01-20T17:34:21+00:00","dateModified":"2016-01-20T17:37:27+00:00","mainEntityOfPage":{"@id":"https:\/\/www.prijedordanas.com\/?p=39558"},"wordCount":542,"publisher":{"@id":"https:\/\/www.prijedordanas.com\/#organization"},"keywords":["akcija \"Trojka\"","CJB Prijedor","hap\u0161enja","kra\u0111e","kriminalci","robija"],"articleSection":["Hronika"],"inLanguage":"en-US"},{"@type":"WebPage","@id":"https:\/\/www.prijedordanas.com\/?p=39558","url":"https:\/\/www.prijedordanas.com\/?p=39558","name":"AKCIJA \u201eTROJKA\u201c-UHAP\u0160ENI PRESU\u0110ENI KRIMINALCI: PROVALJIVALI I KRALI DOK SU \u010cEKALI ROBIJU \u2013 FOTO - PrijedorDanas.com - Prijedorski gradski portal","isPartOf":{"@id":"https:\/\/www.prijedordanas.com\/#website"},"datePublished":"2016-01-20T17:34:21+00:00","dateModified":"2016-01-20T17:37:27+00:00","breadcrumb":{"@id":"https:\/\/www.prijedordanas.com\/?p=39558#breadcrumb"},"inLanguage":"en-US","potentialAction":[{"@type":"ReadAction","target":["https:\/\/www.prijedordanas.com\/?p=39558"]}]},{"@type":"BreadcrumbList","@id":"https:\/\/www.prijedordanas.com\/?p=39558#breadcrumb","itemListElement":[{"@type":"ListItem","position":1,"name":"Home","item":"https:\/\/www.prijedordanas.com\/"},{"@type":"ListItem","position":2,"name":"AKCIJA \u201eTROJKA\u201c-UHAP\u0160ENI PRESU\u0110ENI KRIMINALCI: PROVALJIVALI I KRALI DOK SU \u010cEKALI ROBIJU \u2013 FOTO"}]},{"@type":"WebSite","@id":"https:\/\/www.prijedordanas.com\/#website","url":"https:\/\/www.prijedordanas.com\/","name":"PrijedorDanas.com - Prijedorski gradski portal","description":"Portal o doga\u0111anjima u gradu Prijedoru","publisher":{"@id":"https:\/\/www.prijedordanas.com\/#organization"},"potentialAction":[{"@type":"SearchAction","target":{"@type":"EntryPoint","urlTemplate":"https:\/\/www.prijedordanas.com\/?s={search_term_string}"},"query-input":"required name=search_term_string"}],"inLanguage":"en-US"},{"@type":"Organization","@id":"https:\/\/www.prijedordanas.com\/#organization","name":"PrijedorDanas.com","url":"https:\/\/www.prijedordanas.com\/","logo":{"@type":"ImageObject","inLanguage":"en-US","@id":"https:\/\/www.prijedordanas.com\/#\/schema\/logo\/image\/","url":"http:\/\/www.prijedordanas.com\/wp-content\/uploads\/2021\/12\/logopng.png","contentUrl":"http:\/\/www.prijedordanas.com\/wp-content\/uploads\/2021\/12\/logopng.png","width":1019,"height":776,"caption":"PrijedorDanas.com"},"image":{"@id":"https:\/\/www.prijedordanas.com\/#\/schema\/logo\/image\/"},"sameAs":["https:\/\/www.facebook.com\/PrijedorDanasCom\/"]},{"@type":"Person","@id":"https:\/\/www.prijedordanas.com\/#\/schema\/person\/4e08ccf29b506ca916ff86d46bb700e6","name":"admin","image":{"@type":"ImageObject","inLanguage":"en-US","@id":"https:\/\/www.prijedordanas.com\/#\/schema\/person\/image\/","url":"https:\/\/secure.gravatar.com\/avatar\/1d3fc949d550f0b53a5f0d51e06dfd79?s=96&d=mm&r=g","contentUrl":"https:\/\/secure.gravatar.com\/avatar\/1d3fc949d550f0b53a5f0d51e06dfd79?s=96&d=mm&r=g","caption":"admin"},"url":"https:\/\/www.prijedordanas.com\/?author=1"}]}},"_links":{"self":[{"href":"https:\/\/www.prijedordanas.com\/index.php?rest_route=\/wp\/v2\/posts\/39558"}],"collection":[{"href":"https:\/\/www.prijedordanas.com\/index.php?rest_route=\/wp\/v2\/posts"}],"about":[{"href":"https:\/\/www.prijedordanas.com\/index.php?rest_route=\/wp\/v2\/types\/post"}],"author":[{"embeddable":true,"href":"https:\/\/www.prijedordanas.com\/index.php?rest_route=\/wp\/v2\/users\/1"}],"replies":[{"embeddable":true,"href":"https:\/\/www.prijedordanas.com\/index.php?rest_route=%2Fwp%2Fv2%2Fcomments&post=39558"}],"version-history":[{"count":3,"href":"https:\/\/www.prijedordanas.com\/index.php?rest_route=\/wp\/v2\/posts\/39558\/revisions"}],"predecessor-version":[{"id":39565,"href":"https:\/\/www.prijedordanas.com\/index.php?rest_route=\/wp\/v2\/posts\/39558\/revisions\/39565"}],"wp:attachment":[{"href":"https:\/\/www.prijedordanas.com\/index.php?rest_route=%2Fwp%2Fv2%2Fmedia&parent=39558"}],"wp:term":[{"taxonomy":"category","embeddable":true,"href":"https:\/\/www.prijedordanas.com\/index.php?rest_route=%2Fwp%2Fv2%2Fcategories&post=39558"},{"taxonomy":"post_tag","embeddable":true,"href":"https:\/\/www.prijedordanas.com\/index.php?rest_route=%2Fwp%2Fv2%2Ftags&post=39558"}],"curies":[{"name":"wp","href":"https:\/\/api.w.org\/{rel}","templated":true}]}}