{"id":39214,"date":"2016-01-16T21:53:32","date_gmt":"2016-01-16T20:53:32","guid":{"rendered":"https:\/\/www.prijedordanas.com\/?p=39214"},"modified":"2016-01-16T21:53:32","modified_gmt":"2016-01-16T20:53:32","slug":"rk-prijedor-otisao-dean-sesic","status":"publish","type":"post","link":"https:\/\/www.prijedordanas.com\/?p=39214","title":{"rendered":"RK PRIJEDOR: OTI\u0160AO DEAN \u0160E\u0160IC\u0301"},"content":{"rendered":"<p><a href=\"https:\/\/www.prijedordanas.com\/wp-content\/uploads\/2016\/01\/rk-prijedor-trener-babic-trening.jpg\" rel=\"attachment wp-att-39215\"><img loading=\"lazy\" decoding=\"async\" src=\"https:\/\/www.prijedordanas.com\/wp-content\/uploads\/2016\/01\/rk-prijedor-trener-babic-trening-300x199.jpg\" alt=\"rk prijedor-trener babic-trening\" width=\"300\" height=\"199\" class=\"alignleft size-medium wp-image-39215\" srcset=\"https:\/\/www.prijedordanas.com\/wp-content\/uploads\/2016\/01\/rk-prijedor-trener-babic-trening-300x200.jpg 300w, https:\/\/www.prijedordanas.com\/wp-content\/uploads\/2016\/01\/rk-prijedor-trener-babic-trening-480x320.jpg 480w, https:\/\/www.prijedordanas.com\/wp-content\/uploads\/2016\/01\/rk-prijedor-trener-babic-trening.jpg 600w\" sizes=\"(max-width: 300px) 100vw, 300px\" \/><\/a>Kratko je trajala pauza za rukometa\u0161e Prijedora, sedmoplasirane poslije prvog dijela prvenstva Premijer lige BiH. <\/p>\n<p>Trener Sa\u0161a Babic\u0301 dao im je tri dana odmora, s obzirom da se borbe za bodove, umjesto u februaru, nastavljaju posljednjeg vikenda januara.<\/p>\n<p>&#8211; Napustio nas je Dean \u0160e\u0161ic\u0301, koji se vratio u banjalu\u010dki Borac m:tel. \u017dao mi je, jer je po\u010deo da pru\u017ea odli\u010dne igre, ali, s obzirom da ima jo\u0161 prostora da napreduje, drago mi je da c\u0301e imati priliku za to u redovima rukometnog velikana Republike Srpske i BiH, ujedno i prijateljskog kluba Prijedor\u010dana &#8211; ka\u017ee Babic\u0301.<\/p>\n<p>U grad na Sani stigli su srednji bek Marko Stojisavljevic\u0301 (Mladost, Banjaluka) i desni bek Mario Grab, koji je do sada bio \u010dlan jednog od najboljih klubova BJR Makedonije, Pelistera iz Bitolja. <\/p>\n<p>\u017delju da se vrati u Prijedor izrazio je desno krilo Nemanja Kragulj, po\u0161to je do sada branio boje bijeljinskog Radnika.<\/p>\n<p>&#8211; Atmosfera u ekipi je veoma dobra. Akcenat smo bacili na fizi\u010dku pripremu, a imam puno povjerenje u kondicionog trenera, profesora Zorana Radinovic\u0301a. Valja nam \u201enapuniti akomulatore\u201c snagom, jer je kalendar takmi\u010denja zgusnut, s obzirom da se prvenstvo zavr\u0161ava vec\u0301 29.aprila. Siguran sam da su mladi rukometa\u0161i, iako je na njima veliki teret, \u017eeljni dokazivanja, ali imaju punu podr\u0161ku kako mene, tako i Uprave kluba -naglasio je Babic\u0301. <\/p>\n<p>Tekst i foto arhiva \u2013 Nenad \u0110eri\u0107\/Aleksandar Drakuli\u0107 \u2013 <a href=\"www.prijedordanas.com\" target=\"_blank\">www.prijedordanas.com<\/a><\/p>\n","protected":false},"excerpt":{"rendered":"<p>Kratko je trajala pauza za rukometa\u0161e Prijedora, sedmoplasirane poslije prvog dijela prvenstva Premijer lige BiH. Trener Sa\u0161a Babic\u0301 dao im je tri dana odmora, s obzirom da se borbe za [&hellip;]<\/p>\n","protected":false},"author":1,"featured_media":0,"comment_status":"closed","ping_status":"open","sticky":false,"template":"","format":"standard","meta":{"_monsterinsights_skip_tracking":false,"_monsterinsights_sitenote_active":false,"_monsterinsights_sitenote_note":"","_monsterinsights_sitenote_category":0,"footnotes":""},"categories":[7],"tags":[201,220,5468,466],"yoast_head":"<!-- This site is optimized with the Yoast SEO plugin v21.6 - https:\/\/yoast.com\/wordpress\/plugins\/seo\/ -->\n<title>RK PRIJEDOR: OTI\u0160AO DEAN \u0160E\u0160IC\u0301 - PrijedorDanas.com - Prijedorski gradski portal<\/title>\n<meta name=\"robots\" content=\"index, follow, max-snippet:-1, max-image-preview:large, max-video-preview:-1\" \/>\n<link rel=\"canonical\" href=\"https:\/\/www.prijedordanas.com\/?p=39214\" \/>\n<meta property=\"og:locale\" content=\"en_US\" \/>\n<meta property=\"og:type\" content=\"article\" \/>\n<meta property=\"og:title\" content=\"RK PRIJEDOR: OTI\u0160AO DEAN \u0160E\u0160IC\u0301 - PrijedorDanas.com - Prijedorski gradski portal\" \/>\n<meta property=\"og:description\" content=\"Kratko je trajala pauza za rukometa\u0161e Prijedora, sedmoplasirane poslije prvog dijela prvenstva Premijer lige BiH. Trener Sa\u0161a Babic\u0301 dao im je tri dana odmora, s obzirom da se borbe za [&hellip;]\" \/>\n<meta property=\"og:url\" content=\"https:\/\/www.prijedordanas.com\/?p=39214\" \/>\n<meta property=\"og:site_name\" content=\"PrijedorDanas.com - Prijedorski gradski portal\" \/>\n<meta property=\"article:publisher\" content=\"https:\/\/www.facebook.com\/PrijedorDanasCom\/\" \/>\n<meta property=\"article:published_time\" content=\"2016-01-16T20:53:32+00:00\" \/>\n<meta property=\"og:image\" content=\"https:\/\/www.prijedordanas.com\/wp-content\/uploads\/2016\/01\/rk-prijedor-trener-babic-trening-300x199.jpg\" \/>\n<meta name=\"author\" content=\"admin\" \/>\n<meta name=\"twitter:card\" content=\"summary_large_image\" \/>\n<meta name=\"twitter:label1\" content=\"Written by\" \/>\n\t<meta name=\"twitter:data1\" content=\"admin\" \/>\n\t<meta name=\"twitter:label2\" content=\"Est. reading time\" \/>\n\t<meta name=\"twitter:data2\" content=\"1 minute\" \/>\n<script type=\"application\/ld+json\" class=\"yoast-schema-graph\">{\"@context\":\"https:\/\/schema.org\",\"@graph\":[{\"@type\":\"Article\",\"@id\":\"https:\/\/www.prijedordanas.com\/?p=39214#article\",\"isPartOf\":{\"@id\":\"https:\/\/www.prijedordanas.com\/?p=39214\"},\"author\":{\"name\":\"admin\",\"@id\":\"https:\/\/www.prijedordanas.com\/#\/schema\/person\/4e08ccf29b506ca916ff86d46bb700e6\"},\"headline\":\"RK PRIJEDOR: OTI\u0160AO DEAN \u0160E\u0160IC\u0301\",\"datePublished\":\"2016-01-16T20:53:32+00:00\",\"dateModified\":\"2016-01-16T20:53:32+00:00\",\"mainEntityOfPage\":{\"@id\":\"https:\/\/www.prijedordanas.com\/?p=39214\"},\"wordCount\":251,\"publisher\":{\"@id\":\"https:\/\/www.prijedordanas.com\/#organization\"},\"keywords\":[\"pripreme\",\"RK Prijedor\",\"Sa\u0161a Babi\u0107\",\"Zoran Radinovi\u0107\"],\"articleSection\":[\"Sport\"],\"inLanguage\":\"en-US\"},{\"@type\":\"WebPage\",\"@id\":\"https:\/\/www.prijedordanas.com\/?p=39214\",\"url\":\"https:\/\/www.prijedordanas.com\/?p=39214\",\"name\":\"RK PRIJEDOR: OTI\u0160AO DEAN \u0160E\u0160IC\u0301 - PrijedorDanas.com - Prijedorski gradski portal\",\"isPartOf\":{\"@id\":\"https:\/\/www.prijedordanas.com\/#website\"},\"datePublished\":\"2016-01-16T20:53:32+00:00\",\"dateModified\":\"2016-01-16T20:53:32+00:00\",\"breadcrumb\":{\"@id\":\"https:\/\/www.prijedordanas.com\/?p=39214#breadcrumb\"},\"inLanguage\":\"en-US\",\"potentialAction\":[{\"@type\":\"ReadAction\",\"target\":[\"https:\/\/www.prijedordanas.com\/?p=39214\"]}]},{\"@type\":\"BreadcrumbList\",\"@id\":\"https:\/\/www.prijedordanas.com\/?p=39214#breadcrumb\",\"itemListElement\":[{\"@type\":\"ListItem\",\"position\":1,\"name\":\"Home\",\"item\":\"https:\/\/www.prijedordanas.com\/\"},{\"@type\":\"ListItem\",\"position\":2,\"name\":\"RK PRIJEDOR: OTI\u0160AO DEAN \u0160E\u0160IC\u0301\"}]},{\"@type\":\"WebSite\",\"@id\":\"https:\/\/www.prijedordanas.com\/#website\",\"url\":\"https:\/\/www.prijedordanas.com\/\",\"name\":\"PrijedorDanas.com - Prijedorski gradski portal\",\"description\":\"Portal o doga\u0111anjima u gradu Prijedoru\",\"publisher\":{\"@id\":\"https:\/\/www.prijedordanas.com\/#organization\"},\"potentialAction\":[{\"@type\":\"SearchAction\",\"target\":{\"@type\":\"EntryPoint\",\"urlTemplate\":\"https:\/\/www.prijedordanas.com\/?s={search_term_string}\"},\"query-input\":\"required name=search_term_string\"}],\"inLanguage\":\"en-US\"},{\"@type\":\"Organization\",\"@id\":\"https:\/\/www.prijedordanas.com\/#organization\",\"name\":\"PrijedorDanas.com\",\"url\":\"https:\/\/www.prijedordanas.com\/\",\"logo\":{\"@type\":\"ImageObject\",\"inLanguage\":\"en-US\",\"@id\":\"https:\/\/www.prijedordanas.com\/#\/schema\/logo\/image\/\",\"url\":\"http:\/\/www.prijedordanas.com\/wp-content\/uploads\/2021\/12\/logopng.png\",\"contentUrl\":\"http:\/\/www.prijedordanas.com\/wp-content\/uploads\/2021\/12\/logopng.png\",\"width\":1019,\"height\":776,\"caption\":\"PrijedorDanas.com\"},\"image\":{\"@id\":\"https:\/\/www.prijedordanas.com\/#\/schema\/logo\/image\/\"},\"sameAs\":[\"https:\/\/www.facebook.com\/PrijedorDanasCom\/\"]},{\"@type\":\"Person\",\"@id\":\"https:\/\/www.prijedordanas.com\/#\/schema\/person\/4e08ccf29b506ca916ff86d46bb700e6\",\"name\":\"admin\",\"image\":{\"@type\":\"ImageObject\",\"inLanguage\":\"en-US\",\"@id\":\"https:\/\/www.prijedordanas.com\/#\/schema\/person\/image\/\",\"url\":\"https:\/\/secure.gravatar.com\/avatar\/1d3fc949d550f0b53a5f0d51e06dfd79?s=96&d=mm&r=g\",\"contentUrl\":\"https:\/\/secure.gravatar.com\/avatar\/1d3fc949d550f0b53a5f0d51e06dfd79?s=96&d=mm&r=g\",\"caption\":\"admin\"},\"url\":\"https:\/\/www.prijedordanas.com\/?author=1\"}]}<\/script>\n<!-- \/ Yoast SEO plugin. -->","yoast_head_json":{"title":"RK PRIJEDOR: OTI\u0160AO DEAN \u0160E\u0160IC\u0301 - PrijedorDanas.com - Prijedorski gradski portal","robots":{"index":"index","follow":"follow","max-snippet":"max-snippet:-1","max-image-preview":"max-image-preview:large","max-video-preview":"max-video-preview:-1"},"canonical":"https:\/\/www.prijedordanas.com\/?p=39214","og_locale":"en_US","og_type":"article","og_title":"RK PRIJEDOR: OTI\u0160AO DEAN \u0160E\u0160IC\u0301 - PrijedorDanas.com - Prijedorski gradski portal","og_description":"Kratko je trajala pauza za rukometa\u0161e Prijedora, sedmoplasirane poslije prvog dijela prvenstva Premijer lige BiH. Trener Sa\u0161a Babic\u0301 dao im je tri dana odmora, s obzirom da se borbe za [&hellip;]","og_url":"https:\/\/www.prijedordanas.com\/?p=39214","og_site_name":"PrijedorDanas.com - Prijedorski gradski portal","article_publisher":"https:\/\/www.facebook.com\/PrijedorDanasCom\/","article_published_time":"2016-01-16T20:53:32+00:00","og_image":[{"url":"https:\/\/www.prijedordanas.com\/wp-content\/uploads\/2016\/01\/rk-prijedor-trener-babic-trening-300x199.jpg"}],"author":"admin","twitter_card":"summary_large_image","twitter_misc":{"Written by":"admin","Est. reading time":"1 minute"},"schema":{"@context":"https:\/\/schema.org","@graph":[{"@type":"Article","@id":"https:\/\/www.prijedordanas.com\/?p=39214#article","isPartOf":{"@id":"https:\/\/www.prijedordanas.com\/?p=39214"},"author":{"name":"admin","@id":"https:\/\/www.prijedordanas.com\/#\/schema\/person\/4e08ccf29b506ca916ff86d46bb700e6"},"headline":"RK PRIJEDOR: OTI\u0160AO DEAN \u0160E\u0160IC\u0301","datePublished":"2016-01-16T20:53:32+00:00","dateModified":"2016-01-16T20:53:32+00:00","mainEntityOfPage":{"@id":"https:\/\/www.prijedordanas.com\/?p=39214"},"wordCount":251,"publisher":{"@id":"https:\/\/www.prijedordanas.com\/#organization"},"keywords":["pripreme","RK Prijedor","Sa\u0161a Babi\u0107","Zoran Radinovi\u0107"],"articleSection":["Sport"],"inLanguage":"en-US"},{"@type":"WebPage","@id":"https:\/\/www.prijedordanas.com\/?p=39214","url":"https:\/\/www.prijedordanas.com\/?p=39214","name":"RK PRIJEDOR: OTI\u0160AO DEAN \u0160E\u0160IC\u0301 - PrijedorDanas.com - Prijedorski gradski portal","isPartOf":{"@id":"https:\/\/www.prijedordanas.com\/#website"},"datePublished":"2016-01-16T20:53:32+00:00","dateModified":"2016-01-16T20:53:32+00:00","breadcrumb":{"@id":"https:\/\/www.prijedordanas.com\/?p=39214#breadcrumb"},"inLanguage":"en-US","potentialAction":[{"@type":"ReadAction","target":["https:\/\/www.prijedordanas.com\/?p=39214"]}]},{"@type":"BreadcrumbList","@id":"https:\/\/www.prijedordanas.com\/?p=39214#breadcrumb","itemListElement":[{"@type":"ListItem","position":1,"name":"Home","item":"https:\/\/www.prijedordanas.com\/"},{"@type":"ListItem","position":2,"name":"RK PRIJEDOR: OTI\u0160AO DEAN \u0160E\u0160IC\u0301"}]},{"@type":"WebSite","@id":"https:\/\/www.prijedordanas.com\/#website","url":"https:\/\/www.prijedordanas.com\/","name":"PrijedorDanas.com - Prijedorski gradski portal","description":"Portal o doga\u0111anjima u gradu Prijedoru","publisher":{"@id":"https:\/\/www.prijedordanas.com\/#organization"},"potentialAction":[{"@type":"SearchAction","target":{"@type":"EntryPoint","urlTemplate":"https:\/\/www.prijedordanas.com\/?s={search_term_string}"},"query-input":"required name=search_term_string"}],"inLanguage":"en-US"},{"@type":"Organization","@id":"https:\/\/www.prijedordanas.com\/#organization","name":"PrijedorDanas.com","url":"https:\/\/www.prijedordanas.com\/","logo":{"@type":"ImageObject","inLanguage":"en-US","@id":"https:\/\/www.prijedordanas.com\/#\/schema\/logo\/image\/","url":"http:\/\/www.prijedordanas.com\/wp-content\/uploads\/2021\/12\/logopng.png","contentUrl":"http:\/\/www.prijedordanas.com\/wp-content\/uploads\/2021\/12\/logopng.png","width":1019,"height":776,"caption":"PrijedorDanas.com"},"image":{"@id":"https:\/\/www.prijedordanas.com\/#\/schema\/logo\/image\/"},"sameAs":["https:\/\/www.facebook.com\/PrijedorDanasCom\/"]},{"@type":"Person","@id":"https:\/\/www.prijedordanas.com\/#\/schema\/person\/4e08ccf29b506ca916ff86d46bb700e6","name":"admin","image":{"@type":"ImageObject","inLanguage":"en-US","@id":"https:\/\/www.prijedordanas.com\/#\/schema\/person\/image\/","url":"https:\/\/secure.gravatar.com\/avatar\/1d3fc949d550f0b53a5f0d51e06dfd79?s=96&d=mm&r=g","contentUrl":"https:\/\/secure.gravatar.com\/avatar\/1d3fc949d550f0b53a5f0d51e06dfd79?s=96&d=mm&r=g","caption":"admin"},"url":"https:\/\/www.prijedordanas.com\/?author=1"}]}},"_links":{"self":[{"href":"https:\/\/www.prijedordanas.com\/index.php?rest_route=\/wp\/v2\/posts\/39214"}],"collection":[{"href":"https:\/\/www.prijedordanas.com\/index.php?rest_route=\/wp\/v2\/posts"}],"about":[{"href":"https:\/\/www.prijedordanas.com\/index.php?rest_route=\/wp\/v2\/types\/post"}],"author":[{"embeddable":true,"href":"https:\/\/www.prijedordanas.com\/index.php?rest_route=\/wp\/v2\/users\/1"}],"replies":[{"embeddable":true,"href":"https:\/\/www.prijedordanas.com\/index.php?rest_route=%2Fwp%2Fv2%2Fcomments&post=39214"}],"version-history":[{"count":1,"href":"https:\/\/www.prijedordanas.com\/index.php?rest_route=\/wp\/v2\/posts\/39214\/revisions"}],"predecessor-version":[{"id":39216,"href":"https:\/\/www.prijedordanas.com\/index.php?rest_route=\/wp\/v2\/posts\/39214\/revisions\/39216"}],"wp:attachment":[{"href":"https:\/\/www.prijedordanas.com\/index.php?rest_route=%2Fwp%2Fv2%2Fmedia&parent=39214"}],"wp:term":[{"taxonomy":"category","embeddable":true,"href":"https:\/\/www.prijedordanas.com\/index.php?rest_route=%2Fwp%2Fv2%2Fcategories&post=39214"},{"taxonomy":"post_tag","embeddable":true,"href":"https:\/\/www.prijedordanas.com\/index.php?rest_route=%2Fwp%2Fv2%2Ftags&post=39214"}],"curies":[{"name":"wp","href":"https:\/\/api.w.org\/{rel}","templated":true}]}}