{"id":38747,"date":"2016-01-10T16:29:31","date_gmt":"2016-01-10T15:29:31","guid":{"rendered":"https:\/\/www.prijedordanas.com\/?p=38747"},"modified":"2016-01-10T16:29:31","modified_gmt":"2016-01-10T15:29:31","slug":"za-djecu-na-kosovu-i-metohiji-1-100-paketica-u-brezicanima-prikupljeno-najvise","status":"publish","type":"post","link":"https:\/\/www.prijedordanas.com\/?p=38747","title":{"rendered":"ZA DJECU NA KOSOVU I METOHIJI 1.100 PAKETI\u0106A: U BREZI\u010cANIMA PRIKUPLJENO NAJVI\u0160E"},"content":{"rendered":"<p><a href=\"https:\/\/www.prijedordanas.com\/wp-content\/uploads\/2016\/01\/srna-paketici-za-kosovo-i-metohiju.jpg\" rel=\"attachment wp-att-38744\"><img loading=\"lazy\" decoding=\"async\" class=\"alignleft size-medium wp-image-38744\" src=\"https:\/\/www.prijedordanas.com\/wp-content\/uploads\/2016\/01\/srna-paketici-za-kosovo-i-metohiju-300x225.jpg\" alt=\"srna-paketici za kosovo i metohiju\" width=\"300\" height=\"225\" srcset=\"https:\/\/www.prijedordanas.com\/wp-content\/uploads\/2016\/01\/srna-paketici-za-kosovo-i-metohiju-300x225.jpg 300w, https:\/\/www.prijedordanas.com\/wp-content\/uploads\/2016\/01\/srna-paketici-za-kosovo-i-metohiju.jpg 500w\" sizes=\"(max-width: 300px) 100vw, 300px\" \/><\/a>\u010clanovi Odbora za pomo\u0107 Srbima sa Kosova i Metohije odvezli su danas za Kosovo i Metohiju oko 1.100 paketi\u0107a za djecu na tom podru\u010dju, koje tradicionalno svake godine uru\u010duju kao vid pomo\u0107i iz Republike Srpske.<\/p>\n<p>Akciju prikupljanja paketi\u0107a pomogla je i op\u0161tina \u0160amac, koja je za bratsku op\u0161tinu Lipljan obezbijedila 1.000 evra za 200 paketi\u0107a.<\/p>\n<p>Predsjednik Odbora Milorad Arlov rekao je da ove godine kao i proteklih godina, Odbor za pomo\u0107 Srbima Kosova i Metohije i njihovo udru\u017eenje, uz dolazak djece sa Kosova u Srpsku, organizuju i podjelu paketi\u0107a srpskom narodu i djeci na Kosovu i Metohiji.<\/p>\n<p>Arlov je naveo da su djeca iz Osnovene \u0161kole &#8220;Jovan Cviji\u0107&#8221; iz Brezi\u010dana kod Prijedora obezbijedila 386 paketi\u0107a, od kojih 260 ide za istoimenu osnovnu \u0161kolu u Zubinom Potoku.<\/p>\n<p>Prema njegovim rije\u010dima, paketi\u0107i su obezbije\u0111eni za enklave na jugu Kosova i Metohije, Osojane, Klina, Banje, Suvo Grlo, Velika Ho\u010da, Novo Brdo, Lipljan i djecu koja se lije\u010de u bolnicu u Kosovskoj Mitrovici.<\/p>\n<p><a href=\"https:\/\/www.prijedordanas.com\/wp-content\/uploads\/2016\/01\/rtrs-os-jovan-cvijic-paketici-1.jpg\" rel=\"attachment wp-att-38745\"><img loading=\"lazy\" decoding=\"async\" src=\"https:\/\/www.prijedordanas.com\/wp-content\/uploads\/2016\/01\/rtrs-os-jovan-cvijic-paketici-1-300x181.jpg\" alt=\"rtrs-os jovan cvijic-paketici\" width=\"300\" height=\"181\" class=\"alignleft size-medium wp-image-38745\" srcset=\"https:\/\/www.prijedordanas.com\/wp-content\/uploads\/2016\/01\/rtrs-os-jovan-cvijic-paketici-1-300x181.jpg 300w, https:\/\/www.prijedordanas.com\/wp-content\/uploads\/2016\/01\/rtrs-os-jovan-cvijic-paketici-1.jpg 600w\" sizes=\"(max-width: 300px) 100vw, 300px\" \/><\/a>&#8220;To je gest Republike Srpske koji preko na\u0161eg odbora traje godinama&#8221;, istakao je Arlov, zahvaljuju\u0107i op\u0161tini i \u0161kolama u \u0160amcu i Prijedoru, te Novoj banci, \u0160umama Srpske, hidroelektrani, termoelektrani i rudniku Gacko Bo\u010dac, Tr\u017enici Banjaluka, Auto-moto savezu Republike Srpske, Udru\u017eenju Srba &#8220;Vuk Stefanovi\u0107 Karad\u017ei\u0107&#8221; iz Trsta i &#8220;\u010cisto\u0107i&#8221; Banjaluka, te brojnim gra\u0111anima Srpske koji su se uklju\u010dili u ovu akciju i pomogli.<\/p>\n<p>On je dodao da \u0107e akcija biti nastavljena i narednih godina s ciljem da se ljudima na Kosovu i Metohiji poka\u017ee da je Srpska sa njima.<\/p>\n<p>&#8220;Zahvaljujem RTRS koja vi\u0161e godina poma\u017ee da dopremimo kontigent pakti\u0107a na Kosovo i Metohiju, te direktoru Kancelarije Vlade Srbije za Kosovo i Metohiju Marku \u0110uri\u0107u koji \u0107e nam obezbijediti da nesmetano pre\u0111emo granicu u Srbiju&#8221;, dodao je Arlov.<\/p>\n<p>Zamjenik na\u010delnika \u0160amca Milan Nikoli\u0107 istakao je da je ova op\u0161tina jo\u0161 jednom pokazala humanost sa ciljem da narod na Kosovu \u017eivi u miru i slobodi.<\/p>\n<p>Predsjednik Bora\u010dke organizacije \u0160amac Lazar Blagojevi\u0107 rekao je da pomo\u0107 koju su oni prikupili ide u op\u0161tinu Lipljan za u\u010denike Osnovne \u0161kole &#8220;Bra\u0107a Aksi\u0107&#8221;, za djecu koja su boravila u \u0160amcu ljetos, a preostali dio paketi\u0107a za ostalu djecu.<\/p>\n<p>SRNA<\/p>\n","protected":false},"excerpt":{"rendered":"<p>\u010clanovi Odbora za pomo\u0107 Srbima sa Kosova i Metohije odvezli su danas za Kosovo i Metohiju oko 1.100 paketi\u0107a za djecu na tom podru\u010dju, koje tradicionalno svake godine uru\u010duju kao [&hellip;]<\/p>\n","protected":false},"author":1,"featured_media":0,"comment_status":"closed","ping_status":"open","sticky":false,"template":"","format":"standard","meta":{"_monsterinsights_skip_tracking":false,"_monsterinsights_sitenote_active":false,"_monsterinsights_sitenote_note":"","_monsterinsights_sitenote_category":0,"footnotes":""},"categories":[8],"tags":[658,5765,2913],"yoast_head":"<!-- This site is optimized with the Yoast SEO plugin v21.6 - https:\/\/yoast.com\/wordpress\/plugins\/seo\/ -->\n<title>ZA DJECU NA KOSOVU I METOHIJI 1.100 PAKETI\u0106A: U BREZI\u010cANIMA PRIKUPLJENO NAJVI\u0160E - PrijedorDanas.com - Prijedorski gradski portal<\/title>\n<meta name=\"robots\" content=\"index, follow, max-snippet:-1, max-image-preview:large, max-video-preview:-1\" \/>\n<link rel=\"canonical\" href=\"https:\/\/www.prijedordanas.com\/?p=38747\" \/>\n<meta property=\"og:locale\" content=\"en_US\" \/>\n<meta property=\"og:type\" content=\"article\" \/>\n<meta property=\"og:title\" content=\"ZA DJECU NA KOSOVU I METOHIJI 1.100 PAKETI\u0106A: U BREZI\u010cANIMA PRIKUPLJENO NAJVI\u0160E - PrijedorDanas.com - Prijedorski gradski portal\" \/>\n<meta property=\"og:description\" content=\"\u010clanovi Odbora za pomo\u0107 Srbima sa Kosova i Metohije odvezli su danas za Kosovo i Metohiju oko 1.100 paketi\u0107a za djecu na tom podru\u010dju, koje tradicionalno svake godine uru\u010duju kao [&hellip;]\" \/>\n<meta property=\"og:url\" content=\"https:\/\/www.prijedordanas.com\/?p=38747\" \/>\n<meta property=\"og:site_name\" content=\"PrijedorDanas.com - Prijedorski gradski portal\" \/>\n<meta property=\"article:publisher\" content=\"https:\/\/www.facebook.com\/PrijedorDanasCom\/\" \/>\n<meta property=\"article:published_time\" content=\"2016-01-10T15:29:31+00:00\" \/>\n<meta property=\"og:image\" content=\"https:\/\/www.prijedordanas.com\/wp-content\/uploads\/2016\/01\/srna-paketici-za-kosovo-i-metohiju-300x225.jpg\" \/>\n<meta name=\"author\" content=\"admin\" \/>\n<meta name=\"twitter:card\" content=\"summary_large_image\" \/>\n<meta name=\"twitter:label1\" content=\"Written by\" \/>\n\t<meta name=\"twitter:data1\" content=\"admin\" \/>\n\t<meta name=\"twitter:label2\" content=\"Est. reading time\" \/>\n\t<meta name=\"twitter:data2\" content=\"2 minutes\" \/>\n<script type=\"application\/ld+json\" class=\"yoast-schema-graph\">{\"@context\":\"https:\/\/schema.org\",\"@graph\":[{\"@type\":\"Article\",\"@id\":\"https:\/\/www.prijedordanas.com\/?p=38747#article\",\"isPartOf\":{\"@id\":\"https:\/\/www.prijedordanas.com\/?p=38747\"},\"author\":{\"name\":\"admin\",\"@id\":\"https:\/\/www.prijedordanas.com\/#\/schema\/person\/4e08ccf29b506ca916ff86d46bb700e6\"},\"headline\":\"ZA DJECU NA KOSOVU I METOHIJI 1.100 PAKETI\u0106A: U BREZI\u010cANIMA PRIKUPLJENO NAJVI\u0160E\",\"datePublished\":\"2016-01-10T15:29:31+00:00\",\"dateModified\":\"2016-01-10T15:29:31+00:00\",\"mainEntityOfPage\":{\"@id\":\"https:\/\/www.prijedordanas.com\/?p=38747\"},\"wordCount\":400,\"publisher\":{\"@id\":\"https:\/\/www.prijedordanas.com\/#organization\"},\"keywords\":[\"djeca\",\"O\u0160 \\\"Jovan Cviji\u0107\\\" Brezi\u010dani\",\"paketi\u0107i\"],\"articleSection\":[\"Svakodnevno\"],\"inLanguage\":\"en-US\"},{\"@type\":\"WebPage\",\"@id\":\"https:\/\/www.prijedordanas.com\/?p=38747\",\"url\":\"https:\/\/www.prijedordanas.com\/?p=38747\",\"name\":\"ZA DJECU NA KOSOVU I METOHIJI 1.100 PAKETI\u0106A: U BREZI\u010cANIMA PRIKUPLJENO NAJVI\u0160E - PrijedorDanas.com - Prijedorski gradski portal\",\"isPartOf\":{\"@id\":\"https:\/\/www.prijedordanas.com\/#website\"},\"datePublished\":\"2016-01-10T15:29:31+00:00\",\"dateModified\":\"2016-01-10T15:29:31+00:00\",\"breadcrumb\":{\"@id\":\"https:\/\/www.prijedordanas.com\/?p=38747#breadcrumb\"},\"inLanguage\":\"en-US\",\"potentialAction\":[{\"@type\":\"ReadAction\",\"target\":[\"https:\/\/www.prijedordanas.com\/?p=38747\"]}]},{\"@type\":\"BreadcrumbList\",\"@id\":\"https:\/\/www.prijedordanas.com\/?p=38747#breadcrumb\",\"itemListElement\":[{\"@type\":\"ListItem\",\"position\":1,\"name\":\"Home\",\"item\":\"https:\/\/www.prijedordanas.com\/\"},{\"@type\":\"ListItem\",\"position\":2,\"name\":\"ZA DJECU NA KOSOVU I METOHIJI 1.100 PAKETI\u0106A: U BREZI\u010cANIMA PRIKUPLJENO NAJVI\u0160E\"}]},{\"@type\":\"WebSite\",\"@id\":\"https:\/\/www.prijedordanas.com\/#website\",\"url\":\"https:\/\/www.prijedordanas.com\/\",\"name\":\"PrijedorDanas.com - Prijedorski gradski portal\",\"description\":\"Portal o doga\u0111anjima u gradu Prijedoru\",\"publisher\":{\"@id\":\"https:\/\/www.prijedordanas.com\/#organization\"},\"potentialAction\":[{\"@type\":\"SearchAction\",\"target\":{\"@type\":\"EntryPoint\",\"urlTemplate\":\"https:\/\/www.prijedordanas.com\/?s={search_term_string}\"},\"query-input\":\"required name=search_term_string\"}],\"inLanguage\":\"en-US\"},{\"@type\":\"Organization\",\"@id\":\"https:\/\/www.prijedordanas.com\/#organization\",\"name\":\"PrijedorDanas.com\",\"url\":\"https:\/\/www.prijedordanas.com\/\",\"logo\":{\"@type\":\"ImageObject\",\"inLanguage\":\"en-US\",\"@id\":\"https:\/\/www.prijedordanas.com\/#\/schema\/logo\/image\/\",\"url\":\"http:\/\/www.prijedordanas.com\/wp-content\/uploads\/2021\/12\/logopng.png\",\"contentUrl\":\"http:\/\/www.prijedordanas.com\/wp-content\/uploads\/2021\/12\/logopng.png\",\"width\":1019,\"height\":776,\"caption\":\"PrijedorDanas.com\"},\"image\":{\"@id\":\"https:\/\/www.prijedordanas.com\/#\/schema\/logo\/image\/\"},\"sameAs\":[\"https:\/\/www.facebook.com\/PrijedorDanasCom\/\"]},{\"@type\":\"Person\",\"@id\":\"https:\/\/www.prijedordanas.com\/#\/schema\/person\/4e08ccf29b506ca916ff86d46bb700e6\",\"name\":\"admin\",\"image\":{\"@type\":\"ImageObject\",\"inLanguage\":\"en-US\",\"@id\":\"https:\/\/www.prijedordanas.com\/#\/schema\/person\/image\/\",\"url\":\"https:\/\/secure.gravatar.com\/avatar\/1d3fc949d550f0b53a5f0d51e06dfd79?s=96&d=mm&r=g\",\"contentUrl\":\"https:\/\/secure.gravatar.com\/avatar\/1d3fc949d550f0b53a5f0d51e06dfd79?s=96&d=mm&r=g\",\"caption\":\"admin\"},\"url\":\"https:\/\/www.prijedordanas.com\/?author=1\"}]}<\/script>\n<!-- \/ Yoast SEO plugin. -->","yoast_head_json":{"title":"ZA DJECU NA KOSOVU I METOHIJI 1.100 PAKETI\u0106A: U BREZI\u010cANIMA PRIKUPLJENO NAJVI\u0160E - PrijedorDanas.com - Prijedorski gradski portal","robots":{"index":"index","follow":"follow","max-snippet":"max-snippet:-1","max-image-preview":"max-image-preview:large","max-video-preview":"max-video-preview:-1"},"canonical":"https:\/\/www.prijedordanas.com\/?p=38747","og_locale":"en_US","og_type":"article","og_title":"ZA DJECU NA KOSOVU I METOHIJI 1.100 PAKETI\u0106A: U BREZI\u010cANIMA PRIKUPLJENO NAJVI\u0160E - PrijedorDanas.com - Prijedorski gradski portal","og_description":"\u010clanovi Odbora za pomo\u0107 Srbima sa Kosova i Metohije odvezli su danas za Kosovo i Metohiju oko 1.100 paketi\u0107a za djecu na tom podru\u010dju, koje tradicionalno svake godine uru\u010duju kao [&hellip;]","og_url":"https:\/\/www.prijedordanas.com\/?p=38747","og_site_name":"PrijedorDanas.com - Prijedorski gradski portal","article_publisher":"https:\/\/www.facebook.com\/PrijedorDanasCom\/","article_published_time":"2016-01-10T15:29:31+00:00","og_image":[{"url":"https:\/\/www.prijedordanas.com\/wp-content\/uploads\/2016\/01\/srna-paketici-za-kosovo-i-metohiju-300x225.jpg"}],"author":"admin","twitter_card":"summary_large_image","twitter_misc":{"Written by":"admin","Est. reading time":"2 minutes"},"schema":{"@context":"https:\/\/schema.org","@graph":[{"@type":"Article","@id":"https:\/\/www.prijedordanas.com\/?p=38747#article","isPartOf":{"@id":"https:\/\/www.prijedordanas.com\/?p=38747"},"author":{"name":"admin","@id":"https:\/\/www.prijedordanas.com\/#\/schema\/person\/4e08ccf29b506ca916ff86d46bb700e6"},"headline":"ZA DJECU NA KOSOVU I METOHIJI 1.100 PAKETI\u0106A: U BREZI\u010cANIMA PRIKUPLJENO NAJVI\u0160E","datePublished":"2016-01-10T15:29:31+00:00","dateModified":"2016-01-10T15:29:31+00:00","mainEntityOfPage":{"@id":"https:\/\/www.prijedordanas.com\/?p=38747"},"wordCount":400,"publisher":{"@id":"https:\/\/www.prijedordanas.com\/#organization"},"keywords":["djeca","O\u0160 \"Jovan Cviji\u0107\" Brezi\u010dani","paketi\u0107i"],"articleSection":["Svakodnevno"],"inLanguage":"en-US"},{"@type":"WebPage","@id":"https:\/\/www.prijedordanas.com\/?p=38747","url":"https:\/\/www.prijedordanas.com\/?p=38747","name":"ZA DJECU NA KOSOVU I METOHIJI 1.100 PAKETI\u0106A: U BREZI\u010cANIMA PRIKUPLJENO NAJVI\u0160E - PrijedorDanas.com - Prijedorski gradski portal","isPartOf":{"@id":"https:\/\/www.prijedordanas.com\/#website"},"datePublished":"2016-01-10T15:29:31+00:00","dateModified":"2016-01-10T15:29:31+00:00","breadcrumb":{"@id":"https:\/\/www.prijedordanas.com\/?p=38747#breadcrumb"},"inLanguage":"en-US","potentialAction":[{"@type":"ReadAction","target":["https:\/\/www.prijedordanas.com\/?p=38747"]}]},{"@type":"BreadcrumbList","@id":"https:\/\/www.prijedordanas.com\/?p=38747#breadcrumb","itemListElement":[{"@type":"ListItem","position":1,"name":"Home","item":"https:\/\/www.prijedordanas.com\/"},{"@type":"ListItem","position":2,"name":"ZA DJECU NA KOSOVU I METOHIJI 1.100 PAKETI\u0106A: U BREZI\u010cANIMA PRIKUPLJENO NAJVI\u0160E"}]},{"@type":"WebSite","@id":"https:\/\/www.prijedordanas.com\/#website","url":"https:\/\/www.prijedordanas.com\/","name":"PrijedorDanas.com - Prijedorski gradski portal","description":"Portal o doga\u0111anjima u gradu Prijedoru","publisher":{"@id":"https:\/\/www.prijedordanas.com\/#organization"},"potentialAction":[{"@type":"SearchAction","target":{"@type":"EntryPoint","urlTemplate":"https:\/\/www.prijedordanas.com\/?s={search_term_string}"},"query-input":"required name=search_term_string"}],"inLanguage":"en-US"},{"@type":"Organization","@id":"https:\/\/www.prijedordanas.com\/#organization","name":"PrijedorDanas.com","url":"https:\/\/www.prijedordanas.com\/","logo":{"@type":"ImageObject","inLanguage":"en-US","@id":"https:\/\/www.prijedordanas.com\/#\/schema\/logo\/image\/","url":"http:\/\/www.prijedordanas.com\/wp-content\/uploads\/2021\/12\/logopng.png","contentUrl":"http:\/\/www.prijedordanas.com\/wp-content\/uploads\/2021\/12\/logopng.png","width":1019,"height":776,"caption":"PrijedorDanas.com"},"image":{"@id":"https:\/\/www.prijedordanas.com\/#\/schema\/logo\/image\/"},"sameAs":["https:\/\/www.facebook.com\/PrijedorDanasCom\/"]},{"@type":"Person","@id":"https:\/\/www.prijedordanas.com\/#\/schema\/person\/4e08ccf29b506ca916ff86d46bb700e6","name":"admin","image":{"@type":"ImageObject","inLanguage":"en-US","@id":"https:\/\/www.prijedordanas.com\/#\/schema\/person\/image\/","url":"https:\/\/secure.gravatar.com\/avatar\/1d3fc949d550f0b53a5f0d51e06dfd79?s=96&d=mm&r=g","contentUrl":"https:\/\/secure.gravatar.com\/avatar\/1d3fc949d550f0b53a5f0d51e06dfd79?s=96&d=mm&r=g","caption":"admin"},"url":"https:\/\/www.prijedordanas.com\/?author=1"}]}},"_links":{"self":[{"href":"https:\/\/www.prijedordanas.com\/index.php?rest_route=\/wp\/v2\/posts\/38747"}],"collection":[{"href":"https:\/\/www.prijedordanas.com\/index.php?rest_route=\/wp\/v2\/posts"}],"about":[{"href":"https:\/\/www.prijedordanas.com\/index.php?rest_route=\/wp\/v2\/types\/post"}],"author":[{"embeddable":true,"href":"https:\/\/www.prijedordanas.com\/index.php?rest_route=\/wp\/v2\/users\/1"}],"replies":[{"embeddable":true,"href":"https:\/\/www.prijedordanas.com\/index.php?rest_route=%2Fwp%2Fv2%2Fcomments&post=38747"}],"version-history":[{"count":1,"href":"https:\/\/www.prijedordanas.com\/index.php?rest_route=\/wp\/v2\/posts\/38747\/revisions"}],"predecessor-version":[{"id":38748,"href":"https:\/\/www.prijedordanas.com\/index.php?rest_route=\/wp\/v2\/posts\/38747\/revisions\/38748"}],"wp:attachment":[{"href":"https:\/\/www.prijedordanas.com\/index.php?rest_route=%2Fwp%2Fv2%2Fmedia&parent=38747"}],"wp:term":[{"taxonomy":"category","embeddable":true,"href":"https:\/\/www.prijedordanas.com\/index.php?rest_route=%2Fwp%2Fv2%2Fcategories&post=38747"},{"taxonomy":"post_tag","embeddable":true,"href":"https:\/\/www.prijedordanas.com\/index.php?rest_route=%2Fwp%2Fv2%2Ftags&post=38747"}],"curies":[{"name":"wp","href":"https:\/\/api.w.org\/{rel}","templated":true}]}}