{"id":38738,"date":"2016-01-10T09:58:03","date_gmt":"2016-01-10T08:58:03","guid":{"rendered":"https:\/\/www.prijedordanas.com\/?p=38738"},"modified":"2016-01-10T09:58:03","modified_gmt":"2016-01-10T08:58:03","slug":"danas-promocija-filma-djeca-u-pozoristu-prijedor","status":"publish","type":"post","link":"https:\/\/www.prijedordanas.com\/?p=38738","title":{"rendered":"DANAS PROMOCIJA FILMA &#8220;DJECA&#8221; U POZORI\u0160TU PRIJEDOR"},"content":{"rendered":"<p><a href=\"https:\/\/www.prijedordanas.com\/wp-content\/uploads\/2016\/01\/rtrs-djeca.jpg\" rel=\"attachment wp-att-38739\"><img loading=\"lazy\" decoding=\"async\" src=\"https:\/\/www.prijedordanas.com\/wp-content\/uploads\/2016\/01\/rtrs-djeca-300x225.jpg\" alt=\"rtrs-djeca\" width=\"300\" height=\"225\" class=\"alignleft size-medium wp-image-38739\" srcset=\"https:\/\/www.prijedordanas.com\/wp-content\/uploads\/2016\/01\/rtrs-djeca-300x225.jpg 300w, https:\/\/www.prijedordanas.com\/wp-content\/uploads\/2016\/01\/rtrs-djeca.jpg 600w\" sizes=\"(max-width: 300px) 100vw, 300px\" \/><\/a>Radio-televizija Republike Srpske danas organizuje javnu projekciju dokumentarnog filma &#8220;Djeca&#8221;, autora Denisa Boji\u0107a, u jedanaest gradova Srpske.<\/p>\n<p>Javna projekcija bi\u0107e odr\u017eana u 12.00 \u010dasova u Bijeljini, Isto\u010dnom Novom Sarajevu, Banjaluci, Trnovu, Vlasenici, Fo\u010di, Doboju, Trebinju, Prijedoru, Mrkonji\u0107 Gradu i u Loparima. <\/p>\n<p>Ovaj dokumentarni film, snimljen u produkciji RTRS-a, svjedo\u010denje je \u010detiri pre\u017eivjela roditelja, od 36 o\u010deva i majki u Republici Srpskoj, koji su u otad\u017ebinskom ratu izgubili po troje djece. <\/p>\n<p>Akteri filma su Joka Milovanovi\u0107, Mileva \u017dupi\u0107 i Mileva Lazarevi\u0107, koje su u ratu izgubile po tri sina, te Marinko Bjelica koji je ostao bez dva sina i jedne k\u0107erke. <\/p>\n<p>Za autora Denisa Boji\u0107a cilj ovog potresnog filma sa jakom antiratnom porukom je da osna\u017ei srpsku kulturu sje\u0107anja. <\/p>\n<p>Promociju filma, koja je u oktobru odr\u017eana Banjaluci, pratila je i izlo\u017eba fotografija sa snimanja dokumentarnog filma &#8220;Djeca&#8221; postavljena ispred hrama Hrista Spasitelja u centru grada. <\/p>\n<p>U gradu na Sani film \u0107e biti prikazan u Pozori\u0161tu Prijedor.<\/p>\n<p>SRNA<\/p>\n","protected":false},"excerpt":{"rendered":"<p>Radio-televizija Republike Srpske danas organizuje javnu projekciju dokumentarnog filma &#8220;Djeca&#8221;, autora Denisa Boji\u0107a, u jedanaest gradova Srpske. Javna projekcija bi\u0107e odr\u017eana u 12.00 \u010dasova u Bijeljini, Isto\u010dnom Novom Sarajevu, Banjaluci, [&hellip;]<\/p>\n","protected":false},"author":1,"featured_media":0,"comment_status":"closed","ping_status":"open","sticky":false,"template":"","format":"standard","meta":{"_monsterinsights_skip_tracking":false,"_monsterinsights_sitenote_active":false,"_monsterinsights_sitenote_note":"","_monsterinsights_sitenote_category":0,"footnotes":""},"categories":[8],"tags":[658,3403,4443],"yoast_head":"<!-- This site is optimized with the Yoast SEO plugin v21.6 - https:\/\/yoast.com\/wordpress\/plugins\/seo\/ -->\n<title>DANAS PROMOCIJA FILMA &quot;DJECA&quot; U POZORI\u0160TU PRIJEDOR - PrijedorDanas.com - Prijedorski gradski portal<\/title>\n<meta name=\"robots\" content=\"index, follow, max-snippet:-1, max-image-preview:large, max-video-preview:-1\" \/>\n<link rel=\"canonical\" href=\"https:\/\/www.prijedordanas.com\/?p=38738\" \/>\n<meta property=\"og:locale\" content=\"en_US\" \/>\n<meta property=\"og:type\" content=\"article\" \/>\n<meta property=\"og:title\" content=\"DANAS PROMOCIJA FILMA &quot;DJECA&quot; U POZORI\u0160TU PRIJEDOR - PrijedorDanas.com - Prijedorski gradski portal\" \/>\n<meta property=\"og:description\" content=\"Radio-televizija Republike Srpske danas organizuje javnu projekciju dokumentarnog filma &#8220;Djeca&#8221;, autora Denisa Boji\u0107a, u jedanaest gradova Srpske. Javna projekcija bi\u0107e odr\u017eana u 12.00 \u010dasova u Bijeljini, Isto\u010dnom Novom Sarajevu, Banjaluci, [&hellip;]\" \/>\n<meta property=\"og:url\" content=\"https:\/\/www.prijedordanas.com\/?p=38738\" \/>\n<meta property=\"og:site_name\" content=\"PrijedorDanas.com - Prijedorski gradski portal\" \/>\n<meta property=\"article:publisher\" content=\"https:\/\/www.facebook.com\/PrijedorDanasCom\/\" \/>\n<meta property=\"article:published_time\" content=\"2016-01-10T08:58:03+00:00\" \/>\n<meta property=\"og:image\" content=\"https:\/\/www.prijedordanas.com\/wp-content\/uploads\/2016\/01\/rtrs-djeca-300x225.jpg\" \/>\n<meta name=\"author\" content=\"admin\" \/>\n<meta name=\"twitter:card\" content=\"summary_large_image\" \/>\n<meta name=\"twitter:label1\" content=\"Written by\" \/>\n\t<meta name=\"twitter:data1\" content=\"admin\" \/>\n\t<meta name=\"twitter:label2\" content=\"Est. reading time\" \/>\n\t<meta name=\"twitter:data2\" content=\"1 minute\" \/>\n<script type=\"application\/ld+json\" class=\"yoast-schema-graph\">{\"@context\":\"https:\/\/schema.org\",\"@graph\":[{\"@type\":\"Article\",\"@id\":\"https:\/\/www.prijedordanas.com\/?p=38738#article\",\"isPartOf\":{\"@id\":\"https:\/\/www.prijedordanas.com\/?p=38738\"},\"author\":{\"name\":\"admin\",\"@id\":\"https:\/\/www.prijedordanas.com\/#\/schema\/person\/4e08ccf29b506ca916ff86d46bb700e6\"},\"headline\":\"DANAS PROMOCIJA FILMA &#8220;DJECA&#8221; U POZORI\u0160TU PRIJEDOR\",\"datePublished\":\"2016-01-10T08:58:03+00:00\",\"dateModified\":\"2016-01-10T08:58:03+00:00\",\"mainEntityOfPage\":{\"@id\":\"https:\/\/www.prijedordanas.com\/?p=38738\"},\"wordCount\":178,\"publisher\":{\"@id\":\"https:\/\/www.prijedordanas.com\/#organization\"},\"keywords\":[\"djeca\",\"promocija\",\"Radio-televizija Republike Srpske\"],\"articleSection\":[\"Svakodnevno\"],\"inLanguage\":\"en-US\"},{\"@type\":\"WebPage\",\"@id\":\"https:\/\/www.prijedordanas.com\/?p=38738\",\"url\":\"https:\/\/www.prijedordanas.com\/?p=38738\",\"name\":\"DANAS PROMOCIJA FILMA \\\"DJECA\\\" U POZORI\u0160TU PRIJEDOR - PrijedorDanas.com - Prijedorski gradski portal\",\"isPartOf\":{\"@id\":\"https:\/\/www.prijedordanas.com\/#website\"},\"datePublished\":\"2016-01-10T08:58:03+00:00\",\"dateModified\":\"2016-01-10T08:58:03+00:00\",\"breadcrumb\":{\"@id\":\"https:\/\/www.prijedordanas.com\/?p=38738#breadcrumb\"},\"inLanguage\":\"en-US\",\"potentialAction\":[{\"@type\":\"ReadAction\",\"target\":[\"https:\/\/www.prijedordanas.com\/?p=38738\"]}]},{\"@type\":\"BreadcrumbList\",\"@id\":\"https:\/\/www.prijedordanas.com\/?p=38738#breadcrumb\",\"itemListElement\":[{\"@type\":\"ListItem\",\"position\":1,\"name\":\"Home\",\"item\":\"https:\/\/www.prijedordanas.com\/\"},{\"@type\":\"ListItem\",\"position\":2,\"name\":\"DANAS PROMOCIJA FILMA &#8220;DJECA&#8221; U POZORI\u0160TU PRIJEDOR\"}]},{\"@type\":\"WebSite\",\"@id\":\"https:\/\/www.prijedordanas.com\/#website\",\"url\":\"https:\/\/www.prijedordanas.com\/\",\"name\":\"PrijedorDanas.com - Prijedorski gradski portal\",\"description\":\"Portal o doga\u0111anjima u gradu Prijedoru\",\"publisher\":{\"@id\":\"https:\/\/www.prijedordanas.com\/#organization\"},\"potentialAction\":[{\"@type\":\"SearchAction\",\"target\":{\"@type\":\"EntryPoint\",\"urlTemplate\":\"https:\/\/www.prijedordanas.com\/?s={search_term_string}\"},\"query-input\":\"required name=search_term_string\"}],\"inLanguage\":\"en-US\"},{\"@type\":\"Organization\",\"@id\":\"https:\/\/www.prijedordanas.com\/#organization\",\"name\":\"PrijedorDanas.com\",\"url\":\"https:\/\/www.prijedordanas.com\/\",\"logo\":{\"@type\":\"ImageObject\",\"inLanguage\":\"en-US\",\"@id\":\"https:\/\/www.prijedordanas.com\/#\/schema\/logo\/image\/\",\"url\":\"http:\/\/www.prijedordanas.com\/wp-content\/uploads\/2021\/12\/logopng.png\",\"contentUrl\":\"http:\/\/www.prijedordanas.com\/wp-content\/uploads\/2021\/12\/logopng.png\",\"width\":1019,\"height\":776,\"caption\":\"PrijedorDanas.com\"},\"image\":{\"@id\":\"https:\/\/www.prijedordanas.com\/#\/schema\/logo\/image\/\"},\"sameAs\":[\"https:\/\/www.facebook.com\/PrijedorDanasCom\/\"]},{\"@type\":\"Person\",\"@id\":\"https:\/\/www.prijedordanas.com\/#\/schema\/person\/4e08ccf29b506ca916ff86d46bb700e6\",\"name\":\"admin\",\"image\":{\"@type\":\"ImageObject\",\"inLanguage\":\"en-US\",\"@id\":\"https:\/\/www.prijedordanas.com\/#\/schema\/person\/image\/\",\"url\":\"https:\/\/secure.gravatar.com\/avatar\/1d3fc949d550f0b53a5f0d51e06dfd79?s=96&d=mm&r=g\",\"contentUrl\":\"https:\/\/secure.gravatar.com\/avatar\/1d3fc949d550f0b53a5f0d51e06dfd79?s=96&d=mm&r=g\",\"caption\":\"admin\"},\"url\":\"https:\/\/www.prijedordanas.com\/?author=1\"}]}<\/script>\n<!-- \/ Yoast SEO plugin. -->","yoast_head_json":{"title":"DANAS PROMOCIJA FILMA \"DJECA\" U POZORI\u0160TU PRIJEDOR - PrijedorDanas.com - Prijedorski gradski portal","robots":{"index":"index","follow":"follow","max-snippet":"max-snippet:-1","max-image-preview":"max-image-preview:large","max-video-preview":"max-video-preview:-1"},"canonical":"https:\/\/www.prijedordanas.com\/?p=38738","og_locale":"en_US","og_type":"article","og_title":"DANAS PROMOCIJA FILMA \"DJECA\" U POZORI\u0160TU PRIJEDOR - PrijedorDanas.com - Prijedorski gradski portal","og_description":"Radio-televizija Republike Srpske danas organizuje javnu projekciju dokumentarnog filma &#8220;Djeca&#8221;, autora Denisa Boji\u0107a, u jedanaest gradova Srpske. Javna projekcija bi\u0107e odr\u017eana u 12.00 \u010dasova u Bijeljini, Isto\u010dnom Novom Sarajevu, Banjaluci, [&hellip;]","og_url":"https:\/\/www.prijedordanas.com\/?p=38738","og_site_name":"PrijedorDanas.com - Prijedorski gradski portal","article_publisher":"https:\/\/www.facebook.com\/PrijedorDanasCom\/","article_published_time":"2016-01-10T08:58:03+00:00","og_image":[{"url":"https:\/\/www.prijedordanas.com\/wp-content\/uploads\/2016\/01\/rtrs-djeca-300x225.jpg"}],"author":"admin","twitter_card":"summary_large_image","twitter_misc":{"Written by":"admin","Est. reading time":"1 minute"},"schema":{"@context":"https:\/\/schema.org","@graph":[{"@type":"Article","@id":"https:\/\/www.prijedordanas.com\/?p=38738#article","isPartOf":{"@id":"https:\/\/www.prijedordanas.com\/?p=38738"},"author":{"name":"admin","@id":"https:\/\/www.prijedordanas.com\/#\/schema\/person\/4e08ccf29b506ca916ff86d46bb700e6"},"headline":"DANAS PROMOCIJA FILMA &#8220;DJECA&#8221; U POZORI\u0160TU PRIJEDOR","datePublished":"2016-01-10T08:58:03+00:00","dateModified":"2016-01-10T08:58:03+00:00","mainEntityOfPage":{"@id":"https:\/\/www.prijedordanas.com\/?p=38738"},"wordCount":178,"publisher":{"@id":"https:\/\/www.prijedordanas.com\/#organization"},"keywords":["djeca","promocija","Radio-televizija Republike Srpske"],"articleSection":["Svakodnevno"],"inLanguage":"en-US"},{"@type":"WebPage","@id":"https:\/\/www.prijedordanas.com\/?p=38738","url":"https:\/\/www.prijedordanas.com\/?p=38738","name":"DANAS PROMOCIJA FILMA \"DJECA\" U POZORI\u0160TU PRIJEDOR - PrijedorDanas.com - Prijedorski gradski portal","isPartOf":{"@id":"https:\/\/www.prijedordanas.com\/#website"},"datePublished":"2016-01-10T08:58:03+00:00","dateModified":"2016-01-10T08:58:03+00:00","breadcrumb":{"@id":"https:\/\/www.prijedordanas.com\/?p=38738#breadcrumb"},"inLanguage":"en-US","potentialAction":[{"@type":"ReadAction","target":["https:\/\/www.prijedordanas.com\/?p=38738"]}]},{"@type":"BreadcrumbList","@id":"https:\/\/www.prijedordanas.com\/?p=38738#breadcrumb","itemListElement":[{"@type":"ListItem","position":1,"name":"Home","item":"https:\/\/www.prijedordanas.com\/"},{"@type":"ListItem","position":2,"name":"DANAS PROMOCIJA FILMA &#8220;DJECA&#8221; U POZORI\u0160TU PRIJEDOR"}]},{"@type":"WebSite","@id":"https:\/\/www.prijedordanas.com\/#website","url":"https:\/\/www.prijedordanas.com\/","name":"PrijedorDanas.com - Prijedorski gradski portal","description":"Portal o doga\u0111anjima u gradu Prijedoru","publisher":{"@id":"https:\/\/www.prijedordanas.com\/#organization"},"potentialAction":[{"@type":"SearchAction","target":{"@type":"EntryPoint","urlTemplate":"https:\/\/www.prijedordanas.com\/?s={search_term_string}"},"query-input":"required name=search_term_string"}],"inLanguage":"en-US"},{"@type":"Organization","@id":"https:\/\/www.prijedordanas.com\/#organization","name":"PrijedorDanas.com","url":"https:\/\/www.prijedordanas.com\/","logo":{"@type":"ImageObject","inLanguage":"en-US","@id":"https:\/\/www.prijedordanas.com\/#\/schema\/logo\/image\/","url":"http:\/\/www.prijedordanas.com\/wp-content\/uploads\/2021\/12\/logopng.png","contentUrl":"http:\/\/www.prijedordanas.com\/wp-content\/uploads\/2021\/12\/logopng.png","width":1019,"height":776,"caption":"PrijedorDanas.com"},"image":{"@id":"https:\/\/www.prijedordanas.com\/#\/schema\/logo\/image\/"},"sameAs":["https:\/\/www.facebook.com\/PrijedorDanasCom\/"]},{"@type":"Person","@id":"https:\/\/www.prijedordanas.com\/#\/schema\/person\/4e08ccf29b506ca916ff86d46bb700e6","name":"admin","image":{"@type":"ImageObject","inLanguage":"en-US","@id":"https:\/\/www.prijedordanas.com\/#\/schema\/person\/image\/","url":"https:\/\/secure.gravatar.com\/avatar\/1d3fc949d550f0b53a5f0d51e06dfd79?s=96&d=mm&r=g","contentUrl":"https:\/\/secure.gravatar.com\/avatar\/1d3fc949d550f0b53a5f0d51e06dfd79?s=96&d=mm&r=g","caption":"admin"},"url":"https:\/\/www.prijedordanas.com\/?author=1"}]}},"_links":{"self":[{"href":"https:\/\/www.prijedordanas.com\/index.php?rest_route=\/wp\/v2\/posts\/38738"}],"collection":[{"href":"https:\/\/www.prijedordanas.com\/index.php?rest_route=\/wp\/v2\/posts"}],"about":[{"href":"https:\/\/www.prijedordanas.com\/index.php?rest_route=\/wp\/v2\/types\/post"}],"author":[{"embeddable":true,"href":"https:\/\/www.prijedordanas.com\/index.php?rest_route=\/wp\/v2\/users\/1"}],"replies":[{"embeddable":true,"href":"https:\/\/www.prijedordanas.com\/index.php?rest_route=%2Fwp%2Fv2%2Fcomments&post=38738"}],"version-history":[{"count":1,"href":"https:\/\/www.prijedordanas.com\/index.php?rest_route=\/wp\/v2\/posts\/38738\/revisions"}],"predecessor-version":[{"id":38740,"href":"https:\/\/www.prijedordanas.com\/index.php?rest_route=\/wp\/v2\/posts\/38738\/revisions\/38740"}],"wp:attachment":[{"href":"https:\/\/www.prijedordanas.com\/index.php?rest_route=%2Fwp%2Fv2%2Fmedia&parent=38738"}],"wp:term":[{"taxonomy":"category","embeddable":true,"href":"https:\/\/www.prijedordanas.com\/index.php?rest_route=%2Fwp%2Fv2%2Fcategories&post=38738"},{"taxonomy":"post_tag","embeddable":true,"href":"https:\/\/www.prijedordanas.com\/index.php?rest_route=%2Fwp%2Fv2%2Ftags&post=38738"}],"curies":[{"name":"wp","href":"https:\/\/api.w.org\/{rel}","templated":true}]}}