{"id":38342,"date":"2016-01-05T14:20:49","date_gmt":"2016-01-05T13:20:49","guid":{"rendered":"https:\/\/www.prijedordanas.com\/?p=38342"},"modified":"2016-01-05T14:20:49","modified_gmt":"2016-01-05T13:20:49","slug":"danas-dzenaza-bracnom-paru-veletanlic-stradalima-u-saobracajnoj-nesreci-u-prijedoru","status":"publish","type":"post","link":"https:\/\/www.prijedordanas.com\/?p=38342","title":{"rendered":"DANAS D\u017dENAZA BRA\u010cNOM PARU VELETANLI\u0106, STRADALIMA U SAOBRA\u0106AJNOJ NESRE\u0106I U PRIJEDORU"},"content":{"rendered":"<p><a href=\"https:\/\/www.prijedordanas.com\/wp-content\/uploads\/2016\/01\/saobracajka-13ta-1.jpg\" rel=\"attachment wp-att-38122\"><img loading=\"lazy\" decoding=\"async\" class=\"alignleft size-medium wp-image-38122\" src=\"https:\/\/www.prijedordanas.com\/wp-content\/uploads\/2016\/01\/saobracajka-13ta-1-300x199.jpg\" alt=\"saobracajka-13ta (1)\" width=\"300\" height=\"199\" srcset=\"https:\/\/www.prijedordanas.com\/wp-content\/uploads\/2016\/01\/saobracajka-13ta-1-300x200.jpg 300w, https:\/\/www.prijedordanas.com\/wp-content\/uploads\/2016\/01\/saobracajka-13ta-1-768x509.jpg 768w, https:\/\/www.prijedordanas.com\/wp-content\/uploads\/2016\/01\/saobracajka-13ta-1-480x320.jpg 480w, https:\/\/www.prijedordanas.com\/wp-content\/uploads\/2016\/01\/saobracajka-13ta-1.jpg 800w\" sizes=\"(max-width: 300px) 100vw, 300px\" \/><\/a>Refik i Denisa Veletanli\u0107, mje\u0161tani Prekosanja, naselja kod Novog Grada, koji su u stravi\u010dnoj nesre\u0107i koja se u subotu dogodila u Prijedoru, na pru\u017enom prelazu \u201etrinaestica\u201c, izgubili \u017eivot u Audiju u koji je udario putni\u010dki voz, bi\u0107e ukopani danas na lokalnom mezarju u Prekosanju, nakon d\u017eenaze-namaza ispred njihove porodi\u010dne ku\u0107e u Prekosanju.<\/p>\n<p>Ostali sinovi<\/p>\n<p>Od tragi\u010dno stradalih supru\u017enika, koji su iza sebe ostavili dvojicu sina oprosti\u0107e se i Denisini brat Sabahudin i sestra Sanda te ostala mnogobrojna rodbina, kom\u0161ije i prijatelji koji su voljeli i po\u0161tovali ove mlade ljude. Zbog velikog gubitka tugom su obavijeni i Denisini rodni Bi\u0161\u0107ani kod Prijedora.<\/p>\n<p><a href=\"https:\/\/www.prijedordanas.com\/wp-content\/uploads\/2016\/01\/umrlica-veletanlic.jpg\" rel=\"attachment wp-att-38343\"><img loading=\"lazy\" decoding=\"async\" src=\"https:\/\/www.prijedordanas.com\/wp-content\/uploads\/2016\/01\/umrlica-veletanlic-300x221.jpg\" alt=\"umrlica veletanlic\" width=\"300\" height=\"221\" class=\"alignleft size-medium wp-image-38343\" srcset=\"https:\/\/www.prijedordanas.com\/wp-content\/uploads\/2016\/01\/umrlica-veletanlic-300x221.jpg 300w, https:\/\/www.prijedordanas.com\/wp-content\/uploads\/2016\/01\/umrlica-veletanlic.jpg 600w\" sizes=\"(max-width: 300px) 100vw, 300px\" \/><\/a>Edisi Agarevi\u0107, Refikovoj sestri, i njenom maloljetnom sinu iz Kostajnice, koji su nekoliko sati nakon nesre\u0107e podlegli te\u0161kim povredama, d\u017eenaza \u0107e biti klanjana, najvjerovatnije, sutra. Majka i njen sin jedinac bi\u0107e ukopani na lokalnom mezarju Gornji Grad &#8211; U\u017eice u Kostajnici. Edisa i njen devetogodi\u0161njak iza sebe su ostavili neutje\u0161nog supruga i oca Ibrahima i njegove roditelje.<\/p>\n<p>Ovaj pru\u017eni prelaz uzeo je \u010detiri \u017eivota i cijelu jednu porodicu. Na licu mjesta, nakon \u0161to je voz naletio na audi preminuli su Refik i Denisa. Na putu prema Banjoj Luci od te\u017eine povreda podlegla je Edisa, a njen sin, i pored napora ljekara, nije se uspio izboriti za \u017eivot. Podelagao je povredama u Banjoj Luci u subotu u 23.35 sati.<\/p>\n<p>Crna statistika<\/p>\n<p>Prema naovodima iz CJB Prijedor, u proteklih 20 godina na ovom pru\u017enom prijelazu dogodilo se devet saobra\u0107ajnih nesre\u0107a. U sudaru voza i putni\u010dkih automobila tri nesre\u0107e su bile kobne za putnike, 2006. godine poginule su dvije osobe, a 2013. godine jedna. U ostalim nesre\u0107ama dvije osobe su te\u017ee a \u0161est je lak\u0161e povrije\u0111eno.<\/p>\n<p>Dnevni avaz<\/p>\n","protected":false},"excerpt":{"rendered":"<p>Refik i Denisa Veletanli\u0107, mje\u0161tani Prekosanja, naselja kod Novog Grada, koji su u stravi\u010dnoj nesre\u0107i koja se u subotu dogodila u Prijedoru, na pru\u017enom prelazu \u201etrinaestica\u201c, izgubili \u017eivot u Audiju [&hellip;]<\/p>\n","protected":false},"author":1,"featured_media":0,"comment_status":"closed","ping_status":"open","sticky":false,"template":"","format":"standard","meta":{"_monsterinsights_skip_tracking":false,"_monsterinsights_sitenote_active":false,"_monsterinsights_sitenote_note":"","_monsterinsights_sitenote_category":0,"footnotes":""},"categories":[8],"tags":[1777,229,6430,6431],"yoast_head":"<!-- This site is optimized with the Yoast SEO plugin v21.6 - https:\/\/yoast.com\/wordpress\/plugins\/seo\/ -->\n<title>DANAS D\u017dENAZA BRA\u010cNOM PARU VELETANLI\u0106, STRADALIMA U SAOBRA\u0106AJNOJ NESRE\u0106I U PRIJEDORU - PrijedorDanas.com - Prijedorski gradski portal<\/title>\n<meta name=\"robots\" content=\"index, follow, max-snippet:-1, max-image-preview:large, max-video-preview:-1\" \/>\n<link rel=\"canonical\" href=\"https:\/\/www.prijedordanas.com\/?p=38342\" \/>\n<meta property=\"og:locale\" content=\"en_US\" \/>\n<meta property=\"og:type\" content=\"article\" \/>\n<meta property=\"og:title\" content=\"DANAS D\u017dENAZA BRA\u010cNOM PARU VELETANLI\u0106, STRADALIMA U SAOBRA\u0106AJNOJ NESRE\u0106I U PRIJEDORU - PrijedorDanas.com - Prijedorski gradski portal\" \/>\n<meta property=\"og:description\" content=\"Refik i Denisa Veletanli\u0107, mje\u0161tani Prekosanja, naselja kod Novog Grada, koji su u stravi\u010dnoj nesre\u0107i koja se u subotu dogodila u Prijedoru, na pru\u017enom prelazu \u201etrinaestica\u201c, izgubili \u017eivot u Audiju [&hellip;]\" \/>\n<meta property=\"og:url\" content=\"https:\/\/www.prijedordanas.com\/?p=38342\" \/>\n<meta property=\"og:site_name\" content=\"PrijedorDanas.com - Prijedorski gradski portal\" \/>\n<meta property=\"article:publisher\" content=\"https:\/\/www.facebook.com\/PrijedorDanasCom\/\" \/>\n<meta property=\"article:published_time\" content=\"2016-01-05T13:20:49+00:00\" \/>\n<meta property=\"og:image\" content=\"https:\/\/www.prijedordanas.com\/wp-content\/uploads\/2016\/01\/saobracajka-13ta-1-300x199.jpg\" \/>\n<meta name=\"author\" content=\"admin\" \/>\n<meta name=\"twitter:card\" content=\"summary_large_image\" \/>\n<meta name=\"twitter:label1\" content=\"Written by\" \/>\n\t<meta name=\"twitter:data1\" content=\"admin\" \/>\n\t<meta name=\"twitter:label2\" content=\"Est. reading time\" \/>\n\t<meta name=\"twitter:data2\" content=\"2 minutes\" \/>\n<script type=\"application\/ld+json\" class=\"yoast-schema-graph\">{\"@context\":\"https:\/\/schema.org\",\"@graph\":[{\"@type\":\"Article\",\"@id\":\"https:\/\/www.prijedordanas.com\/?p=38342#article\",\"isPartOf\":{\"@id\":\"https:\/\/www.prijedordanas.com\/?p=38342\"},\"author\":{\"name\":\"admin\",\"@id\":\"https:\/\/www.prijedordanas.com\/#\/schema\/person\/4e08ccf29b506ca916ff86d46bb700e6\"},\"headline\":\"DANAS D\u017dENAZA BRA\u010cNOM PARU VELETANLI\u0106, STRADALIMA U SAOBRA\u0106AJNOJ NESRE\u0106I U PRIJEDORU\",\"datePublished\":\"2016-01-05T13:20:49+00:00\",\"dateModified\":\"2016-01-05T13:20:49+00:00\",\"mainEntityOfPage\":{\"@id\":\"https:\/\/www.prijedordanas.com\/?p=38342\"},\"wordCount\":320,\"publisher\":{\"@id\":\"https:\/\/www.prijedordanas.com\/#organization\"},\"keywords\":[\"d\u017eenaza\",\"saobra\u0107ajna nesre\u0107a\",\"stradali\",\"Veletanli\u0107\"],\"articleSection\":[\"Svakodnevno\"],\"inLanguage\":\"en-US\"},{\"@type\":\"WebPage\",\"@id\":\"https:\/\/www.prijedordanas.com\/?p=38342\",\"url\":\"https:\/\/www.prijedordanas.com\/?p=38342\",\"name\":\"DANAS D\u017dENAZA BRA\u010cNOM PARU VELETANLI\u0106, STRADALIMA U SAOBRA\u0106AJNOJ NESRE\u0106I U PRIJEDORU - PrijedorDanas.com - Prijedorski gradski portal\",\"isPartOf\":{\"@id\":\"https:\/\/www.prijedordanas.com\/#website\"},\"datePublished\":\"2016-01-05T13:20:49+00:00\",\"dateModified\":\"2016-01-05T13:20:49+00:00\",\"breadcrumb\":{\"@id\":\"https:\/\/www.prijedordanas.com\/?p=38342#breadcrumb\"},\"inLanguage\":\"en-US\",\"potentialAction\":[{\"@type\":\"ReadAction\",\"target\":[\"https:\/\/www.prijedordanas.com\/?p=38342\"]}]},{\"@type\":\"BreadcrumbList\",\"@id\":\"https:\/\/www.prijedordanas.com\/?p=38342#breadcrumb\",\"itemListElement\":[{\"@type\":\"ListItem\",\"position\":1,\"name\":\"Home\",\"item\":\"https:\/\/www.prijedordanas.com\/\"},{\"@type\":\"ListItem\",\"position\":2,\"name\":\"DANAS D\u017dENAZA BRA\u010cNOM PARU VELETANLI\u0106, STRADALIMA U SAOBRA\u0106AJNOJ NESRE\u0106I U PRIJEDORU\"}]},{\"@type\":\"WebSite\",\"@id\":\"https:\/\/www.prijedordanas.com\/#website\",\"url\":\"https:\/\/www.prijedordanas.com\/\",\"name\":\"PrijedorDanas.com - Prijedorski gradski portal\",\"description\":\"Portal o doga\u0111anjima u gradu Prijedoru\",\"publisher\":{\"@id\":\"https:\/\/www.prijedordanas.com\/#organization\"},\"potentialAction\":[{\"@type\":\"SearchAction\",\"target\":{\"@type\":\"EntryPoint\",\"urlTemplate\":\"https:\/\/www.prijedordanas.com\/?s={search_term_string}\"},\"query-input\":\"required name=search_term_string\"}],\"inLanguage\":\"en-US\"},{\"@type\":\"Organization\",\"@id\":\"https:\/\/www.prijedordanas.com\/#organization\",\"name\":\"PrijedorDanas.com\",\"url\":\"https:\/\/www.prijedordanas.com\/\",\"logo\":{\"@type\":\"ImageObject\",\"inLanguage\":\"en-US\",\"@id\":\"https:\/\/www.prijedordanas.com\/#\/schema\/logo\/image\/\",\"url\":\"http:\/\/www.prijedordanas.com\/wp-content\/uploads\/2021\/12\/logopng.png\",\"contentUrl\":\"http:\/\/www.prijedordanas.com\/wp-content\/uploads\/2021\/12\/logopng.png\",\"width\":1019,\"height\":776,\"caption\":\"PrijedorDanas.com\"},\"image\":{\"@id\":\"https:\/\/www.prijedordanas.com\/#\/schema\/logo\/image\/\"},\"sameAs\":[\"https:\/\/www.facebook.com\/PrijedorDanasCom\/\"]},{\"@type\":\"Person\",\"@id\":\"https:\/\/www.prijedordanas.com\/#\/schema\/person\/4e08ccf29b506ca916ff86d46bb700e6\",\"name\":\"admin\",\"image\":{\"@type\":\"ImageObject\",\"inLanguage\":\"en-US\",\"@id\":\"https:\/\/www.prijedordanas.com\/#\/schema\/person\/image\/\",\"url\":\"https:\/\/secure.gravatar.com\/avatar\/1d3fc949d550f0b53a5f0d51e06dfd79?s=96&d=mm&r=g\",\"contentUrl\":\"https:\/\/secure.gravatar.com\/avatar\/1d3fc949d550f0b53a5f0d51e06dfd79?s=96&d=mm&r=g\",\"caption\":\"admin\"},\"url\":\"https:\/\/www.prijedordanas.com\/?author=1\"}]}<\/script>\n<!-- \/ Yoast SEO plugin. -->","yoast_head_json":{"title":"DANAS D\u017dENAZA BRA\u010cNOM PARU VELETANLI\u0106, STRADALIMA U SAOBRA\u0106AJNOJ NESRE\u0106I U PRIJEDORU - PrijedorDanas.com - Prijedorski gradski portal","robots":{"index":"index","follow":"follow","max-snippet":"max-snippet:-1","max-image-preview":"max-image-preview:large","max-video-preview":"max-video-preview:-1"},"canonical":"https:\/\/www.prijedordanas.com\/?p=38342","og_locale":"en_US","og_type":"article","og_title":"DANAS D\u017dENAZA BRA\u010cNOM PARU VELETANLI\u0106, STRADALIMA U SAOBRA\u0106AJNOJ NESRE\u0106I U PRIJEDORU - PrijedorDanas.com - Prijedorski gradski portal","og_description":"Refik i Denisa Veletanli\u0107, mje\u0161tani Prekosanja, naselja kod Novog Grada, koji su u stravi\u010dnoj nesre\u0107i koja se u subotu dogodila u Prijedoru, na pru\u017enom prelazu \u201etrinaestica\u201c, izgubili \u017eivot u Audiju [&hellip;]","og_url":"https:\/\/www.prijedordanas.com\/?p=38342","og_site_name":"PrijedorDanas.com - Prijedorski gradski portal","article_publisher":"https:\/\/www.facebook.com\/PrijedorDanasCom\/","article_published_time":"2016-01-05T13:20:49+00:00","og_image":[{"url":"https:\/\/www.prijedordanas.com\/wp-content\/uploads\/2016\/01\/saobracajka-13ta-1-300x199.jpg"}],"author":"admin","twitter_card":"summary_large_image","twitter_misc":{"Written by":"admin","Est. reading time":"2 minutes"},"schema":{"@context":"https:\/\/schema.org","@graph":[{"@type":"Article","@id":"https:\/\/www.prijedordanas.com\/?p=38342#article","isPartOf":{"@id":"https:\/\/www.prijedordanas.com\/?p=38342"},"author":{"name":"admin","@id":"https:\/\/www.prijedordanas.com\/#\/schema\/person\/4e08ccf29b506ca916ff86d46bb700e6"},"headline":"DANAS D\u017dENAZA BRA\u010cNOM PARU VELETANLI\u0106, STRADALIMA U SAOBRA\u0106AJNOJ NESRE\u0106I U PRIJEDORU","datePublished":"2016-01-05T13:20:49+00:00","dateModified":"2016-01-05T13:20:49+00:00","mainEntityOfPage":{"@id":"https:\/\/www.prijedordanas.com\/?p=38342"},"wordCount":320,"publisher":{"@id":"https:\/\/www.prijedordanas.com\/#organization"},"keywords":["d\u017eenaza","saobra\u0107ajna nesre\u0107a","stradali","Veletanli\u0107"],"articleSection":["Svakodnevno"],"inLanguage":"en-US"},{"@type":"WebPage","@id":"https:\/\/www.prijedordanas.com\/?p=38342","url":"https:\/\/www.prijedordanas.com\/?p=38342","name":"DANAS D\u017dENAZA BRA\u010cNOM PARU VELETANLI\u0106, STRADALIMA U SAOBRA\u0106AJNOJ NESRE\u0106I U PRIJEDORU - PrijedorDanas.com - Prijedorski gradski portal","isPartOf":{"@id":"https:\/\/www.prijedordanas.com\/#website"},"datePublished":"2016-01-05T13:20:49+00:00","dateModified":"2016-01-05T13:20:49+00:00","breadcrumb":{"@id":"https:\/\/www.prijedordanas.com\/?p=38342#breadcrumb"},"inLanguage":"en-US","potentialAction":[{"@type":"ReadAction","target":["https:\/\/www.prijedordanas.com\/?p=38342"]}]},{"@type":"BreadcrumbList","@id":"https:\/\/www.prijedordanas.com\/?p=38342#breadcrumb","itemListElement":[{"@type":"ListItem","position":1,"name":"Home","item":"https:\/\/www.prijedordanas.com\/"},{"@type":"ListItem","position":2,"name":"DANAS D\u017dENAZA BRA\u010cNOM PARU VELETANLI\u0106, STRADALIMA U SAOBRA\u0106AJNOJ NESRE\u0106I U PRIJEDORU"}]},{"@type":"WebSite","@id":"https:\/\/www.prijedordanas.com\/#website","url":"https:\/\/www.prijedordanas.com\/","name":"PrijedorDanas.com - Prijedorski gradski portal","description":"Portal o doga\u0111anjima u gradu Prijedoru","publisher":{"@id":"https:\/\/www.prijedordanas.com\/#organization"},"potentialAction":[{"@type":"SearchAction","target":{"@type":"EntryPoint","urlTemplate":"https:\/\/www.prijedordanas.com\/?s={search_term_string}"},"query-input":"required name=search_term_string"}],"inLanguage":"en-US"},{"@type":"Organization","@id":"https:\/\/www.prijedordanas.com\/#organization","name":"PrijedorDanas.com","url":"https:\/\/www.prijedordanas.com\/","logo":{"@type":"ImageObject","inLanguage":"en-US","@id":"https:\/\/www.prijedordanas.com\/#\/schema\/logo\/image\/","url":"http:\/\/www.prijedordanas.com\/wp-content\/uploads\/2021\/12\/logopng.png","contentUrl":"http:\/\/www.prijedordanas.com\/wp-content\/uploads\/2021\/12\/logopng.png","width":1019,"height":776,"caption":"PrijedorDanas.com"},"image":{"@id":"https:\/\/www.prijedordanas.com\/#\/schema\/logo\/image\/"},"sameAs":["https:\/\/www.facebook.com\/PrijedorDanasCom\/"]},{"@type":"Person","@id":"https:\/\/www.prijedordanas.com\/#\/schema\/person\/4e08ccf29b506ca916ff86d46bb700e6","name":"admin","image":{"@type":"ImageObject","inLanguage":"en-US","@id":"https:\/\/www.prijedordanas.com\/#\/schema\/person\/image\/","url":"https:\/\/secure.gravatar.com\/avatar\/1d3fc949d550f0b53a5f0d51e06dfd79?s=96&d=mm&r=g","contentUrl":"https:\/\/secure.gravatar.com\/avatar\/1d3fc949d550f0b53a5f0d51e06dfd79?s=96&d=mm&r=g","caption":"admin"},"url":"https:\/\/www.prijedordanas.com\/?author=1"}]}},"_links":{"self":[{"href":"https:\/\/www.prijedordanas.com\/index.php?rest_route=\/wp\/v2\/posts\/38342"}],"collection":[{"href":"https:\/\/www.prijedordanas.com\/index.php?rest_route=\/wp\/v2\/posts"}],"about":[{"href":"https:\/\/www.prijedordanas.com\/index.php?rest_route=\/wp\/v2\/types\/post"}],"author":[{"embeddable":true,"href":"https:\/\/www.prijedordanas.com\/index.php?rest_route=\/wp\/v2\/users\/1"}],"replies":[{"embeddable":true,"href":"https:\/\/www.prijedordanas.com\/index.php?rest_route=%2Fwp%2Fv2%2Fcomments&post=38342"}],"version-history":[{"count":1,"href":"https:\/\/www.prijedordanas.com\/index.php?rest_route=\/wp\/v2\/posts\/38342\/revisions"}],"predecessor-version":[{"id":38344,"href":"https:\/\/www.prijedordanas.com\/index.php?rest_route=\/wp\/v2\/posts\/38342\/revisions\/38344"}],"wp:attachment":[{"href":"https:\/\/www.prijedordanas.com\/index.php?rest_route=%2Fwp%2Fv2%2Fmedia&parent=38342"}],"wp:term":[{"taxonomy":"category","embeddable":true,"href":"https:\/\/www.prijedordanas.com\/index.php?rest_route=%2Fwp%2Fv2%2Fcategories&post=38342"},{"taxonomy":"post_tag","embeddable":true,"href":"https:\/\/www.prijedordanas.com\/index.php?rest_route=%2Fwp%2Fv2%2Ftags&post=38342"}],"curies":[{"name":"wp","href":"https:\/\/api.w.org\/{rel}","templated":true}]}}