{"id":38303,"date":"2016-01-04T18:51:11","date_gmt":"2016-01-04T17:51:11","guid":{"rendered":"https:\/\/www.prijedordanas.com\/?p=38303"},"modified":"2016-01-04T18:51:11","modified_gmt":"2016-01-04T17:51:11","slug":"na-pruznom-prelazu-trinaesta-sedam-poginulih-za-21-godinu","status":"publish","type":"post","link":"https:\/\/www.prijedordanas.com\/?p=38303","title":{"rendered":"NA PRU\u017dNOM PRELAZU &#8220;TRINAESTA&#8221; SEDAM POGINULIH ZA 21 GODINU"},"content":{"rendered":"<p><a href=\"https:\/\/www.prijedordanas.com\/wp-content\/uploads\/2016\/01\/saobracajka-13ta-9.jpg\" rel=\"attachment wp-att-38143\"><img loading=\"lazy\" decoding=\"async\" src=\"https:\/\/www.prijedordanas.com\/wp-content\/uploads\/2016\/01\/saobracajka-13ta-9-300x199.jpg\" alt=\"saobracajka-13ta (9)\" width=\"300\" height=\"199\" class=\"alignleft size-medium wp-image-38143\" srcset=\"https:\/\/www.prijedordanas.com\/wp-content\/uploads\/2016\/01\/saobracajka-13ta-9-300x200.jpg 300w, https:\/\/www.prijedordanas.com\/wp-content\/uploads\/2016\/01\/saobracajka-13ta-9-768x509.jpg 768w, https:\/\/www.prijedordanas.com\/wp-content\/uploads\/2016\/01\/saobracajka-13ta-9-480x320.jpg 480w, https:\/\/www.prijedordanas.com\/wp-content\/uploads\/2016\/01\/saobracajka-13ta-9.jpg 800w\" sizes=\"(max-width: 300px) 100vw, 300px\" \/><\/a>Na pru\u017enom prelazu &#8220;trinaesta&#8221; u prijedorskom naselju Ra\u0161kovac za proteklih 21 godinu u sudarima vozova i putni\u010dkih automobila \u017eivote je izgubilo sedam lica.<\/p>\n<p>Iz Centra javne bezbjednosti Prijedor danas je saop\u0161teno da je od 1. januara 1995. godine do 31. decembra 2015. godine na ovom pru\u017enom prelazu bilo osam saobra\u0107ajnih nezgoda sa posljedicama po lica u kojima je do\u0161lo do sudara voza i putni\u010dkih automobila. <\/p>\n<p>&#8220;Od ukupnog broja saobra\u0107ajnih nezgoda tri su saobra\u0107ajne nezgode sa smrtno stradalim licima. Dva lica smrtno su stradala 2006. godine i jedno lice 2013. godine&#8221;, navodi se u saop\u0161tenju. <\/p>\n<p>Jedna saobra\u0107ajna nezgoda bila je sa dva te\u017ee povrije\u0111ena lica, a \u0161est saobra\u0107ajnih nezgoda sa \u0161est lak\u0161e povrije\u0111enih lica. <\/p>\n<p>U subotu, 2. januara, na prelazu &#8220;trinaesta&#8221; u sudaru voza i &#8220;audija&#8221; \u017eivot su izgubila \u010detiri lica &#8211; na licu mjesta poginuli su R.V. \/41\/ i suvoza\u010d D.V. \/38\/, dok su majka E.A. \/37\/ i njen devetogodi\u0161nji sin podlegli zadobijenim povredama. <\/p>\n<p>Tekst \u2013 SRNA<br \/>\nFoto \u2013 Aleksandar Drakuli\u0107 \u2013 <a href=\"www.prijedordanas.com\" target=\"_blank\">www.prijedordanas.com<\/a><\/p>\n","protected":false},"excerpt":{"rendered":"<p>Na pru\u017enom prelazu &#8220;trinaesta&#8221; u prijedorskom naselju Ra\u0161kovac za proteklih 21 godinu u sudarima vozova i putni\u010dkih automobila \u017eivote je izgubilo sedam lica. Iz Centra javne bezbjednosti Prijedor danas je [&hellip;]<\/p>\n","protected":false},"author":1,"featured_media":0,"comment_status":"closed","ping_status":"open","sticky":false,"template":"","format":"standard","meta":{"_monsterinsights_skip_tracking":false,"_monsterinsights_sitenote_active":false,"_monsterinsights_sitenote_note":"","_monsterinsights_sitenote_category":0,"footnotes":""},"categories":[5],"tags":[38,6414,6411,3943],"yoast_head":"<!-- This site is optimized with the Yoast SEO plugin v21.6 - https:\/\/yoast.com\/wordpress\/plugins\/seo\/ -->\n<title>NA PRU\u017dNOM PRELAZU &quot;TRINAESTA&quot; SEDAM POGINULIH ZA 21 GODINU - PrijedorDanas.com - Prijedorski gradski portal<\/title>\n<meta name=\"robots\" content=\"index, follow, max-snippet:-1, max-image-preview:large, max-video-preview:-1\" \/>\n<link rel=\"canonical\" href=\"https:\/\/www.prijedordanas.com\/?p=38303\" \/>\n<meta property=\"og:locale\" content=\"en_US\" \/>\n<meta property=\"og:type\" content=\"article\" \/>\n<meta property=\"og:title\" content=\"NA PRU\u017dNOM PRELAZU &quot;TRINAESTA&quot; SEDAM POGINULIH ZA 21 GODINU - PrijedorDanas.com - Prijedorski gradski portal\" \/>\n<meta property=\"og:description\" content=\"Na pru\u017enom prelazu &#8220;trinaesta&#8221; u prijedorskom naselju Ra\u0161kovac za proteklih 21 godinu u sudarima vozova i putni\u010dkih automobila \u017eivote je izgubilo sedam lica. Iz Centra javne bezbjednosti Prijedor danas je [&hellip;]\" \/>\n<meta property=\"og:url\" content=\"https:\/\/www.prijedordanas.com\/?p=38303\" \/>\n<meta property=\"og:site_name\" content=\"PrijedorDanas.com - Prijedorski gradski portal\" \/>\n<meta property=\"article:publisher\" content=\"https:\/\/www.facebook.com\/PrijedorDanasCom\/\" \/>\n<meta property=\"article:published_time\" content=\"2016-01-04T17:51:11+00:00\" \/>\n<meta property=\"og:image\" content=\"https:\/\/www.prijedordanas.com\/wp-content\/uploads\/2016\/01\/saobracajka-13ta-9-300x199.jpg\" \/>\n<meta name=\"author\" content=\"admin\" \/>\n<meta name=\"twitter:card\" content=\"summary_large_image\" \/>\n<meta name=\"twitter:label1\" content=\"Written by\" \/>\n\t<meta name=\"twitter:data1\" content=\"admin\" \/>\n\t<meta name=\"twitter:label2\" content=\"Est. reading time\" \/>\n\t<meta name=\"twitter:data2\" content=\"1 minute\" \/>\n<script type=\"application\/ld+json\" class=\"yoast-schema-graph\">{\"@context\":\"https:\/\/schema.org\",\"@graph\":[{\"@type\":\"Article\",\"@id\":\"https:\/\/www.prijedordanas.com\/?p=38303#article\",\"isPartOf\":{\"@id\":\"https:\/\/www.prijedordanas.com\/?p=38303\"},\"author\":{\"name\":\"admin\",\"@id\":\"https:\/\/www.prijedordanas.com\/#\/schema\/person\/4e08ccf29b506ca916ff86d46bb700e6\"},\"headline\":\"NA PRU\u017dNOM PRELAZU &#8220;TRINAESTA&#8221; SEDAM POGINULIH ZA 21 GODINU\",\"datePublished\":\"2016-01-04T17:51:11+00:00\",\"dateModified\":\"2016-01-04T17:51:11+00:00\",\"mainEntityOfPage\":{\"@id\":\"https:\/\/www.prijedordanas.com\/?p=38303\"},\"wordCount\":181,\"publisher\":{\"@id\":\"https:\/\/www.prijedordanas.com\/#organization\"},\"keywords\":[\"CJB Prijedor\",\"poginuli\",\"pru\u017eni prelaz trinaesta\",\"saobra\u0107ajne nesre\u0107e\"],\"articleSection\":[\"Hronika\"],\"inLanguage\":\"en-US\"},{\"@type\":\"WebPage\",\"@id\":\"https:\/\/www.prijedordanas.com\/?p=38303\",\"url\":\"https:\/\/www.prijedordanas.com\/?p=38303\",\"name\":\"NA PRU\u017dNOM PRELAZU \\\"TRINAESTA\\\" SEDAM POGINULIH ZA 21 GODINU - PrijedorDanas.com - Prijedorski gradski portal\",\"isPartOf\":{\"@id\":\"https:\/\/www.prijedordanas.com\/#website\"},\"datePublished\":\"2016-01-04T17:51:11+00:00\",\"dateModified\":\"2016-01-04T17:51:11+00:00\",\"breadcrumb\":{\"@id\":\"https:\/\/www.prijedordanas.com\/?p=38303#breadcrumb\"},\"inLanguage\":\"en-US\",\"potentialAction\":[{\"@type\":\"ReadAction\",\"target\":[\"https:\/\/www.prijedordanas.com\/?p=38303\"]}]},{\"@type\":\"BreadcrumbList\",\"@id\":\"https:\/\/www.prijedordanas.com\/?p=38303#breadcrumb\",\"itemListElement\":[{\"@type\":\"ListItem\",\"position\":1,\"name\":\"Home\",\"item\":\"https:\/\/www.prijedordanas.com\/\"},{\"@type\":\"ListItem\",\"position\":2,\"name\":\"NA PRU\u017dNOM PRELAZU &#8220;TRINAESTA&#8221; SEDAM POGINULIH ZA 21 GODINU\"}]},{\"@type\":\"WebSite\",\"@id\":\"https:\/\/www.prijedordanas.com\/#website\",\"url\":\"https:\/\/www.prijedordanas.com\/\",\"name\":\"PrijedorDanas.com - Prijedorski gradski portal\",\"description\":\"Portal o doga\u0111anjima u gradu Prijedoru\",\"publisher\":{\"@id\":\"https:\/\/www.prijedordanas.com\/#organization\"},\"potentialAction\":[{\"@type\":\"SearchAction\",\"target\":{\"@type\":\"EntryPoint\",\"urlTemplate\":\"https:\/\/www.prijedordanas.com\/?s={search_term_string}\"},\"query-input\":\"required name=search_term_string\"}],\"inLanguage\":\"en-US\"},{\"@type\":\"Organization\",\"@id\":\"https:\/\/www.prijedordanas.com\/#organization\",\"name\":\"PrijedorDanas.com\",\"url\":\"https:\/\/www.prijedordanas.com\/\",\"logo\":{\"@type\":\"ImageObject\",\"inLanguage\":\"en-US\",\"@id\":\"https:\/\/www.prijedordanas.com\/#\/schema\/logo\/image\/\",\"url\":\"http:\/\/www.prijedordanas.com\/wp-content\/uploads\/2021\/12\/logopng.png\",\"contentUrl\":\"http:\/\/www.prijedordanas.com\/wp-content\/uploads\/2021\/12\/logopng.png\",\"width\":1019,\"height\":776,\"caption\":\"PrijedorDanas.com\"},\"image\":{\"@id\":\"https:\/\/www.prijedordanas.com\/#\/schema\/logo\/image\/\"},\"sameAs\":[\"https:\/\/www.facebook.com\/PrijedorDanasCom\/\"]},{\"@type\":\"Person\",\"@id\":\"https:\/\/www.prijedordanas.com\/#\/schema\/person\/4e08ccf29b506ca916ff86d46bb700e6\",\"name\":\"admin\",\"image\":{\"@type\":\"ImageObject\",\"inLanguage\":\"en-US\",\"@id\":\"https:\/\/www.prijedordanas.com\/#\/schema\/person\/image\/\",\"url\":\"https:\/\/secure.gravatar.com\/avatar\/1d3fc949d550f0b53a5f0d51e06dfd79?s=96&d=mm&r=g\",\"contentUrl\":\"https:\/\/secure.gravatar.com\/avatar\/1d3fc949d550f0b53a5f0d51e06dfd79?s=96&d=mm&r=g\",\"caption\":\"admin\"},\"url\":\"https:\/\/www.prijedordanas.com\/?author=1\"}]}<\/script>\n<!-- \/ Yoast SEO plugin. -->","yoast_head_json":{"title":"NA PRU\u017dNOM PRELAZU \"TRINAESTA\" SEDAM POGINULIH ZA 21 GODINU - PrijedorDanas.com - Prijedorski gradski portal","robots":{"index":"index","follow":"follow","max-snippet":"max-snippet:-1","max-image-preview":"max-image-preview:large","max-video-preview":"max-video-preview:-1"},"canonical":"https:\/\/www.prijedordanas.com\/?p=38303","og_locale":"en_US","og_type":"article","og_title":"NA PRU\u017dNOM PRELAZU \"TRINAESTA\" SEDAM POGINULIH ZA 21 GODINU - PrijedorDanas.com - Prijedorski gradski portal","og_description":"Na pru\u017enom prelazu &#8220;trinaesta&#8221; u prijedorskom naselju Ra\u0161kovac za proteklih 21 godinu u sudarima vozova i putni\u010dkih automobila \u017eivote je izgubilo sedam lica. Iz Centra javne bezbjednosti Prijedor danas je [&hellip;]","og_url":"https:\/\/www.prijedordanas.com\/?p=38303","og_site_name":"PrijedorDanas.com - Prijedorski gradski portal","article_publisher":"https:\/\/www.facebook.com\/PrijedorDanasCom\/","article_published_time":"2016-01-04T17:51:11+00:00","og_image":[{"url":"https:\/\/www.prijedordanas.com\/wp-content\/uploads\/2016\/01\/saobracajka-13ta-9-300x199.jpg"}],"author":"admin","twitter_card":"summary_large_image","twitter_misc":{"Written by":"admin","Est. reading time":"1 minute"},"schema":{"@context":"https:\/\/schema.org","@graph":[{"@type":"Article","@id":"https:\/\/www.prijedordanas.com\/?p=38303#article","isPartOf":{"@id":"https:\/\/www.prijedordanas.com\/?p=38303"},"author":{"name":"admin","@id":"https:\/\/www.prijedordanas.com\/#\/schema\/person\/4e08ccf29b506ca916ff86d46bb700e6"},"headline":"NA PRU\u017dNOM PRELAZU &#8220;TRINAESTA&#8221; SEDAM POGINULIH ZA 21 GODINU","datePublished":"2016-01-04T17:51:11+00:00","dateModified":"2016-01-04T17:51:11+00:00","mainEntityOfPage":{"@id":"https:\/\/www.prijedordanas.com\/?p=38303"},"wordCount":181,"publisher":{"@id":"https:\/\/www.prijedordanas.com\/#organization"},"keywords":["CJB Prijedor","poginuli","pru\u017eni prelaz trinaesta","saobra\u0107ajne nesre\u0107e"],"articleSection":["Hronika"],"inLanguage":"en-US"},{"@type":"WebPage","@id":"https:\/\/www.prijedordanas.com\/?p=38303","url":"https:\/\/www.prijedordanas.com\/?p=38303","name":"NA PRU\u017dNOM PRELAZU \"TRINAESTA\" SEDAM POGINULIH ZA 21 GODINU - PrijedorDanas.com - Prijedorski gradski portal","isPartOf":{"@id":"https:\/\/www.prijedordanas.com\/#website"},"datePublished":"2016-01-04T17:51:11+00:00","dateModified":"2016-01-04T17:51:11+00:00","breadcrumb":{"@id":"https:\/\/www.prijedordanas.com\/?p=38303#breadcrumb"},"inLanguage":"en-US","potentialAction":[{"@type":"ReadAction","target":["https:\/\/www.prijedordanas.com\/?p=38303"]}]},{"@type":"BreadcrumbList","@id":"https:\/\/www.prijedordanas.com\/?p=38303#breadcrumb","itemListElement":[{"@type":"ListItem","position":1,"name":"Home","item":"https:\/\/www.prijedordanas.com\/"},{"@type":"ListItem","position":2,"name":"NA PRU\u017dNOM PRELAZU &#8220;TRINAESTA&#8221; SEDAM POGINULIH ZA 21 GODINU"}]},{"@type":"WebSite","@id":"https:\/\/www.prijedordanas.com\/#website","url":"https:\/\/www.prijedordanas.com\/","name":"PrijedorDanas.com - Prijedorski gradski portal","description":"Portal o doga\u0111anjima u gradu Prijedoru","publisher":{"@id":"https:\/\/www.prijedordanas.com\/#organization"},"potentialAction":[{"@type":"SearchAction","target":{"@type":"EntryPoint","urlTemplate":"https:\/\/www.prijedordanas.com\/?s={search_term_string}"},"query-input":"required name=search_term_string"}],"inLanguage":"en-US"},{"@type":"Organization","@id":"https:\/\/www.prijedordanas.com\/#organization","name":"PrijedorDanas.com","url":"https:\/\/www.prijedordanas.com\/","logo":{"@type":"ImageObject","inLanguage":"en-US","@id":"https:\/\/www.prijedordanas.com\/#\/schema\/logo\/image\/","url":"http:\/\/www.prijedordanas.com\/wp-content\/uploads\/2021\/12\/logopng.png","contentUrl":"http:\/\/www.prijedordanas.com\/wp-content\/uploads\/2021\/12\/logopng.png","width":1019,"height":776,"caption":"PrijedorDanas.com"},"image":{"@id":"https:\/\/www.prijedordanas.com\/#\/schema\/logo\/image\/"},"sameAs":["https:\/\/www.facebook.com\/PrijedorDanasCom\/"]},{"@type":"Person","@id":"https:\/\/www.prijedordanas.com\/#\/schema\/person\/4e08ccf29b506ca916ff86d46bb700e6","name":"admin","image":{"@type":"ImageObject","inLanguage":"en-US","@id":"https:\/\/www.prijedordanas.com\/#\/schema\/person\/image\/","url":"https:\/\/secure.gravatar.com\/avatar\/1d3fc949d550f0b53a5f0d51e06dfd79?s=96&d=mm&r=g","contentUrl":"https:\/\/secure.gravatar.com\/avatar\/1d3fc949d550f0b53a5f0d51e06dfd79?s=96&d=mm&r=g","caption":"admin"},"url":"https:\/\/www.prijedordanas.com\/?author=1"}]}},"_links":{"self":[{"href":"https:\/\/www.prijedordanas.com\/index.php?rest_route=\/wp\/v2\/posts\/38303"}],"collection":[{"href":"https:\/\/www.prijedordanas.com\/index.php?rest_route=\/wp\/v2\/posts"}],"about":[{"href":"https:\/\/www.prijedordanas.com\/index.php?rest_route=\/wp\/v2\/types\/post"}],"author":[{"embeddable":true,"href":"https:\/\/www.prijedordanas.com\/index.php?rest_route=\/wp\/v2\/users\/1"}],"replies":[{"embeddable":true,"href":"https:\/\/www.prijedordanas.com\/index.php?rest_route=%2Fwp%2Fv2%2Fcomments&post=38303"}],"version-history":[{"count":1,"href":"https:\/\/www.prijedordanas.com\/index.php?rest_route=\/wp\/v2\/posts\/38303\/revisions"}],"predecessor-version":[{"id":38304,"href":"https:\/\/www.prijedordanas.com\/index.php?rest_route=\/wp\/v2\/posts\/38303\/revisions\/38304"}],"wp:attachment":[{"href":"https:\/\/www.prijedordanas.com\/index.php?rest_route=%2Fwp%2Fv2%2Fmedia&parent=38303"}],"wp:term":[{"taxonomy":"category","embeddable":true,"href":"https:\/\/www.prijedordanas.com\/index.php?rest_route=%2Fwp%2Fv2%2Fcategories&post=38303"},{"taxonomy":"post_tag","embeddable":true,"href":"https:\/\/www.prijedordanas.com\/index.php?rest_route=%2Fwp%2Fv2%2Ftags&post=38303"}],"curies":[{"name":"wp","href":"https:\/\/api.w.org\/{rel}","templated":true}]}}