{"id":38296,"date":"2016-01-04T17:53:00","date_gmt":"2016-01-04T16:53:00","guid":{"rendered":"https:\/\/www.prijedordanas.com\/?p=38296"},"modified":"2016-01-04T17:53:00","modified_gmt":"2016-01-04T16:53:00","slug":"rjesavanje-problema-trinaeste-cim-se-vrijeme-stabilizuje","status":"publish","type":"post","link":"https:\/\/www.prijedordanas.com\/?p=38296","title":{"rendered":"RJE\u0160AVANJE PROBLEMA &#8220;TRINAESTE&#8221; \u010cIM SE VRIJEME STABILIZUJE"},"content":{"rendered":"<p><a href=\"https:\/\/www.prijedordanas.com\/wp-content\/uploads\/2016\/01\/pruzni-prelaz-trinaesta.jpg\" rel=\"attachment wp-att-38298\"><img loading=\"lazy\" decoding=\"async\" src=\"https:\/\/www.prijedordanas.com\/wp-content\/uploads\/2016\/01\/pruzni-prelaz-trinaesta-300x199.jpg\" alt=\"pruzni prelaz trinaesta\" width=\"300\" height=\"199\" class=\"alignleft size-medium wp-image-38298\" srcset=\"https:\/\/www.prijedordanas.com\/wp-content\/uploads\/2016\/01\/pruzni-prelaz-trinaesta-300x200.jpg 300w, https:\/\/www.prijedordanas.com\/wp-content\/uploads\/2016\/01\/pruzni-prelaz-trinaesta-480x320.jpg 480w, https:\/\/www.prijedordanas.com\/wp-content\/uploads\/2016\/01\/pruzni-prelaz-trinaesta.jpg 600w\" sizes=\"(max-width: 300px) 100vw, 300px\" \/><\/a>Radovi na rje\u0161avanju problema raskrsnice magistralnog puta M4 i lokalnih puteva u Prijedoru, kao i pro\u0161irenju dijela puta M4, u blizini pru\u017enog prelaza &#8220;trinaesta&#8221;, po\u010de\u0107e \u010dim se vremenske prilike stabilizuju i dozvole ma\u0161inama da iza\u0111u na gradili\u0161te, re\u010deno je Srni u Javnom preduze\u0107u &#8220;Putevi Republike Srpske&#8221;.<\/p>\n<p>U ovom preduze\u0107u napominju da su sa gradom Prijedorom i Javnim preduze\u0107em &#8220;\u017deljeznice Republike Srpske&#8221; potpisali Sporazum o saradnji za rje\u0161avanje problema na pru\u017enom prelazu u Prijedoru na kojem je tokom vikenda poginulo \u010detvoro lica. <\/p>\n<p>Prema projektu iz tog sporazuma, obaveze &#8220;Puteva Republike Srpske&#8221; na magistralnom putu M4 su da se formira traka za lijeva skretanja iz pravca Banjaluke sa dovoljnom du\u017einom akumulacije vozila, da se dogradi traka za desna skretanja iz pravca Novog Grada prema pru\u017enom prelazu, te da se dogradi traka za ubrzanje iz pravca pru\u017enog prelaza prema Banjaluci. <\/p>\n<p>&#8220;Sporazumom je predvi\u0111eno da grad Prijedor radi na ure\u0111enju lokalnih puteva u skladu sa projektom dokumentacijom, a obaveza `\u017deljeznica Republike Srpske` je ure\u0111enje svjetlosne signalizacije i rampi sa polubranicima&#8221;, navode iz &#8220;Puteva&#8221;. <\/p>\n<p>Za radove, procijenjene vrijednosti oko 300.000 KM, ura\u0111ena je projektna dokumentacija i postoji odobrenje za gra\u0111anje. <\/p>\n<p>U sudaru voza i automobila &#8220;audi&#8221; u subotu, na pru\u017enom prelazu &#8220;trineaesta&#8221; dva lica su poginula na licu mjesta, dok su druga dva lica preminula od posljedica povreda zadobijenih u saobra\u0107ajnoj nesre\u0107i. <\/p>\n<p>Na ovom pru\u017enom prelazu nesre\u0107e su u\u010destale, a prema navodima iz &#8220;\u017deljeznica Republike Srpske&#8221;, problem je trebalo da bude rije\u0161en po\u010detkom 2014. godine. <\/p>\n<p>Tekst \u2013 SRNA<br \/>\nFoto \u2013 Aleksandar Drakuli\u0107 \u2013 <a href=\"www.prijedordanas.com\" target=\"_blank\">www.prijedordanas.com<\/a><\/p>\n","protected":false},"excerpt":{"rendered":"<p>Radovi na rje\u0161avanju problema raskrsnice magistralnog puta M4 i lokalnih puteva u Prijedoru, kao i pro\u0161irenju dijela puta M4, u blizini pru\u017enog prelaza &#8220;trinaesta&#8221;, po\u010de\u0107e \u010dim se vremenske prilike stabilizuju [&hellip;]<\/p>\n","protected":false},"author":1,"featured_media":0,"comment_status":"closed","ping_status":"open","sticky":false,"template":"","format":"standard","meta":{"_monsterinsights_skip_tracking":false,"_monsterinsights_sitenote_active":false,"_monsterinsights_sitenote_note":"","_monsterinsights_sitenote_category":0,"footnotes":""},"categories":[4],"tags":[6411,6426,6425],"yoast_head":"<!-- This site is optimized with the Yoast SEO plugin v21.6 - https:\/\/yoast.com\/wordpress\/plugins\/seo\/ -->\n<title>RJE\u0160AVANJE PROBLEMA &quot;TRINAESTE&quot; \u010cIM SE VRIJEME STABILIZUJE - PrijedorDanas.com - Prijedorski gradski portal<\/title>\n<meta name=\"robots\" content=\"index, follow, max-snippet:-1, max-image-preview:large, max-video-preview:-1\" \/>\n<link rel=\"canonical\" href=\"https:\/\/www.prijedordanas.com\/?p=38296\" \/>\n<meta property=\"og:locale\" content=\"en_US\" \/>\n<meta property=\"og:type\" content=\"article\" \/>\n<meta property=\"og:title\" content=\"RJE\u0160AVANJE PROBLEMA &quot;TRINAESTE&quot; \u010cIM SE VRIJEME STABILIZUJE - PrijedorDanas.com - Prijedorski gradski portal\" \/>\n<meta property=\"og:description\" content=\"Radovi na rje\u0161avanju problema raskrsnice magistralnog puta M4 i lokalnih puteva u Prijedoru, kao i pro\u0161irenju dijela puta M4, u blizini pru\u017enog prelaza &#8220;trinaesta&#8221;, po\u010de\u0107e \u010dim se vremenske prilike stabilizuju [&hellip;]\" \/>\n<meta property=\"og:url\" content=\"https:\/\/www.prijedordanas.com\/?p=38296\" \/>\n<meta property=\"og:site_name\" content=\"PrijedorDanas.com - Prijedorski gradski portal\" \/>\n<meta property=\"article:publisher\" content=\"https:\/\/www.facebook.com\/PrijedorDanasCom\/\" \/>\n<meta property=\"article:published_time\" content=\"2016-01-04T16:53:00+00:00\" \/>\n<meta property=\"og:image\" content=\"https:\/\/www.prijedordanas.com\/wp-content\/uploads\/2016\/01\/pruzni-prelaz-trinaesta-300x199.jpg\" \/>\n<meta name=\"author\" content=\"admin\" \/>\n<meta name=\"twitter:card\" content=\"summary_large_image\" \/>\n<meta name=\"twitter:label1\" content=\"Written by\" \/>\n\t<meta name=\"twitter:data1\" content=\"admin\" \/>\n\t<meta name=\"twitter:label2\" content=\"Est. reading time\" \/>\n\t<meta name=\"twitter:data2\" content=\"1 minute\" \/>\n<script type=\"application\/ld+json\" class=\"yoast-schema-graph\">{\"@context\":\"https:\/\/schema.org\",\"@graph\":[{\"@type\":\"Article\",\"@id\":\"https:\/\/www.prijedordanas.com\/?p=38296#article\",\"isPartOf\":{\"@id\":\"https:\/\/www.prijedordanas.com\/?p=38296\"},\"author\":{\"name\":\"admin\",\"@id\":\"https:\/\/www.prijedordanas.com\/#\/schema\/person\/4e08ccf29b506ca916ff86d46bb700e6\"},\"headline\":\"RJE\u0160AVANJE PROBLEMA &#8220;TRINAESTE&#8221; \u010cIM SE VRIJEME STABILIZUJE\",\"datePublished\":\"2016-01-04T16:53:00+00:00\",\"dateModified\":\"2016-01-04T16:53:00+00:00\",\"mainEntityOfPage\":{\"@id\":\"https:\/\/www.prijedordanas.com\/?p=38296\"},\"wordCount\":284,\"publisher\":{\"@id\":\"https:\/\/www.prijedordanas.com\/#organization\"},\"keywords\":[\"pru\u017eni prelaz trinaesta\",\"Putevi RS\",\"rje\u0161avanje problema\"],\"articleSection\":[\"Dru\u0161tvo\"],\"inLanguage\":\"en-US\"},{\"@type\":\"WebPage\",\"@id\":\"https:\/\/www.prijedordanas.com\/?p=38296\",\"url\":\"https:\/\/www.prijedordanas.com\/?p=38296\",\"name\":\"RJE\u0160AVANJE PROBLEMA \\\"TRINAESTE\\\" \u010cIM SE VRIJEME STABILIZUJE - PrijedorDanas.com - Prijedorski gradski portal\",\"isPartOf\":{\"@id\":\"https:\/\/www.prijedordanas.com\/#website\"},\"datePublished\":\"2016-01-04T16:53:00+00:00\",\"dateModified\":\"2016-01-04T16:53:00+00:00\",\"breadcrumb\":{\"@id\":\"https:\/\/www.prijedordanas.com\/?p=38296#breadcrumb\"},\"inLanguage\":\"en-US\",\"potentialAction\":[{\"@type\":\"ReadAction\",\"target\":[\"https:\/\/www.prijedordanas.com\/?p=38296\"]}]},{\"@type\":\"BreadcrumbList\",\"@id\":\"https:\/\/www.prijedordanas.com\/?p=38296#breadcrumb\",\"itemListElement\":[{\"@type\":\"ListItem\",\"position\":1,\"name\":\"Home\",\"item\":\"https:\/\/www.prijedordanas.com\/\"},{\"@type\":\"ListItem\",\"position\":2,\"name\":\"RJE\u0160AVANJE PROBLEMA &#8220;TRINAESTE&#8221; \u010cIM SE VRIJEME STABILIZUJE\"}]},{\"@type\":\"WebSite\",\"@id\":\"https:\/\/www.prijedordanas.com\/#website\",\"url\":\"https:\/\/www.prijedordanas.com\/\",\"name\":\"PrijedorDanas.com - Prijedorski gradski portal\",\"description\":\"Portal o doga\u0111anjima u gradu Prijedoru\",\"publisher\":{\"@id\":\"https:\/\/www.prijedordanas.com\/#organization\"},\"potentialAction\":[{\"@type\":\"SearchAction\",\"target\":{\"@type\":\"EntryPoint\",\"urlTemplate\":\"https:\/\/www.prijedordanas.com\/?s={search_term_string}\"},\"query-input\":\"required name=search_term_string\"}],\"inLanguage\":\"en-US\"},{\"@type\":\"Organization\",\"@id\":\"https:\/\/www.prijedordanas.com\/#organization\",\"name\":\"PrijedorDanas.com\",\"url\":\"https:\/\/www.prijedordanas.com\/\",\"logo\":{\"@type\":\"ImageObject\",\"inLanguage\":\"en-US\",\"@id\":\"https:\/\/www.prijedordanas.com\/#\/schema\/logo\/image\/\",\"url\":\"http:\/\/www.prijedordanas.com\/wp-content\/uploads\/2021\/12\/logopng.png\",\"contentUrl\":\"http:\/\/www.prijedordanas.com\/wp-content\/uploads\/2021\/12\/logopng.png\",\"width\":1019,\"height\":776,\"caption\":\"PrijedorDanas.com\"},\"image\":{\"@id\":\"https:\/\/www.prijedordanas.com\/#\/schema\/logo\/image\/\"},\"sameAs\":[\"https:\/\/www.facebook.com\/PrijedorDanasCom\/\"]},{\"@type\":\"Person\",\"@id\":\"https:\/\/www.prijedordanas.com\/#\/schema\/person\/4e08ccf29b506ca916ff86d46bb700e6\",\"name\":\"admin\",\"image\":{\"@type\":\"ImageObject\",\"inLanguage\":\"en-US\",\"@id\":\"https:\/\/www.prijedordanas.com\/#\/schema\/person\/image\/\",\"url\":\"https:\/\/secure.gravatar.com\/avatar\/1d3fc949d550f0b53a5f0d51e06dfd79?s=96&d=mm&r=g\",\"contentUrl\":\"https:\/\/secure.gravatar.com\/avatar\/1d3fc949d550f0b53a5f0d51e06dfd79?s=96&d=mm&r=g\",\"caption\":\"admin\"},\"url\":\"https:\/\/www.prijedordanas.com\/?author=1\"}]}<\/script>\n<!-- \/ Yoast SEO plugin. -->","yoast_head_json":{"title":"RJE\u0160AVANJE PROBLEMA \"TRINAESTE\" \u010cIM SE VRIJEME STABILIZUJE - PrijedorDanas.com - Prijedorski gradski portal","robots":{"index":"index","follow":"follow","max-snippet":"max-snippet:-1","max-image-preview":"max-image-preview:large","max-video-preview":"max-video-preview:-1"},"canonical":"https:\/\/www.prijedordanas.com\/?p=38296","og_locale":"en_US","og_type":"article","og_title":"RJE\u0160AVANJE PROBLEMA \"TRINAESTE\" \u010cIM SE VRIJEME STABILIZUJE - PrijedorDanas.com - Prijedorski gradski portal","og_description":"Radovi na rje\u0161avanju problema raskrsnice magistralnog puta M4 i lokalnih puteva u Prijedoru, kao i pro\u0161irenju dijela puta M4, u blizini pru\u017enog prelaza &#8220;trinaesta&#8221;, po\u010de\u0107e \u010dim se vremenske prilike stabilizuju [&hellip;]","og_url":"https:\/\/www.prijedordanas.com\/?p=38296","og_site_name":"PrijedorDanas.com - Prijedorski gradski portal","article_publisher":"https:\/\/www.facebook.com\/PrijedorDanasCom\/","article_published_time":"2016-01-04T16:53:00+00:00","og_image":[{"url":"https:\/\/www.prijedordanas.com\/wp-content\/uploads\/2016\/01\/pruzni-prelaz-trinaesta-300x199.jpg"}],"author":"admin","twitter_card":"summary_large_image","twitter_misc":{"Written by":"admin","Est. reading time":"1 minute"},"schema":{"@context":"https:\/\/schema.org","@graph":[{"@type":"Article","@id":"https:\/\/www.prijedordanas.com\/?p=38296#article","isPartOf":{"@id":"https:\/\/www.prijedordanas.com\/?p=38296"},"author":{"name":"admin","@id":"https:\/\/www.prijedordanas.com\/#\/schema\/person\/4e08ccf29b506ca916ff86d46bb700e6"},"headline":"RJE\u0160AVANJE PROBLEMA &#8220;TRINAESTE&#8221; \u010cIM SE VRIJEME STABILIZUJE","datePublished":"2016-01-04T16:53:00+00:00","dateModified":"2016-01-04T16:53:00+00:00","mainEntityOfPage":{"@id":"https:\/\/www.prijedordanas.com\/?p=38296"},"wordCount":284,"publisher":{"@id":"https:\/\/www.prijedordanas.com\/#organization"},"keywords":["pru\u017eni prelaz trinaesta","Putevi RS","rje\u0161avanje problema"],"articleSection":["Dru\u0161tvo"],"inLanguage":"en-US"},{"@type":"WebPage","@id":"https:\/\/www.prijedordanas.com\/?p=38296","url":"https:\/\/www.prijedordanas.com\/?p=38296","name":"RJE\u0160AVANJE PROBLEMA \"TRINAESTE\" \u010cIM SE VRIJEME STABILIZUJE - PrijedorDanas.com - Prijedorski gradski portal","isPartOf":{"@id":"https:\/\/www.prijedordanas.com\/#website"},"datePublished":"2016-01-04T16:53:00+00:00","dateModified":"2016-01-04T16:53:00+00:00","breadcrumb":{"@id":"https:\/\/www.prijedordanas.com\/?p=38296#breadcrumb"},"inLanguage":"en-US","potentialAction":[{"@type":"ReadAction","target":["https:\/\/www.prijedordanas.com\/?p=38296"]}]},{"@type":"BreadcrumbList","@id":"https:\/\/www.prijedordanas.com\/?p=38296#breadcrumb","itemListElement":[{"@type":"ListItem","position":1,"name":"Home","item":"https:\/\/www.prijedordanas.com\/"},{"@type":"ListItem","position":2,"name":"RJE\u0160AVANJE PROBLEMA &#8220;TRINAESTE&#8221; \u010cIM SE VRIJEME STABILIZUJE"}]},{"@type":"WebSite","@id":"https:\/\/www.prijedordanas.com\/#website","url":"https:\/\/www.prijedordanas.com\/","name":"PrijedorDanas.com - Prijedorski gradski portal","description":"Portal o doga\u0111anjima u gradu Prijedoru","publisher":{"@id":"https:\/\/www.prijedordanas.com\/#organization"},"potentialAction":[{"@type":"SearchAction","target":{"@type":"EntryPoint","urlTemplate":"https:\/\/www.prijedordanas.com\/?s={search_term_string}"},"query-input":"required name=search_term_string"}],"inLanguage":"en-US"},{"@type":"Organization","@id":"https:\/\/www.prijedordanas.com\/#organization","name":"PrijedorDanas.com","url":"https:\/\/www.prijedordanas.com\/","logo":{"@type":"ImageObject","inLanguage":"en-US","@id":"https:\/\/www.prijedordanas.com\/#\/schema\/logo\/image\/","url":"http:\/\/www.prijedordanas.com\/wp-content\/uploads\/2021\/12\/logopng.png","contentUrl":"http:\/\/www.prijedordanas.com\/wp-content\/uploads\/2021\/12\/logopng.png","width":1019,"height":776,"caption":"PrijedorDanas.com"},"image":{"@id":"https:\/\/www.prijedordanas.com\/#\/schema\/logo\/image\/"},"sameAs":["https:\/\/www.facebook.com\/PrijedorDanasCom\/"]},{"@type":"Person","@id":"https:\/\/www.prijedordanas.com\/#\/schema\/person\/4e08ccf29b506ca916ff86d46bb700e6","name":"admin","image":{"@type":"ImageObject","inLanguage":"en-US","@id":"https:\/\/www.prijedordanas.com\/#\/schema\/person\/image\/","url":"https:\/\/secure.gravatar.com\/avatar\/1d3fc949d550f0b53a5f0d51e06dfd79?s=96&d=mm&r=g","contentUrl":"https:\/\/secure.gravatar.com\/avatar\/1d3fc949d550f0b53a5f0d51e06dfd79?s=96&d=mm&r=g","caption":"admin"},"url":"https:\/\/www.prijedordanas.com\/?author=1"}]}},"_links":{"self":[{"href":"https:\/\/www.prijedordanas.com\/index.php?rest_route=\/wp\/v2\/posts\/38296"}],"collection":[{"href":"https:\/\/www.prijedordanas.com\/index.php?rest_route=\/wp\/v2\/posts"}],"about":[{"href":"https:\/\/www.prijedordanas.com\/index.php?rest_route=\/wp\/v2\/types\/post"}],"author":[{"embeddable":true,"href":"https:\/\/www.prijedordanas.com\/index.php?rest_route=\/wp\/v2\/users\/1"}],"replies":[{"embeddable":true,"href":"https:\/\/www.prijedordanas.com\/index.php?rest_route=%2Fwp%2Fv2%2Fcomments&post=38296"}],"version-history":[{"count":1,"href":"https:\/\/www.prijedordanas.com\/index.php?rest_route=\/wp\/v2\/posts\/38296\/revisions"}],"predecessor-version":[{"id":38299,"href":"https:\/\/www.prijedordanas.com\/index.php?rest_route=\/wp\/v2\/posts\/38296\/revisions\/38299"}],"wp:attachment":[{"href":"https:\/\/www.prijedordanas.com\/index.php?rest_route=%2Fwp%2Fv2%2Fmedia&parent=38296"}],"wp:term":[{"taxonomy":"category","embeddable":true,"href":"https:\/\/www.prijedordanas.com\/index.php?rest_route=%2Fwp%2Fv2%2Fcategories&post=38296"},{"taxonomy":"post_tag","embeddable":true,"href":"https:\/\/www.prijedordanas.com\/index.php?rest_route=%2Fwp%2Fv2%2Ftags&post=38296"}],"curies":[{"name":"wp","href":"https:\/\/api.w.org\/{rel}","templated":true}]}}