{"id":38075,"date":"2016-01-04T11:25:02","date_gmt":"2016-01-04T10:25:02","guid":{"rendered":"https:\/\/www.prijedordanas.com\/?p=38075"},"modified":"2016-01-04T11:25:02","modified_gmt":"2016-01-04T10:25:02","slug":"jos-se-zaceljuju-rane-od-poplava","status":"publish","type":"post","link":"https:\/\/www.prijedordanas.com\/?p=38075","title":{"rendered":"JO\u0160 SE ZACELJUJU RANE OD POPLAVA"},"content":{"rendered":"<p><a href=\"https:\/\/www.prijedordanas.com\/wp-content\/uploads\/2016\/01\/vesti-donacija-mikic-mudrinic-1.jpg\" rel=\"attachment wp-att-38076\"><img loading=\"lazy\" decoding=\"async\" class=\"alignleft size-medium wp-image-38076\" src=\"https:\/\/www.prijedordanas.com\/wp-content\/uploads\/2016\/01\/vesti-donacija-mikic-mudrinic-1-300x180.jpg\" alt=\"vesti-donacija-mikic-mudrinic (1)\" width=\"300\" height=\"180\" srcset=\"https:\/\/www.prijedordanas.com\/wp-content\/uploads\/2016\/01\/vesti-donacija-mikic-mudrinic-1-300x180.jpg 300w, https:\/\/www.prijedordanas.com\/wp-content\/uploads\/2016\/01\/vesti-donacija-mikic-mudrinic-1.jpg 600w\" sizes=\"(max-width: 300px) 100vw, 300px\" \/><\/a>Katastrofalnih poplava iz 2014. jo\u0161 se se\u0107aju mnogi u Srbiji i Republici Srpskoj, kada su brojne porodice izgubile i \u017eivote i imovinu. Tada je bila organizovana velika akcija na\u0161ih zemljaka \u0161irom sveta da se ubla\u017ee posledice stra\u0161ne tragedije. U ovom humanom zadatku u\u010destvovali su i \u010dlanovi Srpskog kulturnog dru\u0161tva Sloga iz Manhajma u Nema\u010dkoj, kojima je, prema re\u010dima Dragana Jovi\u010di\u0107a, preostalo jo\u0161 neraspore\u0111enih 2.500 evra, namenjenih postradalim porodicama u poplavi.<\/p>\n<p>Zbog toga su se njihovi aktivisti ovih dana uputili ka otad\u017ebini kako bi ova sredstva oti\u0161la na prave adrese, tra\u017ee\u0107i od &#8220;Vesti&#8221; imena stradalnika.<\/p>\n<p>Humanitarni most je predlo\u017eio nekoliko porodica iz Loznice i Republike Srpske. Na cilj je prva iz Manhajma stigla \u010dlanica Sloge Snje\u017eana Dimi\u0107 sa sinom Aleksandrom, ina\u010de rodom sa podru\u010dja Prijedora, koja je odmah posetila dve ugro\u017eene porodice iz poplavljenih naselja i u ime Udru\u017eenja darovali sa po 300 evra familiju Milenka Mudrini\u0107a iz Tukova koji ima troje male dece i porodicu Radane Miki\u0107 iz Gomjenice, majku sedmoro mali\u0161ana.<\/p>\n<p><a href=\"https:\/\/www.prijedordanas.com\/wp-content\/uploads\/2016\/01\/vesti-donacija-mikic-mudrinic-2.jpg\" rel=\"attachment wp-att-38077\"><img loading=\"lazy\" decoding=\"async\" src=\"https:\/\/www.prijedordanas.com\/wp-content\/uploads\/2016\/01\/vesti-donacija-mikic-mudrinic-2-300x180.jpg\" alt=\"vesti-donacija-mikic-mudrinic (2)\" width=\"300\" height=\"180\" class=\"alignleft size-medium wp-image-38077\" srcset=\"https:\/\/www.prijedordanas.com\/wp-content\/uploads\/2016\/01\/vesti-donacija-mikic-mudrinic-2-300x180.jpg 300w, https:\/\/www.prijedordanas.com\/wp-content\/uploads\/2016\/01\/vesti-donacija-mikic-mudrinic-2.jpg 600w\" sizes=\"(max-width: 300px) 100vw, 300px\" \/><\/a>Zajedno sa ovim porodicama zemljaci su obi\u0161li prodavnice name\u0161taja i rezervisali ono \u0161to je ovim ljudima bilo trenutno najpotrebnije. U prodavnici name\u0161taja za Mudrini\u0107e je kupljen ormar za ode\u0107u i tri taburea za decu, u vrednosti od 300 evra. Porodice Radane Miki\u0107 u Gomjenici \u017eivi u vrlo te\u0161kim uslovima, i to bez kupatila. Ona je izrazila \u017eelju da joj se kupi krevet da deca imaju gde da spavaju, zahvaliv\u0161i se od srca na pomo\u0107i.<\/p>\n<p>&#8220;Ovo puno zna\u010di meni i mojoj deci koja jo\u0161 spavaju na podu jer nemamo ni kreveta dovoljno, a ni osposobljenih prostorija. Zato mi je neki le\u017eaj ili kau\u010d na razvla\u010denje bio ovog \u010dasa najpotrebniji. Bila bi mi potrebna i dva kreveta ali nemamo gde da ih stavimo, zato sam uzela jeftiniji krevet, a za ostatak novca sam kupila sudoperu i tri elementa vise\u0107e kuhinje. Za kupatilo treba mnogo vi\u0161e novca jer ga treba nabaciti, polepiti plo\u010dice, namestiti ga i platiti radove &#8211; pri\u010da Radana koja \u017eivi od socijalne pomo\u0107i u visini od 36 evra i dodaje da dosad ni od koga nije dobila nikakvu pomo\u0107 zbog \u0161tete pretrpljene u poplavama.<\/p>\n<p>Iako su rane jo\u0161 sve\u017ee i otvorene, ovaj dar od 600 evra je obradovao \u017eitelje nastradale u poplavama, a koliko radosti su predstavnici Sloge doneli u Loznicu, me\u0111u familije kojima je dr\u017eava dala najminimalniju od\u0161tetu ili nikakvu, objavi\u0107emo u narednim brojevima &#8220;Vesti&#8221;.<\/p>\n<p>Uskoro nova akcija<\/p>\n<p>&#8211; Ovima dvema porodicama iz Prijedora smo kupili ono \u0161to je najpotrebije. Te\u0161ku situaciju familije Miki\u0107 \u0107u izlo\u017eiti \u010dlanovima Udru\u017eenja, \u017ealosno je da jedna porodica sa toliko dece nema gde da se okupa, a \u017eivimo u 21. veku. Verujem da \u0107emo im obezbediti solidarnom akcijom i sredstva za izgradnju kupatila &#8211; istakla je Snje\u017eana Dimi\u0107 iz Manhajma.<\/p>\n<p>Za bolja vremena<\/p>\n<p>&#8211; Zahvaljujem se mnogo \u010dlanovima Sloge iz Manhajma kao i njihovim predstavnicima Dimi\u0107ima. Mi jesmo pretrpeli mnogo \u0161tete u poplavama. Dosta smo toga sami sanirali. Pomogli su nam nov\u010dano i drugi \u010ditaoci &#8220;Vesti&#8221; da lak\u0161e stambeni prostor dovedemo do uslovnog za normalan \u017eivot. Nekako je sve drugo bilo uvek va\u017enije od ormara, re\u0161avali smo jedno po jedno a ostali smo bez ormara za spava\u0107u sobu i hodnik. Sad smo zahvaljuju\u0107i humanim ljudima kupili ormar za sobu a onaj za hodnik neka ostane za neko bolje vreme &#8211; isti\u010de Milenko Mudrini\u0107.<\/p>\n<p>POZIV DONATORIMA<\/p>\n<p>Ako \u017eelite da se uklju\u010dite u neku od akcija Humanitarnog mosta, javite se na mejl adresu: hmost@frvesti.com. Dobi\u0107ete adresu i broj telefona porodice kojoj \u017eelite da pomognete i dogovoriti se sa njima o na\u010dinu dostave donacije. Informacije mo\u017eete da dobijete i od novinara Humanitarnog mosta na: +381 11 31 93 771 i +381 11 31 90 924.<\/p>\n<p>Vesti-online.com<\/p>\n","protected":false},"excerpt":{"rendered":"<p>Katastrofalnih poplava iz 2014. jo\u0161 se se\u0107aju mnogi u Srbiji i Republici Srpskoj, kada su brojne porodice izgubile i \u017eivote i imovinu. Tada je bila organizovana velika akcija na\u0161ih zemljaka [&hellip;]<\/p>\n","protected":false},"author":1,"featured_media":0,"comment_status":"closed","ping_status":"open","sticky":false,"template":"","format":"standard","meta":{"_monsterinsights_skip_tracking":false,"_monsterinsights_sitenote_active":false,"_monsterinsights_sitenote_note":"","_monsterinsights_sitenote_category":0,"footnotes":""},"categories":[3],"tags":[1031,1038],"yoast_head":"<!-- This site is optimized with the Yoast SEO plugin v21.6 - https:\/\/yoast.com\/wordpress\/plugins\/seo\/ -->\n<title>JO\u0160 SE ZACELJUJU RANE OD POPLAVA - PrijedorDanas.com - Prijedorski gradski portal<\/title>\n<meta name=\"robots\" content=\"index, follow, max-snippet:-1, max-image-preview:large, max-video-preview:-1\" \/>\n<link rel=\"canonical\" href=\"https:\/\/www.prijedordanas.com\/?p=38075\" \/>\n<meta property=\"og:locale\" content=\"en_US\" \/>\n<meta property=\"og:type\" content=\"article\" \/>\n<meta property=\"og:title\" content=\"JO\u0160 SE ZACELJUJU RANE OD POPLAVA - PrijedorDanas.com - Prijedorski gradski portal\" \/>\n<meta property=\"og:description\" content=\"Katastrofalnih poplava iz 2014. jo\u0161 se se\u0107aju mnogi u Srbiji i Republici Srpskoj, kada su brojne porodice izgubile i \u017eivote i imovinu. Tada je bila organizovana velika akcija na\u0161ih zemljaka [&hellip;]\" \/>\n<meta property=\"og:url\" content=\"https:\/\/www.prijedordanas.com\/?p=38075\" \/>\n<meta property=\"og:site_name\" content=\"PrijedorDanas.com - Prijedorski gradski portal\" \/>\n<meta property=\"article:publisher\" content=\"https:\/\/www.facebook.com\/PrijedorDanasCom\/\" \/>\n<meta property=\"article:published_time\" content=\"2016-01-04T10:25:02+00:00\" \/>\n<meta property=\"og:image\" content=\"https:\/\/www.prijedordanas.com\/wp-content\/uploads\/2016\/01\/vesti-donacija-mikic-mudrinic-1-300x180.jpg\" \/>\n<meta name=\"author\" content=\"admin\" \/>\n<meta name=\"twitter:card\" content=\"summary_large_image\" \/>\n<meta name=\"twitter:label1\" content=\"Written by\" \/>\n\t<meta name=\"twitter:data1\" content=\"admin\" \/>\n\t<meta name=\"twitter:label2\" content=\"Est. reading time\" \/>\n\t<meta name=\"twitter:data2\" content=\"3 minutes\" \/>\n<script type=\"application\/ld+json\" class=\"yoast-schema-graph\">{\"@context\":\"https:\/\/schema.org\",\"@graph\":[{\"@type\":\"Article\",\"@id\":\"https:\/\/www.prijedordanas.com\/?p=38075#article\",\"isPartOf\":{\"@id\":\"https:\/\/www.prijedordanas.com\/?p=38075\"},\"author\":{\"name\":\"admin\",\"@id\":\"https:\/\/www.prijedordanas.com\/#\/schema\/person\/4e08ccf29b506ca916ff86d46bb700e6\"},\"headline\":\"JO\u0160 SE ZACELJUJU RANE OD POPLAVA\",\"datePublished\":\"2016-01-04T10:25:02+00:00\",\"dateModified\":\"2016-01-04T10:25:02+00:00\",\"mainEntityOfPage\":{\"@id\":\"https:\/\/www.prijedordanas.com\/?p=38075\"},\"wordCount\":653,\"publisher\":{\"@id\":\"https:\/\/www.prijedordanas.com\/#organization\"},\"keywords\":[\"donacije\",\"poplave\"],\"articleSection\":[\"\u017divot\"],\"inLanguage\":\"en-US\"},{\"@type\":\"WebPage\",\"@id\":\"https:\/\/www.prijedordanas.com\/?p=38075\",\"url\":\"https:\/\/www.prijedordanas.com\/?p=38075\",\"name\":\"JO\u0160 SE ZACELJUJU RANE OD POPLAVA - PrijedorDanas.com - Prijedorski gradski portal\",\"isPartOf\":{\"@id\":\"https:\/\/www.prijedordanas.com\/#website\"},\"datePublished\":\"2016-01-04T10:25:02+00:00\",\"dateModified\":\"2016-01-04T10:25:02+00:00\",\"breadcrumb\":{\"@id\":\"https:\/\/www.prijedordanas.com\/?p=38075#breadcrumb\"},\"inLanguage\":\"en-US\",\"potentialAction\":[{\"@type\":\"ReadAction\",\"target\":[\"https:\/\/www.prijedordanas.com\/?p=38075\"]}]},{\"@type\":\"BreadcrumbList\",\"@id\":\"https:\/\/www.prijedordanas.com\/?p=38075#breadcrumb\",\"itemListElement\":[{\"@type\":\"ListItem\",\"position\":1,\"name\":\"Home\",\"item\":\"https:\/\/www.prijedordanas.com\/\"},{\"@type\":\"ListItem\",\"position\":2,\"name\":\"JO\u0160 SE ZACELJUJU RANE OD POPLAVA\"}]},{\"@type\":\"WebSite\",\"@id\":\"https:\/\/www.prijedordanas.com\/#website\",\"url\":\"https:\/\/www.prijedordanas.com\/\",\"name\":\"PrijedorDanas.com - Prijedorski gradski portal\",\"description\":\"Portal o doga\u0111anjima u gradu Prijedoru\",\"publisher\":{\"@id\":\"https:\/\/www.prijedordanas.com\/#organization\"},\"potentialAction\":[{\"@type\":\"SearchAction\",\"target\":{\"@type\":\"EntryPoint\",\"urlTemplate\":\"https:\/\/www.prijedordanas.com\/?s={search_term_string}\"},\"query-input\":\"required name=search_term_string\"}],\"inLanguage\":\"en-US\"},{\"@type\":\"Organization\",\"@id\":\"https:\/\/www.prijedordanas.com\/#organization\",\"name\":\"PrijedorDanas.com\",\"url\":\"https:\/\/www.prijedordanas.com\/\",\"logo\":{\"@type\":\"ImageObject\",\"inLanguage\":\"en-US\",\"@id\":\"https:\/\/www.prijedordanas.com\/#\/schema\/logo\/image\/\",\"url\":\"http:\/\/www.prijedordanas.com\/wp-content\/uploads\/2021\/12\/logopng.png\",\"contentUrl\":\"http:\/\/www.prijedordanas.com\/wp-content\/uploads\/2021\/12\/logopng.png\",\"width\":1019,\"height\":776,\"caption\":\"PrijedorDanas.com\"},\"image\":{\"@id\":\"https:\/\/www.prijedordanas.com\/#\/schema\/logo\/image\/\"},\"sameAs\":[\"https:\/\/www.facebook.com\/PrijedorDanasCom\/\"]},{\"@type\":\"Person\",\"@id\":\"https:\/\/www.prijedordanas.com\/#\/schema\/person\/4e08ccf29b506ca916ff86d46bb700e6\",\"name\":\"admin\",\"image\":{\"@type\":\"ImageObject\",\"inLanguage\":\"en-US\",\"@id\":\"https:\/\/www.prijedordanas.com\/#\/schema\/person\/image\/\",\"url\":\"https:\/\/secure.gravatar.com\/avatar\/1d3fc949d550f0b53a5f0d51e06dfd79?s=96&d=mm&r=g\",\"contentUrl\":\"https:\/\/secure.gravatar.com\/avatar\/1d3fc949d550f0b53a5f0d51e06dfd79?s=96&d=mm&r=g\",\"caption\":\"admin\"},\"url\":\"https:\/\/www.prijedordanas.com\/?author=1\"}]}<\/script>\n<!-- \/ Yoast SEO plugin. -->","yoast_head_json":{"title":"JO\u0160 SE ZACELJUJU RANE OD POPLAVA - PrijedorDanas.com - Prijedorski gradski portal","robots":{"index":"index","follow":"follow","max-snippet":"max-snippet:-1","max-image-preview":"max-image-preview:large","max-video-preview":"max-video-preview:-1"},"canonical":"https:\/\/www.prijedordanas.com\/?p=38075","og_locale":"en_US","og_type":"article","og_title":"JO\u0160 SE ZACELJUJU RANE OD POPLAVA - PrijedorDanas.com - Prijedorski gradski portal","og_description":"Katastrofalnih poplava iz 2014. jo\u0161 se se\u0107aju mnogi u Srbiji i Republici Srpskoj, kada su brojne porodice izgubile i \u017eivote i imovinu. Tada je bila organizovana velika akcija na\u0161ih zemljaka [&hellip;]","og_url":"https:\/\/www.prijedordanas.com\/?p=38075","og_site_name":"PrijedorDanas.com - Prijedorski gradski portal","article_publisher":"https:\/\/www.facebook.com\/PrijedorDanasCom\/","article_published_time":"2016-01-04T10:25:02+00:00","og_image":[{"url":"https:\/\/www.prijedordanas.com\/wp-content\/uploads\/2016\/01\/vesti-donacija-mikic-mudrinic-1-300x180.jpg"}],"author":"admin","twitter_card":"summary_large_image","twitter_misc":{"Written by":"admin","Est. reading time":"3 minutes"},"schema":{"@context":"https:\/\/schema.org","@graph":[{"@type":"Article","@id":"https:\/\/www.prijedordanas.com\/?p=38075#article","isPartOf":{"@id":"https:\/\/www.prijedordanas.com\/?p=38075"},"author":{"name":"admin","@id":"https:\/\/www.prijedordanas.com\/#\/schema\/person\/4e08ccf29b506ca916ff86d46bb700e6"},"headline":"JO\u0160 SE ZACELJUJU RANE OD POPLAVA","datePublished":"2016-01-04T10:25:02+00:00","dateModified":"2016-01-04T10:25:02+00:00","mainEntityOfPage":{"@id":"https:\/\/www.prijedordanas.com\/?p=38075"},"wordCount":653,"publisher":{"@id":"https:\/\/www.prijedordanas.com\/#organization"},"keywords":["donacije","poplave"],"articleSection":["\u017divot"],"inLanguage":"en-US"},{"@type":"WebPage","@id":"https:\/\/www.prijedordanas.com\/?p=38075","url":"https:\/\/www.prijedordanas.com\/?p=38075","name":"JO\u0160 SE ZACELJUJU RANE OD POPLAVA - PrijedorDanas.com - Prijedorski gradski portal","isPartOf":{"@id":"https:\/\/www.prijedordanas.com\/#website"},"datePublished":"2016-01-04T10:25:02+00:00","dateModified":"2016-01-04T10:25:02+00:00","breadcrumb":{"@id":"https:\/\/www.prijedordanas.com\/?p=38075#breadcrumb"},"inLanguage":"en-US","potentialAction":[{"@type":"ReadAction","target":["https:\/\/www.prijedordanas.com\/?p=38075"]}]},{"@type":"BreadcrumbList","@id":"https:\/\/www.prijedordanas.com\/?p=38075#breadcrumb","itemListElement":[{"@type":"ListItem","position":1,"name":"Home","item":"https:\/\/www.prijedordanas.com\/"},{"@type":"ListItem","position":2,"name":"JO\u0160 SE ZACELJUJU RANE OD POPLAVA"}]},{"@type":"WebSite","@id":"https:\/\/www.prijedordanas.com\/#website","url":"https:\/\/www.prijedordanas.com\/","name":"PrijedorDanas.com - Prijedorski gradski portal","description":"Portal o doga\u0111anjima u gradu Prijedoru","publisher":{"@id":"https:\/\/www.prijedordanas.com\/#organization"},"potentialAction":[{"@type":"SearchAction","target":{"@type":"EntryPoint","urlTemplate":"https:\/\/www.prijedordanas.com\/?s={search_term_string}"},"query-input":"required name=search_term_string"}],"inLanguage":"en-US"},{"@type":"Organization","@id":"https:\/\/www.prijedordanas.com\/#organization","name":"PrijedorDanas.com","url":"https:\/\/www.prijedordanas.com\/","logo":{"@type":"ImageObject","inLanguage":"en-US","@id":"https:\/\/www.prijedordanas.com\/#\/schema\/logo\/image\/","url":"http:\/\/www.prijedordanas.com\/wp-content\/uploads\/2021\/12\/logopng.png","contentUrl":"http:\/\/www.prijedordanas.com\/wp-content\/uploads\/2021\/12\/logopng.png","width":1019,"height":776,"caption":"PrijedorDanas.com"},"image":{"@id":"https:\/\/www.prijedordanas.com\/#\/schema\/logo\/image\/"},"sameAs":["https:\/\/www.facebook.com\/PrijedorDanasCom\/"]},{"@type":"Person","@id":"https:\/\/www.prijedordanas.com\/#\/schema\/person\/4e08ccf29b506ca916ff86d46bb700e6","name":"admin","image":{"@type":"ImageObject","inLanguage":"en-US","@id":"https:\/\/www.prijedordanas.com\/#\/schema\/person\/image\/","url":"https:\/\/secure.gravatar.com\/avatar\/1d3fc949d550f0b53a5f0d51e06dfd79?s=96&d=mm&r=g","contentUrl":"https:\/\/secure.gravatar.com\/avatar\/1d3fc949d550f0b53a5f0d51e06dfd79?s=96&d=mm&r=g","caption":"admin"},"url":"https:\/\/www.prijedordanas.com\/?author=1"}]}},"_links":{"self":[{"href":"https:\/\/www.prijedordanas.com\/index.php?rest_route=\/wp\/v2\/posts\/38075"}],"collection":[{"href":"https:\/\/www.prijedordanas.com\/index.php?rest_route=\/wp\/v2\/posts"}],"about":[{"href":"https:\/\/www.prijedordanas.com\/index.php?rest_route=\/wp\/v2\/types\/post"}],"author":[{"embeddable":true,"href":"https:\/\/www.prijedordanas.com\/index.php?rest_route=\/wp\/v2\/users\/1"}],"replies":[{"embeddable":true,"href":"https:\/\/www.prijedordanas.com\/index.php?rest_route=%2Fwp%2Fv2%2Fcomments&post=38075"}],"version-history":[{"count":1,"href":"https:\/\/www.prijedordanas.com\/index.php?rest_route=\/wp\/v2\/posts\/38075\/revisions"}],"predecessor-version":[{"id":38078,"href":"https:\/\/www.prijedordanas.com\/index.php?rest_route=\/wp\/v2\/posts\/38075\/revisions\/38078"}],"wp:attachment":[{"href":"https:\/\/www.prijedordanas.com\/index.php?rest_route=%2Fwp%2Fv2%2Fmedia&parent=38075"}],"wp:term":[{"taxonomy":"category","embeddable":true,"href":"https:\/\/www.prijedordanas.com\/index.php?rest_route=%2Fwp%2Fv2%2Fcategories&post=38075"},{"taxonomy":"post_tag","embeddable":true,"href":"https:\/\/www.prijedordanas.com\/index.php?rest_route=%2Fwp%2Fv2%2Ftags&post=38075"}],"curies":[{"name":"wp","href":"https:\/\/api.w.org\/{rel}","templated":true}]}}