{"id":37775,"date":"2015-12-30T17:27:55","date_gmt":"2015-12-30T16:27:55","guid":{"rendered":"https:\/\/www.prijedordanas.com\/?p=37775"},"modified":"2015-12-31T00:00:00","modified_gmt":"2015-12-30T23:00:00","slug":"malisani-iz-prijedora-docekali-novu-godinu-foto","status":"publish","type":"post","link":"https:\/\/www.prijedordanas.com\/?p=37775","title":{"rendered":"MALI\u0160ANI IZ PRIJEDORA DO\u010cEKALI NOVU GODINU &#8211; FOTO"},"content":{"rendered":"<p><a href=\"https:\/\/www.prijedordanas.com\/wp-content\/uploads\/2015\/12\/djecija-nova-godina-2016-1.jpg\" rel=\"attachment wp-att-37777\"><img loading=\"lazy\" decoding=\"async\" src=\"https:\/\/www.prijedordanas.com\/wp-content\/uploads\/2015\/12\/djecija-nova-godina-2016-1-300x199.jpg\" alt=\"djecija nova godina 2016 (1)\" width=\"300\" height=\"199\" class=\"alignleft size-medium wp-image-37777\" srcset=\"https:\/\/www.prijedordanas.com\/wp-content\/uploads\/2015\/12\/djecija-nova-godina-2016-1-300x200.jpg 300w, https:\/\/www.prijedordanas.com\/wp-content\/uploads\/2015\/12\/djecija-nova-godina-2016-1-768x509.jpg 768w, https:\/\/www.prijedordanas.com\/wp-content\/uploads\/2015\/12\/djecija-nova-godina-2016-1-480x320.jpg 480w, https:\/\/www.prijedordanas.com\/wp-content\/uploads\/2015\/12\/djecija-nova-godina-2016-1.jpg 800w\" sizes=\"(max-width: 300px) 100vw, 300px\" \/><\/a>Mali\u0161ani iz Prijedora danas su, uz dolazak Djeda Mraza, do\u010dekali dje\u010diju Novu godinu na malom gradskom trgu.<\/p>\n<p>U programu su u\u010destvovali u\u010denici gradskih osnovnih \u0161kola, pobjednici Dje\u010dijeg festivala &#8220;Novogodi\u0161nje karaoke&#8221;, \u010dlanovi folklornih sekcija i ma\u017eoretkinje kluba &#8220;Festina&#8221;. <\/p>\n<p>Gradona\u010delnik Marko Pavi\u0107 je najmla\u0111im Prijedor\u010danima po\u017eelio sve najljep\u0161e u Novoj godini. <\/p>\n<p>&#8220;Na\u0161im najmla\u0111im sugra\u0111anima \u017eelim sre\u0107no djetinjstvo, da slu\u0161aju svoje roditelje, dobro u\u010de i u narednoj godini izvr\u0161avaju sve svoje zadatke u vrti\u0107u i \u0161koli jer samo tako mogu posti\u0107i one rezultate koje od njih, kao svijetle budu\u0107nosti na\u0161eg grada, svi o\u010dekuju&#8221;, poru\u010dio je Pavi\u0107 u novogodi\u0161njoj \u010destitki najmla\u0111ima. <\/p>\n<p>Mali\u0161anima koji su prisustvovali ovom do\u010deku na trgu podijeljeni su paketi\u0107i koje je za njih pripremila Gradska uprava, uz pomo\u0107 prijatelja do\u010deka &#8211; Udru\u017eenja gra\u0111ana &#8220;Don&#8221; i Fabrike keksa &#8220;Mira&#8221;. <\/p>\n<p>Tekst \u2013 SRNA<br \/>\nFoto \u2013 Aleksandar Drakuli\u0107 \u2013 <a href=\"www.prijedordanas.com\" target=\"_blank\">www.prijedordanas.com<\/a><\/p>\n<p><a href=\"https:\/\/www.prijedordanas.com\/wp-content\/uploads\/2015\/12\/djecija-nova-godina-2016-2.jpg\" rel=\"attachment wp-att-37778\"><img loading=\"lazy\" decoding=\"async\" src=\"https:\/\/www.prijedordanas.com\/wp-content\/uploads\/2015\/12\/djecija-nova-godina-2016-2-300x199.jpg\" alt=\"djecija nova godina 2016 (2)\" width=\"300\" height=\"199\" class=\"alignleft size-medium wp-image-37778\" srcset=\"https:\/\/www.prijedordanas.com\/wp-content\/uploads\/2015\/12\/djecija-nova-godina-2016-2-300x200.jpg 300w, https:\/\/www.prijedordanas.com\/wp-content\/uploads\/2015\/12\/djecija-nova-godina-2016-2-768x509.jpg 768w, https:\/\/www.prijedordanas.com\/wp-content\/uploads\/2015\/12\/djecija-nova-godina-2016-2-480x320.jpg 480w, https:\/\/www.prijedordanas.com\/wp-content\/uploads\/2015\/12\/djecija-nova-godina-2016-2.jpg 800w\" sizes=\"(max-width: 300px) 100vw, 300px\" \/><\/a> <a href=\"https:\/\/www.prijedordanas.com\/wp-content\/uploads\/2015\/12\/djecija-nova-godina-2016-3.jpg\" rel=\"attachment wp-att-37779\"><img loading=\"lazy\" decoding=\"async\" src=\"https:\/\/www.prijedordanas.com\/wp-content\/uploads\/2015\/12\/djecija-nova-godina-2016-3-300x199.jpg\" alt=\"djecija nova godina 2016 (3)\" width=\"300\" height=\"199\" class=\"alignleft size-medium wp-image-37779\" srcset=\"https:\/\/www.prijedordanas.com\/wp-content\/uploads\/2015\/12\/djecija-nova-godina-2016-3-300x200.jpg 300w, https:\/\/www.prijedordanas.com\/wp-content\/uploads\/2015\/12\/djecija-nova-godina-2016-3-768x509.jpg 768w, https:\/\/www.prijedordanas.com\/wp-content\/uploads\/2015\/12\/djecija-nova-godina-2016-3-480x320.jpg 480w, https:\/\/www.prijedordanas.com\/wp-content\/uploads\/2015\/12\/djecija-nova-godina-2016-3.jpg 800w\" sizes=\"(max-width: 300px) 100vw, 300px\" \/><\/a> <a href=\"https:\/\/www.prijedordanas.com\/wp-content\/uploads\/2015\/12\/djecija-nova-godina-2016-4.jpg\" rel=\"attachment wp-att-37782\"><img loading=\"lazy\" decoding=\"async\" src=\"https:\/\/www.prijedordanas.com\/wp-content\/uploads\/2015\/12\/djecija-nova-godina-2016-4-300x199.jpg\" alt=\"djecija nova godina 2016 (4)\" width=\"300\" height=\"199\" class=\"alignleft size-medium wp-image-37782\" srcset=\"https:\/\/www.prijedordanas.com\/wp-content\/uploads\/2015\/12\/djecija-nova-godina-2016-4-300x200.jpg 300w, https:\/\/www.prijedordanas.com\/wp-content\/uploads\/2015\/12\/djecija-nova-godina-2016-4-768x509.jpg 768w, https:\/\/www.prijedordanas.com\/wp-content\/uploads\/2015\/12\/djecija-nova-godina-2016-4-480x320.jpg 480w, https:\/\/www.prijedordanas.com\/wp-content\/uploads\/2015\/12\/djecija-nova-godina-2016-4.jpg 800w\" sizes=\"(max-width: 300px) 100vw, 300px\" \/><\/a> <a href=\"https:\/\/www.prijedordanas.com\/wp-content\/uploads\/2015\/12\/djecija-nova-godina-2016-5.jpg\" rel=\"attachment wp-att-37783\"><img loading=\"lazy\" decoding=\"async\" src=\"https:\/\/www.prijedordanas.com\/wp-content\/uploads\/2015\/12\/djecija-nova-godina-2016-5-300x199.jpg\" alt=\"djecija nova godina 2016 (5)\" width=\"300\" height=\"199\" class=\"alignleft size-medium wp-image-37783\" srcset=\"https:\/\/www.prijedordanas.com\/wp-content\/uploads\/2015\/12\/djecija-nova-godina-2016-5-300x200.jpg 300w, https:\/\/www.prijedordanas.com\/wp-content\/uploads\/2015\/12\/djecija-nova-godina-2016-5-768x509.jpg 768w, https:\/\/www.prijedordanas.com\/wp-content\/uploads\/2015\/12\/djecija-nova-godina-2016-5-480x320.jpg 480w, https:\/\/www.prijedordanas.com\/wp-content\/uploads\/2015\/12\/djecija-nova-godina-2016-5.jpg 800w\" sizes=\"(max-width: 300px) 100vw, 300px\" \/><\/a> <a href=\"https:\/\/www.prijedordanas.com\/wp-content\/uploads\/2015\/12\/djecija-nova-godina-2016-6.jpg\" rel=\"attachment wp-att-37784\"><img loading=\"lazy\" decoding=\"async\" src=\"https:\/\/www.prijedordanas.com\/wp-content\/uploads\/2015\/12\/djecija-nova-godina-2016-6-300x199.jpg\" alt=\"djecija nova godina 2016 (6)\" width=\"300\" height=\"199\" class=\"alignleft size-medium wp-image-37784\" srcset=\"https:\/\/www.prijedordanas.com\/wp-content\/uploads\/2015\/12\/djecija-nova-godina-2016-6-300x200.jpg 300w, https:\/\/www.prijedordanas.com\/wp-content\/uploads\/2015\/12\/djecija-nova-godina-2016-6-768x509.jpg 768w, https:\/\/www.prijedordanas.com\/wp-content\/uploads\/2015\/12\/djecija-nova-godina-2016-6-480x320.jpg 480w, https:\/\/www.prijedordanas.com\/wp-content\/uploads\/2015\/12\/djecija-nova-godina-2016-6.jpg 800w\" sizes=\"(max-width: 300px) 100vw, 300px\" \/><\/a> <a href=\"https:\/\/www.prijedordanas.com\/wp-content\/uploads\/2015\/12\/djecija-nova-godina-2016-7.jpg\" rel=\"attachment wp-att-37785\"><img loading=\"lazy\" decoding=\"async\" src=\"https:\/\/www.prijedordanas.com\/wp-content\/uploads\/2015\/12\/djecija-nova-godina-2016-7-300x199.jpg\" alt=\"djecija nova godina 2016 (7)\" width=\"300\" height=\"199\" class=\"alignleft size-medium wp-image-37785\" srcset=\"https:\/\/www.prijedordanas.com\/wp-content\/uploads\/2015\/12\/djecija-nova-godina-2016-7-300x200.jpg 300w, https:\/\/www.prijedordanas.com\/wp-content\/uploads\/2015\/12\/djecija-nova-godina-2016-7-768x509.jpg 768w, https:\/\/www.prijedordanas.com\/wp-content\/uploads\/2015\/12\/djecija-nova-godina-2016-7-480x320.jpg 480w, https:\/\/www.prijedordanas.com\/wp-content\/uploads\/2015\/12\/djecija-nova-godina-2016-7.jpg 800w\" sizes=\"(max-width: 300px) 100vw, 300px\" \/><\/a> <a href=\"https:\/\/www.prijedordanas.com\/wp-content\/uploads\/2015\/12\/djecija-nova-godina-2016-8.jpg\" rel=\"attachment wp-att-37786\"><img loading=\"lazy\" decoding=\"async\" src=\"https:\/\/www.prijedordanas.com\/wp-content\/uploads\/2015\/12\/djecija-nova-godina-2016-8-300x199.jpg\" alt=\"djecija nova godina 2016 (8)\" width=\"300\" height=\"199\" class=\"alignleft size-medium wp-image-37786\" srcset=\"https:\/\/www.prijedordanas.com\/wp-content\/uploads\/2015\/12\/djecija-nova-godina-2016-8-300x200.jpg 300w, https:\/\/www.prijedordanas.com\/wp-content\/uploads\/2015\/12\/djecija-nova-godina-2016-8-768x509.jpg 768w, https:\/\/www.prijedordanas.com\/wp-content\/uploads\/2015\/12\/djecija-nova-godina-2016-8-480x320.jpg 480w, https:\/\/www.prijedordanas.com\/wp-content\/uploads\/2015\/12\/djecija-nova-godina-2016-8.jpg 800w\" sizes=\"(max-width: 300px) 100vw, 300px\" \/><\/a> <a href=\"https:\/\/www.prijedordanas.com\/wp-content\/uploads\/2015\/12\/djecija-nova-godina-2016-9.jpg\" rel=\"attachment wp-att-37787\"><img loading=\"lazy\" decoding=\"async\" src=\"https:\/\/www.prijedordanas.com\/wp-content\/uploads\/2015\/12\/djecija-nova-godina-2016-9-300x199.jpg\" alt=\"djecija nova godina 2016 (9)\" width=\"300\" height=\"199\" class=\"alignleft size-medium wp-image-37787\" srcset=\"https:\/\/www.prijedordanas.com\/wp-content\/uploads\/2015\/12\/djecija-nova-godina-2016-9-300x200.jpg 300w, https:\/\/www.prijedordanas.com\/wp-content\/uploads\/2015\/12\/djecija-nova-godina-2016-9-768x509.jpg 768w, https:\/\/www.prijedordanas.com\/wp-content\/uploads\/2015\/12\/djecija-nova-godina-2016-9-480x320.jpg 480w, https:\/\/www.prijedordanas.com\/wp-content\/uploads\/2015\/12\/djecija-nova-godina-2016-9.jpg 800w\" sizes=\"(max-width: 300px) 100vw, 300px\" \/><\/a> <a href=\"https:\/\/www.prijedordanas.com\/wp-content\/uploads\/2015\/12\/djecija-nova-godina-2016-10.jpg\" rel=\"attachment wp-att-37789\"><img loading=\"lazy\" decoding=\"async\" src=\"https:\/\/www.prijedordanas.com\/wp-content\/uploads\/2015\/12\/djecija-nova-godina-2016-10-300x199.jpg\" alt=\"djecija nova godina 2016 (10)\" width=\"300\" height=\"199\" class=\"alignleft size-medium wp-image-37789\" srcset=\"https:\/\/www.prijedordanas.com\/wp-content\/uploads\/2015\/12\/djecija-nova-godina-2016-10-300x200.jpg 300w, https:\/\/www.prijedordanas.com\/wp-content\/uploads\/2015\/12\/djecija-nova-godina-2016-10-768x509.jpg 768w, https:\/\/www.prijedordanas.com\/wp-content\/uploads\/2015\/12\/djecija-nova-godina-2016-10-480x320.jpg 480w, https:\/\/www.prijedordanas.com\/wp-content\/uploads\/2015\/12\/djecija-nova-godina-2016-10.jpg 800w\" sizes=\"(max-width: 300px) 100vw, 300px\" \/><\/a> <a href=\"https:\/\/www.prijedordanas.com\/wp-content\/uploads\/2015\/12\/djecija-nova-godina-2016-11.jpg\" rel=\"attachment wp-att-37790\"><img loading=\"lazy\" decoding=\"async\" src=\"https:\/\/www.prijedordanas.com\/wp-content\/uploads\/2015\/12\/djecija-nova-godina-2016-11-300x199.jpg\" alt=\"djecija nova godina 2016 (11)\" width=\"300\" height=\"199\" class=\"alignleft size-medium wp-image-37790\" srcset=\"https:\/\/www.prijedordanas.com\/wp-content\/uploads\/2015\/12\/djecija-nova-godina-2016-11-300x200.jpg 300w, https:\/\/www.prijedordanas.com\/wp-content\/uploads\/2015\/12\/djecija-nova-godina-2016-11-768x509.jpg 768w, https:\/\/www.prijedordanas.com\/wp-content\/uploads\/2015\/12\/djecija-nova-godina-2016-11-480x320.jpg 480w, https:\/\/www.prijedordanas.com\/wp-content\/uploads\/2015\/12\/djecija-nova-godina-2016-11.jpg 800w\" sizes=\"(max-width: 300px) 100vw, 300px\" \/><\/a> <a href=\"https:\/\/www.prijedordanas.com\/wp-content\/uploads\/2015\/12\/djecija-nova-godina-2016-12.jpg\" rel=\"attachment wp-att-37791\"><img loading=\"lazy\" decoding=\"async\" src=\"https:\/\/www.prijedordanas.com\/wp-content\/uploads\/2015\/12\/djecija-nova-godina-2016-12-300x199.jpg\" alt=\"djecija nova godina 2016 (12)\" width=\"300\" height=\"199\" class=\"alignleft size-medium wp-image-37791\" srcset=\"https:\/\/www.prijedordanas.com\/wp-content\/uploads\/2015\/12\/djecija-nova-godina-2016-12-300x200.jpg 300w, https:\/\/www.prijedordanas.com\/wp-content\/uploads\/2015\/12\/djecija-nova-godina-2016-12-768x509.jpg 768w, https:\/\/www.prijedordanas.com\/wp-content\/uploads\/2015\/12\/djecija-nova-godina-2016-12-480x320.jpg 480w, https:\/\/www.prijedordanas.com\/wp-content\/uploads\/2015\/12\/djecija-nova-godina-2016-12.jpg 800w\" sizes=\"(max-width: 300px) 100vw, 300px\" \/><\/a> <a href=\"https:\/\/www.prijedordanas.com\/wp-content\/uploads\/2015\/12\/djecija-nova-godina-2016-13.jpg\" rel=\"attachment wp-att-37792\"><img loading=\"lazy\" decoding=\"async\" src=\"https:\/\/www.prijedordanas.com\/wp-content\/uploads\/2015\/12\/djecija-nova-godina-2016-13-300x199.jpg\" alt=\"djecija nova godina 2016 (13)\" width=\"300\" height=\"199\" class=\"alignleft size-medium wp-image-37792\" srcset=\"https:\/\/www.prijedordanas.com\/wp-content\/uploads\/2015\/12\/djecija-nova-godina-2016-13-300x200.jpg 300w, https:\/\/www.prijedordanas.com\/wp-content\/uploads\/2015\/12\/djecija-nova-godina-2016-13-768x509.jpg 768w, https:\/\/www.prijedordanas.com\/wp-content\/uploads\/2015\/12\/djecija-nova-godina-2016-13-480x320.jpg 480w, https:\/\/www.prijedordanas.com\/wp-content\/uploads\/2015\/12\/djecija-nova-godina-2016-13.jpg 800w\" sizes=\"(max-width: 300px) 100vw, 300px\" \/><\/a> <a href=\"https:\/\/www.prijedordanas.com\/wp-content\/uploads\/2015\/12\/djecija-nova-godina-2016-14.jpg\" rel=\"attachment wp-att-37793\"><img loading=\"lazy\" decoding=\"async\" src=\"https:\/\/www.prijedordanas.com\/wp-content\/uploads\/2015\/12\/djecija-nova-godina-2016-14-300x199.jpg\" alt=\"djecija nova godina 2016 (14)\" width=\"300\" height=\"199\" class=\"alignleft size-medium wp-image-37793\" srcset=\"https:\/\/www.prijedordanas.com\/wp-content\/uploads\/2015\/12\/djecija-nova-godina-2016-14-300x200.jpg 300w, https:\/\/www.prijedordanas.com\/wp-content\/uploads\/2015\/12\/djecija-nova-godina-2016-14-768x509.jpg 768w, https:\/\/www.prijedordanas.com\/wp-content\/uploads\/2015\/12\/djecija-nova-godina-2016-14-480x320.jpg 480w, https:\/\/www.prijedordanas.com\/wp-content\/uploads\/2015\/12\/djecija-nova-godina-2016-14.jpg 800w\" sizes=\"(max-width: 300px) 100vw, 300px\" \/><\/a> <a href=\"https:\/\/www.prijedordanas.com\/wp-content\/uploads\/2015\/12\/djecija-nova-godina-2016-15.jpg\" rel=\"attachment wp-att-37794\"><img loading=\"lazy\" decoding=\"async\" src=\"https:\/\/www.prijedordanas.com\/wp-content\/uploads\/2015\/12\/djecija-nova-godina-2016-15-300x199.jpg\" alt=\"djecija nova godina 2016 (15)\" width=\"300\" height=\"199\" class=\"alignleft size-medium wp-image-37794\" srcset=\"https:\/\/www.prijedordanas.com\/wp-content\/uploads\/2015\/12\/djecija-nova-godina-2016-15-300x200.jpg 300w, https:\/\/www.prijedordanas.com\/wp-content\/uploads\/2015\/12\/djecija-nova-godina-2016-15-768x509.jpg 768w, https:\/\/www.prijedordanas.com\/wp-content\/uploads\/2015\/12\/djecija-nova-godina-2016-15-480x320.jpg 480w, https:\/\/www.prijedordanas.com\/wp-content\/uploads\/2015\/12\/djecija-nova-godina-2016-15.jpg 800w\" sizes=\"(max-width: 300px) 100vw, 300px\" \/><\/a> <a href=\"https:\/\/www.prijedordanas.com\/wp-content\/uploads\/2015\/12\/djecija-nova-godina-2016-16.jpg\" rel=\"attachment wp-att-37795\"><img loading=\"lazy\" decoding=\"async\" src=\"https:\/\/www.prijedordanas.com\/wp-content\/uploads\/2015\/12\/djecija-nova-godina-2016-16-300x199.jpg\" alt=\"djecija nova godina 2016 (16)\" width=\"300\" height=\"199\" class=\"alignleft size-medium wp-image-37795\" srcset=\"https:\/\/www.prijedordanas.com\/wp-content\/uploads\/2015\/12\/djecija-nova-godina-2016-16-300x200.jpg 300w, https:\/\/www.prijedordanas.com\/wp-content\/uploads\/2015\/12\/djecija-nova-godina-2016-16-768x509.jpg 768w, https:\/\/www.prijedordanas.com\/wp-content\/uploads\/2015\/12\/djecija-nova-godina-2016-16-480x320.jpg 480w, https:\/\/www.prijedordanas.com\/wp-content\/uploads\/2015\/12\/djecija-nova-godina-2016-16.jpg 800w\" sizes=\"(max-width: 300px) 100vw, 300px\" \/><\/a> <a href=\"https:\/\/www.prijedordanas.com\/wp-content\/uploads\/2015\/12\/djecija-nova-godina-2016-17.jpg\" rel=\"attachment wp-att-37796\"><img loading=\"lazy\" decoding=\"async\" src=\"https:\/\/www.prijedordanas.com\/wp-content\/uploads\/2015\/12\/djecija-nova-godina-2016-17-300x199.jpg\" alt=\"djecija nova godina 2016 (17)\" width=\"300\" height=\"199\" class=\"alignleft size-medium wp-image-37796\" srcset=\"https:\/\/www.prijedordanas.com\/wp-content\/uploads\/2015\/12\/djecija-nova-godina-2016-17-300x200.jpg 300w, https:\/\/www.prijedordanas.com\/wp-content\/uploads\/2015\/12\/djecija-nova-godina-2016-17-768x509.jpg 768w, https:\/\/www.prijedordanas.com\/wp-content\/uploads\/2015\/12\/djecija-nova-godina-2016-17-480x320.jpg 480w, https:\/\/www.prijedordanas.com\/wp-content\/uploads\/2015\/12\/djecija-nova-godina-2016-17.jpg 800w\" sizes=\"(max-width: 300px) 100vw, 300px\" \/><\/a> <a href=\"https:\/\/www.prijedordanas.com\/wp-content\/uploads\/2015\/12\/djecija-nova-godina-2016-18.jpg\" rel=\"attachment wp-att-37816\"><img loading=\"lazy\" decoding=\"async\" src=\"https:\/\/www.prijedordanas.com\/wp-content\/uploads\/2015\/12\/djecija-nova-godina-2016-18-300x199.jpg\" alt=\"djecija nova godina 2016 (18)\" width=\"300\" height=\"199\" class=\"alignleft size-medium wp-image-37816\" srcset=\"https:\/\/www.prijedordanas.com\/wp-content\/uploads\/2015\/12\/djecija-nova-godina-2016-18-300x200.jpg 300w, https:\/\/www.prijedordanas.com\/wp-content\/uploads\/2015\/12\/djecija-nova-godina-2016-18-768x509.jpg 768w, https:\/\/www.prijedordanas.com\/wp-content\/uploads\/2015\/12\/djecija-nova-godina-2016-18-480x320.jpg 480w, https:\/\/www.prijedordanas.com\/wp-content\/uploads\/2015\/12\/djecija-nova-godina-2016-18.jpg 800w\" sizes=\"(max-width: 300px) 100vw, 300px\" \/><\/a> <a href=\"https:\/\/www.prijedordanas.com\/wp-content\/uploads\/2015\/12\/djecija-nova-godina-2016-19.jpg\" rel=\"attachment wp-att-37817\"><img loading=\"lazy\" decoding=\"async\" src=\"https:\/\/www.prijedordanas.com\/wp-content\/uploads\/2015\/12\/djecija-nova-godina-2016-19-300x199.jpg\" alt=\"djecija nova godina 2016 (19)\" width=\"300\" height=\"199\" class=\"alignleft size-medium wp-image-37817\" srcset=\"https:\/\/www.prijedordanas.com\/wp-content\/uploads\/2015\/12\/djecija-nova-godina-2016-19-300x200.jpg 300w, https:\/\/www.prijedordanas.com\/wp-content\/uploads\/2015\/12\/djecija-nova-godina-2016-19-768x509.jpg 768w, https:\/\/www.prijedordanas.com\/wp-content\/uploads\/2015\/12\/djecija-nova-godina-2016-19-480x320.jpg 480w, https:\/\/www.prijedordanas.com\/wp-content\/uploads\/2015\/12\/djecija-nova-godina-2016-19.jpg 800w\" sizes=\"(max-width: 300px) 100vw, 300px\" \/><\/a> <a href=\"https:\/\/www.prijedordanas.com\/wp-content\/uploads\/2015\/12\/djecija-nova-godina-2016-20.jpg\" rel=\"attachment wp-att-37818\"><img loading=\"lazy\" decoding=\"async\" src=\"https:\/\/www.prijedordanas.com\/wp-content\/uploads\/2015\/12\/djecija-nova-godina-2016-20-300x199.jpg\" alt=\"djecija nova godina 2016 (20)\" width=\"300\" height=\"199\" class=\"alignleft size-medium wp-image-37818\" srcset=\"https:\/\/www.prijedordanas.com\/wp-content\/uploads\/2015\/12\/djecija-nova-godina-2016-20-300x200.jpg 300w, https:\/\/www.prijedordanas.com\/wp-content\/uploads\/2015\/12\/djecija-nova-godina-2016-20-768x509.jpg 768w, https:\/\/www.prijedordanas.com\/wp-content\/uploads\/2015\/12\/djecija-nova-godina-2016-20-480x320.jpg 480w, https:\/\/www.prijedordanas.com\/wp-content\/uploads\/2015\/12\/djecija-nova-godina-2016-20.jpg 800w\" sizes=\"(max-width: 300px) 100vw, 300px\" \/><\/a> <a href=\"https:\/\/www.prijedordanas.com\/wp-content\/uploads\/2015\/12\/djecija-nova-godina-2016-21.jpg\" rel=\"attachment wp-att-37819\"><img loading=\"lazy\" decoding=\"async\" src=\"https:\/\/www.prijedordanas.com\/wp-content\/uploads\/2015\/12\/djecija-nova-godina-2016-21-300x199.jpg\" alt=\"djecija nova godina 2016 (21)\" width=\"300\" height=\"199\" class=\"alignleft size-medium wp-image-37819\" srcset=\"https:\/\/www.prijedordanas.com\/wp-content\/uploads\/2015\/12\/djecija-nova-godina-2016-21-300x200.jpg 300w, https:\/\/www.prijedordanas.com\/wp-content\/uploads\/2015\/12\/djecija-nova-godina-2016-21-768x509.jpg 768w, https:\/\/www.prijedordanas.com\/wp-content\/uploads\/2015\/12\/djecija-nova-godina-2016-21-480x320.jpg 480w, https:\/\/www.prijedordanas.com\/wp-content\/uploads\/2015\/12\/djecija-nova-godina-2016-21.jpg 800w\" sizes=\"(max-width: 300px) 100vw, 300px\" \/><\/a> <a href=\"https:\/\/www.prijedordanas.com\/wp-content\/uploads\/2015\/12\/djecija-nova-godina-2016-22.jpg\" rel=\"attachment wp-att-37820\"><img loading=\"lazy\" decoding=\"async\" src=\"https:\/\/www.prijedordanas.com\/wp-content\/uploads\/2015\/12\/djecija-nova-godina-2016-22-300x199.jpg\" alt=\"djecija nova godina 2016 (22)\" width=\"300\" height=\"199\" class=\"alignleft size-medium wp-image-37820\" srcset=\"https:\/\/www.prijedordanas.com\/wp-content\/uploads\/2015\/12\/djecija-nova-godina-2016-22-300x200.jpg 300w, https:\/\/www.prijedordanas.com\/wp-content\/uploads\/2015\/12\/djecija-nova-godina-2016-22-768x509.jpg 768w, https:\/\/www.prijedordanas.com\/wp-content\/uploads\/2015\/12\/djecija-nova-godina-2016-22-480x320.jpg 480w, https:\/\/www.prijedordanas.com\/wp-content\/uploads\/2015\/12\/djecija-nova-godina-2016-22.jpg 800w\" sizes=\"(max-width: 300px) 100vw, 300px\" \/><\/a> <a href=\"https:\/\/www.prijedordanas.com\/wp-content\/uploads\/2015\/12\/djecija-nova-godina-2016-23.jpg\" rel=\"attachment wp-att-37821\"><img loading=\"lazy\" decoding=\"async\" src=\"https:\/\/www.prijedordanas.com\/wp-content\/uploads\/2015\/12\/djecija-nova-godina-2016-23-300x199.jpg\" alt=\"djecija nova godina 2016 (23)\" width=\"300\" height=\"199\" class=\"alignleft size-medium wp-image-37821\" srcset=\"https:\/\/www.prijedordanas.com\/wp-content\/uploads\/2015\/12\/djecija-nova-godina-2016-23-300x200.jpg 300w, https:\/\/www.prijedordanas.com\/wp-content\/uploads\/2015\/12\/djecija-nova-godina-2016-23-768x509.jpg 768w, https:\/\/www.prijedordanas.com\/wp-content\/uploads\/2015\/12\/djecija-nova-godina-2016-23-480x320.jpg 480w, https:\/\/www.prijedordanas.com\/wp-content\/uploads\/2015\/12\/djecija-nova-godina-2016-23.jpg 800w\" sizes=\"(max-width: 300px) 100vw, 300px\" \/><\/a> <a href=\"https:\/\/www.prijedordanas.com\/wp-content\/uploads\/2015\/12\/djecija-nova-godina-2016-24.jpg\" rel=\"attachment wp-att-37822\"><img loading=\"lazy\" decoding=\"async\" src=\"https:\/\/www.prijedordanas.com\/wp-content\/uploads\/2015\/12\/djecija-nova-godina-2016-24-300x199.jpg\" alt=\"djecija nova godina 2016 (24)\" width=\"300\" height=\"199\" class=\"alignleft size-medium wp-image-37822\" srcset=\"https:\/\/www.prijedordanas.com\/wp-content\/uploads\/2015\/12\/djecija-nova-godina-2016-24-300x200.jpg 300w, https:\/\/www.prijedordanas.com\/wp-content\/uploads\/2015\/12\/djecija-nova-godina-2016-24-768x509.jpg 768w, https:\/\/www.prijedordanas.com\/wp-content\/uploads\/2015\/12\/djecija-nova-godina-2016-24-480x320.jpg 480w, https:\/\/www.prijedordanas.com\/wp-content\/uploads\/2015\/12\/djecija-nova-godina-2016-24.jpg 800w\" sizes=\"(max-width: 300px) 100vw, 300px\" \/><\/a> <a href=\"https:\/\/www.prijedordanas.com\/wp-content\/uploads\/2015\/12\/djecija-nova-godina-2016-26.jpg\" rel=\"attachment wp-att-37823\"><img loading=\"lazy\" decoding=\"async\" src=\"https:\/\/www.prijedordanas.com\/wp-content\/uploads\/2015\/12\/djecija-nova-godina-2016-26-300x199.jpg\" alt=\"djecija nova godina 2016 (26)\" width=\"300\" height=\"199\" class=\"alignleft size-medium wp-image-37823\" srcset=\"https:\/\/www.prijedordanas.com\/wp-content\/uploads\/2015\/12\/djecija-nova-godina-2016-26-300x200.jpg 300w, https:\/\/www.prijedordanas.com\/wp-content\/uploads\/2015\/12\/djecija-nova-godina-2016-26-768x509.jpg 768w, https:\/\/www.prijedordanas.com\/wp-content\/uploads\/2015\/12\/djecija-nova-godina-2016-26-480x320.jpg 480w, https:\/\/www.prijedordanas.com\/wp-content\/uploads\/2015\/12\/djecija-nova-godina-2016-26.jpg 800w\" sizes=\"(max-width: 300px) 100vw, 300px\" \/><\/a> <a href=\"https:\/\/www.prijedordanas.com\/wp-content\/uploads\/2015\/12\/djecija-nova-godina-2016-25.jpg\" rel=\"attachment wp-att-37824\"><img loading=\"lazy\" decoding=\"async\" src=\"https:\/\/www.prijedordanas.com\/wp-content\/uploads\/2015\/12\/djecija-nova-godina-2016-25-300x199.jpg\" alt=\"djecija nova godina 2016 (25)\" width=\"300\" height=\"199\" class=\"alignleft size-medium wp-image-37824\" srcset=\"https:\/\/www.prijedordanas.com\/wp-content\/uploads\/2015\/12\/djecija-nova-godina-2016-25-300x200.jpg 300w, https:\/\/www.prijedordanas.com\/wp-content\/uploads\/2015\/12\/djecija-nova-godina-2016-25-768x509.jpg 768w, https:\/\/www.prijedordanas.com\/wp-content\/uploads\/2015\/12\/djecija-nova-godina-2016-25-480x320.jpg 480w, https:\/\/www.prijedordanas.com\/wp-content\/uploads\/2015\/12\/djecija-nova-godina-2016-25.jpg 800w\" sizes=\"(max-width: 300px) 100vw, 300px\" \/><\/a> <a href=\"https:\/\/www.prijedordanas.com\/wp-content\/uploads\/2015\/12\/djecija-nova-godina-2016-27.jpg\" rel=\"attachment wp-att-37825\"><img loading=\"lazy\" decoding=\"async\" src=\"https:\/\/www.prijedordanas.com\/wp-content\/uploads\/2015\/12\/djecija-nova-godina-2016-27-300x199.jpg\" alt=\"djecija nova godina 2016 (27)\" width=\"300\" height=\"199\" class=\"alignleft size-medium wp-image-37825\" srcset=\"https:\/\/www.prijedordanas.com\/wp-content\/uploads\/2015\/12\/djecija-nova-godina-2016-27-300x200.jpg 300w, https:\/\/www.prijedordanas.com\/wp-content\/uploads\/2015\/12\/djecija-nova-godina-2016-27-768x509.jpg 768w, https:\/\/www.prijedordanas.com\/wp-content\/uploads\/2015\/12\/djecija-nova-godina-2016-27-480x320.jpg 480w, https:\/\/www.prijedordanas.com\/wp-content\/uploads\/2015\/12\/djecija-nova-godina-2016-27.jpg 800w\" sizes=\"(max-width: 300px) 100vw, 300px\" \/><\/a> <a href=\"https:\/\/www.prijedordanas.com\/wp-content\/uploads\/2015\/12\/djecija-nova-godina-2016-28.jpg\" rel=\"attachment wp-att-37826\"><img loading=\"lazy\" decoding=\"async\" src=\"https:\/\/www.prijedordanas.com\/wp-content\/uploads\/2015\/12\/djecija-nova-godina-2016-28-300x199.jpg\" alt=\"djecija nova godina 2016 (28)\" width=\"300\" height=\"199\" class=\"alignleft size-medium wp-image-37826\" srcset=\"https:\/\/www.prijedordanas.com\/wp-content\/uploads\/2015\/12\/djecija-nova-godina-2016-28-300x200.jpg 300w, https:\/\/www.prijedordanas.com\/wp-content\/uploads\/2015\/12\/djecija-nova-godina-2016-28-768x509.jpg 768w, https:\/\/www.prijedordanas.com\/wp-content\/uploads\/2015\/12\/djecija-nova-godina-2016-28-480x320.jpg 480w, https:\/\/www.prijedordanas.com\/wp-content\/uploads\/2015\/12\/djecija-nova-godina-2016-28.jpg 800w\" sizes=\"(max-width: 300px) 100vw, 300px\" \/><\/a> <a href=\"https:\/\/www.prijedordanas.com\/wp-content\/uploads\/2015\/12\/djecija-nova-godina-2016-29.jpg\" rel=\"attachment wp-att-37827\"><img loading=\"lazy\" decoding=\"async\" src=\"https:\/\/www.prijedordanas.com\/wp-content\/uploads\/2015\/12\/djecija-nova-godina-2016-29-300x199.jpg\" alt=\"djecija nova godina 2016 (29)\" width=\"300\" height=\"199\" class=\"alignleft size-medium wp-image-37827\" srcset=\"https:\/\/www.prijedordanas.com\/wp-content\/uploads\/2015\/12\/djecija-nova-godina-2016-29-300x200.jpg 300w, https:\/\/www.prijedordanas.com\/wp-content\/uploads\/2015\/12\/djecija-nova-godina-2016-29-768x509.jpg 768w, https:\/\/www.prijedordanas.com\/wp-content\/uploads\/2015\/12\/djecija-nova-godina-2016-29-480x320.jpg 480w, https:\/\/www.prijedordanas.com\/wp-content\/uploads\/2015\/12\/djecija-nova-godina-2016-29.jpg 800w\" sizes=\"(max-width: 300px) 100vw, 300px\" \/><\/a><\/p>\n","protected":false},"excerpt":{"rendered":"<p>Mali\u0161ani iz Prijedora danas su, uz dolazak Djeda Mraza, do\u010dekali dje\u010diju Novu godinu na malom gradskom trgu. U programu su u\u010destvovali u\u010denici gradskih osnovnih \u0161kola, pobjednici Dje\u010dijeg festivala &#8220;Novogodi\u0161nje karaoke&#8221;, [&hellip;]<\/p>\n","protected":false},"author":1,"featured_media":0,"comment_status":"closed","ping_status":"open","sticky":false,"template":"","format":"standard","meta":{"_monsterinsights_skip_tracking":false,"_monsterinsights_sitenote_active":false,"_monsterinsights_sitenote_note":"","_monsterinsights_sitenote_category":0,"footnotes":""},"categories":[4],"tags":[6374,4212],"yoast_head":"<!-- This site is optimized with the Yoast SEO plugin v21.6 - https:\/\/yoast.com\/wordpress\/plugins\/seo\/ -->\n<title>MALI\u0160ANI IZ PRIJEDORA DO\u010cEKALI NOVU GODINU - FOTO - PrijedorDanas.com - Prijedorski gradski portal<\/title>\n<meta name=\"robots\" content=\"index, follow, max-snippet:-1, max-image-preview:large, max-video-preview:-1\" \/>\n<link rel=\"canonical\" href=\"https:\/\/www.prijedordanas.com\/?p=37775\" \/>\n<meta property=\"og:locale\" content=\"en_US\" \/>\n<meta property=\"og:type\" content=\"article\" \/>\n<meta property=\"og:title\" content=\"MALI\u0160ANI IZ PRIJEDORA DO\u010cEKALI NOVU GODINU - FOTO - PrijedorDanas.com - Prijedorski gradski portal\" \/>\n<meta property=\"og:description\" content=\"Mali\u0161ani iz Prijedora danas su, uz dolazak Djeda Mraza, do\u010dekali dje\u010diju Novu godinu na malom gradskom trgu. U programu su u\u010destvovali u\u010denici gradskih osnovnih \u0161kola, pobjednici Dje\u010dijeg festivala &#8220;Novogodi\u0161nje karaoke&#8221;, [&hellip;]\" \/>\n<meta property=\"og:url\" content=\"https:\/\/www.prijedordanas.com\/?p=37775\" \/>\n<meta property=\"og:site_name\" content=\"PrijedorDanas.com - Prijedorski gradski portal\" \/>\n<meta property=\"article:publisher\" content=\"https:\/\/www.facebook.com\/PrijedorDanasCom\/\" \/>\n<meta property=\"article:published_time\" content=\"2015-12-30T16:27:55+00:00\" \/>\n<meta property=\"article:modified_time\" content=\"2015-12-30T23:00:00+00:00\" \/>\n<meta property=\"og:image\" content=\"https:\/\/www.prijedordanas.com\/wp-content\/uploads\/2015\/12\/djecija-nova-godina-2016-1-300x199.jpg\" \/>\n<meta name=\"author\" content=\"admin\" \/>\n<meta name=\"twitter:card\" content=\"summary_large_image\" \/>\n<meta name=\"twitter:label1\" content=\"Written by\" \/>\n\t<meta name=\"twitter:data1\" content=\"admin\" \/>\n\t<meta name=\"twitter:label2\" content=\"Est. reading time\" \/>\n\t<meta name=\"twitter:data2\" content=\"1 minute\" \/>\n<script type=\"application\/ld+json\" class=\"yoast-schema-graph\">{\"@context\":\"https:\/\/schema.org\",\"@graph\":[{\"@type\":\"Article\",\"@id\":\"https:\/\/www.prijedordanas.com\/?p=37775#article\",\"isPartOf\":{\"@id\":\"https:\/\/www.prijedordanas.com\/?p=37775\"},\"author\":{\"name\":\"admin\",\"@id\":\"https:\/\/www.prijedordanas.com\/#\/schema\/person\/4e08ccf29b506ca916ff86d46bb700e6\"},\"headline\":\"MALI\u0160ANI IZ PRIJEDORA DO\u010cEKALI NOVU GODINU &#8211; FOTO\",\"datePublished\":\"2015-12-30T16:27:55+00:00\",\"dateModified\":\"2015-12-30T23:00:00+00:00\",\"mainEntityOfPage\":{\"@id\":\"https:\/\/www.prijedordanas.com\/?p=37775\"},\"wordCount\":179,\"publisher\":{\"@id\":\"https:\/\/www.prijedordanas.com\/#organization\"},\"keywords\":[\"dje\u010dija Nova godina\",\"Mali trg\"],\"articleSection\":[\"Dru\u0161tvo\"],\"inLanguage\":\"en-US\"},{\"@type\":\"WebPage\",\"@id\":\"https:\/\/www.prijedordanas.com\/?p=37775\",\"url\":\"https:\/\/www.prijedordanas.com\/?p=37775\",\"name\":\"MALI\u0160ANI IZ PRIJEDORA DO\u010cEKALI NOVU GODINU - FOTO - PrijedorDanas.com - Prijedorski gradski portal\",\"isPartOf\":{\"@id\":\"https:\/\/www.prijedordanas.com\/#website\"},\"datePublished\":\"2015-12-30T16:27:55+00:00\",\"dateModified\":\"2015-12-30T23:00:00+00:00\",\"breadcrumb\":{\"@id\":\"https:\/\/www.prijedordanas.com\/?p=37775#breadcrumb\"},\"inLanguage\":\"en-US\",\"potentialAction\":[{\"@type\":\"ReadAction\",\"target\":[\"https:\/\/www.prijedordanas.com\/?p=37775\"]}]},{\"@type\":\"BreadcrumbList\",\"@id\":\"https:\/\/www.prijedordanas.com\/?p=37775#breadcrumb\",\"itemListElement\":[{\"@type\":\"ListItem\",\"position\":1,\"name\":\"Home\",\"item\":\"https:\/\/www.prijedordanas.com\/\"},{\"@type\":\"ListItem\",\"position\":2,\"name\":\"MALI\u0160ANI IZ PRIJEDORA DO\u010cEKALI NOVU GODINU &#8211; FOTO\"}]},{\"@type\":\"WebSite\",\"@id\":\"https:\/\/www.prijedordanas.com\/#website\",\"url\":\"https:\/\/www.prijedordanas.com\/\",\"name\":\"PrijedorDanas.com - Prijedorski gradski portal\",\"description\":\"Portal o doga\u0111anjima u gradu Prijedoru\",\"publisher\":{\"@id\":\"https:\/\/www.prijedordanas.com\/#organization\"},\"potentialAction\":[{\"@type\":\"SearchAction\",\"target\":{\"@type\":\"EntryPoint\",\"urlTemplate\":\"https:\/\/www.prijedordanas.com\/?s={search_term_string}\"},\"query-input\":\"required name=search_term_string\"}],\"inLanguage\":\"en-US\"},{\"@type\":\"Organization\",\"@id\":\"https:\/\/www.prijedordanas.com\/#organization\",\"name\":\"PrijedorDanas.com\",\"url\":\"https:\/\/www.prijedordanas.com\/\",\"logo\":{\"@type\":\"ImageObject\",\"inLanguage\":\"en-US\",\"@id\":\"https:\/\/www.prijedordanas.com\/#\/schema\/logo\/image\/\",\"url\":\"http:\/\/www.prijedordanas.com\/wp-content\/uploads\/2021\/12\/logopng.png\",\"contentUrl\":\"http:\/\/www.prijedordanas.com\/wp-content\/uploads\/2021\/12\/logopng.png\",\"width\":1019,\"height\":776,\"caption\":\"PrijedorDanas.com\"},\"image\":{\"@id\":\"https:\/\/www.prijedordanas.com\/#\/schema\/logo\/image\/\"},\"sameAs\":[\"https:\/\/www.facebook.com\/PrijedorDanasCom\/\"]},{\"@type\":\"Person\",\"@id\":\"https:\/\/www.prijedordanas.com\/#\/schema\/person\/4e08ccf29b506ca916ff86d46bb700e6\",\"name\":\"admin\",\"image\":{\"@type\":\"ImageObject\",\"inLanguage\":\"en-US\",\"@id\":\"https:\/\/www.prijedordanas.com\/#\/schema\/person\/image\/\",\"url\":\"https:\/\/secure.gravatar.com\/avatar\/1d3fc949d550f0b53a5f0d51e06dfd79?s=96&d=mm&r=g\",\"contentUrl\":\"https:\/\/secure.gravatar.com\/avatar\/1d3fc949d550f0b53a5f0d51e06dfd79?s=96&d=mm&r=g\",\"caption\":\"admin\"},\"url\":\"https:\/\/www.prijedordanas.com\/?author=1\"}]}<\/script>\n<!-- \/ Yoast SEO plugin. -->","yoast_head_json":{"title":"MALI\u0160ANI IZ PRIJEDORA DO\u010cEKALI NOVU GODINU - FOTO - PrijedorDanas.com - Prijedorski gradski portal","robots":{"index":"index","follow":"follow","max-snippet":"max-snippet:-1","max-image-preview":"max-image-preview:large","max-video-preview":"max-video-preview:-1"},"canonical":"https:\/\/www.prijedordanas.com\/?p=37775","og_locale":"en_US","og_type":"article","og_title":"MALI\u0160ANI IZ PRIJEDORA DO\u010cEKALI NOVU GODINU - FOTO - PrijedorDanas.com - Prijedorski gradski portal","og_description":"Mali\u0161ani iz Prijedora danas su, uz dolazak Djeda Mraza, do\u010dekali dje\u010diju Novu godinu na malom gradskom trgu. U programu su u\u010destvovali u\u010denici gradskih osnovnih \u0161kola, pobjednici Dje\u010dijeg festivala &#8220;Novogodi\u0161nje karaoke&#8221;, [&hellip;]","og_url":"https:\/\/www.prijedordanas.com\/?p=37775","og_site_name":"PrijedorDanas.com - Prijedorski gradski portal","article_publisher":"https:\/\/www.facebook.com\/PrijedorDanasCom\/","article_published_time":"2015-12-30T16:27:55+00:00","article_modified_time":"2015-12-30T23:00:00+00:00","og_image":[{"url":"https:\/\/www.prijedordanas.com\/wp-content\/uploads\/2015\/12\/djecija-nova-godina-2016-1-300x199.jpg"}],"author":"admin","twitter_card":"summary_large_image","twitter_misc":{"Written by":"admin","Est. reading time":"1 minute"},"schema":{"@context":"https:\/\/schema.org","@graph":[{"@type":"Article","@id":"https:\/\/www.prijedordanas.com\/?p=37775#article","isPartOf":{"@id":"https:\/\/www.prijedordanas.com\/?p=37775"},"author":{"name":"admin","@id":"https:\/\/www.prijedordanas.com\/#\/schema\/person\/4e08ccf29b506ca916ff86d46bb700e6"},"headline":"MALI\u0160ANI IZ PRIJEDORA DO\u010cEKALI NOVU GODINU &#8211; FOTO","datePublished":"2015-12-30T16:27:55+00:00","dateModified":"2015-12-30T23:00:00+00:00","mainEntityOfPage":{"@id":"https:\/\/www.prijedordanas.com\/?p=37775"},"wordCount":179,"publisher":{"@id":"https:\/\/www.prijedordanas.com\/#organization"},"keywords":["dje\u010dija Nova godina","Mali trg"],"articleSection":["Dru\u0161tvo"],"inLanguage":"en-US"},{"@type":"WebPage","@id":"https:\/\/www.prijedordanas.com\/?p=37775","url":"https:\/\/www.prijedordanas.com\/?p=37775","name":"MALI\u0160ANI IZ PRIJEDORA DO\u010cEKALI NOVU GODINU - FOTO - PrijedorDanas.com - Prijedorski gradski portal","isPartOf":{"@id":"https:\/\/www.prijedordanas.com\/#website"},"datePublished":"2015-12-30T16:27:55+00:00","dateModified":"2015-12-30T23:00:00+00:00","breadcrumb":{"@id":"https:\/\/www.prijedordanas.com\/?p=37775#breadcrumb"},"inLanguage":"en-US","potentialAction":[{"@type":"ReadAction","target":["https:\/\/www.prijedordanas.com\/?p=37775"]}]},{"@type":"BreadcrumbList","@id":"https:\/\/www.prijedordanas.com\/?p=37775#breadcrumb","itemListElement":[{"@type":"ListItem","position":1,"name":"Home","item":"https:\/\/www.prijedordanas.com\/"},{"@type":"ListItem","position":2,"name":"MALI\u0160ANI IZ PRIJEDORA DO\u010cEKALI NOVU GODINU &#8211; FOTO"}]},{"@type":"WebSite","@id":"https:\/\/www.prijedordanas.com\/#website","url":"https:\/\/www.prijedordanas.com\/","name":"PrijedorDanas.com - Prijedorski gradski portal","description":"Portal o doga\u0111anjima u gradu Prijedoru","publisher":{"@id":"https:\/\/www.prijedordanas.com\/#organization"},"potentialAction":[{"@type":"SearchAction","target":{"@type":"EntryPoint","urlTemplate":"https:\/\/www.prijedordanas.com\/?s={search_term_string}"},"query-input":"required name=search_term_string"}],"inLanguage":"en-US"},{"@type":"Organization","@id":"https:\/\/www.prijedordanas.com\/#organization","name":"PrijedorDanas.com","url":"https:\/\/www.prijedordanas.com\/","logo":{"@type":"ImageObject","inLanguage":"en-US","@id":"https:\/\/www.prijedordanas.com\/#\/schema\/logo\/image\/","url":"http:\/\/www.prijedordanas.com\/wp-content\/uploads\/2021\/12\/logopng.png","contentUrl":"http:\/\/www.prijedordanas.com\/wp-content\/uploads\/2021\/12\/logopng.png","width":1019,"height":776,"caption":"PrijedorDanas.com"},"image":{"@id":"https:\/\/www.prijedordanas.com\/#\/schema\/logo\/image\/"},"sameAs":["https:\/\/www.facebook.com\/PrijedorDanasCom\/"]},{"@type":"Person","@id":"https:\/\/www.prijedordanas.com\/#\/schema\/person\/4e08ccf29b506ca916ff86d46bb700e6","name":"admin","image":{"@type":"ImageObject","inLanguage":"en-US","@id":"https:\/\/www.prijedordanas.com\/#\/schema\/person\/image\/","url":"https:\/\/secure.gravatar.com\/avatar\/1d3fc949d550f0b53a5f0d51e06dfd79?s=96&d=mm&r=g","contentUrl":"https:\/\/secure.gravatar.com\/avatar\/1d3fc949d550f0b53a5f0d51e06dfd79?s=96&d=mm&r=g","caption":"admin"},"url":"https:\/\/www.prijedordanas.com\/?author=1"}]}},"_links":{"self":[{"href":"https:\/\/www.prijedordanas.com\/index.php?rest_route=\/wp\/v2\/posts\/37775"}],"collection":[{"href":"https:\/\/www.prijedordanas.com\/index.php?rest_route=\/wp\/v2\/posts"}],"about":[{"href":"https:\/\/www.prijedordanas.com\/index.php?rest_route=\/wp\/v2\/types\/post"}],"author":[{"embeddable":true,"href":"https:\/\/www.prijedordanas.com\/index.php?rest_route=\/wp\/v2\/users\/1"}],"replies":[{"embeddable":true,"href":"https:\/\/www.prijedordanas.com\/index.php?rest_route=%2Fwp%2Fv2%2Fcomments&post=37775"}],"version-history":[{"count":7,"href":"https:\/\/www.prijedordanas.com\/index.php?rest_route=\/wp\/v2\/posts\/37775\/revisions"}],"predecessor-version":[{"id":37828,"href":"https:\/\/www.prijedordanas.com\/index.php?rest_route=\/wp\/v2\/posts\/37775\/revisions\/37828"}],"wp:attachment":[{"href":"https:\/\/www.prijedordanas.com\/index.php?rest_route=%2Fwp%2Fv2%2Fmedia&parent=37775"}],"wp:term":[{"taxonomy":"category","embeddable":true,"href":"https:\/\/www.prijedordanas.com\/index.php?rest_route=%2Fwp%2Fv2%2Fcategories&post=37775"},{"taxonomy":"post_tag","embeddable":true,"href":"https:\/\/www.prijedordanas.com\/index.php?rest_route=%2Fwp%2Fv2%2Ftags&post=37775"}],"curies":[{"name":"wp","href":"https:\/\/api.w.org\/{rel}","templated":true}]}}