{"id":37736,"date":"2015-12-30T16:42:55","date_gmt":"2015-12-30T15:42:55","guid":{"rendered":"https:\/\/www.prijedordanas.com\/?p=37736"},"modified":"2015-12-30T16:48:09","modified_gmt":"2015-12-30T15:48:09","slug":"bolnica-dr-mladen-stojanovic-tesko-finansijsko-stanje-ali-nesmanjen-obim-usluga","status":"publish","type":"post","link":"https:\/\/www.prijedordanas.com\/?p=37736","title":{"rendered":"BOLNICA \u201eDR MLADEN STOJANOVI\u0106\u201c: TE\u0160KO FINANSIJSKO STANJE, ALI NESMANJEN OBIM USLUGA"},"content":{"rendered":"<p><a href=\"https:\/\/www.prijedordanas.com\/wp-content\/uploads\/2015\/12\/bolnica-prijedor-novogodisnji-prijem-1.jpg\" rel=\"attachment wp-att-37761\"><img loading=\"lazy\" decoding=\"async\" class=\"alignleft size-medium wp-image-37761\" src=\"https:\/\/www.prijedordanas.com\/wp-content\/uploads\/2015\/12\/bolnica-prijedor-novogodisnji-prijem-1-300x199.jpg\" alt=\"bolnica prijedor-novogodisnji prijem (1)\" width=\"300\" height=\"199\" srcset=\"https:\/\/www.prijedordanas.com\/wp-content\/uploads\/2015\/12\/bolnica-prijedor-novogodisnji-prijem-1-300x200.jpg 300w, https:\/\/www.prijedordanas.com\/wp-content\/uploads\/2015\/12\/bolnica-prijedor-novogodisnji-prijem-1-480x320.jpg 480w, https:\/\/www.prijedordanas.com\/wp-content\/uploads\/2015\/12\/bolnica-prijedor-novogodisnji-prijem-1.jpg 600w\" sizes=\"(max-width: 300px) 100vw, 300px\" \/><\/a>Bolnica &#8220;Doktor Mladen Stojanovi\u0107&#8221; Prijedor 2015. godinu zar\u0161ava u te\u0161koj finansijskoj situaciji, ali rade\u0107i punim kapacitetom i ne smanjuju\u0107i obim usluga, izjavio je danas direktor ove javne zdravstvene ustanove Mirko Sovilj.<\/p>\n<p>&#8220;Usluge koje pru\u017eamo pla\u0107aju se na na\u010din koji ne garantuje finansijsku sigurnost nego zavisimo od finansijskih mogu\u0107nost i Fonda zdravstvenog osiguranja Republike Srpske. U takvoj situaciji sre\u0107an sam i ponosan \u0161to nismo imali nikakvh redukcija dijagnosti\u010dko-terapijskih procedura&#8221;, rekao je Sovilj na novogodi\u0161njem prijemu za saradnike i novinare.<\/p>\n<p>On je naveo da za posljednje dvije plate nisu pla\u0107eni doprinosi i da o\u010dekuje da \u0107e do kraja biti ispla\u0107ena ta razlika za prethodnu platu, kao i da su ostale obaveze u velikoj mjeri amortizovane, dijelom zahvaljuju\u0107i kreditu od milion maraka kod Investiciono-razvojne banke koji je odobrila Vlada.<\/p>\n<p>&#8220;Mi, na\u017ealost, zavisimo od mnogo faktora, od privrede i od finansijskog stanja u Republici Srpskoj, ali se uvijek moramo boriti da pru\u017eimo adekvatnu uslugu pacijentima&#8221;, istakao je Sovilj.<\/p>\n<p>On je podsjetio da je u ovoj ustanovi prije \u010detiri mjeseca osnovan Odsjek za infektologiju i uveden konzilijum za oboljele od tumora.<\/p>\n<p><a href=\"https:\/\/www.prijedordanas.com\/wp-content\/uploads\/2015\/12\/bolnica-prijedor-novogodisnji-prijem-2.jpg\" rel=\"attachment wp-att-37762\"><img loading=\"lazy\" decoding=\"async\" src=\"https:\/\/www.prijedordanas.com\/wp-content\/uploads\/2015\/12\/bolnica-prijedor-novogodisnji-prijem-2-300x199.jpg\" alt=\"bolnica prijedor-novogodisnji prijem (2)\" width=\"300\" height=\"199\" class=\"alignleft size-medium wp-image-37762\" srcset=\"https:\/\/www.prijedordanas.com\/wp-content\/uploads\/2015\/12\/bolnica-prijedor-novogodisnji-prijem-2-300x200.jpg 300w, https:\/\/www.prijedordanas.com\/wp-content\/uploads\/2015\/12\/bolnica-prijedor-novogodisnji-prijem-2-480x320.jpg 480w, https:\/\/www.prijedordanas.com\/wp-content\/uploads\/2015\/12\/bolnica-prijedor-novogodisnji-prijem-2.jpg 600w\" sizes=\"(max-width: 300px) 100vw, 300px\" \/><\/a>&#8220;Na\u0161i pacijenti vi\u0161e ne moraju i\u0107i u Banjaluku na konzilijume niti na nastavak lije\u010denja. To je znatno unaprijedilo rad i doprinijelo porastu broja pacijenata koji se kompletno lije\u010de ovdje. I za infektologiju se pokazala puna opravdanost i o\u010dekujemo dalji razvoj ove slu\u017ebe koju nikad ranije nismo ni imali&#8221;, dodao je Sovilj.<\/p>\n<p>Odgovaraju\u0107i na pitanja novinara o listama \u010dekanja u ovoj ustanovi, Sovilj je rekao da se najvi\u0161e \u010deka na ultrazvuk krvnih sudova vrata, jer je to pretraga koja zahtijeva vi\u0161e vremena i u toku dana ih se ne mo\u017ee puno uraditi.<\/p>\n<p>&#8220;Ultrazvuk srca je tako\u0111e sa optere\u0107enjem i mi smo ovih dana nabavili jo\u0161 jednu kardiolo\u0161ku sondu i instalirali za kardiolo\u0161ki ultrazvuk tako da \u0107e jo\u0161 jedan aparat biti na usluzi&#8221;, naveo je Sovilj.<\/p>\n<p>On je podsjetio da je CT dijagnostika organizovana tako da je ugovara i zakazuje Fond zdravstvenog osiguranja Republike Srpske.<\/p>\n<p>&#8220;Ja sam se iznenadio jutros kad me je nazvao pacijent i rekao da je zakazan za dvadeset i neki mart. Vidje\u0107emo da li je to rezultat trenutnog pove\u0107anja zahtjeva. Za ostale procedure mislim da nisu velike liste \u010dekanja, iako ima perioda u godini sa manjim ili ve\u0107im pritiskom pacijenata i primarnih zdravstvenih ustanova&#8221;, istakao je Sovilj.<\/p>\n<p>Bolnica &#8220;Doktor Mladen Stojanovi\u0107&#8221; Prijedor zapo\u0161ljava 520 radnika.<\/p>\n<p>Tekst \u2013 SRNA<br \/>\nFoto \u2013 Aleksandar Drakuli\u0107 \u2013 <a href=\"www.prijedordanas.com\" target=\"_blank\">www.prijedordanas.com<\/a><\/p>\n","protected":false},"excerpt":{"rendered":"<p>Bolnica &#8220;Doktor Mladen Stojanovi\u0107&#8221; Prijedor 2015. godinu zar\u0161ava u te\u0161koj finansijskoj situaciji, ali rade\u0107i punim kapacitetom i ne smanjuju\u0107i obim usluga, izjavio je danas direktor ove javne zdravstvene ustanove Mirko [&hellip;]<\/p>\n","protected":false},"author":1,"featured_media":0,"comment_status":"closed","ping_status":"open","sticky":false,"template":"","format":"standard","meta":{"_monsterinsights_skip_tracking":false,"_monsterinsights_sitenote_active":false,"_monsterinsights_sitenote_note":"","_monsterinsights_sitenote_category":0,"footnotes":""},"categories":[8],"tags":[5278,458,6313],"yoast_head":"<!-- This site is optimized with the Yoast SEO plugin v21.6 - https:\/\/yoast.com\/wordpress\/plugins\/seo\/ -->\n<title>BOLNICA \u201eDR MLADEN STOJANOVI\u0106\u201c: TE\u0160KO FINANSIJSKO STANJE, ALI NESMANJEN OBIM USLUGA - PrijedorDanas.com - Prijedorski gradski portal<\/title>\n<meta name=\"robots\" content=\"index, follow, max-snippet:-1, max-image-preview:large, max-video-preview:-1\" \/>\n<link rel=\"canonical\" href=\"https:\/\/www.prijedordanas.com\/?p=37736\" \/>\n<meta property=\"og:locale\" content=\"en_US\" \/>\n<meta property=\"og:type\" content=\"article\" \/>\n<meta property=\"og:title\" content=\"BOLNICA \u201eDR MLADEN STOJANOVI\u0106\u201c: TE\u0160KO FINANSIJSKO STANJE, ALI NESMANJEN OBIM USLUGA - PrijedorDanas.com - Prijedorski gradski portal\" \/>\n<meta property=\"og:description\" content=\"Bolnica &#8220;Doktor Mladen Stojanovi\u0107&#8221; Prijedor 2015. godinu zar\u0161ava u te\u0161koj finansijskoj situaciji, ali rade\u0107i punim kapacitetom i ne smanjuju\u0107i obim usluga, izjavio je danas direktor ove javne zdravstvene ustanove Mirko [&hellip;]\" \/>\n<meta property=\"og:url\" content=\"https:\/\/www.prijedordanas.com\/?p=37736\" \/>\n<meta property=\"og:site_name\" content=\"PrijedorDanas.com - Prijedorski gradski portal\" \/>\n<meta property=\"article:publisher\" content=\"https:\/\/www.facebook.com\/PrijedorDanasCom\/\" \/>\n<meta property=\"article:published_time\" content=\"2015-12-30T15:42:55+00:00\" \/>\n<meta property=\"article:modified_time\" content=\"2015-12-30T15:48:09+00:00\" \/>\n<meta property=\"og:image\" content=\"https:\/\/www.prijedordanas.com\/wp-content\/uploads\/2015\/12\/bolnica-prijedor-novogodisnji-prijem-1-300x199.jpg\" \/>\n<meta name=\"author\" content=\"admin\" \/>\n<meta name=\"twitter:card\" content=\"summary_large_image\" \/>\n<meta name=\"twitter:label1\" content=\"Written by\" \/>\n\t<meta name=\"twitter:data1\" content=\"admin\" \/>\n\t<meta name=\"twitter:label2\" content=\"Est. reading time\" \/>\n\t<meta name=\"twitter:data2\" content=\"2 minutes\" \/>\n<script type=\"application\/ld+json\" class=\"yoast-schema-graph\">{\"@context\":\"https:\/\/schema.org\",\"@graph\":[{\"@type\":\"Article\",\"@id\":\"https:\/\/www.prijedordanas.com\/?p=37736#article\",\"isPartOf\":{\"@id\":\"https:\/\/www.prijedordanas.com\/?p=37736\"},\"author\":{\"name\":\"admin\",\"@id\":\"https:\/\/www.prijedordanas.com\/#\/schema\/person\/4e08ccf29b506ca916ff86d46bb700e6\"},\"headline\":\"BOLNICA \u201eDR MLADEN STOJANOVI\u0106\u201c: TE\u0160KO FINANSIJSKO STANJE, ALI NESMANJEN OBIM USLUGA\",\"datePublished\":\"2015-12-30T15:42:55+00:00\",\"dateModified\":\"2015-12-30T15:48:09+00:00\",\"mainEntityOfPage\":{\"@id\":\"https:\/\/www.prijedordanas.com\/?p=37736\"},\"wordCount\":437,\"publisher\":{\"@id\":\"https:\/\/www.prijedordanas.com\/#organization\"},\"keywords\":[\"Bolnica \\\"Dr Mladen Stojanovi\u0107\\\" Prijedor\",\"Mirko Sovilj\",\"novogodi\u0161nji prijem\"],\"articleSection\":[\"Svakodnevno\"],\"inLanguage\":\"en-US\"},{\"@type\":\"WebPage\",\"@id\":\"https:\/\/www.prijedordanas.com\/?p=37736\",\"url\":\"https:\/\/www.prijedordanas.com\/?p=37736\",\"name\":\"BOLNICA \u201eDR MLADEN STOJANOVI\u0106\u201c: TE\u0160KO FINANSIJSKO STANJE, ALI NESMANJEN OBIM USLUGA - PrijedorDanas.com - Prijedorski gradski portal\",\"isPartOf\":{\"@id\":\"https:\/\/www.prijedordanas.com\/#website\"},\"datePublished\":\"2015-12-30T15:42:55+00:00\",\"dateModified\":\"2015-12-30T15:48:09+00:00\",\"breadcrumb\":{\"@id\":\"https:\/\/www.prijedordanas.com\/?p=37736#breadcrumb\"},\"inLanguage\":\"en-US\",\"potentialAction\":[{\"@type\":\"ReadAction\",\"target\":[\"https:\/\/www.prijedordanas.com\/?p=37736\"]}]},{\"@type\":\"BreadcrumbList\",\"@id\":\"https:\/\/www.prijedordanas.com\/?p=37736#breadcrumb\",\"itemListElement\":[{\"@type\":\"ListItem\",\"position\":1,\"name\":\"Home\",\"item\":\"https:\/\/www.prijedordanas.com\/\"},{\"@type\":\"ListItem\",\"position\":2,\"name\":\"BOLNICA \u201eDR MLADEN STOJANOVI\u0106\u201c: TE\u0160KO FINANSIJSKO STANJE, ALI NESMANJEN OBIM USLUGA\"}]},{\"@type\":\"WebSite\",\"@id\":\"https:\/\/www.prijedordanas.com\/#website\",\"url\":\"https:\/\/www.prijedordanas.com\/\",\"name\":\"PrijedorDanas.com - Prijedorski gradski portal\",\"description\":\"Portal o doga\u0111anjima u gradu Prijedoru\",\"publisher\":{\"@id\":\"https:\/\/www.prijedordanas.com\/#organization\"},\"potentialAction\":[{\"@type\":\"SearchAction\",\"target\":{\"@type\":\"EntryPoint\",\"urlTemplate\":\"https:\/\/www.prijedordanas.com\/?s={search_term_string}\"},\"query-input\":\"required name=search_term_string\"}],\"inLanguage\":\"en-US\"},{\"@type\":\"Organization\",\"@id\":\"https:\/\/www.prijedordanas.com\/#organization\",\"name\":\"PrijedorDanas.com\",\"url\":\"https:\/\/www.prijedordanas.com\/\",\"logo\":{\"@type\":\"ImageObject\",\"inLanguage\":\"en-US\",\"@id\":\"https:\/\/www.prijedordanas.com\/#\/schema\/logo\/image\/\",\"url\":\"http:\/\/www.prijedordanas.com\/wp-content\/uploads\/2021\/12\/logopng.png\",\"contentUrl\":\"http:\/\/www.prijedordanas.com\/wp-content\/uploads\/2021\/12\/logopng.png\",\"width\":1019,\"height\":776,\"caption\":\"PrijedorDanas.com\"},\"image\":{\"@id\":\"https:\/\/www.prijedordanas.com\/#\/schema\/logo\/image\/\"},\"sameAs\":[\"https:\/\/www.facebook.com\/PrijedorDanasCom\/\"]},{\"@type\":\"Person\",\"@id\":\"https:\/\/www.prijedordanas.com\/#\/schema\/person\/4e08ccf29b506ca916ff86d46bb700e6\",\"name\":\"admin\",\"image\":{\"@type\":\"ImageObject\",\"inLanguage\":\"en-US\",\"@id\":\"https:\/\/www.prijedordanas.com\/#\/schema\/person\/image\/\",\"url\":\"https:\/\/secure.gravatar.com\/avatar\/1d3fc949d550f0b53a5f0d51e06dfd79?s=96&d=mm&r=g\",\"contentUrl\":\"https:\/\/secure.gravatar.com\/avatar\/1d3fc949d550f0b53a5f0d51e06dfd79?s=96&d=mm&r=g\",\"caption\":\"admin\"},\"url\":\"https:\/\/www.prijedordanas.com\/?author=1\"}]}<\/script>\n<!-- \/ Yoast SEO plugin. -->","yoast_head_json":{"title":"BOLNICA \u201eDR MLADEN STOJANOVI\u0106\u201c: TE\u0160KO FINANSIJSKO STANJE, ALI NESMANJEN OBIM USLUGA - PrijedorDanas.com - Prijedorski gradski portal","robots":{"index":"index","follow":"follow","max-snippet":"max-snippet:-1","max-image-preview":"max-image-preview:large","max-video-preview":"max-video-preview:-1"},"canonical":"https:\/\/www.prijedordanas.com\/?p=37736","og_locale":"en_US","og_type":"article","og_title":"BOLNICA \u201eDR MLADEN STOJANOVI\u0106\u201c: TE\u0160KO FINANSIJSKO STANJE, ALI NESMANJEN OBIM USLUGA - PrijedorDanas.com - Prijedorski gradski portal","og_description":"Bolnica &#8220;Doktor Mladen Stojanovi\u0107&#8221; Prijedor 2015. godinu zar\u0161ava u te\u0161koj finansijskoj situaciji, ali rade\u0107i punim kapacitetom i ne smanjuju\u0107i obim usluga, izjavio je danas direktor ove javne zdravstvene ustanove Mirko [&hellip;]","og_url":"https:\/\/www.prijedordanas.com\/?p=37736","og_site_name":"PrijedorDanas.com - Prijedorski gradski portal","article_publisher":"https:\/\/www.facebook.com\/PrijedorDanasCom\/","article_published_time":"2015-12-30T15:42:55+00:00","article_modified_time":"2015-12-30T15:48:09+00:00","og_image":[{"url":"https:\/\/www.prijedordanas.com\/wp-content\/uploads\/2015\/12\/bolnica-prijedor-novogodisnji-prijem-1-300x199.jpg"}],"author":"admin","twitter_card":"summary_large_image","twitter_misc":{"Written by":"admin","Est. reading time":"2 minutes"},"schema":{"@context":"https:\/\/schema.org","@graph":[{"@type":"Article","@id":"https:\/\/www.prijedordanas.com\/?p=37736#article","isPartOf":{"@id":"https:\/\/www.prijedordanas.com\/?p=37736"},"author":{"name":"admin","@id":"https:\/\/www.prijedordanas.com\/#\/schema\/person\/4e08ccf29b506ca916ff86d46bb700e6"},"headline":"BOLNICA \u201eDR MLADEN STOJANOVI\u0106\u201c: TE\u0160KO FINANSIJSKO STANJE, ALI NESMANJEN OBIM USLUGA","datePublished":"2015-12-30T15:42:55+00:00","dateModified":"2015-12-30T15:48:09+00:00","mainEntityOfPage":{"@id":"https:\/\/www.prijedordanas.com\/?p=37736"},"wordCount":437,"publisher":{"@id":"https:\/\/www.prijedordanas.com\/#organization"},"keywords":["Bolnica \"Dr Mladen Stojanovi\u0107\" Prijedor","Mirko Sovilj","novogodi\u0161nji prijem"],"articleSection":["Svakodnevno"],"inLanguage":"en-US"},{"@type":"WebPage","@id":"https:\/\/www.prijedordanas.com\/?p=37736","url":"https:\/\/www.prijedordanas.com\/?p=37736","name":"BOLNICA \u201eDR MLADEN STOJANOVI\u0106\u201c: TE\u0160KO FINANSIJSKO STANJE, ALI NESMANJEN OBIM USLUGA - PrijedorDanas.com - Prijedorski gradski portal","isPartOf":{"@id":"https:\/\/www.prijedordanas.com\/#website"},"datePublished":"2015-12-30T15:42:55+00:00","dateModified":"2015-12-30T15:48:09+00:00","breadcrumb":{"@id":"https:\/\/www.prijedordanas.com\/?p=37736#breadcrumb"},"inLanguage":"en-US","potentialAction":[{"@type":"ReadAction","target":["https:\/\/www.prijedordanas.com\/?p=37736"]}]},{"@type":"BreadcrumbList","@id":"https:\/\/www.prijedordanas.com\/?p=37736#breadcrumb","itemListElement":[{"@type":"ListItem","position":1,"name":"Home","item":"https:\/\/www.prijedordanas.com\/"},{"@type":"ListItem","position":2,"name":"BOLNICA \u201eDR MLADEN STOJANOVI\u0106\u201c: TE\u0160KO FINANSIJSKO STANJE, ALI NESMANJEN OBIM USLUGA"}]},{"@type":"WebSite","@id":"https:\/\/www.prijedordanas.com\/#website","url":"https:\/\/www.prijedordanas.com\/","name":"PrijedorDanas.com - Prijedorski gradski portal","description":"Portal o doga\u0111anjima u gradu Prijedoru","publisher":{"@id":"https:\/\/www.prijedordanas.com\/#organization"},"potentialAction":[{"@type":"SearchAction","target":{"@type":"EntryPoint","urlTemplate":"https:\/\/www.prijedordanas.com\/?s={search_term_string}"},"query-input":"required name=search_term_string"}],"inLanguage":"en-US"},{"@type":"Organization","@id":"https:\/\/www.prijedordanas.com\/#organization","name":"PrijedorDanas.com","url":"https:\/\/www.prijedordanas.com\/","logo":{"@type":"ImageObject","inLanguage":"en-US","@id":"https:\/\/www.prijedordanas.com\/#\/schema\/logo\/image\/","url":"http:\/\/www.prijedordanas.com\/wp-content\/uploads\/2021\/12\/logopng.png","contentUrl":"http:\/\/www.prijedordanas.com\/wp-content\/uploads\/2021\/12\/logopng.png","width":1019,"height":776,"caption":"PrijedorDanas.com"},"image":{"@id":"https:\/\/www.prijedordanas.com\/#\/schema\/logo\/image\/"},"sameAs":["https:\/\/www.facebook.com\/PrijedorDanasCom\/"]},{"@type":"Person","@id":"https:\/\/www.prijedordanas.com\/#\/schema\/person\/4e08ccf29b506ca916ff86d46bb700e6","name":"admin","image":{"@type":"ImageObject","inLanguage":"en-US","@id":"https:\/\/www.prijedordanas.com\/#\/schema\/person\/image\/","url":"https:\/\/secure.gravatar.com\/avatar\/1d3fc949d550f0b53a5f0d51e06dfd79?s=96&d=mm&r=g","contentUrl":"https:\/\/secure.gravatar.com\/avatar\/1d3fc949d550f0b53a5f0d51e06dfd79?s=96&d=mm&r=g","caption":"admin"},"url":"https:\/\/www.prijedordanas.com\/?author=1"}]}},"_links":{"self":[{"href":"https:\/\/www.prijedordanas.com\/index.php?rest_route=\/wp\/v2\/posts\/37736"}],"collection":[{"href":"https:\/\/www.prijedordanas.com\/index.php?rest_route=\/wp\/v2\/posts"}],"about":[{"href":"https:\/\/www.prijedordanas.com\/index.php?rest_route=\/wp\/v2\/types\/post"}],"author":[{"embeddable":true,"href":"https:\/\/www.prijedordanas.com\/index.php?rest_route=\/wp\/v2\/users\/1"}],"replies":[{"embeddable":true,"href":"https:\/\/www.prijedordanas.com\/index.php?rest_route=%2Fwp%2Fv2%2Fcomments&post=37736"}],"version-history":[{"count":1,"href":"https:\/\/www.prijedordanas.com\/index.php?rest_route=\/wp\/v2\/posts\/37736\/revisions"}],"predecessor-version":[{"id":37764,"href":"https:\/\/www.prijedordanas.com\/index.php?rest_route=\/wp\/v2\/posts\/37736\/revisions\/37764"}],"wp:attachment":[{"href":"https:\/\/www.prijedordanas.com\/index.php?rest_route=%2Fwp%2Fv2%2Fmedia&parent=37736"}],"wp:term":[{"taxonomy":"category","embeddable":true,"href":"https:\/\/www.prijedordanas.com\/index.php?rest_route=%2Fwp%2Fv2%2Fcategories&post=37736"},{"taxonomy":"post_tag","embeddable":true,"href":"https:\/\/www.prijedordanas.com\/index.php?rest_route=%2Fwp%2Fv2%2Ftags&post=37736"}],"curies":[{"name":"wp","href":"https:\/\/api.w.org\/{rel}","templated":true}]}}