{"id":37671,"date":"2015-12-29T16:09:17","date_gmt":"2015-12-29T15:09:17","guid":{"rendered":"https:\/\/www.prijedordanas.com\/?p=37671"},"modified":"2015-12-29T16:09:17","modified_gmt":"2015-12-29T15:09:17","slug":"podignuta-optuznica-protiv-dragoja-zmijanjca-za-ubistvo-u-prijedoru","status":"publish","type":"post","link":"https:\/\/www.prijedordanas.com\/?p=37671","title":{"rendered":"PODIGNUTA OPTU\u017dNICA PROTIV DRAGOJA ZMIJANJCA ZA UBISTVO U PRIJEDORU"},"content":{"rendered":"<p><a href=\"https:\/\/www.prijedordanas.com\/wp-content\/uploads\/2015\/12\/sud-bih-4-2.jpg\" rel=\"attachment wp-att-37672\"><img loading=\"lazy\" decoding=\"async\" src=\"https:\/\/www.prijedordanas.com\/wp-content\/uploads\/2015\/12\/sud-bih-4-2-300x187.jpg\" alt=\"sud bih (4)\" width=\"300\" height=\"187\" class=\"alignleft size-medium wp-image-37672\" srcset=\"https:\/\/www.prijedordanas.com\/wp-content\/uploads\/2015\/12\/sud-bih-4-2-300x187.jpg 300w, https:\/\/www.prijedordanas.com\/wp-content\/uploads\/2015\/12\/sud-bih-4-2.jpg 600w\" sizes=\"(max-width: 300px) 100vw, 300px\" \/><\/a>Dr\u017eavno tu\u017eila\u0161tvo podiglo je optu\u017enicu protiv Dragoja Zmijanjca zbog ubistva jednog civila bo\u0161nja\u010dke nacionalnosti u Prijedoru u ljeto 1992. godine.<\/p>\n<p>Zmijanjac je optu\u017een da je u julu 1992. godine iz jedne ku\u0107e izveo civila Bo\u0161njaka, a zatim ga ubio i ostavio da le\u017ei na cesti.<\/p>\n<p>\u201cNakon toga, Zmijanjac je uputio prijetnje \u010dlanovima porodice ubijenog, koji su zatim odvedeni u logor Trnopolje, gdje su pre\u017eivjeli te\u0161ke torture i zlostavljanja, a nakon toga prognani s podru\u010dja Prijedora\u201d, saop\u0161teno je iz Tu\u017eila\u0161tva BiH.<\/p>\n<p>Optu\u017enica je proslije\u0111ena na potvr\u0111ivanje Sudu BiH.<\/p>\n<p>Zmijanjac je uhap\u0161en 23. decembra, a pu\u0161ten je da se brani sa slobode uz mjere zabrane.<\/p>\n<p>Tu\u017eila\u0161tvo BiH je uz optu\u017enicu zatra\u017eilo da se Zmijanjcu produ\u017ee mjere zabrane napu\u0161tanja boravi\u0161ta i sastajanja sa odre\u0111enim osobama.<\/p>\n<p>BIRN<\/p>\n","protected":false},"excerpt":{"rendered":"<p>Dr\u017eavno tu\u017eila\u0161tvo podiglo je optu\u017enicu protiv Dragoja Zmijanjca zbog ubistva jednog civila bo\u0161nja\u010dke nacionalnosti u Prijedoru u ljeto 1992. godine. Zmijanjac je optu\u017een da je u julu 1992. godine iz [&hellip;]<\/p>\n","protected":false},"author":1,"featured_media":0,"comment_status":"closed","ping_status":"open","sticky":false,"template":"","format":"standard","meta":{"_monsterinsights_skip_tracking":false,"_monsterinsights_sitenote_active":false,"_monsterinsights_sitenote_note":"","_monsterinsights_sitenote_category":0,"footnotes":""},"categories":[5],"tags":[6356,1927,254,1002],"yoast_head":"<!-- This site is optimized with the Yoast SEO plugin v21.6 - https:\/\/yoast.com\/wordpress\/plugins\/seo\/ -->\n<title>PODIGNUTA OPTU\u017dNICA PROTIV DRAGOJA ZMIJANJCA ZA UBISTVO U PRIJEDORU - PrijedorDanas.com - Prijedorski gradski portal<\/title>\n<meta name=\"robots\" content=\"index, follow, max-snippet:-1, max-image-preview:large, max-video-preview:-1\" \/>\n<link rel=\"canonical\" href=\"https:\/\/www.prijedordanas.com\/?p=37671\" \/>\n<meta property=\"og:locale\" content=\"en_US\" \/>\n<meta property=\"og:type\" content=\"article\" \/>\n<meta property=\"og:title\" content=\"PODIGNUTA OPTU\u017dNICA PROTIV DRAGOJA ZMIJANJCA ZA UBISTVO U PRIJEDORU - PrijedorDanas.com - Prijedorski gradski portal\" \/>\n<meta property=\"og:description\" content=\"Dr\u017eavno tu\u017eila\u0161tvo podiglo je optu\u017enicu protiv Dragoja Zmijanjca zbog ubistva jednog civila bo\u0161nja\u010dke nacionalnosti u Prijedoru u ljeto 1992. godine. Zmijanjac je optu\u017een da je u julu 1992. godine iz [&hellip;]\" \/>\n<meta property=\"og:url\" content=\"https:\/\/www.prijedordanas.com\/?p=37671\" \/>\n<meta property=\"og:site_name\" content=\"PrijedorDanas.com - Prijedorski gradski portal\" \/>\n<meta property=\"article:publisher\" content=\"https:\/\/www.facebook.com\/PrijedorDanasCom\/\" \/>\n<meta property=\"article:published_time\" content=\"2015-12-29T15:09:17+00:00\" \/>\n<meta property=\"og:image\" content=\"https:\/\/www.prijedordanas.com\/wp-content\/uploads\/2015\/12\/sud-bih-4-2-300x187.jpg\" \/>\n<meta name=\"author\" content=\"admin\" \/>\n<meta name=\"twitter:card\" content=\"summary_large_image\" \/>\n<meta name=\"twitter:label1\" content=\"Written by\" \/>\n\t<meta name=\"twitter:data1\" content=\"admin\" \/>\n\t<meta name=\"twitter:label2\" content=\"Est. reading time\" \/>\n\t<meta name=\"twitter:data2\" content=\"1 minute\" \/>\n<script type=\"application\/ld+json\" class=\"yoast-schema-graph\">{\"@context\":\"https:\/\/schema.org\",\"@graph\":[{\"@type\":\"Article\",\"@id\":\"https:\/\/www.prijedordanas.com\/?p=37671#article\",\"isPartOf\":{\"@id\":\"https:\/\/www.prijedordanas.com\/?p=37671\"},\"author\":{\"name\":\"admin\",\"@id\":\"https:\/\/www.prijedordanas.com\/#\/schema\/person\/4e08ccf29b506ca916ff86d46bb700e6\"},\"headline\":\"PODIGNUTA OPTU\u017dNICA PROTIV DRAGOJA ZMIJANJCA ZA UBISTVO U PRIJEDORU\",\"datePublished\":\"2015-12-29T15:09:17+00:00\",\"dateModified\":\"2015-12-29T15:09:17+00:00\",\"mainEntityOfPage\":{\"@id\":\"https:\/\/www.prijedordanas.com\/?p=37671\"},\"wordCount\":159,\"publisher\":{\"@id\":\"https:\/\/www.prijedordanas.com\/#organization\"},\"keywords\":[\"Dragoja Zimjanjac\",\"optu\u017enica\",\"Tu\u017eila\u0161tvo BiH\",\"ubistvo\"],\"articleSection\":[\"Hronika\"],\"inLanguage\":\"en-US\"},{\"@type\":\"WebPage\",\"@id\":\"https:\/\/www.prijedordanas.com\/?p=37671\",\"url\":\"https:\/\/www.prijedordanas.com\/?p=37671\",\"name\":\"PODIGNUTA OPTU\u017dNICA PROTIV DRAGOJA ZMIJANJCA ZA UBISTVO U PRIJEDORU - PrijedorDanas.com - Prijedorski gradski portal\",\"isPartOf\":{\"@id\":\"https:\/\/www.prijedordanas.com\/#website\"},\"datePublished\":\"2015-12-29T15:09:17+00:00\",\"dateModified\":\"2015-12-29T15:09:17+00:00\",\"breadcrumb\":{\"@id\":\"https:\/\/www.prijedordanas.com\/?p=37671#breadcrumb\"},\"inLanguage\":\"en-US\",\"potentialAction\":[{\"@type\":\"ReadAction\",\"target\":[\"https:\/\/www.prijedordanas.com\/?p=37671\"]}]},{\"@type\":\"BreadcrumbList\",\"@id\":\"https:\/\/www.prijedordanas.com\/?p=37671#breadcrumb\",\"itemListElement\":[{\"@type\":\"ListItem\",\"position\":1,\"name\":\"Home\",\"item\":\"https:\/\/www.prijedordanas.com\/\"},{\"@type\":\"ListItem\",\"position\":2,\"name\":\"PODIGNUTA OPTU\u017dNICA PROTIV DRAGOJA ZMIJANJCA ZA UBISTVO U PRIJEDORU\"}]},{\"@type\":\"WebSite\",\"@id\":\"https:\/\/www.prijedordanas.com\/#website\",\"url\":\"https:\/\/www.prijedordanas.com\/\",\"name\":\"PrijedorDanas.com - Prijedorski gradski portal\",\"description\":\"Portal o doga\u0111anjima u gradu Prijedoru\",\"publisher\":{\"@id\":\"https:\/\/www.prijedordanas.com\/#organization\"},\"potentialAction\":[{\"@type\":\"SearchAction\",\"target\":{\"@type\":\"EntryPoint\",\"urlTemplate\":\"https:\/\/www.prijedordanas.com\/?s={search_term_string}\"},\"query-input\":\"required name=search_term_string\"}],\"inLanguage\":\"en-US\"},{\"@type\":\"Organization\",\"@id\":\"https:\/\/www.prijedordanas.com\/#organization\",\"name\":\"PrijedorDanas.com\",\"url\":\"https:\/\/www.prijedordanas.com\/\",\"logo\":{\"@type\":\"ImageObject\",\"inLanguage\":\"en-US\",\"@id\":\"https:\/\/www.prijedordanas.com\/#\/schema\/logo\/image\/\",\"url\":\"http:\/\/www.prijedordanas.com\/wp-content\/uploads\/2021\/12\/logopng.png\",\"contentUrl\":\"http:\/\/www.prijedordanas.com\/wp-content\/uploads\/2021\/12\/logopng.png\",\"width\":1019,\"height\":776,\"caption\":\"PrijedorDanas.com\"},\"image\":{\"@id\":\"https:\/\/www.prijedordanas.com\/#\/schema\/logo\/image\/\"},\"sameAs\":[\"https:\/\/www.facebook.com\/PrijedorDanasCom\/\"]},{\"@type\":\"Person\",\"@id\":\"https:\/\/www.prijedordanas.com\/#\/schema\/person\/4e08ccf29b506ca916ff86d46bb700e6\",\"name\":\"admin\",\"image\":{\"@type\":\"ImageObject\",\"inLanguage\":\"en-US\",\"@id\":\"https:\/\/www.prijedordanas.com\/#\/schema\/person\/image\/\",\"url\":\"https:\/\/secure.gravatar.com\/avatar\/1d3fc949d550f0b53a5f0d51e06dfd79?s=96&d=mm&r=g\",\"contentUrl\":\"https:\/\/secure.gravatar.com\/avatar\/1d3fc949d550f0b53a5f0d51e06dfd79?s=96&d=mm&r=g\",\"caption\":\"admin\"},\"url\":\"https:\/\/www.prijedordanas.com\/?author=1\"}]}<\/script>\n<!-- \/ Yoast SEO plugin. -->","yoast_head_json":{"title":"PODIGNUTA OPTU\u017dNICA PROTIV DRAGOJA ZMIJANJCA ZA UBISTVO U PRIJEDORU - PrijedorDanas.com - Prijedorski gradski portal","robots":{"index":"index","follow":"follow","max-snippet":"max-snippet:-1","max-image-preview":"max-image-preview:large","max-video-preview":"max-video-preview:-1"},"canonical":"https:\/\/www.prijedordanas.com\/?p=37671","og_locale":"en_US","og_type":"article","og_title":"PODIGNUTA OPTU\u017dNICA PROTIV DRAGOJA ZMIJANJCA ZA UBISTVO U PRIJEDORU - PrijedorDanas.com - Prijedorski gradski portal","og_description":"Dr\u017eavno tu\u017eila\u0161tvo podiglo je optu\u017enicu protiv Dragoja Zmijanjca zbog ubistva jednog civila bo\u0161nja\u010dke nacionalnosti u Prijedoru u ljeto 1992. godine. Zmijanjac je optu\u017een da je u julu 1992. godine iz [&hellip;]","og_url":"https:\/\/www.prijedordanas.com\/?p=37671","og_site_name":"PrijedorDanas.com - Prijedorski gradski portal","article_publisher":"https:\/\/www.facebook.com\/PrijedorDanasCom\/","article_published_time":"2015-12-29T15:09:17+00:00","og_image":[{"url":"https:\/\/www.prijedordanas.com\/wp-content\/uploads\/2015\/12\/sud-bih-4-2-300x187.jpg"}],"author":"admin","twitter_card":"summary_large_image","twitter_misc":{"Written by":"admin","Est. reading time":"1 minute"},"schema":{"@context":"https:\/\/schema.org","@graph":[{"@type":"Article","@id":"https:\/\/www.prijedordanas.com\/?p=37671#article","isPartOf":{"@id":"https:\/\/www.prijedordanas.com\/?p=37671"},"author":{"name":"admin","@id":"https:\/\/www.prijedordanas.com\/#\/schema\/person\/4e08ccf29b506ca916ff86d46bb700e6"},"headline":"PODIGNUTA OPTU\u017dNICA PROTIV DRAGOJA ZMIJANJCA ZA UBISTVO U PRIJEDORU","datePublished":"2015-12-29T15:09:17+00:00","dateModified":"2015-12-29T15:09:17+00:00","mainEntityOfPage":{"@id":"https:\/\/www.prijedordanas.com\/?p=37671"},"wordCount":159,"publisher":{"@id":"https:\/\/www.prijedordanas.com\/#organization"},"keywords":["Dragoja Zimjanjac","optu\u017enica","Tu\u017eila\u0161tvo BiH","ubistvo"],"articleSection":["Hronika"],"inLanguage":"en-US"},{"@type":"WebPage","@id":"https:\/\/www.prijedordanas.com\/?p=37671","url":"https:\/\/www.prijedordanas.com\/?p=37671","name":"PODIGNUTA OPTU\u017dNICA PROTIV DRAGOJA ZMIJANJCA ZA UBISTVO U PRIJEDORU - PrijedorDanas.com - Prijedorski gradski portal","isPartOf":{"@id":"https:\/\/www.prijedordanas.com\/#website"},"datePublished":"2015-12-29T15:09:17+00:00","dateModified":"2015-12-29T15:09:17+00:00","breadcrumb":{"@id":"https:\/\/www.prijedordanas.com\/?p=37671#breadcrumb"},"inLanguage":"en-US","potentialAction":[{"@type":"ReadAction","target":["https:\/\/www.prijedordanas.com\/?p=37671"]}]},{"@type":"BreadcrumbList","@id":"https:\/\/www.prijedordanas.com\/?p=37671#breadcrumb","itemListElement":[{"@type":"ListItem","position":1,"name":"Home","item":"https:\/\/www.prijedordanas.com\/"},{"@type":"ListItem","position":2,"name":"PODIGNUTA OPTU\u017dNICA PROTIV DRAGOJA ZMIJANJCA ZA UBISTVO U PRIJEDORU"}]},{"@type":"WebSite","@id":"https:\/\/www.prijedordanas.com\/#website","url":"https:\/\/www.prijedordanas.com\/","name":"PrijedorDanas.com - Prijedorski gradski portal","description":"Portal o doga\u0111anjima u gradu Prijedoru","publisher":{"@id":"https:\/\/www.prijedordanas.com\/#organization"},"potentialAction":[{"@type":"SearchAction","target":{"@type":"EntryPoint","urlTemplate":"https:\/\/www.prijedordanas.com\/?s={search_term_string}"},"query-input":"required name=search_term_string"}],"inLanguage":"en-US"},{"@type":"Organization","@id":"https:\/\/www.prijedordanas.com\/#organization","name":"PrijedorDanas.com","url":"https:\/\/www.prijedordanas.com\/","logo":{"@type":"ImageObject","inLanguage":"en-US","@id":"https:\/\/www.prijedordanas.com\/#\/schema\/logo\/image\/","url":"http:\/\/www.prijedordanas.com\/wp-content\/uploads\/2021\/12\/logopng.png","contentUrl":"http:\/\/www.prijedordanas.com\/wp-content\/uploads\/2021\/12\/logopng.png","width":1019,"height":776,"caption":"PrijedorDanas.com"},"image":{"@id":"https:\/\/www.prijedordanas.com\/#\/schema\/logo\/image\/"},"sameAs":["https:\/\/www.facebook.com\/PrijedorDanasCom\/"]},{"@type":"Person","@id":"https:\/\/www.prijedordanas.com\/#\/schema\/person\/4e08ccf29b506ca916ff86d46bb700e6","name":"admin","image":{"@type":"ImageObject","inLanguage":"en-US","@id":"https:\/\/www.prijedordanas.com\/#\/schema\/person\/image\/","url":"https:\/\/secure.gravatar.com\/avatar\/1d3fc949d550f0b53a5f0d51e06dfd79?s=96&d=mm&r=g","contentUrl":"https:\/\/secure.gravatar.com\/avatar\/1d3fc949d550f0b53a5f0d51e06dfd79?s=96&d=mm&r=g","caption":"admin"},"url":"https:\/\/www.prijedordanas.com\/?author=1"}]}},"_links":{"self":[{"href":"https:\/\/www.prijedordanas.com\/index.php?rest_route=\/wp\/v2\/posts\/37671"}],"collection":[{"href":"https:\/\/www.prijedordanas.com\/index.php?rest_route=\/wp\/v2\/posts"}],"about":[{"href":"https:\/\/www.prijedordanas.com\/index.php?rest_route=\/wp\/v2\/types\/post"}],"author":[{"embeddable":true,"href":"https:\/\/www.prijedordanas.com\/index.php?rest_route=\/wp\/v2\/users\/1"}],"replies":[{"embeddable":true,"href":"https:\/\/www.prijedordanas.com\/index.php?rest_route=%2Fwp%2Fv2%2Fcomments&post=37671"}],"version-history":[{"count":1,"href":"https:\/\/www.prijedordanas.com\/index.php?rest_route=\/wp\/v2\/posts\/37671\/revisions"}],"predecessor-version":[{"id":37673,"href":"https:\/\/www.prijedordanas.com\/index.php?rest_route=\/wp\/v2\/posts\/37671\/revisions\/37673"}],"wp:attachment":[{"href":"https:\/\/www.prijedordanas.com\/index.php?rest_route=%2Fwp%2Fv2%2Fmedia&parent=37671"}],"wp:term":[{"taxonomy":"category","embeddable":true,"href":"https:\/\/www.prijedordanas.com\/index.php?rest_route=%2Fwp%2Fv2%2Fcategories&post=37671"},{"taxonomy":"post_tag","embeddable":true,"href":"https:\/\/www.prijedordanas.com\/index.php?rest_route=%2Fwp%2Fv2%2Ftags&post=37671"}],"curies":[{"name":"wp","href":"https:\/\/api.w.org\/{rel}","templated":true}]}}