{"id":37329,"date":"2015-12-26T10:34:14","date_gmt":"2015-12-26T09:34:14","guid":{"rendered":"https:\/\/www.prijedordanas.com\/?p=37329"},"modified":"2015-12-26T10:34:14","modified_gmt":"2015-12-26T09:34:14","slug":"tradicionalni-susret-penzionera-tvornice-keksa-mira-foto","status":"publish","type":"post","link":"https:\/\/www.prijedordanas.com\/?p=37329","title":{"rendered":"TRADICIONALNI SUSRET PENZIONERA TVORNICE KEKSA \u201eMIRA\u201c \u2013 FOTO"},"content":{"rendered":"<p><a href=\"https:\/\/www.prijedordanas.com\/wp-content\/uploads\/2015\/12\/mira-druzenje-sa-penzionerima-1.jpg\" rel=\"attachment wp-att-37330\"><img loading=\"lazy\" decoding=\"async\" class=\"alignleft size-medium wp-image-37330\" src=\"https:\/\/www.prijedordanas.com\/wp-content\/uploads\/2015\/12\/mira-druzenje-sa-penzionerima-1-300x225.jpg\" alt=\"mira-druzenje sa penzionerima (1)\" width=\"300\" height=\"225\" srcset=\"https:\/\/www.prijedordanas.com\/wp-content\/uploads\/2015\/12\/mira-druzenje-sa-penzionerima-1-300x225.jpg 300w, https:\/\/www.prijedordanas.com\/wp-content\/uploads\/2015\/12\/mira-druzenje-sa-penzionerima-1.jpg 600w\" sizes=\"(max-width: 300px) 100vw, 300px\" \/><\/a>Po\u0161tovanje preduze\u0107a prema svojim biv\u0161im radnicima danas je prava rijetkost.<\/p>\n<p>Svijetli primjer je Tvornica keksa \u201cMira\u201d, koja tradicionalno organizuje dru\u017eenje penzionera \u201cnajsla\u0111e\u201d prijedorske fabrike.<\/p>\n<p>Suze radosnice, srda\u010dni pozdravi i pjesma, pokazali su koliko biv\u0161im radnicima, danas \u201cMirinim\u201d penzionerima, zna\u010di tradicionalno dru\u017eenje organizovano u restoranu preduze\u0107a.<\/p>\n<p>\u201cKada pre\u0111em prag svoje druge ku\u0107e sjetim se napornog rada ali i lijepog \u017eivota\u201c, ka\u017ee Danica Ba\u0161kot, koja je nakon 40 godina rada, prvi put na susretu penzionera.<\/p>\n<p>\u201eSjetim se svog radnog mjesta u pogonu za proizvodnju krema, svoje smjene i radnih kolega. Svi smo radili veoma odgovorno i bez ikakvih problema. Radilo se puno, u tri smjene, ali sve se izdr\u017ealo, bili smo zadovoljni i slo\u017eni. Veliku zahvalnost dugujemo direktoru koji je sve u\u010dinio da Miru ponovo u\u010dini uspje\u0161nim preduze\u0107em\u201c, istakla je Danica Ba\u0161kot.<\/p>\n<p><a href=\"https:\/\/www.prijedordanas.com\/wp-content\/uploads\/2015\/12\/mira-druzenje-sa-penzionerima-2.jpg\" rel=\"attachment wp-att-37331\"><img loading=\"lazy\" decoding=\"async\" class=\"alignleft size-medium wp-image-37331\" src=\"https:\/\/www.prijedordanas.com\/wp-content\/uploads\/2015\/12\/mira-druzenje-sa-penzionerima-2-300x225.jpg\" alt=\"mira-druzenje sa penzionerima (2)\" width=\"300\" height=\"225\" srcset=\"https:\/\/www.prijedordanas.com\/wp-content\/uploads\/2015\/12\/mira-druzenje-sa-penzionerima-2-300x225.jpg 300w, https:\/\/www.prijedordanas.com\/wp-content\/uploads\/2015\/12\/mira-druzenje-sa-penzionerima-2.jpg 600w\" sizes=\"(max-width: 300px) 100vw, 300px\" \/><\/a>U proizvodnji \u201e Frondija\u201c, najtra\u017eenijeg \u201eMirinog\u201c proizvoda, do prije godinu i po dana, radio je i Milorad Micko Kne\u017eevi\u0107, kojem je veoma drago \u0161to je u ovom radnom kolektivu proveo nepunih 40 godina.<\/p>\n<p>\u201eZahvalan sam rukovodstvu preduze\u0107a \u0161to nam je omogu\u0107ilo da ostvarimo sva radni\u010dka prava, u ovom vremenu kada mnogi ostaju bez posla i bez mogu\u0107nosti da odu u zaslu\u017eenu penziju\u201c, rekao je Milorad Kne\u017eevi\u0107.<\/p>\n<p>Nekada\u0161nji \u201cMirini\u201d radnici, prisjetili su se pro\u0161lih, kako s ponosom isti\u010du, lijepih vremena u kojima su rje\u0161avali svoja stambena pitanja, putovali na ljetovanja i zimovanja, dobijali redovna primanja, vi\u0161kove, zimnice, regrese i zasnivali porodice.<\/p>\n<p>Zora i Dragutin Do\u0161en, jedan su od brojnih bra\u010dnih parova, koje je \u201cvjen\u010dala \u201cMira\u201d.<\/p>\n<p><a href=\"https:\/\/www.prijedordanas.com\/wp-content\/uploads\/2015\/12\/mira-druzenje-sa-penzionerima-3.jpg\" rel=\"attachment wp-att-37332\"><img loading=\"lazy\" decoding=\"async\" class=\"alignleft size-medium wp-image-37332\" src=\"https:\/\/www.prijedordanas.com\/wp-content\/uploads\/2015\/12\/mira-druzenje-sa-penzionerima-3-300x207.jpg\" alt=\"mira-druzenje sa penzionerima (3)\" width=\"300\" height=\"207\" srcset=\"https:\/\/www.prijedordanas.com\/wp-content\/uploads\/2015\/12\/mira-druzenje-sa-penzionerima-3-300x207.jpg 300w, https:\/\/www.prijedordanas.com\/wp-content\/uploads\/2015\/12\/mira-druzenje-sa-penzionerima-3.jpg 600w\" sizes=\"(max-width: 300px) 100vw, 300px\" \/><\/a>Zora je u \u201eMiru\u201c do\u0161la 1964. godine, kao u\u010denica prve generacije konditora u Prijedoru. U preduze\u0107u je srela Dragutina, s kojim je 1967. godine sklopila brak. Stekli su dvoje djece i \u010detvoro unu\u010dadi. Zora je radila kao poslovo\u0111a u proizvodnji, dok je Dragutin obavljao razne poslove od tokara, do poslovo\u0111e i \u0161efa odr\u017eavanja. Iz svoje \u201ekeksare\u201c nose samo lijepa sje\u0107anja. Zajedno su radili i zajedno oti\u0161li u penziju. Te 2004. godine, Zora je napunila 37, a Dragutin 40 godina radnog sta\u017ea. Ne propu\u0161taju tradicionalni susret biv\u0161ih radnika, koje je, kako isti\u010du, zahvaljuju\u0107i direktoru Miroslavu Turn\u0161eku, jedinstveno na ovim prostorima.<\/p>\n<p>Susret penzionera \u201cMire\u201d je dugogodi\u0161nja tradicija, koja i rukovodstvu preduze\u0107a mnogo zna\u010di.<\/p>\n<p>\u201cNa\u0161i radnici, sada penzioneri, zaslu\u017eili su da do\u0111u, da se uz ru\u010dak dru\u017eimo, da vide kako Mira radi\u201d, istakao je Miroslav Turn\u0161ek, direktor preduze\u0107a \u201cMira\u201d a.d Prijedor, \u010dlanice Kra\u0161 grupe.<\/p>\n<p><a href=\"https:\/\/www.prijedordanas.com\/wp-content\/uploads\/2015\/12\/mira-druzenje-sa-penzionerima-7.jpg\" rel=\"attachment wp-att-37333\"><img loading=\"lazy\" decoding=\"async\" class=\"alignleft size-medium wp-image-37333\" src=\"https:\/\/www.prijedordanas.com\/wp-content\/uploads\/2015\/12\/mira-druzenje-sa-penzionerima-7-238x300.jpg\" alt=\"mira-druzenje sa penzionerima (7)\" width=\"238\" height=\"300\" srcset=\"https:\/\/www.prijedordanas.com\/wp-content\/uploads\/2015\/12\/mira-druzenje-sa-penzionerima-7-238x300.jpg 238w, https:\/\/www.prijedordanas.com\/wp-content\/uploads\/2015\/12\/mira-druzenje-sa-penzionerima-7.jpg 471w\" sizes=\"(max-width: 238px) 100vw, 238px\" \/><\/a>\u201cMo\u017eemo re\u0107i da je Mira veoma uspje\u0161no zavr\u0161ila ovu godinu, da \u0107e i proizvodnja i prodaja biti ve\u0107a za 5 posto u odnosu na pro\u0161lu godinu, preko 5.000 tona. Ukupan prihod je ve\u0107i od 20 miliona maraka, dok je o\u010dekivana neto dobit oko milion maraka\u201d, rekao je Turn\u0161ek.<\/p>\n<p>\u201cMira\u201d je u ovoj godini mnogo ulagala, kako u proizvodne hale tako i u tehnologiju. Ove godine izmijenjeni su svi podovi i zidovi, \u010dime su zadovoljili nove standarde.<\/p>\n<p>\u201cPored ve\u0107 dobijenih ISO i HASAP standarda, Mira je ove godine osvojila IFS standard, najvi\u0161i standard u prehrambenoj industriji, kojeg do sada nema niko u regiji, a po kojem na\u0161a firma mo\u017ee snabdjevati sve vode\u0107e svjetske trgova\u010dke lance\u201c, istakao je direktor Turn\u0161ek.<\/p>\n<p>\u201cMira\u201d trenutno zapo\u0161ljava 387 radnika, od kojih je ove godine, u radni odnos primljeno 60. Ovo, izvozno orijentisano preduze\u0107e, nema zaliha i oko 80 posto proizvoda plasira na inostrano tr\u017ei\u0161te, u zemlje okru\u017eenja, Evropsku uniju, Saudijsku Arabiju, Kanadu, Ameriku i Australiju.<\/p>\n<p>\u201cNa\u0161a roba kada jednom ode kod kupaca, oni je stalno uzimaju i zato imamo dobre i stalne kupce. Mi smo likvidna firma, u dan izvr\u0161avamo sve svoje obaveze prema radnicima, dr\u017eavi i dobavlja\u010dima i mislimo da smo jedna od rijetkih firmi koje ispunjavaju sve svoje zadatke i obaveze. Mira nema ve\u0107ih problema u poslovanju i smatramo da \u0107e budu\u0107e generacije imati sigurnu, stabilnu firmu. Ulaganjem u novu tehnologiju osvajamo nove proizvode. Ove godine na tr\u017ei\u0161te smo izbacili \u010dokoladnu \u201cDoma\u0107icu\u201d, jer smo kupili ma\u0161ine za \u010dokoladirku, temperirku i sve ono \u0161to treba za \u010dokoladu. Na\u0161e stare i nove proizvode plasiramo na sigurno tr\u017ei\u0161te\u201d, rekao je direktor \u201cMire\u201d, Miroslav Turn\u0161ek, koji je biv\u0161im radnicima uru\u010dio slatke pakete i po\u017eelio im sre\u0107ne predstoje\u0107e praznike.<\/p>\n<p>Sa\u0161a Goronja<\/p>\n<p><a href=\"https:\/\/www.prijedordanas.com\/wp-content\/uploads\/2015\/12\/mira-druzenje-sa-penzionerima-4.jpg\" rel=\"attachment wp-att-37334\"><img loading=\"lazy\" decoding=\"async\" src=\"https:\/\/www.prijedordanas.com\/wp-content\/uploads\/2015\/12\/mira-druzenje-sa-penzionerima-4-300x225.jpg\" alt=\"mira-druzenje sa penzionerima (4)\" width=\"300\" height=\"225\" class=\"alignleft size-medium wp-image-37334\" srcset=\"https:\/\/www.prijedordanas.com\/wp-content\/uploads\/2015\/12\/mira-druzenje-sa-penzionerima-4-300x225.jpg 300w, https:\/\/www.prijedordanas.com\/wp-content\/uploads\/2015\/12\/mira-druzenje-sa-penzionerima-4.jpg 600w\" sizes=\"(max-width: 300px) 100vw, 300px\" \/><\/a> <a href=\"https:\/\/www.prijedordanas.com\/wp-content\/uploads\/2015\/12\/mira-druzenje-sa-penzionerima-5.jpg\" rel=\"attachment wp-att-37335\"><img loading=\"lazy\" decoding=\"async\" src=\"https:\/\/www.prijedordanas.com\/wp-content\/uploads\/2015\/12\/mira-druzenje-sa-penzionerima-5-300x225.jpg\" alt=\"mira-druzenje sa penzionerima (5)\" width=\"300\" height=\"225\" class=\"alignleft size-medium wp-image-37335\" srcset=\"https:\/\/www.prijedordanas.com\/wp-content\/uploads\/2015\/12\/mira-druzenje-sa-penzionerima-5-300x225.jpg 300w, https:\/\/www.prijedordanas.com\/wp-content\/uploads\/2015\/12\/mira-druzenje-sa-penzionerima-5.jpg 600w\" sizes=\"(max-width: 300px) 100vw, 300px\" \/><\/a> <a href=\"https:\/\/www.prijedordanas.com\/wp-content\/uploads\/2015\/12\/mira-druzenje-sa-penzionerima-6.jpg\" rel=\"attachment wp-att-37336\"><img loading=\"lazy\" decoding=\"async\" src=\"https:\/\/www.prijedordanas.com\/wp-content\/uploads\/2015\/12\/mira-druzenje-sa-penzionerima-6-300x225.jpg\" alt=\"mira-druzenje sa penzionerima (6)\" width=\"300\" height=\"225\" class=\"alignleft size-medium wp-image-37336\" srcset=\"https:\/\/www.prijedordanas.com\/wp-content\/uploads\/2015\/12\/mira-druzenje-sa-penzionerima-6-300x225.jpg 300w, https:\/\/www.prijedordanas.com\/wp-content\/uploads\/2015\/12\/mira-druzenje-sa-penzionerima-6.jpg 600w\" sizes=\"(max-width: 300px) 100vw, 300px\" \/><\/a><\/p>\n","protected":false},"excerpt":{"rendered":"<p>Po\u0161tovanje preduze\u0107a prema svojim biv\u0161im radnicima danas je prava rijetkost. Svijetli primjer je Tvornica keksa \u201cMira\u201d, koja tradicionalno organizuje dru\u017eenje penzionera \u201cnajsla\u0111e\u201d prijedorske fabrike. Suze radosnice, srda\u010dni pozdravi i pjesma, [&hellip;]<\/p>\n","protected":false},"author":1,"featured_media":0,"comment_status":"closed","ping_status":"open","sticky":false,"template":"","format":"standard","meta":{"_monsterinsights_skip_tracking":false,"_monsterinsights_sitenote_active":false,"_monsterinsights_sitenote_note":"","_monsterinsights_sitenote_category":0,"footnotes":""},"categories":[3],"tags":[3635,6319,4864,1329],"yoast_head":"<!-- This site is optimized with the Yoast SEO plugin v21.6 - https:\/\/yoast.com\/wordpress\/plugins\/seo\/ -->\n<title>TRADICIONALNI SUSRET PENZIONERA TVORNICE KEKSA \u201eMIRA\u201c \u2013 FOTO - PrijedorDanas.com - Prijedorski gradski portal<\/title>\n<meta name=\"robots\" content=\"index, follow, max-snippet:-1, max-image-preview:large, max-video-preview:-1\" \/>\n<link rel=\"canonical\" href=\"https:\/\/www.prijedordanas.com\/?p=37329\" \/>\n<meta property=\"og:locale\" content=\"en_US\" \/>\n<meta property=\"og:type\" content=\"article\" \/>\n<meta property=\"og:title\" content=\"TRADICIONALNI SUSRET PENZIONERA TVORNICE KEKSA \u201eMIRA\u201c \u2013 FOTO - PrijedorDanas.com - Prijedorski gradski portal\" \/>\n<meta property=\"og:description\" content=\"Po\u0161tovanje preduze\u0107a prema svojim biv\u0161im radnicima danas je prava rijetkost. Svijetli primjer je Tvornica keksa \u201cMira\u201d, koja tradicionalno organizuje dru\u017eenje penzionera \u201cnajsla\u0111e\u201d prijedorske fabrike. Suze radosnice, srda\u010dni pozdravi i pjesma, [&hellip;]\" \/>\n<meta property=\"og:url\" content=\"https:\/\/www.prijedordanas.com\/?p=37329\" \/>\n<meta property=\"og:site_name\" content=\"PrijedorDanas.com - Prijedorski gradski portal\" \/>\n<meta property=\"article:publisher\" content=\"https:\/\/www.facebook.com\/PrijedorDanasCom\/\" \/>\n<meta property=\"article:published_time\" content=\"2015-12-26T09:34:14+00:00\" \/>\n<meta property=\"og:image\" content=\"https:\/\/www.prijedordanas.com\/wp-content\/uploads\/2015\/12\/mira-druzenje-sa-penzionerima-1-300x225.jpg\" \/>\n<meta name=\"author\" content=\"admin\" \/>\n<meta name=\"twitter:card\" content=\"summary_large_image\" \/>\n<meta name=\"twitter:label1\" content=\"Written by\" \/>\n\t<meta name=\"twitter:data1\" content=\"admin\" \/>\n\t<meta name=\"twitter:label2\" content=\"Est. reading time\" \/>\n\t<meta name=\"twitter:data2\" content=\"4 minutes\" \/>\n<script type=\"application\/ld+json\" class=\"yoast-schema-graph\">{\"@context\":\"https:\/\/schema.org\",\"@graph\":[{\"@type\":\"Article\",\"@id\":\"https:\/\/www.prijedordanas.com\/?p=37329#article\",\"isPartOf\":{\"@id\":\"https:\/\/www.prijedordanas.com\/?p=37329\"},\"author\":{\"name\":\"admin\",\"@id\":\"https:\/\/www.prijedordanas.com\/#\/schema\/person\/4e08ccf29b506ca916ff86d46bb700e6\"},\"headline\":\"TRADICIONALNI SUSRET PENZIONERA TVORNICE KEKSA \u201eMIRA\u201c \u2013 FOTO\",\"datePublished\":\"2015-12-26T09:34:14+00:00\",\"dateModified\":\"2015-12-26T09:34:14+00:00\",\"mainEntityOfPage\":{\"@id\":\"https:\/\/www.prijedordanas.com\/?p=37329\"},\"wordCount\":763,\"publisher\":{\"@id\":\"https:\/\/www.prijedordanas.com\/#organization\"},\"keywords\":[\"dru\u017eenje\",\"Fabrika keksa \\\"Mira\\\"\",\"Miroslav Turn\u0161ek\",\"penzioneri\"],\"articleSection\":[\"\u017divot\"],\"inLanguage\":\"en-US\"},{\"@type\":\"WebPage\",\"@id\":\"https:\/\/www.prijedordanas.com\/?p=37329\",\"url\":\"https:\/\/www.prijedordanas.com\/?p=37329\",\"name\":\"TRADICIONALNI SUSRET PENZIONERA TVORNICE KEKSA \u201eMIRA\u201c \u2013 FOTO - PrijedorDanas.com - Prijedorski gradski portal\",\"isPartOf\":{\"@id\":\"https:\/\/www.prijedordanas.com\/#website\"},\"datePublished\":\"2015-12-26T09:34:14+00:00\",\"dateModified\":\"2015-12-26T09:34:14+00:00\",\"breadcrumb\":{\"@id\":\"https:\/\/www.prijedordanas.com\/?p=37329#breadcrumb\"},\"inLanguage\":\"en-US\",\"potentialAction\":[{\"@type\":\"ReadAction\",\"target\":[\"https:\/\/www.prijedordanas.com\/?p=37329\"]}]},{\"@type\":\"BreadcrumbList\",\"@id\":\"https:\/\/www.prijedordanas.com\/?p=37329#breadcrumb\",\"itemListElement\":[{\"@type\":\"ListItem\",\"position\":1,\"name\":\"Home\",\"item\":\"https:\/\/www.prijedordanas.com\/\"},{\"@type\":\"ListItem\",\"position\":2,\"name\":\"TRADICIONALNI SUSRET PENZIONERA TVORNICE KEKSA \u201eMIRA\u201c \u2013 FOTO\"}]},{\"@type\":\"WebSite\",\"@id\":\"https:\/\/www.prijedordanas.com\/#website\",\"url\":\"https:\/\/www.prijedordanas.com\/\",\"name\":\"PrijedorDanas.com - Prijedorski gradski portal\",\"description\":\"Portal o doga\u0111anjima u gradu Prijedoru\",\"publisher\":{\"@id\":\"https:\/\/www.prijedordanas.com\/#organization\"},\"potentialAction\":[{\"@type\":\"SearchAction\",\"target\":{\"@type\":\"EntryPoint\",\"urlTemplate\":\"https:\/\/www.prijedordanas.com\/?s={search_term_string}\"},\"query-input\":\"required name=search_term_string\"}],\"inLanguage\":\"en-US\"},{\"@type\":\"Organization\",\"@id\":\"https:\/\/www.prijedordanas.com\/#organization\",\"name\":\"PrijedorDanas.com\",\"url\":\"https:\/\/www.prijedordanas.com\/\",\"logo\":{\"@type\":\"ImageObject\",\"inLanguage\":\"en-US\",\"@id\":\"https:\/\/www.prijedordanas.com\/#\/schema\/logo\/image\/\",\"url\":\"http:\/\/www.prijedordanas.com\/wp-content\/uploads\/2021\/12\/logopng.png\",\"contentUrl\":\"http:\/\/www.prijedordanas.com\/wp-content\/uploads\/2021\/12\/logopng.png\",\"width\":1019,\"height\":776,\"caption\":\"PrijedorDanas.com\"},\"image\":{\"@id\":\"https:\/\/www.prijedordanas.com\/#\/schema\/logo\/image\/\"},\"sameAs\":[\"https:\/\/www.facebook.com\/PrijedorDanasCom\/\"]},{\"@type\":\"Person\",\"@id\":\"https:\/\/www.prijedordanas.com\/#\/schema\/person\/4e08ccf29b506ca916ff86d46bb700e6\",\"name\":\"admin\",\"image\":{\"@type\":\"ImageObject\",\"inLanguage\":\"en-US\",\"@id\":\"https:\/\/www.prijedordanas.com\/#\/schema\/person\/image\/\",\"url\":\"https:\/\/secure.gravatar.com\/avatar\/1d3fc949d550f0b53a5f0d51e06dfd79?s=96&d=mm&r=g\",\"contentUrl\":\"https:\/\/secure.gravatar.com\/avatar\/1d3fc949d550f0b53a5f0d51e06dfd79?s=96&d=mm&r=g\",\"caption\":\"admin\"},\"url\":\"https:\/\/www.prijedordanas.com\/?author=1\"}]}<\/script>\n<!-- \/ Yoast SEO plugin. -->","yoast_head_json":{"title":"TRADICIONALNI SUSRET PENZIONERA TVORNICE KEKSA \u201eMIRA\u201c \u2013 FOTO - PrijedorDanas.com - Prijedorski gradski portal","robots":{"index":"index","follow":"follow","max-snippet":"max-snippet:-1","max-image-preview":"max-image-preview:large","max-video-preview":"max-video-preview:-1"},"canonical":"https:\/\/www.prijedordanas.com\/?p=37329","og_locale":"en_US","og_type":"article","og_title":"TRADICIONALNI SUSRET PENZIONERA TVORNICE KEKSA \u201eMIRA\u201c \u2013 FOTO - PrijedorDanas.com - Prijedorski gradski portal","og_description":"Po\u0161tovanje preduze\u0107a prema svojim biv\u0161im radnicima danas je prava rijetkost. Svijetli primjer je Tvornica keksa \u201cMira\u201d, koja tradicionalno organizuje dru\u017eenje penzionera \u201cnajsla\u0111e\u201d prijedorske fabrike. Suze radosnice, srda\u010dni pozdravi i pjesma, [&hellip;]","og_url":"https:\/\/www.prijedordanas.com\/?p=37329","og_site_name":"PrijedorDanas.com - Prijedorski gradski portal","article_publisher":"https:\/\/www.facebook.com\/PrijedorDanasCom\/","article_published_time":"2015-12-26T09:34:14+00:00","og_image":[{"url":"https:\/\/www.prijedordanas.com\/wp-content\/uploads\/2015\/12\/mira-druzenje-sa-penzionerima-1-300x225.jpg"}],"author":"admin","twitter_card":"summary_large_image","twitter_misc":{"Written by":"admin","Est. reading time":"4 minutes"},"schema":{"@context":"https:\/\/schema.org","@graph":[{"@type":"Article","@id":"https:\/\/www.prijedordanas.com\/?p=37329#article","isPartOf":{"@id":"https:\/\/www.prijedordanas.com\/?p=37329"},"author":{"name":"admin","@id":"https:\/\/www.prijedordanas.com\/#\/schema\/person\/4e08ccf29b506ca916ff86d46bb700e6"},"headline":"TRADICIONALNI SUSRET PENZIONERA TVORNICE KEKSA \u201eMIRA\u201c \u2013 FOTO","datePublished":"2015-12-26T09:34:14+00:00","dateModified":"2015-12-26T09:34:14+00:00","mainEntityOfPage":{"@id":"https:\/\/www.prijedordanas.com\/?p=37329"},"wordCount":763,"publisher":{"@id":"https:\/\/www.prijedordanas.com\/#organization"},"keywords":["dru\u017eenje","Fabrika keksa \"Mira\"","Miroslav Turn\u0161ek","penzioneri"],"articleSection":["\u017divot"],"inLanguage":"en-US"},{"@type":"WebPage","@id":"https:\/\/www.prijedordanas.com\/?p=37329","url":"https:\/\/www.prijedordanas.com\/?p=37329","name":"TRADICIONALNI SUSRET PENZIONERA TVORNICE KEKSA \u201eMIRA\u201c \u2013 FOTO - PrijedorDanas.com - Prijedorski gradski portal","isPartOf":{"@id":"https:\/\/www.prijedordanas.com\/#website"},"datePublished":"2015-12-26T09:34:14+00:00","dateModified":"2015-12-26T09:34:14+00:00","breadcrumb":{"@id":"https:\/\/www.prijedordanas.com\/?p=37329#breadcrumb"},"inLanguage":"en-US","potentialAction":[{"@type":"ReadAction","target":["https:\/\/www.prijedordanas.com\/?p=37329"]}]},{"@type":"BreadcrumbList","@id":"https:\/\/www.prijedordanas.com\/?p=37329#breadcrumb","itemListElement":[{"@type":"ListItem","position":1,"name":"Home","item":"https:\/\/www.prijedordanas.com\/"},{"@type":"ListItem","position":2,"name":"TRADICIONALNI SUSRET PENZIONERA TVORNICE KEKSA \u201eMIRA\u201c \u2013 FOTO"}]},{"@type":"WebSite","@id":"https:\/\/www.prijedordanas.com\/#website","url":"https:\/\/www.prijedordanas.com\/","name":"PrijedorDanas.com - Prijedorski gradski portal","description":"Portal o doga\u0111anjima u gradu Prijedoru","publisher":{"@id":"https:\/\/www.prijedordanas.com\/#organization"},"potentialAction":[{"@type":"SearchAction","target":{"@type":"EntryPoint","urlTemplate":"https:\/\/www.prijedordanas.com\/?s={search_term_string}"},"query-input":"required name=search_term_string"}],"inLanguage":"en-US"},{"@type":"Organization","@id":"https:\/\/www.prijedordanas.com\/#organization","name":"PrijedorDanas.com","url":"https:\/\/www.prijedordanas.com\/","logo":{"@type":"ImageObject","inLanguage":"en-US","@id":"https:\/\/www.prijedordanas.com\/#\/schema\/logo\/image\/","url":"http:\/\/www.prijedordanas.com\/wp-content\/uploads\/2021\/12\/logopng.png","contentUrl":"http:\/\/www.prijedordanas.com\/wp-content\/uploads\/2021\/12\/logopng.png","width":1019,"height":776,"caption":"PrijedorDanas.com"},"image":{"@id":"https:\/\/www.prijedordanas.com\/#\/schema\/logo\/image\/"},"sameAs":["https:\/\/www.facebook.com\/PrijedorDanasCom\/"]},{"@type":"Person","@id":"https:\/\/www.prijedordanas.com\/#\/schema\/person\/4e08ccf29b506ca916ff86d46bb700e6","name":"admin","image":{"@type":"ImageObject","inLanguage":"en-US","@id":"https:\/\/www.prijedordanas.com\/#\/schema\/person\/image\/","url":"https:\/\/secure.gravatar.com\/avatar\/1d3fc949d550f0b53a5f0d51e06dfd79?s=96&d=mm&r=g","contentUrl":"https:\/\/secure.gravatar.com\/avatar\/1d3fc949d550f0b53a5f0d51e06dfd79?s=96&d=mm&r=g","caption":"admin"},"url":"https:\/\/www.prijedordanas.com\/?author=1"}]}},"_links":{"self":[{"href":"https:\/\/www.prijedordanas.com\/index.php?rest_route=\/wp\/v2\/posts\/37329"}],"collection":[{"href":"https:\/\/www.prijedordanas.com\/index.php?rest_route=\/wp\/v2\/posts"}],"about":[{"href":"https:\/\/www.prijedordanas.com\/index.php?rest_route=\/wp\/v2\/types\/post"}],"author":[{"embeddable":true,"href":"https:\/\/www.prijedordanas.com\/index.php?rest_route=\/wp\/v2\/users\/1"}],"replies":[{"embeddable":true,"href":"https:\/\/www.prijedordanas.com\/index.php?rest_route=%2Fwp%2Fv2%2Fcomments&post=37329"}],"version-history":[{"count":1,"href":"https:\/\/www.prijedordanas.com\/index.php?rest_route=\/wp\/v2\/posts\/37329\/revisions"}],"predecessor-version":[{"id":37337,"href":"https:\/\/www.prijedordanas.com\/index.php?rest_route=\/wp\/v2\/posts\/37329\/revisions\/37337"}],"wp:attachment":[{"href":"https:\/\/www.prijedordanas.com\/index.php?rest_route=%2Fwp%2Fv2%2Fmedia&parent=37329"}],"wp:term":[{"taxonomy":"category","embeddable":true,"href":"https:\/\/www.prijedordanas.com\/index.php?rest_route=%2Fwp%2Fv2%2Fcategories&post=37329"},{"taxonomy":"post_tag","embeddable":true,"href":"https:\/\/www.prijedordanas.com\/index.php?rest_route=%2Fwp%2Fv2%2Ftags&post=37329"}],"curies":[{"name":"wp","href":"https:\/\/api.w.org\/{rel}","templated":true}]}}