{"id":36995,"date":"2015-12-22T16:54:12","date_gmt":"2015-12-22T15:54:12","guid":{"rendered":"https:\/\/www.prijedordanas.com\/?p=36995"},"modified":"2015-12-22T16:54:12","modified_gmt":"2015-12-22T15:54:12","slug":"pozoriste-prijedor-gostujuca-predstava-ko-je-ovde-idiot","status":"publish","type":"post","link":"https:\/\/www.prijedordanas.com\/?p=36995","title":{"rendered":"POZORI\u0160TE PRIJEDOR: GOSTUJU\u0106A PREDSTAVA \u201eKO JE OVDE IDIOT?\u201c"},"content":{"rendered":"<p><a href=\"https:\/\/www.prijedordanas.com\/wp-content\/uploads\/2015\/12\/ko-je-ovde-idiot.jpg\" rel=\"attachment wp-att-36996\"><img loading=\"lazy\" decoding=\"async\" src=\"https:\/\/www.prijedordanas.com\/wp-content\/uploads\/2015\/12\/ko-je-ovde-idiot-210x300.jpg\" alt=\"ko je ovde idiot\" width=\"210\" height=\"300\" class=\"alignleft size-medium wp-image-36996\" srcset=\"https:\/\/www.prijedordanas.com\/wp-content\/uploads\/2015\/12\/ko-je-ovde-idiot-210x300.jpg 210w, https:\/\/www.prijedordanas.com\/wp-content\/uploads\/2015\/12\/ko-je-ovde-idiot.jpg 350w\" sizes=\"(max-width: 210px) 100vw, 210px\" \/><\/a>Mjesto: Pozori\u0161te Prijedor<br \/>\nDarum: 22.12.2015. godine<br \/>\nVrijeme: 20:00 \u010dasova<br \/>\nCijena ulaznice: 10 KM<\/p>\n<p>Ko je ovde idiot?<\/p>\n<p>Milan Kalinic\u0301 &#038; Sr\u0111an Ivanovic\u0301<\/p>\n<p>Po motivima jedno\u010dinke \u201cIdiot\u201d Muze Pavlove<br \/>\nU Rusiji su pre ven\u010danja morale da se uzmu brojne potvrde, izme\u0111u ostalog i od psihijatra. Radnja po\u010dinje kada buduc\u0301i mlado\u017eenja, posle burne moma\u010dke ve\u010deri, odlazi kod psihijatra po jednu takvu potvrdu\u2026<\/p>\n<p>U predstavi je na humoristi\u010dan na\u010din prikazan segment iz svakodnevnog \u017eivota, diskretno pro\u017eet oslikavanjem dobro znanih likova iz politi\u010dkog \u017eivota, kao i stavljanje publike u ulogu ostalih aktera predstave. Tako c\u0301e pojedinci ovu predstavu pamtiti po nenamernim malim u\u010de\u0161c\u0301em u istoj i velikim pitanjem u sopstvenoj glavi ko je ovde idiot, ali s osmehom na usnama..<\/p>\n","protected":false},"excerpt":{"rendered":"<p>Mjesto: Pozori\u0161te Prijedor Darum: 22.12.2015. godine Vrijeme: 20:00 \u010dasova Cijena ulaznice: 10 KM Ko je ovde idiot? Milan Kalinic\u0301 &#038; Sr\u0111an Ivanovic\u0301 Po motivima jedno\u010dinke \u201cIdiot\u201d Muze Pavlove U Rusiji [&hellip;]<\/p>\n","protected":false},"author":1,"featured_media":0,"comment_status":"closed","ping_status":"open","sticky":false,"template":"","format":"standard","meta":{"_monsterinsights_skip_tracking":false,"_monsterinsights_sitenote_active":false,"_monsterinsights_sitenote_note":"","_monsterinsights_sitenote_category":0,"footnotes":""},"categories":[6],"tags":[6275,6276,189,6277],"yoast_head":"<!-- This site is optimized with the Yoast SEO plugin v21.6 - https:\/\/yoast.com\/wordpress\/plugins\/seo\/ -->\n<title>POZORI\u0160TE PRIJEDOR: GOSTUJU\u0106A PREDSTAVA \u201eKO JE OVDE IDIOT?\u201c - PrijedorDanas.com - Prijedorski gradski portal<\/title>\n<meta name=\"robots\" content=\"index, follow, max-snippet:-1, max-image-preview:large, max-video-preview:-1\" \/>\n<link rel=\"canonical\" href=\"https:\/\/www.prijedordanas.com\/?p=36995\" \/>\n<meta property=\"og:locale\" content=\"en_US\" \/>\n<meta property=\"og:type\" content=\"article\" \/>\n<meta property=\"og:title\" content=\"POZORI\u0160TE PRIJEDOR: GOSTUJU\u0106A PREDSTAVA \u201eKO JE OVDE IDIOT?\u201c - PrijedorDanas.com - Prijedorski gradski portal\" \/>\n<meta property=\"og:description\" content=\"Mjesto: Pozori\u0161te Prijedor Darum: 22.12.2015. godine Vrijeme: 20:00 \u010dasova Cijena ulaznice: 10 KM Ko je ovde idiot? Milan Kalinic\u0301 &#038; Sr\u0111an Ivanovic\u0301 Po motivima jedno\u010dinke \u201cIdiot\u201d Muze Pavlove U Rusiji [&hellip;]\" \/>\n<meta property=\"og:url\" content=\"https:\/\/www.prijedordanas.com\/?p=36995\" \/>\n<meta property=\"og:site_name\" content=\"PrijedorDanas.com - Prijedorski gradski portal\" \/>\n<meta property=\"article:publisher\" content=\"https:\/\/www.facebook.com\/PrijedorDanasCom\/\" \/>\n<meta property=\"article:published_time\" content=\"2015-12-22T15:54:12+00:00\" \/>\n<meta property=\"og:image\" content=\"https:\/\/www.prijedordanas.com\/wp-content\/uploads\/2015\/12\/ko-je-ovde-idiot-210x300.jpg\" \/>\n<meta name=\"author\" content=\"admin\" \/>\n<meta name=\"twitter:card\" content=\"summary_large_image\" \/>\n<meta name=\"twitter:label1\" content=\"Written by\" \/>\n\t<meta name=\"twitter:data1\" content=\"admin\" \/>\n\t<meta name=\"twitter:label2\" content=\"Est. reading time\" \/>\n\t<meta name=\"twitter:data2\" content=\"1 minute\" \/>\n<script type=\"application\/ld+json\" class=\"yoast-schema-graph\">{\"@context\":\"https:\/\/schema.org\",\"@graph\":[{\"@type\":\"Article\",\"@id\":\"https:\/\/www.prijedordanas.com\/?p=36995#article\",\"isPartOf\":{\"@id\":\"https:\/\/www.prijedordanas.com\/?p=36995\"},\"author\":{\"name\":\"admin\",\"@id\":\"https:\/\/www.prijedordanas.com\/#\/schema\/person\/4e08ccf29b506ca916ff86d46bb700e6\"},\"headline\":\"POZORI\u0160TE PRIJEDOR: GOSTUJU\u0106A PREDSTAVA \u201eKO JE OVDE IDIOT?\u201c\",\"datePublished\":\"2015-12-22T15:54:12+00:00\",\"dateModified\":\"2015-12-22T15:54:12+00:00\",\"mainEntityOfPage\":{\"@id\":\"https:\/\/www.prijedordanas.com\/?p=36995\"},\"wordCount\":140,\"publisher\":{\"@id\":\"https:\/\/www.prijedordanas.com\/#organization\"},\"keywords\":[\"Ko je ovde idiot?\",\"Milan Kalini\u0107\",\"Pozori\u0161te Prijedor\",\"Sr\u0111an Ivanovi\u0107\"],\"articleSection\":[\"Kultura\"],\"inLanguage\":\"en-US\"},{\"@type\":\"WebPage\",\"@id\":\"https:\/\/www.prijedordanas.com\/?p=36995\",\"url\":\"https:\/\/www.prijedordanas.com\/?p=36995\",\"name\":\"POZORI\u0160TE PRIJEDOR: GOSTUJU\u0106A PREDSTAVA \u201eKO JE OVDE IDIOT?\u201c - PrijedorDanas.com - Prijedorski gradski portal\",\"isPartOf\":{\"@id\":\"https:\/\/www.prijedordanas.com\/#website\"},\"datePublished\":\"2015-12-22T15:54:12+00:00\",\"dateModified\":\"2015-12-22T15:54:12+00:00\",\"breadcrumb\":{\"@id\":\"https:\/\/www.prijedordanas.com\/?p=36995#breadcrumb\"},\"inLanguage\":\"en-US\",\"potentialAction\":[{\"@type\":\"ReadAction\",\"target\":[\"https:\/\/www.prijedordanas.com\/?p=36995\"]}]},{\"@type\":\"BreadcrumbList\",\"@id\":\"https:\/\/www.prijedordanas.com\/?p=36995#breadcrumb\",\"itemListElement\":[{\"@type\":\"ListItem\",\"position\":1,\"name\":\"Home\",\"item\":\"https:\/\/www.prijedordanas.com\/\"},{\"@type\":\"ListItem\",\"position\":2,\"name\":\"POZORI\u0160TE PRIJEDOR: GOSTUJU\u0106A PREDSTAVA \u201eKO JE OVDE IDIOT?\u201c\"}]},{\"@type\":\"WebSite\",\"@id\":\"https:\/\/www.prijedordanas.com\/#website\",\"url\":\"https:\/\/www.prijedordanas.com\/\",\"name\":\"PrijedorDanas.com - Prijedorski gradski portal\",\"description\":\"Portal o doga\u0111anjima u gradu Prijedoru\",\"publisher\":{\"@id\":\"https:\/\/www.prijedordanas.com\/#organization\"},\"potentialAction\":[{\"@type\":\"SearchAction\",\"target\":{\"@type\":\"EntryPoint\",\"urlTemplate\":\"https:\/\/www.prijedordanas.com\/?s={search_term_string}\"},\"query-input\":\"required name=search_term_string\"}],\"inLanguage\":\"en-US\"},{\"@type\":\"Organization\",\"@id\":\"https:\/\/www.prijedordanas.com\/#organization\",\"name\":\"PrijedorDanas.com\",\"url\":\"https:\/\/www.prijedordanas.com\/\",\"logo\":{\"@type\":\"ImageObject\",\"inLanguage\":\"en-US\",\"@id\":\"https:\/\/www.prijedordanas.com\/#\/schema\/logo\/image\/\",\"url\":\"http:\/\/www.prijedordanas.com\/wp-content\/uploads\/2021\/12\/logopng.png\",\"contentUrl\":\"http:\/\/www.prijedordanas.com\/wp-content\/uploads\/2021\/12\/logopng.png\",\"width\":1019,\"height\":776,\"caption\":\"PrijedorDanas.com\"},\"image\":{\"@id\":\"https:\/\/www.prijedordanas.com\/#\/schema\/logo\/image\/\"},\"sameAs\":[\"https:\/\/www.facebook.com\/PrijedorDanasCom\/\"]},{\"@type\":\"Person\",\"@id\":\"https:\/\/www.prijedordanas.com\/#\/schema\/person\/4e08ccf29b506ca916ff86d46bb700e6\",\"name\":\"admin\",\"image\":{\"@type\":\"ImageObject\",\"inLanguage\":\"en-US\",\"@id\":\"https:\/\/www.prijedordanas.com\/#\/schema\/person\/image\/\",\"url\":\"https:\/\/secure.gravatar.com\/avatar\/1d3fc949d550f0b53a5f0d51e06dfd79?s=96&d=mm&r=g\",\"contentUrl\":\"https:\/\/secure.gravatar.com\/avatar\/1d3fc949d550f0b53a5f0d51e06dfd79?s=96&d=mm&r=g\",\"caption\":\"admin\"},\"url\":\"https:\/\/www.prijedordanas.com\/?author=1\"}]}<\/script>\n<!-- \/ Yoast SEO plugin. -->","yoast_head_json":{"title":"POZORI\u0160TE PRIJEDOR: GOSTUJU\u0106A PREDSTAVA \u201eKO JE OVDE IDIOT?\u201c - PrijedorDanas.com - Prijedorski gradski portal","robots":{"index":"index","follow":"follow","max-snippet":"max-snippet:-1","max-image-preview":"max-image-preview:large","max-video-preview":"max-video-preview:-1"},"canonical":"https:\/\/www.prijedordanas.com\/?p=36995","og_locale":"en_US","og_type":"article","og_title":"POZORI\u0160TE PRIJEDOR: GOSTUJU\u0106A PREDSTAVA \u201eKO JE OVDE IDIOT?\u201c - PrijedorDanas.com - Prijedorski gradski portal","og_description":"Mjesto: Pozori\u0161te Prijedor Darum: 22.12.2015. godine Vrijeme: 20:00 \u010dasova Cijena ulaznice: 10 KM Ko je ovde idiot? Milan Kalinic\u0301 &#038; Sr\u0111an Ivanovic\u0301 Po motivima jedno\u010dinke \u201cIdiot\u201d Muze Pavlove U Rusiji [&hellip;]","og_url":"https:\/\/www.prijedordanas.com\/?p=36995","og_site_name":"PrijedorDanas.com - Prijedorski gradski portal","article_publisher":"https:\/\/www.facebook.com\/PrijedorDanasCom\/","article_published_time":"2015-12-22T15:54:12+00:00","og_image":[{"url":"https:\/\/www.prijedordanas.com\/wp-content\/uploads\/2015\/12\/ko-je-ovde-idiot-210x300.jpg"}],"author":"admin","twitter_card":"summary_large_image","twitter_misc":{"Written by":"admin","Est. reading time":"1 minute"},"schema":{"@context":"https:\/\/schema.org","@graph":[{"@type":"Article","@id":"https:\/\/www.prijedordanas.com\/?p=36995#article","isPartOf":{"@id":"https:\/\/www.prijedordanas.com\/?p=36995"},"author":{"name":"admin","@id":"https:\/\/www.prijedordanas.com\/#\/schema\/person\/4e08ccf29b506ca916ff86d46bb700e6"},"headline":"POZORI\u0160TE PRIJEDOR: GOSTUJU\u0106A PREDSTAVA \u201eKO JE OVDE IDIOT?\u201c","datePublished":"2015-12-22T15:54:12+00:00","dateModified":"2015-12-22T15:54:12+00:00","mainEntityOfPage":{"@id":"https:\/\/www.prijedordanas.com\/?p=36995"},"wordCount":140,"publisher":{"@id":"https:\/\/www.prijedordanas.com\/#organization"},"keywords":["Ko je ovde idiot?","Milan Kalini\u0107","Pozori\u0161te Prijedor","Sr\u0111an Ivanovi\u0107"],"articleSection":["Kultura"],"inLanguage":"en-US"},{"@type":"WebPage","@id":"https:\/\/www.prijedordanas.com\/?p=36995","url":"https:\/\/www.prijedordanas.com\/?p=36995","name":"POZORI\u0160TE PRIJEDOR: GOSTUJU\u0106A PREDSTAVA \u201eKO JE OVDE IDIOT?\u201c - PrijedorDanas.com - Prijedorski gradski portal","isPartOf":{"@id":"https:\/\/www.prijedordanas.com\/#website"},"datePublished":"2015-12-22T15:54:12+00:00","dateModified":"2015-12-22T15:54:12+00:00","breadcrumb":{"@id":"https:\/\/www.prijedordanas.com\/?p=36995#breadcrumb"},"inLanguage":"en-US","potentialAction":[{"@type":"ReadAction","target":["https:\/\/www.prijedordanas.com\/?p=36995"]}]},{"@type":"BreadcrumbList","@id":"https:\/\/www.prijedordanas.com\/?p=36995#breadcrumb","itemListElement":[{"@type":"ListItem","position":1,"name":"Home","item":"https:\/\/www.prijedordanas.com\/"},{"@type":"ListItem","position":2,"name":"POZORI\u0160TE PRIJEDOR: GOSTUJU\u0106A PREDSTAVA \u201eKO JE OVDE IDIOT?\u201c"}]},{"@type":"WebSite","@id":"https:\/\/www.prijedordanas.com\/#website","url":"https:\/\/www.prijedordanas.com\/","name":"PrijedorDanas.com - Prijedorski gradski portal","description":"Portal o doga\u0111anjima u gradu Prijedoru","publisher":{"@id":"https:\/\/www.prijedordanas.com\/#organization"},"potentialAction":[{"@type":"SearchAction","target":{"@type":"EntryPoint","urlTemplate":"https:\/\/www.prijedordanas.com\/?s={search_term_string}"},"query-input":"required name=search_term_string"}],"inLanguage":"en-US"},{"@type":"Organization","@id":"https:\/\/www.prijedordanas.com\/#organization","name":"PrijedorDanas.com","url":"https:\/\/www.prijedordanas.com\/","logo":{"@type":"ImageObject","inLanguage":"en-US","@id":"https:\/\/www.prijedordanas.com\/#\/schema\/logo\/image\/","url":"http:\/\/www.prijedordanas.com\/wp-content\/uploads\/2021\/12\/logopng.png","contentUrl":"http:\/\/www.prijedordanas.com\/wp-content\/uploads\/2021\/12\/logopng.png","width":1019,"height":776,"caption":"PrijedorDanas.com"},"image":{"@id":"https:\/\/www.prijedordanas.com\/#\/schema\/logo\/image\/"},"sameAs":["https:\/\/www.facebook.com\/PrijedorDanasCom\/"]},{"@type":"Person","@id":"https:\/\/www.prijedordanas.com\/#\/schema\/person\/4e08ccf29b506ca916ff86d46bb700e6","name":"admin","image":{"@type":"ImageObject","inLanguage":"en-US","@id":"https:\/\/www.prijedordanas.com\/#\/schema\/person\/image\/","url":"https:\/\/secure.gravatar.com\/avatar\/1d3fc949d550f0b53a5f0d51e06dfd79?s=96&d=mm&r=g","contentUrl":"https:\/\/secure.gravatar.com\/avatar\/1d3fc949d550f0b53a5f0d51e06dfd79?s=96&d=mm&r=g","caption":"admin"},"url":"https:\/\/www.prijedordanas.com\/?author=1"}]}},"_links":{"self":[{"href":"https:\/\/www.prijedordanas.com\/index.php?rest_route=\/wp\/v2\/posts\/36995"}],"collection":[{"href":"https:\/\/www.prijedordanas.com\/index.php?rest_route=\/wp\/v2\/posts"}],"about":[{"href":"https:\/\/www.prijedordanas.com\/index.php?rest_route=\/wp\/v2\/types\/post"}],"author":[{"embeddable":true,"href":"https:\/\/www.prijedordanas.com\/index.php?rest_route=\/wp\/v2\/users\/1"}],"replies":[{"embeddable":true,"href":"https:\/\/www.prijedordanas.com\/index.php?rest_route=%2Fwp%2Fv2%2Fcomments&post=36995"}],"version-history":[{"count":1,"href":"https:\/\/www.prijedordanas.com\/index.php?rest_route=\/wp\/v2\/posts\/36995\/revisions"}],"predecessor-version":[{"id":36997,"href":"https:\/\/www.prijedordanas.com\/index.php?rest_route=\/wp\/v2\/posts\/36995\/revisions\/36997"}],"wp:attachment":[{"href":"https:\/\/www.prijedordanas.com\/index.php?rest_route=%2Fwp%2Fv2%2Fmedia&parent=36995"}],"wp:term":[{"taxonomy":"category","embeddable":true,"href":"https:\/\/www.prijedordanas.com\/index.php?rest_route=%2Fwp%2Fv2%2Fcategories&post=36995"},{"taxonomy":"post_tag","embeddable":true,"href":"https:\/\/www.prijedordanas.com\/index.php?rest_route=%2Fwp%2Fv2%2Ftags&post=36995"}],"curies":[{"name":"wp","href":"https:\/\/api.w.org\/{rel}","templated":true}]}}