{"id":36987,"date":"2015-12-22T13:43:07","date_gmt":"2015-12-22T12:43:07","guid":{"rendered":"https:\/\/www.prijedordanas.com\/?p=36987"},"modified":"2015-12-22T13:43:07","modified_gmt":"2015-12-22T12:43:07","slug":"prijem-za-ucesnike-kulturnog-ljeta-prijedor-2015","status":"publish","type":"post","link":"https:\/\/www.prijedordanas.com\/?p=36987","title":{"rendered":"PRIJEM ZA U\u010cESNIKE KULTURNOG LJETA PRIJEDOR 2015"},"content":{"rendered":"<p><a href=\"https:\/\/www.prijedordanas.com\/wp-content\/uploads\/2015\/12\/gradonacelnik-pavic-prijem-kulturno-ljeto-2015-1.jpg\" rel=\"attachment wp-att-36988\"><img loading=\"lazy\" decoding=\"async\" src=\"https:\/\/www.prijedordanas.com\/wp-content\/uploads\/2015\/12\/gradonacelnik-pavic-prijem-kulturno-ljeto-2015-1-300x199.jpg\" alt=\"gradonacelnik pavic-prijem-kulturno ljeto 2015 (1)\" width=\"300\" height=\"199\" class=\"alignleft size-medium wp-image-36988\" srcset=\"https:\/\/www.prijedordanas.com\/wp-content\/uploads\/2015\/12\/gradonacelnik-pavic-prijem-kulturno-ljeto-2015-1-300x200.jpg 300w, https:\/\/www.prijedordanas.com\/wp-content\/uploads\/2015\/12\/gradonacelnik-pavic-prijem-kulturno-ljeto-2015-1-480x320.jpg 480w, https:\/\/www.prijedordanas.com\/wp-content\/uploads\/2015\/12\/gradonacelnik-pavic-prijem-kulturno-ljeto-2015-1.jpg 600w\" sizes=\"(max-width: 300px) 100vw, 300px\" \/><\/a>Gradona\u010delnik Prijedora Marko Pavi\u0107 izjavio je da gradske vlasti kulturi i kulturnim sadr\u017eajima poklanjaju veliku pa\u017enju.<\/p>\n<p>&#8220;U 90 dana Kulturnog ljeta organizovali smo vi\u0161e od 40 razli\u010ditih manifestacija ili svaki drugi dan po jedna manifestacija svome gradu. Naro\u010dito je zna\u010dajno \u0161to smo nastojali da kulturni sadr\u017eaji raznih vrsta dopru i do najudaljenijeg sela&#8221;, rekao je Pavi\u0107 novinarima u Prijedoru. <\/p>\n<p>Na novogodi\u0161njem prijemu za predstavnike ustanova i organizacija koje su u\u010destvovale u Kulturnom ljetu Prijedor 2015. Pavi\u0107 je rekao da su ti bogati kulturni sadr\u017eaji privukli brojne sugra\u0111en, ali i brojne turiste koji su posjete Prijedoru u vrijeme odre\u0111enih manifestacija po\u010deli stavljati u svoje kalendare. <\/p>\n<p>&#8220;Mi smo dosta u\u010dinili u rekonstrukciji i izgradnji objekata za kulturu, dosta \u010dinimo u finansiranju kulture i kulturnih institucija i moram re\u0107i da sve ono \u0161to smo bud\u017eetom planirali prema kulturnim sadr\u017eajima i institucijama smo i ispunili, \u0161to njima daje sigurnost da mogu svoje poslove zavr\u0161iti, da ih mogu planirati i ja se nadam i o\u010dekujem da \u0107e sigurno tako biti i ubudu\u0107e&#8221;, dodao je Pavi\u0107. <\/p>\n<p>Tekst \u2013 SRNA<br \/>\nFoto \u2013 Aleksandar Drakuli\u0107 \u2013 <a href=\"www.prijedordanas.com\" target=\"_blank\">www.prijedordanas.com<\/a><\/p>\n<p><a href=\"https:\/\/www.prijedordanas.com\/wp-content\/uploads\/2015\/12\/gradonacelnik-pavic-prijem-kulturno-ljeto-2015-2.jpg\" rel=\"attachment wp-att-36989\"><img loading=\"lazy\" decoding=\"async\" src=\"https:\/\/www.prijedordanas.com\/wp-content\/uploads\/2015\/12\/gradonacelnik-pavic-prijem-kulturno-ljeto-2015-2-300x199.jpg\" alt=\"gradonacelnik pavic-prijem-kulturno ljeto 2015 (2)\" width=\"300\" height=\"199\" class=\"alignleft size-medium wp-image-36989\" srcset=\"https:\/\/www.prijedordanas.com\/wp-content\/uploads\/2015\/12\/gradonacelnik-pavic-prijem-kulturno-ljeto-2015-2-300x200.jpg 300w, https:\/\/www.prijedordanas.com\/wp-content\/uploads\/2015\/12\/gradonacelnik-pavic-prijem-kulturno-ljeto-2015-2-480x320.jpg 480w, https:\/\/www.prijedordanas.com\/wp-content\/uploads\/2015\/12\/gradonacelnik-pavic-prijem-kulturno-ljeto-2015-2.jpg 600w\" sizes=\"(max-width: 300px) 100vw, 300px\" \/><\/a> <a href=\"https:\/\/www.prijedordanas.com\/wp-content\/uploads\/2015\/12\/gradonacelnik-pavic-prijem-kulturno-ljeto-2015-3.jpg\" rel=\"attachment wp-att-36990\"><img loading=\"lazy\" decoding=\"async\" src=\"https:\/\/www.prijedordanas.com\/wp-content\/uploads\/2015\/12\/gradonacelnik-pavic-prijem-kulturno-ljeto-2015-3-300x199.jpg\" alt=\"gradonacelnik pavic-prijem-kulturno ljeto 2015 (3)\" width=\"300\" height=\"199\" class=\"alignleft size-medium wp-image-36990\" srcset=\"https:\/\/www.prijedordanas.com\/wp-content\/uploads\/2015\/12\/gradonacelnik-pavic-prijem-kulturno-ljeto-2015-3-300x200.jpg 300w, https:\/\/www.prijedordanas.com\/wp-content\/uploads\/2015\/12\/gradonacelnik-pavic-prijem-kulturno-ljeto-2015-3-480x320.jpg 480w, https:\/\/www.prijedordanas.com\/wp-content\/uploads\/2015\/12\/gradonacelnik-pavic-prijem-kulturno-ljeto-2015-3.jpg 600w\" sizes=\"(max-width: 300px) 100vw, 300px\" \/><\/a><\/p>\n","protected":false},"excerpt":{"rendered":"<p>Gradona\u010delnik Prijedora Marko Pavi\u0107 izjavio je da gradske vlasti kulturi i kulturnim sadr\u017eajima poklanjaju veliku pa\u017enju. &#8220;U 90 dana Kulturnog ljeta organizovali smo vi\u0161e od 40 razli\u010ditih manifestacija ili svaki [&hellip;]<\/p>\n","protected":false},"author":1,"featured_media":0,"comment_status":"closed","ping_status":"open","sticky":false,"template":"","format":"standard","meta":{"_monsterinsights_skip_tracking":false,"_monsterinsights_sitenote_active":false,"_monsterinsights_sitenote_note":"","_monsterinsights_sitenote_category":0,"footnotes":""},"categories":[6],"tags":[5664,2927,3732,2894,6271],"yoast_head":"<!-- This site is optimized with the Yoast SEO plugin v21.6 - https:\/\/yoast.com\/wordpress\/plugins\/seo\/ -->\n<title>PRIJEM ZA U\u010cESNIKE KULTURNOG LJETA PRIJEDOR 2015 - PrijedorDanas.com - Prijedorski gradski portal<\/title>\n<meta name=\"robots\" content=\"index, follow, max-snippet:-1, max-image-preview:large, max-video-preview:-1\" \/>\n<link rel=\"canonical\" href=\"https:\/\/www.prijedordanas.com\/?p=36987\" \/>\n<meta property=\"og:locale\" content=\"en_US\" \/>\n<meta property=\"og:type\" content=\"article\" \/>\n<meta property=\"og:title\" content=\"PRIJEM ZA U\u010cESNIKE KULTURNOG LJETA PRIJEDOR 2015 - PrijedorDanas.com - Prijedorski gradski portal\" \/>\n<meta property=\"og:description\" content=\"Gradona\u010delnik Prijedora Marko Pavi\u0107 izjavio je da gradske vlasti kulturi i kulturnim sadr\u017eajima poklanjaju veliku pa\u017enju. &#8220;U 90 dana Kulturnog ljeta organizovali smo vi\u0161e od 40 razli\u010ditih manifestacija ili svaki [&hellip;]\" \/>\n<meta property=\"og:url\" content=\"https:\/\/www.prijedordanas.com\/?p=36987\" \/>\n<meta property=\"og:site_name\" content=\"PrijedorDanas.com - Prijedorski gradski portal\" \/>\n<meta property=\"article:publisher\" content=\"https:\/\/www.facebook.com\/PrijedorDanasCom\/\" \/>\n<meta property=\"article:published_time\" content=\"2015-12-22T12:43:07+00:00\" \/>\n<meta property=\"og:image\" content=\"https:\/\/www.prijedordanas.com\/wp-content\/uploads\/2015\/12\/gradonacelnik-pavic-prijem-kulturno-ljeto-2015-1-300x199.jpg\" \/>\n<meta name=\"author\" content=\"admin\" \/>\n<meta name=\"twitter:card\" content=\"summary_large_image\" \/>\n<meta name=\"twitter:label1\" content=\"Written by\" \/>\n\t<meta name=\"twitter:data1\" content=\"admin\" \/>\n\t<meta name=\"twitter:label2\" content=\"Est. reading time\" \/>\n\t<meta name=\"twitter:data2\" content=\"1 minute\" \/>\n<script type=\"application\/ld+json\" class=\"yoast-schema-graph\">{\"@context\":\"https:\/\/schema.org\",\"@graph\":[{\"@type\":\"Article\",\"@id\":\"https:\/\/www.prijedordanas.com\/?p=36987#article\",\"isPartOf\":{\"@id\":\"https:\/\/www.prijedordanas.com\/?p=36987\"},\"author\":{\"name\":\"admin\",\"@id\":\"https:\/\/www.prijedordanas.com\/#\/schema\/person\/4e08ccf29b506ca916ff86d46bb700e6\"},\"headline\":\"PRIJEM ZA U\u010cESNIKE KULTURNOG LJETA PRIJEDOR 2015\",\"datePublished\":\"2015-12-22T12:43:07+00:00\",\"dateModified\":\"2015-12-22T12:43:07+00:00\",\"mainEntityOfPage\":{\"@id\":\"https:\/\/www.prijedordanas.com\/?p=36987\"},\"wordCount\":203,\"publisher\":{\"@id\":\"https:\/\/www.prijedordanas.com\/#organization\"},\"keywords\":[\"gradona\u010delnik Marko Pavi\u0107\",\"kultura\",\"Kulturno ljeto Prijedor 2015\",\"prijem\",\"u\u010desnici\"],\"articleSection\":[\"Kultura\"],\"inLanguage\":\"en-US\"},{\"@type\":\"WebPage\",\"@id\":\"https:\/\/www.prijedordanas.com\/?p=36987\",\"url\":\"https:\/\/www.prijedordanas.com\/?p=36987\",\"name\":\"PRIJEM ZA U\u010cESNIKE KULTURNOG LJETA PRIJEDOR 2015 - PrijedorDanas.com - Prijedorski gradski portal\",\"isPartOf\":{\"@id\":\"https:\/\/www.prijedordanas.com\/#website\"},\"datePublished\":\"2015-12-22T12:43:07+00:00\",\"dateModified\":\"2015-12-22T12:43:07+00:00\",\"breadcrumb\":{\"@id\":\"https:\/\/www.prijedordanas.com\/?p=36987#breadcrumb\"},\"inLanguage\":\"en-US\",\"potentialAction\":[{\"@type\":\"ReadAction\",\"target\":[\"https:\/\/www.prijedordanas.com\/?p=36987\"]}]},{\"@type\":\"BreadcrumbList\",\"@id\":\"https:\/\/www.prijedordanas.com\/?p=36987#breadcrumb\",\"itemListElement\":[{\"@type\":\"ListItem\",\"position\":1,\"name\":\"Home\",\"item\":\"https:\/\/www.prijedordanas.com\/\"},{\"@type\":\"ListItem\",\"position\":2,\"name\":\"PRIJEM ZA U\u010cESNIKE KULTURNOG LJETA PRIJEDOR 2015\"}]},{\"@type\":\"WebSite\",\"@id\":\"https:\/\/www.prijedordanas.com\/#website\",\"url\":\"https:\/\/www.prijedordanas.com\/\",\"name\":\"PrijedorDanas.com - Prijedorski gradski portal\",\"description\":\"Portal o doga\u0111anjima u gradu Prijedoru\",\"publisher\":{\"@id\":\"https:\/\/www.prijedordanas.com\/#organization\"},\"potentialAction\":[{\"@type\":\"SearchAction\",\"target\":{\"@type\":\"EntryPoint\",\"urlTemplate\":\"https:\/\/www.prijedordanas.com\/?s={search_term_string}\"},\"query-input\":\"required name=search_term_string\"}],\"inLanguage\":\"en-US\"},{\"@type\":\"Organization\",\"@id\":\"https:\/\/www.prijedordanas.com\/#organization\",\"name\":\"PrijedorDanas.com\",\"url\":\"https:\/\/www.prijedordanas.com\/\",\"logo\":{\"@type\":\"ImageObject\",\"inLanguage\":\"en-US\",\"@id\":\"https:\/\/www.prijedordanas.com\/#\/schema\/logo\/image\/\",\"url\":\"http:\/\/www.prijedordanas.com\/wp-content\/uploads\/2021\/12\/logopng.png\",\"contentUrl\":\"http:\/\/www.prijedordanas.com\/wp-content\/uploads\/2021\/12\/logopng.png\",\"width\":1019,\"height\":776,\"caption\":\"PrijedorDanas.com\"},\"image\":{\"@id\":\"https:\/\/www.prijedordanas.com\/#\/schema\/logo\/image\/\"},\"sameAs\":[\"https:\/\/www.facebook.com\/PrijedorDanasCom\/\"]},{\"@type\":\"Person\",\"@id\":\"https:\/\/www.prijedordanas.com\/#\/schema\/person\/4e08ccf29b506ca916ff86d46bb700e6\",\"name\":\"admin\",\"image\":{\"@type\":\"ImageObject\",\"inLanguage\":\"en-US\",\"@id\":\"https:\/\/www.prijedordanas.com\/#\/schema\/person\/image\/\",\"url\":\"https:\/\/secure.gravatar.com\/avatar\/1d3fc949d550f0b53a5f0d51e06dfd79?s=96&d=mm&r=g\",\"contentUrl\":\"https:\/\/secure.gravatar.com\/avatar\/1d3fc949d550f0b53a5f0d51e06dfd79?s=96&d=mm&r=g\",\"caption\":\"admin\"},\"url\":\"https:\/\/www.prijedordanas.com\/?author=1\"}]}<\/script>\n<!-- \/ Yoast SEO plugin. -->","yoast_head_json":{"title":"PRIJEM ZA U\u010cESNIKE KULTURNOG LJETA PRIJEDOR 2015 - PrijedorDanas.com - Prijedorski gradski portal","robots":{"index":"index","follow":"follow","max-snippet":"max-snippet:-1","max-image-preview":"max-image-preview:large","max-video-preview":"max-video-preview:-1"},"canonical":"https:\/\/www.prijedordanas.com\/?p=36987","og_locale":"en_US","og_type":"article","og_title":"PRIJEM ZA U\u010cESNIKE KULTURNOG LJETA PRIJEDOR 2015 - PrijedorDanas.com - Prijedorski gradski portal","og_description":"Gradona\u010delnik Prijedora Marko Pavi\u0107 izjavio je da gradske vlasti kulturi i kulturnim sadr\u017eajima poklanjaju veliku pa\u017enju. &#8220;U 90 dana Kulturnog ljeta organizovali smo vi\u0161e od 40 razli\u010ditih manifestacija ili svaki [&hellip;]","og_url":"https:\/\/www.prijedordanas.com\/?p=36987","og_site_name":"PrijedorDanas.com - Prijedorski gradski portal","article_publisher":"https:\/\/www.facebook.com\/PrijedorDanasCom\/","article_published_time":"2015-12-22T12:43:07+00:00","og_image":[{"url":"https:\/\/www.prijedordanas.com\/wp-content\/uploads\/2015\/12\/gradonacelnik-pavic-prijem-kulturno-ljeto-2015-1-300x199.jpg"}],"author":"admin","twitter_card":"summary_large_image","twitter_misc":{"Written by":"admin","Est. reading time":"1 minute"},"schema":{"@context":"https:\/\/schema.org","@graph":[{"@type":"Article","@id":"https:\/\/www.prijedordanas.com\/?p=36987#article","isPartOf":{"@id":"https:\/\/www.prijedordanas.com\/?p=36987"},"author":{"name":"admin","@id":"https:\/\/www.prijedordanas.com\/#\/schema\/person\/4e08ccf29b506ca916ff86d46bb700e6"},"headline":"PRIJEM ZA U\u010cESNIKE KULTURNOG LJETA PRIJEDOR 2015","datePublished":"2015-12-22T12:43:07+00:00","dateModified":"2015-12-22T12:43:07+00:00","mainEntityOfPage":{"@id":"https:\/\/www.prijedordanas.com\/?p=36987"},"wordCount":203,"publisher":{"@id":"https:\/\/www.prijedordanas.com\/#organization"},"keywords":["gradona\u010delnik Marko Pavi\u0107","kultura","Kulturno ljeto Prijedor 2015","prijem","u\u010desnici"],"articleSection":["Kultura"],"inLanguage":"en-US"},{"@type":"WebPage","@id":"https:\/\/www.prijedordanas.com\/?p=36987","url":"https:\/\/www.prijedordanas.com\/?p=36987","name":"PRIJEM ZA U\u010cESNIKE KULTURNOG LJETA PRIJEDOR 2015 - PrijedorDanas.com - Prijedorski gradski portal","isPartOf":{"@id":"https:\/\/www.prijedordanas.com\/#website"},"datePublished":"2015-12-22T12:43:07+00:00","dateModified":"2015-12-22T12:43:07+00:00","breadcrumb":{"@id":"https:\/\/www.prijedordanas.com\/?p=36987#breadcrumb"},"inLanguage":"en-US","potentialAction":[{"@type":"ReadAction","target":["https:\/\/www.prijedordanas.com\/?p=36987"]}]},{"@type":"BreadcrumbList","@id":"https:\/\/www.prijedordanas.com\/?p=36987#breadcrumb","itemListElement":[{"@type":"ListItem","position":1,"name":"Home","item":"https:\/\/www.prijedordanas.com\/"},{"@type":"ListItem","position":2,"name":"PRIJEM ZA U\u010cESNIKE KULTURNOG LJETA PRIJEDOR 2015"}]},{"@type":"WebSite","@id":"https:\/\/www.prijedordanas.com\/#website","url":"https:\/\/www.prijedordanas.com\/","name":"PrijedorDanas.com - Prijedorski gradski portal","description":"Portal o doga\u0111anjima u gradu Prijedoru","publisher":{"@id":"https:\/\/www.prijedordanas.com\/#organization"},"potentialAction":[{"@type":"SearchAction","target":{"@type":"EntryPoint","urlTemplate":"https:\/\/www.prijedordanas.com\/?s={search_term_string}"},"query-input":"required name=search_term_string"}],"inLanguage":"en-US"},{"@type":"Organization","@id":"https:\/\/www.prijedordanas.com\/#organization","name":"PrijedorDanas.com","url":"https:\/\/www.prijedordanas.com\/","logo":{"@type":"ImageObject","inLanguage":"en-US","@id":"https:\/\/www.prijedordanas.com\/#\/schema\/logo\/image\/","url":"http:\/\/www.prijedordanas.com\/wp-content\/uploads\/2021\/12\/logopng.png","contentUrl":"http:\/\/www.prijedordanas.com\/wp-content\/uploads\/2021\/12\/logopng.png","width":1019,"height":776,"caption":"PrijedorDanas.com"},"image":{"@id":"https:\/\/www.prijedordanas.com\/#\/schema\/logo\/image\/"},"sameAs":["https:\/\/www.facebook.com\/PrijedorDanasCom\/"]},{"@type":"Person","@id":"https:\/\/www.prijedordanas.com\/#\/schema\/person\/4e08ccf29b506ca916ff86d46bb700e6","name":"admin","image":{"@type":"ImageObject","inLanguage":"en-US","@id":"https:\/\/www.prijedordanas.com\/#\/schema\/person\/image\/","url":"https:\/\/secure.gravatar.com\/avatar\/1d3fc949d550f0b53a5f0d51e06dfd79?s=96&d=mm&r=g","contentUrl":"https:\/\/secure.gravatar.com\/avatar\/1d3fc949d550f0b53a5f0d51e06dfd79?s=96&d=mm&r=g","caption":"admin"},"url":"https:\/\/www.prijedordanas.com\/?author=1"}]}},"_links":{"self":[{"href":"https:\/\/www.prijedordanas.com\/index.php?rest_route=\/wp\/v2\/posts\/36987"}],"collection":[{"href":"https:\/\/www.prijedordanas.com\/index.php?rest_route=\/wp\/v2\/posts"}],"about":[{"href":"https:\/\/www.prijedordanas.com\/index.php?rest_route=\/wp\/v2\/types\/post"}],"author":[{"embeddable":true,"href":"https:\/\/www.prijedordanas.com\/index.php?rest_route=\/wp\/v2\/users\/1"}],"replies":[{"embeddable":true,"href":"https:\/\/www.prijedordanas.com\/index.php?rest_route=%2Fwp%2Fv2%2Fcomments&post=36987"}],"version-history":[{"count":1,"href":"https:\/\/www.prijedordanas.com\/index.php?rest_route=\/wp\/v2\/posts\/36987\/revisions"}],"predecessor-version":[{"id":36991,"href":"https:\/\/www.prijedordanas.com\/index.php?rest_route=\/wp\/v2\/posts\/36987\/revisions\/36991"}],"wp:attachment":[{"href":"https:\/\/www.prijedordanas.com\/index.php?rest_route=%2Fwp%2Fv2%2Fmedia&parent=36987"}],"wp:term":[{"taxonomy":"category","embeddable":true,"href":"https:\/\/www.prijedordanas.com\/index.php?rest_route=%2Fwp%2Fv2%2Fcategories&post=36987"},{"taxonomy":"post_tag","embeddable":true,"href":"https:\/\/www.prijedordanas.com\/index.php?rest_route=%2Fwp%2Fv2%2Ftags&post=36987"}],"curies":[{"name":"wp","href":"https:\/\/api.w.org\/{rel}","templated":true}]}}