{"id":36915,"date":"2015-12-21T16:00:23","date_gmt":"2015-12-21T15:00:23","guid":{"rendered":"https:\/\/www.prijedordanas.com\/?p=36915"},"modified":"2015-12-21T16:00:23","modified_gmt":"2015-12-21T15:00:23","slug":"nasilnoj-policajki-zbog-napada-na-starca-srezana-plata","status":"publish","type":"post","link":"https:\/\/www.prijedordanas.com\/?p=36915","title":{"rendered":"NASILNOJ POLICAJKI ZBOG NAPADA NA STARCA \u201eSREZANA\u201c PLATA"},"content":{"rendered":"<p><a href=\"https:\/\/www.prijedordanas.com\/wp-content\/uploads\/2015\/12\/cjb-prijedor-1-2.jpg\" rel=\"attachment wp-att-36916\"><img loading=\"lazy\" decoding=\"async\" src=\"https:\/\/www.prijedordanas.com\/wp-content\/uploads\/2015\/12\/cjb-prijedor-1-2-300x199.jpg\" alt=\"cjb prijedor 1\" width=\"300\" height=\"199\" class=\"alignleft size-medium wp-image-36916\" srcset=\"https:\/\/www.prijedordanas.com\/wp-content\/uploads\/2015\/12\/cjb-prijedor-1-2-300x200.jpg 300w, https:\/\/www.prijedordanas.com\/wp-content\/uploads\/2015\/12\/cjb-prijedor-1-2-480x320.jpg 480w, https:\/\/www.prijedordanas.com\/wp-content\/uploads\/2015\/12\/cjb-prijedor-1-2.jpg 600w\" sizes=\"(max-width: 300px) 100vw, 300px\" \/><\/a>Vahidi Tihi\u0107, policijskoj slu\u017ebenici Direkcije za koordinaciju policijskih tijela BiH, koju je osamdesetogodi\u0161nji Ljuban Vujasin iz okoline Kozarske Dubice optu\u017eio da mu je prijetila napunjenim pi\u0161toljem, smanjena je plata 20 odsto.<\/p>\n<p>Rije\u010d je o odluci Disciplinske komisije, a ta sankcija odnosi se na \u010detiri mjeseca.<\/p>\n<p>Prethodno je Direkcija za koordinaciju policijskih tijela BiH sprovela interni postupak protiv Tihi\u0107eve, radi utvr\u0111ivanja i dokumentovanja \u010dinjenica.<\/p>\n<p>&#8220;Sprovedenim internim postupkom potvr\u0111eno je postojanje sumnje da je Vahida Tihi\u0107 po\u010dinila te\u017eu povredu slu\u017ebene du\u017enosti &#8211; pona\u0161anje koje naru\u0161ava ugled policijskog organa&#8221;, ka\u017eu iz Direkcije, iz koje dodaju da je zbog toga protiv Tihi\u0107eve podnesen zahtjev za pokretanje disciplinskog postupka, a koji je rezultirao smanjenjem plate od 20 odsto.<\/p>\n<p>Vujasin, starac iz sela Donja Jutrogo\u0161ta, kod Kozarske Dubice, ustvrdio je sredinom avgusta da mu je napunjenim pi\u0161toljem zaprijetila policajka, nakon \u0161to je koko\u0161ke njenih poznanika istjerao iz svoje ba\u0161te.<br \/>\nIncident je, kako je ranije saop\u0161teno iz CJB Prijedor, prijavljen Policijskoj stanici Kozarska Dubica.<\/p>\n<p>&#8220;Na osnovu prikupljenih informacija i kriminalisti\u010dke obrade, sumnja se da je po\u010dinilac krivi\u010dnog djela policijska slu\u017ebenica Direkcije za koordinaciju policijskih tijela BiH V.T., koja je, upotrebom slu\u017ebenog pi\u0161tolja o\u0161te\u0107enom uputila ozbiljne prijetnje po \u017eivot&#8221;, saop\u0161teno je tada iz CJB Prijedor.<\/p>\n<p>Nezavisne novine<\/p>\n","protected":false},"excerpt":{"rendered":"<p>Vahidi Tihi\u0107, policijskoj slu\u017ebenici Direkcije za koordinaciju policijskih tijela BiH, koju je osamdesetogodi\u0161nji Ljuban Vujasin iz okoline Kozarske Dubice optu\u017eio da mu je prijetila napunjenim pi\u0161toljem, smanjena je plata 20 [&hellip;]<\/p>\n","protected":false},"author":1,"featured_media":0,"comment_status":"closed","ping_status":"open","sticky":false,"template":"","format":"standard","meta":{"_monsterinsights_skip_tracking":false,"_monsterinsights_sitenote_active":false,"_monsterinsights_sitenote_note":"","_monsterinsights_sitenote_category":0,"footnotes":""},"categories":[5],"tags":[38,6260,967,6261,6258,4090,6259],"yoast_head":"<!-- This site is optimized with the Yoast SEO plugin v21.6 - https:\/\/yoast.com\/wordpress\/plugins\/seo\/ -->\n<title>NASILNOJ POLICAJKI ZBOG NAPADA NA STARCA \u201eSREZANA\u201c PLATA - PrijedorDanas.com - Prijedorski gradski portal<\/title>\n<meta name=\"robots\" content=\"index, follow, max-snippet:-1, max-image-preview:large, max-video-preview:-1\" \/>\n<link rel=\"canonical\" href=\"https:\/\/www.prijedordanas.com\/?p=36915\" \/>\n<meta property=\"og:locale\" content=\"en_US\" \/>\n<meta property=\"og:type\" content=\"article\" \/>\n<meta property=\"og:title\" content=\"NASILNOJ POLICAJKI ZBOG NAPADA NA STARCA \u201eSREZANA\u201c PLATA - PrijedorDanas.com - Prijedorski gradski portal\" \/>\n<meta property=\"og:description\" content=\"Vahidi Tihi\u0107, policijskoj slu\u017ebenici Direkcije za koordinaciju policijskih tijela BiH, koju je osamdesetogodi\u0161nji Ljuban Vujasin iz okoline Kozarske Dubice optu\u017eio da mu je prijetila napunjenim pi\u0161toljem, smanjena je plata 20 [&hellip;]\" \/>\n<meta property=\"og:url\" content=\"https:\/\/www.prijedordanas.com\/?p=36915\" \/>\n<meta property=\"og:site_name\" content=\"PrijedorDanas.com - Prijedorski gradski portal\" \/>\n<meta property=\"article:publisher\" content=\"https:\/\/www.facebook.com\/PrijedorDanasCom\/\" \/>\n<meta property=\"article:published_time\" content=\"2015-12-21T15:00:23+00:00\" \/>\n<meta property=\"og:image\" content=\"https:\/\/www.prijedordanas.com\/wp-content\/uploads\/2015\/12\/cjb-prijedor-1-2-300x199.jpg\" \/>\n<meta name=\"author\" content=\"admin\" \/>\n<meta name=\"twitter:card\" content=\"summary_large_image\" \/>\n<meta name=\"twitter:label1\" content=\"Written by\" \/>\n\t<meta name=\"twitter:data1\" content=\"admin\" \/>\n\t<meta name=\"twitter:label2\" content=\"Est. reading time\" \/>\n\t<meta name=\"twitter:data2\" content=\"1 minute\" \/>\n<script type=\"application\/ld+json\" class=\"yoast-schema-graph\">{\"@context\":\"https:\/\/schema.org\",\"@graph\":[{\"@type\":\"Article\",\"@id\":\"https:\/\/www.prijedordanas.com\/?p=36915#article\",\"isPartOf\":{\"@id\":\"https:\/\/www.prijedordanas.com\/?p=36915\"},\"author\":{\"name\":\"admin\",\"@id\":\"https:\/\/www.prijedordanas.com\/#\/schema\/person\/4e08ccf29b506ca916ff86d46bb700e6\"},\"headline\":\"NASILNOJ POLICAJKI ZBOG NAPADA NA STARCA \u201eSREZANA\u201c PLATA\",\"datePublished\":\"2015-12-21T15:00:23+00:00\",\"dateModified\":\"2015-12-21T15:00:23+00:00\",\"mainEntityOfPage\":{\"@id\":\"https:\/\/www.prijedordanas.com\/?p=36915\"},\"wordCount\":235,\"publisher\":{\"@id\":\"https:\/\/www.prijedordanas.com\/#organization\"},\"keywords\":[\"CJB Prijedor\",\"Ljuban Vujasin\",\"napad\",\"plata\",\"policajka\",\"starac\",\"Vahida Tihi\u0107\"],\"articleSection\":[\"Hronika\"],\"inLanguage\":\"en-US\"},{\"@type\":\"WebPage\",\"@id\":\"https:\/\/www.prijedordanas.com\/?p=36915\",\"url\":\"https:\/\/www.prijedordanas.com\/?p=36915\",\"name\":\"NASILNOJ POLICAJKI ZBOG NAPADA NA STARCA \u201eSREZANA\u201c PLATA - PrijedorDanas.com - Prijedorski gradski portal\",\"isPartOf\":{\"@id\":\"https:\/\/www.prijedordanas.com\/#website\"},\"datePublished\":\"2015-12-21T15:00:23+00:00\",\"dateModified\":\"2015-12-21T15:00:23+00:00\",\"breadcrumb\":{\"@id\":\"https:\/\/www.prijedordanas.com\/?p=36915#breadcrumb\"},\"inLanguage\":\"en-US\",\"potentialAction\":[{\"@type\":\"ReadAction\",\"target\":[\"https:\/\/www.prijedordanas.com\/?p=36915\"]}]},{\"@type\":\"BreadcrumbList\",\"@id\":\"https:\/\/www.prijedordanas.com\/?p=36915#breadcrumb\",\"itemListElement\":[{\"@type\":\"ListItem\",\"position\":1,\"name\":\"Home\",\"item\":\"https:\/\/www.prijedordanas.com\/\"},{\"@type\":\"ListItem\",\"position\":2,\"name\":\"NASILNOJ POLICAJKI ZBOG NAPADA NA STARCA \u201eSREZANA\u201c PLATA\"}]},{\"@type\":\"WebSite\",\"@id\":\"https:\/\/www.prijedordanas.com\/#website\",\"url\":\"https:\/\/www.prijedordanas.com\/\",\"name\":\"PrijedorDanas.com - Prijedorski gradski portal\",\"description\":\"Portal o doga\u0111anjima u gradu Prijedoru\",\"publisher\":{\"@id\":\"https:\/\/www.prijedordanas.com\/#organization\"},\"potentialAction\":[{\"@type\":\"SearchAction\",\"target\":{\"@type\":\"EntryPoint\",\"urlTemplate\":\"https:\/\/www.prijedordanas.com\/?s={search_term_string}\"},\"query-input\":\"required name=search_term_string\"}],\"inLanguage\":\"en-US\"},{\"@type\":\"Organization\",\"@id\":\"https:\/\/www.prijedordanas.com\/#organization\",\"name\":\"PrijedorDanas.com\",\"url\":\"https:\/\/www.prijedordanas.com\/\",\"logo\":{\"@type\":\"ImageObject\",\"inLanguage\":\"en-US\",\"@id\":\"https:\/\/www.prijedordanas.com\/#\/schema\/logo\/image\/\",\"url\":\"http:\/\/www.prijedordanas.com\/wp-content\/uploads\/2021\/12\/logopng.png\",\"contentUrl\":\"http:\/\/www.prijedordanas.com\/wp-content\/uploads\/2021\/12\/logopng.png\",\"width\":1019,\"height\":776,\"caption\":\"PrijedorDanas.com\"},\"image\":{\"@id\":\"https:\/\/www.prijedordanas.com\/#\/schema\/logo\/image\/\"},\"sameAs\":[\"https:\/\/www.facebook.com\/PrijedorDanasCom\/\"]},{\"@type\":\"Person\",\"@id\":\"https:\/\/www.prijedordanas.com\/#\/schema\/person\/4e08ccf29b506ca916ff86d46bb700e6\",\"name\":\"admin\",\"image\":{\"@type\":\"ImageObject\",\"inLanguage\":\"en-US\",\"@id\":\"https:\/\/www.prijedordanas.com\/#\/schema\/person\/image\/\",\"url\":\"https:\/\/secure.gravatar.com\/avatar\/1d3fc949d550f0b53a5f0d51e06dfd79?s=96&d=mm&r=g\",\"contentUrl\":\"https:\/\/secure.gravatar.com\/avatar\/1d3fc949d550f0b53a5f0d51e06dfd79?s=96&d=mm&r=g\",\"caption\":\"admin\"},\"url\":\"https:\/\/www.prijedordanas.com\/?author=1\"}]}<\/script>\n<!-- \/ Yoast SEO plugin. -->","yoast_head_json":{"title":"NASILNOJ POLICAJKI ZBOG NAPADA NA STARCA \u201eSREZANA\u201c PLATA - PrijedorDanas.com - Prijedorski gradski portal","robots":{"index":"index","follow":"follow","max-snippet":"max-snippet:-1","max-image-preview":"max-image-preview:large","max-video-preview":"max-video-preview:-1"},"canonical":"https:\/\/www.prijedordanas.com\/?p=36915","og_locale":"en_US","og_type":"article","og_title":"NASILNOJ POLICAJKI ZBOG NAPADA NA STARCA \u201eSREZANA\u201c PLATA - PrijedorDanas.com - Prijedorski gradski portal","og_description":"Vahidi Tihi\u0107, policijskoj slu\u017ebenici Direkcije za koordinaciju policijskih tijela BiH, koju je osamdesetogodi\u0161nji Ljuban Vujasin iz okoline Kozarske Dubice optu\u017eio da mu je prijetila napunjenim pi\u0161toljem, smanjena je plata 20 [&hellip;]","og_url":"https:\/\/www.prijedordanas.com\/?p=36915","og_site_name":"PrijedorDanas.com - Prijedorski gradski portal","article_publisher":"https:\/\/www.facebook.com\/PrijedorDanasCom\/","article_published_time":"2015-12-21T15:00:23+00:00","og_image":[{"url":"https:\/\/www.prijedordanas.com\/wp-content\/uploads\/2015\/12\/cjb-prijedor-1-2-300x199.jpg"}],"author":"admin","twitter_card":"summary_large_image","twitter_misc":{"Written by":"admin","Est. reading time":"1 minute"},"schema":{"@context":"https:\/\/schema.org","@graph":[{"@type":"Article","@id":"https:\/\/www.prijedordanas.com\/?p=36915#article","isPartOf":{"@id":"https:\/\/www.prijedordanas.com\/?p=36915"},"author":{"name":"admin","@id":"https:\/\/www.prijedordanas.com\/#\/schema\/person\/4e08ccf29b506ca916ff86d46bb700e6"},"headline":"NASILNOJ POLICAJKI ZBOG NAPADA NA STARCA \u201eSREZANA\u201c PLATA","datePublished":"2015-12-21T15:00:23+00:00","dateModified":"2015-12-21T15:00:23+00:00","mainEntityOfPage":{"@id":"https:\/\/www.prijedordanas.com\/?p=36915"},"wordCount":235,"publisher":{"@id":"https:\/\/www.prijedordanas.com\/#organization"},"keywords":["CJB Prijedor","Ljuban Vujasin","napad","plata","policajka","starac","Vahida Tihi\u0107"],"articleSection":["Hronika"],"inLanguage":"en-US"},{"@type":"WebPage","@id":"https:\/\/www.prijedordanas.com\/?p=36915","url":"https:\/\/www.prijedordanas.com\/?p=36915","name":"NASILNOJ POLICAJKI ZBOG NAPADA NA STARCA \u201eSREZANA\u201c PLATA - PrijedorDanas.com - Prijedorski gradski portal","isPartOf":{"@id":"https:\/\/www.prijedordanas.com\/#website"},"datePublished":"2015-12-21T15:00:23+00:00","dateModified":"2015-12-21T15:00:23+00:00","breadcrumb":{"@id":"https:\/\/www.prijedordanas.com\/?p=36915#breadcrumb"},"inLanguage":"en-US","potentialAction":[{"@type":"ReadAction","target":["https:\/\/www.prijedordanas.com\/?p=36915"]}]},{"@type":"BreadcrumbList","@id":"https:\/\/www.prijedordanas.com\/?p=36915#breadcrumb","itemListElement":[{"@type":"ListItem","position":1,"name":"Home","item":"https:\/\/www.prijedordanas.com\/"},{"@type":"ListItem","position":2,"name":"NASILNOJ POLICAJKI ZBOG NAPADA NA STARCA \u201eSREZANA\u201c PLATA"}]},{"@type":"WebSite","@id":"https:\/\/www.prijedordanas.com\/#website","url":"https:\/\/www.prijedordanas.com\/","name":"PrijedorDanas.com - Prijedorski gradski portal","description":"Portal o doga\u0111anjima u gradu Prijedoru","publisher":{"@id":"https:\/\/www.prijedordanas.com\/#organization"},"potentialAction":[{"@type":"SearchAction","target":{"@type":"EntryPoint","urlTemplate":"https:\/\/www.prijedordanas.com\/?s={search_term_string}"},"query-input":"required name=search_term_string"}],"inLanguage":"en-US"},{"@type":"Organization","@id":"https:\/\/www.prijedordanas.com\/#organization","name":"PrijedorDanas.com","url":"https:\/\/www.prijedordanas.com\/","logo":{"@type":"ImageObject","inLanguage":"en-US","@id":"https:\/\/www.prijedordanas.com\/#\/schema\/logo\/image\/","url":"http:\/\/www.prijedordanas.com\/wp-content\/uploads\/2021\/12\/logopng.png","contentUrl":"http:\/\/www.prijedordanas.com\/wp-content\/uploads\/2021\/12\/logopng.png","width":1019,"height":776,"caption":"PrijedorDanas.com"},"image":{"@id":"https:\/\/www.prijedordanas.com\/#\/schema\/logo\/image\/"},"sameAs":["https:\/\/www.facebook.com\/PrijedorDanasCom\/"]},{"@type":"Person","@id":"https:\/\/www.prijedordanas.com\/#\/schema\/person\/4e08ccf29b506ca916ff86d46bb700e6","name":"admin","image":{"@type":"ImageObject","inLanguage":"en-US","@id":"https:\/\/www.prijedordanas.com\/#\/schema\/person\/image\/","url":"https:\/\/secure.gravatar.com\/avatar\/1d3fc949d550f0b53a5f0d51e06dfd79?s=96&d=mm&r=g","contentUrl":"https:\/\/secure.gravatar.com\/avatar\/1d3fc949d550f0b53a5f0d51e06dfd79?s=96&d=mm&r=g","caption":"admin"},"url":"https:\/\/www.prijedordanas.com\/?author=1"}]}},"_links":{"self":[{"href":"https:\/\/www.prijedordanas.com\/index.php?rest_route=\/wp\/v2\/posts\/36915"}],"collection":[{"href":"https:\/\/www.prijedordanas.com\/index.php?rest_route=\/wp\/v2\/posts"}],"about":[{"href":"https:\/\/www.prijedordanas.com\/index.php?rest_route=\/wp\/v2\/types\/post"}],"author":[{"embeddable":true,"href":"https:\/\/www.prijedordanas.com\/index.php?rest_route=\/wp\/v2\/users\/1"}],"replies":[{"embeddable":true,"href":"https:\/\/www.prijedordanas.com\/index.php?rest_route=%2Fwp%2Fv2%2Fcomments&post=36915"}],"version-history":[{"count":1,"href":"https:\/\/www.prijedordanas.com\/index.php?rest_route=\/wp\/v2\/posts\/36915\/revisions"}],"predecessor-version":[{"id":36917,"href":"https:\/\/www.prijedordanas.com\/index.php?rest_route=\/wp\/v2\/posts\/36915\/revisions\/36917"}],"wp:attachment":[{"href":"https:\/\/www.prijedordanas.com\/index.php?rest_route=%2Fwp%2Fv2%2Fmedia&parent=36915"}],"wp:term":[{"taxonomy":"category","embeddable":true,"href":"https:\/\/www.prijedordanas.com\/index.php?rest_route=%2Fwp%2Fv2%2Fcategories&post=36915"},{"taxonomy":"post_tag","embeddable":true,"href":"https:\/\/www.prijedordanas.com\/index.php?rest_route=%2Fwp%2Fv2%2Ftags&post=36915"}],"curies":[{"name":"wp","href":"https:\/\/api.w.org\/{rel}","templated":true}]}}