{"id":36897,"date":"2015-12-21T15:43:17","date_gmt":"2015-12-21T14:43:17","guid":{"rendered":"https:\/\/www.prijedordanas.com\/?p=36897"},"modified":"2015-12-21T15:46:37","modified_gmt":"2015-12-21T14:46:37","slug":"spomenik-kulture-star-300-godina-kuli-u-kozarcu-prijeti-nestanak-zbog-nebrige-foto","status":"publish","type":"post","link":"https:\/\/www.prijedordanas.com\/?p=36897","title":{"rendered":"SPOMENIK KULTURE STAR 300 GODINA: KULI U KOZARCU PRIJETI NESTANAK ZBOG NEBRIGE \u2013 FOTO"},"content":{"rendered":"<p><a href=\"https:\/\/www.prijedordanas.com\/wp-content\/uploads\/2015\/12\/anadolija-kula-kozarac-1.jpg\" rel=\"attachment wp-att-36898\"><img loading=\"lazy\" decoding=\"async\" class=\"alignleft size-medium wp-image-36898\" src=\"https:\/\/www.prijedordanas.com\/wp-content\/uploads\/2015\/12\/anadolija-kula-kozarac-1-300x200.jpg\" alt=\"anadolija-kula kozarac (1)\" width=\"300\" height=\"200\" srcset=\"https:\/\/www.prijedordanas.com\/wp-content\/uploads\/2015\/12\/anadolija-kula-kozarac-1-300x200.jpg 300w, https:\/\/www.prijedordanas.com\/wp-content\/uploads\/2015\/12\/anadolija-kula-kozarac-1-480x320.jpg 480w, https:\/\/www.prijedordanas.com\/wp-content\/uploads\/2015\/12\/anadolija-kula-kozarac-1.jpg 600w\" sizes=\"(max-width: 300px) 100vw, 300px\" \/><\/a>Kozara\u010dka kula je 279 godina simbol Kozarca i jedna je od mnogih ugro\u017eenih nacionalnih spomenika kulture u Bosni i Hercegovini, a kako stvari stoje mali su izgledi da \u0107e se uskoro krenuti u njenu rekonstrukciju i za\u0161tititi je od dalje devastacije.<\/p>\n<p>Za nepuna tri vijeka njenog postojanja na njoj su tragovi turbulentnih vremena, dru\u0161tvenih previranja, vremenskih nepogoda i naravnoljudske nebrige.<\/p>\n<p>Njena unutra\u0161njost je u potpunosti uru\u0161ena, a i vanjski izgled je samo tek za nijansu bolji, ali nikako ohrabruju\u0107i, tako da je te\u0161ko zamisliti da je imala \u010detiri sprata i da je u njoj nekada bila smje\u0161tena kapetanija sa oko 230 vojnika.<\/p>\n<p><a href=\"https:\/\/www.prijedordanas.com\/wp-content\/uploads\/2015\/12\/anadolija-kula-kozarac-2.jpg\" rel=\"attachment wp-att-36899\"><img loading=\"lazy\" decoding=\"async\" class=\"alignleft size-medium wp-image-36899\" src=\"https:\/\/www.prijedordanas.com\/wp-content\/uploads\/2015\/12\/anadolija-kula-kozarac-2-200x300.jpg\" alt=\"anadolija-kula kozarac (2)\" width=\"200\" height=\"300\" srcset=\"https:\/\/www.prijedordanas.com\/wp-content\/uploads\/2015\/12\/anadolija-kula-kozarac-2-200x300.jpg 200w, https:\/\/www.prijedordanas.com\/wp-content\/uploads\/2015\/12\/anadolija-kula-kozarac-2.jpg 400w\" sizes=\"(max-width: 200px) 100vw, 200px\" \/><\/a>Prema sa\u010duvanim dokumentima kula je imala gornji sprat zajedno sa \u0161atorastim krovom (\u010datama), me\u0111utim 1935. godine njen tada\u0161nji vlasnik Huso Klju\u010danin &#8220;skinuo&#8221; je ovaj sprat i ostale dijelove prilagodio za stambene prostorije, a po\u010detkom Drugog svjetskog rata &#8220;skinuo&#8221; je i krovnu konstrukciju, pa je zub vremena uni\u0161tio sve osim vanjskih zidova.<\/p>\n<p>Devastacija zapo\u010dela nakon Drugog svjetskog rata<\/p>\n<p>Jedina do sada akcija na njenoj za\u0161titi preduzeta je krajem 50-ih godina pro\u0161log vijeka, kada je stavljena pod krov, ali je i njega zbog starostiodavno trebalo zamijeniti.<\/p>\n<p>&#8220;Zavodu za urbanizam RS-a i lokalnoj upravi u Prijedoru uputili smo 1998. godine zahtjev da se kao prioritetno obnove objekti zgrade stare \u0161kole, Kozara\u010dke kula i Dom kulture Kozarac, me\u0111utim godinu dana od upu\u0107ivanja zahtjeva od Zavoda smo dobili odobrenje da se samo obnovi \u0161kolska zgrada\u201c, izjavila je za Anadolu Agency predsjednica NVO &#8220;Srcem do mira\u201c Emsuda Mujad\u017ei\u0107.<\/p>\n<p>Dodala je da je zahvaljuju\u0107i donatorskim sredstvima Vlade Finske ona obnovljena 2003. godine i to na stotu godi\u0161njicu od izgradnje \u0161kole.<\/p>\n<p><a href=\"https:\/\/www.prijedordanas.com\/wp-content\/uploads\/2015\/12\/anadolija-kula-kozarac-3.jpg\" rel=\"attachment wp-att-36901\"><img loading=\"lazy\" decoding=\"async\" class=\"alignleft size-medium wp-image-36901\" src=\"https:\/\/www.prijedordanas.com\/wp-content\/uploads\/2015\/12\/anadolija-kula-kozarac-3-300x200.jpg\" alt=\"anadolija-kula kozarac (3)\" width=\"300\" height=\"200\" srcset=\"https:\/\/www.prijedordanas.com\/wp-content\/uploads\/2015\/12\/anadolija-kula-kozarac-3-300x200.jpg 300w, https:\/\/www.prijedordanas.com\/wp-content\/uploads\/2015\/12\/anadolija-kula-kozarac-3-480x320.jpg 480w, https:\/\/www.prijedordanas.com\/wp-content\/uploads\/2015\/12\/anadolija-kula-kozarac-3.jpg 600w\" sizes=\"(max-width: 300px) 100vw, 300px\" \/><\/a>&#8220;Bila je me\u0111u prvim osnovnim \u0161kolama u Bosni i Hercegovini u kojoj su se obrazovala djeca oba pola. Ona je podignuta na temelju nekada\u0161nje \u0161kole koja je osnovana u Kozaracu kada je Kozarac za vrijeme Osmanske vlasti bio vojni, sudski i administrativni centar ovog podru\u010dja&#8221;, kazala je Mujad\u017ei\u0107.<\/p>\n<p>Navela je da je obnovljena \u0161kolska zgrada pretvorena u Mirovni centar &#8220;Ku\u0107a mira\u201c, u kojem se svake godine okupljaju aktivisti iz \u010ditavog svijeta i u kojem se odr\u017eavaju mirovne konferencije i radionice.<\/p>\n<p>Prema njenim rije\u010dima devastacija Kozara\u010dke kule zapo\u010dela je nakon Drugog svjetskog rata, kada je njen prostor decenijama koristilo preduze\u0107e &#8220;Trgoprodaja\u201c kao skladi\u0161te i naglasila da se on, koji je sada privatizovan, koristi u iste svrhe.<\/p>\n<p><a href=\"https:\/\/www.prijedordanas.com\/wp-content\/uploads\/2015\/12\/anadolija-kula-kozarac-4.jpg\" rel=\"attachment wp-att-36902\"><img loading=\"lazy\" decoding=\"async\" class=\"alignleft size-medium wp-image-36902\" src=\"https:\/\/www.prijedordanas.com\/wp-content\/uploads\/2015\/12\/anadolija-kula-kozarac-4-200x300.jpg\" alt=\"anadolija-kula kozarac (4)\" width=\"200\" height=\"300\" srcset=\"https:\/\/www.prijedordanas.com\/wp-content\/uploads\/2015\/12\/anadolija-kula-kozarac-4-200x300.jpg 200w, https:\/\/www.prijedordanas.com\/wp-content\/uploads\/2015\/12\/anadolija-kula-kozarac-4.jpg 400w\" sizes=\"(max-width: 200px) 100vw, 200px\" \/><\/a>Ocijenila je da je u ne\u0161to boljoj poziciji prostor gdje je nekad bio restoran, koji je, tako\u0111er, privatizovan, jer opet slu\u017ei u iste svrhe.<\/p>\n<p>&#8220;Za pomo\u0107 smo se obra\u0107ali i turskoj fondaciji koja vodi brigu o za\u0161titi nacionalnih kulturno-istorijskih spomenika i koja je ve\u0107 obezbje\u0111ivala donatorska sredstva za za\u0161titu nekih spomenika iz Osmanskog perioda na podru\u010dju Bosne i Hercegovine i od njenih predstavnika smo dobili obe\u0107anje da \u0107e nam pomo\u0107i, ali da joj trebamo dostaviti kompletnu dokumentaciju i idejno rje\u0161enje za obnovu, za \u010dije prikupljanje i izradu treba i odre\u0111eno vrijeme,\u201c istakla je Mujad\u017ei\u0107.<\/p>\n<p>Mujad\u017ei\u0107 je kazala da je te\u0161ko odrediti koliko bi trebalo izdvojiti sredstava za obnovu Kule, dok se ne utvrdi u kakvom su stanju njen temelj i vanjski zidovi, ali je mi\u0161ljenja da \u0107e vjerovatno biti potrebno nekoliko miliona maraka.<\/p>\n<p>Nije obnovljena ni u ratu uni\u0161tena asker-d\u017eamija<\/p>\n<p>Njen sugra\u0111anin Sead \u010cirkin u telefonskom razgovoru je rekao da od obnove Kozara\u010dke kule nema ni\u0161ta dok Kozarac ponovo ne postane op\u0161tina i naveo da se u tom pravcu vode aktivnosti.<\/p>\n<p><a href=\"https:\/\/www.prijedordanas.com\/wp-content\/uploads\/2015\/12\/anadolija-kula-kozarac-5.jpg\" rel=\"attachment wp-att-36904\"><img loading=\"lazy\" decoding=\"async\" class=\"alignleft size-medium wp-image-36904\" src=\"https:\/\/www.prijedordanas.com\/wp-content\/uploads\/2015\/12\/anadolija-kula-kozarac-5-200x300.jpg\" alt=\"anadolija-kula kozarac (5)\" width=\"200\" height=\"300\" srcset=\"https:\/\/www.prijedordanas.com\/wp-content\/uploads\/2015\/12\/anadolija-kula-kozarac-5-200x300.jpg 200w, https:\/\/www.prijedordanas.com\/wp-content\/uploads\/2015\/12\/anadolija-kula-kozarac-5.jpg 400w\" sizes=\"(max-width: 200px) 100vw, 200px\" \/><\/a>Prozvao je lokalnu upravu u Prijedoru da je svojim rje\u0161enjima, donesenim prije 20 godina, omogu\u0107ila pojedincima da uzurpiraju njenu imovinu.<\/p>\n<p>Kozarac je 1687. godine postao vojni, sudsko-administrativni centar tog podru\u010dja, a kula je kao i gradski kameni bedemi debljine jedan metar, visine pet metara i du\u017eine 200 metara, izgra\u0111eni tokom obnove grada nakon oslobo\u0111enja od austrijske vojske koji je kratko vrijeme pod njenom okupacijom.<\/p>\n<p>Iz istorijskih dokumenata se saznaje da je grad bio obezbije\u0111en sa 12 topova, kao i to da je 230 vojnika sa svojim zapovjednicima bilo podijeljeno u sedam vodova, te da je kapetanija imala godi\u0161nju platu od 3.871 gro\u0161a i 70 para.<\/p>\n<p>U Kozarcu jo\u0161 nije obnovljena, u proteklom ratu devastirana, d\u017eamija koja je narodu ostala upam\u0107ena kao asker-d\u017eamija, jer su u nju vojnici odlazili na molitve.<\/p>\n<p>U sa\u010duvanim dokumentima ostalo je zapisano da je u razli\u010ditim periodima pet Kozar\u010dana zapovjedalo kapetanijom.<\/p>\n<p>Njihovi mezari se nalaze u jednom od gradskih mezarja sa podignutim ni\u0161anima.<\/p>\n<p>Bedemi oko tada\u0161njeg grada poru\u0161eni su 1835. godine, a vojna posada napustila je Kozarac 1839.godine.<\/p>\n<p>Agencija Anadolija &#8211; Radiosarajevo.ba<\/p>\n","protected":false},"excerpt":{"rendered":"<p>Kozara\u010dka kula je 279 godina simbol Kozarca i jedna je od mnogih ugro\u017eenih nacionalnih spomenika kulture u Bosni i Hercegovini, a kako stvari stoje mali su izgledi da \u0107e se [&hellip;]<\/p>\n","protected":false},"author":1,"featured_media":0,"comment_status":"closed","ping_status":"open","sticky":false,"template":"","format":"standard","meta":{"_monsterinsights_skip_tracking":false,"_monsterinsights_sitenote_active":false,"_monsterinsights_sitenote_note":"","_monsterinsights_sitenote_category":0,"footnotes":""},"categories":[6],"tags":[112,6256,6255,6254],"yoast_head":"<!-- This site is optimized with the Yoast SEO plugin v21.6 - https:\/\/yoast.com\/wordpress\/plugins\/seo\/ -->\n<title>SPOMENIK KULTURE STAR 300 GODINA: KULI U KOZARCU PRIJETI NESTANAK ZBOG NEBRIGE \u2013 FOTO - PrijedorDanas.com - Prijedorski gradski portal<\/title>\n<meta name=\"robots\" content=\"index, follow, max-snippet:-1, max-image-preview:large, max-video-preview:-1\" \/>\n<link rel=\"canonical\" href=\"https:\/\/www.prijedordanas.com\/?p=36897\" \/>\n<meta property=\"og:locale\" content=\"en_US\" \/>\n<meta property=\"og:type\" content=\"article\" \/>\n<meta property=\"og:title\" content=\"SPOMENIK KULTURE STAR 300 GODINA: KULI U KOZARCU PRIJETI NESTANAK ZBOG NEBRIGE \u2013 FOTO - PrijedorDanas.com - Prijedorski gradski portal\" \/>\n<meta property=\"og:description\" content=\"Kozara\u010dka kula je 279 godina simbol Kozarca i jedna je od mnogih ugro\u017eenih nacionalnih spomenika kulture u Bosni i Hercegovini, a kako stvari stoje mali su izgledi da \u0107e se [&hellip;]\" \/>\n<meta property=\"og:url\" content=\"https:\/\/www.prijedordanas.com\/?p=36897\" \/>\n<meta property=\"og:site_name\" content=\"PrijedorDanas.com - Prijedorski gradski portal\" \/>\n<meta property=\"article:publisher\" content=\"https:\/\/www.facebook.com\/PrijedorDanasCom\/\" \/>\n<meta property=\"article:published_time\" content=\"2015-12-21T14:43:17+00:00\" \/>\n<meta property=\"article:modified_time\" content=\"2015-12-21T14:46:37+00:00\" \/>\n<meta property=\"og:image\" content=\"https:\/\/www.prijedordanas.com\/wp-content\/uploads\/2015\/12\/anadolija-kula-kozarac-1-300x200.jpg\" \/>\n<meta name=\"author\" content=\"admin\" \/>\n<meta name=\"twitter:card\" content=\"summary_large_image\" \/>\n<meta name=\"twitter:label1\" content=\"Written by\" \/>\n\t<meta name=\"twitter:data1\" content=\"admin\" \/>\n\t<meta name=\"twitter:label2\" content=\"Est. reading time\" \/>\n\t<meta name=\"twitter:data2\" content=\"4 minutes\" \/>\n<script type=\"application\/ld+json\" class=\"yoast-schema-graph\">{\"@context\":\"https:\/\/schema.org\",\"@graph\":[{\"@type\":\"Article\",\"@id\":\"https:\/\/www.prijedordanas.com\/?p=36897#article\",\"isPartOf\":{\"@id\":\"https:\/\/www.prijedordanas.com\/?p=36897\"},\"author\":{\"name\":\"admin\",\"@id\":\"https:\/\/www.prijedordanas.com\/#\/schema\/person\/4e08ccf29b506ca916ff86d46bb700e6\"},\"headline\":\"SPOMENIK KULTURE STAR 300 GODINA: KULI U KOZARCU PRIJETI NESTANAK ZBOG NEBRIGE \u2013 FOTO\",\"datePublished\":\"2015-12-21T14:43:17+00:00\",\"dateModified\":\"2015-12-21T14:46:37+00:00\",\"mainEntityOfPage\":{\"@id\":\"https:\/\/www.prijedordanas.com\/?p=36897\"},\"wordCount\":802,\"publisher\":{\"@id\":\"https:\/\/www.prijedordanas.com\/#organization\"},\"keywords\":[\"Kozarac\",\"Kozara\u010dka kula\",\"Kula\",\"spomenik kulture\"],\"articleSection\":[\"Kultura\"],\"inLanguage\":\"en-US\"},{\"@type\":\"WebPage\",\"@id\":\"https:\/\/www.prijedordanas.com\/?p=36897\",\"url\":\"https:\/\/www.prijedordanas.com\/?p=36897\",\"name\":\"SPOMENIK KULTURE STAR 300 GODINA: KULI U KOZARCU PRIJETI NESTANAK ZBOG NEBRIGE \u2013 FOTO - PrijedorDanas.com - Prijedorski gradski portal\",\"isPartOf\":{\"@id\":\"https:\/\/www.prijedordanas.com\/#website\"},\"datePublished\":\"2015-12-21T14:43:17+00:00\",\"dateModified\":\"2015-12-21T14:46:37+00:00\",\"breadcrumb\":{\"@id\":\"https:\/\/www.prijedordanas.com\/?p=36897#breadcrumb\"},\"inLanguage\":\"en-US\",\"potentialAction\":[{\"@type\":\"ReadAction\",\"target\":[\"https:\/\/www.prijedordanas.com\/?p=36897\"]}]},{\"@type\":\"BreadcrumbList\",\"@id\":\"https:\/\/www.prijedordanas.com\/?p=36897#breadcrumb\",\"itemListElement\":[{\"@type\":\"ListItem\",\"position\":1,\"name\":\"Home\",\"item\":\"https:\/\/www.prijedordanas.com\/\"},{\"@type\":\"ListItem\",\"position\":2,\"name\":\"SPOMENIK KULTURE STAR 300 GODINA: KULI U KOZARCU PRIJETI NESTANAK ZBOG NEBRIGE \u2013 FOTO\"}]},{\"@type\":\"WebSite\",\"@id\":\"https:\/\/www.prijedordanas.com\/#website\",\"url\":\"https:\/\/www.prijedordanas.com\/\",\"name\":\"PrijedorDanas.com - Prijedorski gradski portal\",\"description\":\"Portal o doga\u0111anjima u gradu Prijedoru\",\"publisher\":{\"@id\":\"https:\/\/www.prijedordanas.com\/#organization\"},\"potentialAction\":[{\"@type\":\"SearchAction\",\"target\":{\"@type\":\"EntryPoint\",\"urlTemplate\":\"https:\/\/www.prijedordanas.com\/?s={search_term_string}\"},\"query-input\":\"required name=search_term_string\"}],\"inLanguage\":\"en-US\"},{\"@type\":\"Organization\",\"@id\":\"https:\/\/www.prijedordanas.com\/#organization\",\"name\":\"PrijedorDanas.com\",\"url\":\"https:\/\/www.prijedordanas.com\/\",\"logo\":{\"@type\":\"ImageObject\",\"inLanguage\":\"en-US\",\"@id\":\"https:\/\/www.prijedordanas.com\/#\/schema\/logo\/image\/\",\"url\":\"http:\/\/www.prijedordanas.com\/wp-content\/uploads\/2021\/12\/logopng.png\",\"contentUrl\":\"http:\/\/www.prijedordanas.com\/wp-content\/uploads\/2021\/12\/logopng.png\",\"width\":1019,\"height\":776,\"caption\":\"PrijedorDanas.com\"},\"image\":{\"@id\":\"https:\/\/www.prijedordanas.com\/#\/schema\/logo\/image\/\"},\"sameAs\":[\"https:\/\/www.facebook.com\/PrijedorDanasCom\/\"]},{\"@type\":\"Person\",\"@id\":\"https:\/\/www.prijedordanas.com\/#\/schema\/person\/4e08ccf29b506ca916ff86d46bb700e6\",\"name\":\"admin\",\"image\":{\"@type\":\"ImageObject\",\"inLanguage\":\"en-US\",\"@id\":\"https:\/\/www.prijedordanas.com\/#\/schema\/person\/image\/\",\"url\":\"https:\/\/secure.gravatar.com\/avatar\/1d3fc949d550f0b53a5f0d51e06dfd79?s=96&d=mm&r=g\",\"contentUrl\":\"https:\/\/secure.gravatar.com\/avatar\/1d3fc949d550f0b53a5f0d51e06dfd79?s=96&d=mm&r=g\",\"caption\":\"admin\"},\"url\":\"https:\/\/www.prijedordanas.com\/?author=1\"}]}<\/script>\n<!-- \/ Yoast SEO plugin. -->","yoast_head_json":{"title":"SPOMENIK KULTURE STAR 300 GODINA: KULI U KOZARCU PRIJETI NESTANAK ZBOG NEBRIGE \u2013 FOTO - PrijedorDanas.com - Prijedorski gradski portal","robots":{"index":"index","follow":"follow","max-snippet":"max-snippet:-1","max-image-preview":"max-image-preview:large","max-video-preview":"max-video-preview:-1"},"canonical":"https:\/\/www.prijedordanas.com\/?p=36897","og_locale":"en_US","og_type":"article","og_title":"SPOMENIK KULTURE STAR 300 GODINA: KULI U KOZARCU PRIJETI NESTANAK ZBOG NEBRIGE \u2013 FOTO - PrijedorDanas.com - Prijedorski gradski portal","og_description":"Kozara\u010dka kula je 279 godina simbol Kozarca i jedna je od mnogih ugro\u017eenih nacionalnih spomenika kulture u Bosni i Hercegovini, a kako stvari stoje mali su izgledi da \u0107e se [&hellip;]","og_url":"https:\/\/www.prijedordanas.com\/?p=36897","og_site_name":"PrijedorDanas.com - Prijedorski gradski portal","article_publisher":"https:\/\/www.facebook.com\/PrijedorDanasCom\/","article_published_time":"2015-12-21T14:43:17+00:00","article_modified_time":"2015-12-21T14:46:37+00:00","og_image":[{"url":"https:\/\/www.prijedordanas.com\/wp-content\/uploads\/2015\/12\/anadolija-kula-kozarac-1-300x200.jpg"}],"author":"admin","twitter_card":"summary_large_image","twitter_misc":{"Written by":"admin","Est. reading time":"4 minutes"},"schema":{"@context":"https:\/\/schema.org","@graph":[{"@type":"Article","@id":"https:\/\/www.prijedordanas.com\/?p=36897#article","isPartOf":{"@id":"https:\/\/www.prijedordanas.com\/?p=36897"},"author":{"name":"admin","@id":"https:\/\/www.prijedordanas.com\/#\/schema\/person\/4e08ccf29b506ca916ff86d46bb700e6"},"headline":"SPOMENIK KULTURE STAR 300 GODINA: KULI U KOZARCU PRIJETI NESTANAK ZBOG NEBRIGE \u2013 FOTO","datePublished":"2015-12-21T14:43:17+00:00","dateModified":"2015-12-21T14:46:37+00:00","mainEntityOfPage":{"@id":"https:\/\/www.prijedordanas.com\/?p=36897"},"wordCount":802,"publisher":{"@id":"https:\/\/www.prijedordanas.com\/#organization"},"keywords":["Kozarac","Kozara\u010dka kula","Kula","spomenik kulture"],"articleSection":["Kultura"],"inLanguage":"en-US"},{"@type":"WebPage","@id":"https:\/\/www.prijedordanas.com\/?p=36897","url":"https:\/\/www.prijedordanas.com\/?p=36897","name":"SPOMENIK KULTURE STAR 300 GODINA: KULI U KOZARCU PRIJETI NESTANAK ZBOG NEBRIGE \u2013 FOTO - PrijedorDanas.com - Prijedorski gradski portal","isPartOf":{"@id":"https:\/\/www.prijedordanas.com\/#website"},"datePublished":"2015-12-21T14:43:17+00:00","dateModified":"2015-12-21T14:46:37+00:00","breadcrumb":{"@id":"https:\/\/www.prijedordanas.com\/?p=36897#breadcrumb"},"inLanguage":"en-US","potentialAction":[{"@type":"ReadAction","target":["https:\/\/www.prijedordanas.com\/?p=36897"]}]},{"@type":"BreadcrumbList","@id":"https:\/\/www.prijedordanas.com\/?p=36897#breadcrumb","itemListElement":[{"@type":"ListItem","position":1,"name":"Home","item":"https:\/\/www.prijedordanas.com\/"},{"@type":"ListItem","position":2,"name":"SPOMENIK KULTURE STAR 300 GODINA: KULI U KOZARCU PRIJETI NESTANAK ZBOG NEBRIGE \u2013 FOTO"}]},{"@type":"WebSite","@id":"https:\/\/www.prijedordanas.com\/#website","url":"https:\/\/www.prijedordanas.com\/","name":"PrijedorDanas.com - Prijedorski gradski portal","description":"Portal o doga\u0111anjima u gradu Prijedoru","publisher":{"@id":"https:\/\/www.prijedordanas.com\/#organization"},"potentialAction":[{"@type":"SearchAction","target":{"@type":"EntryPoint","urlTemplate":"https:\/\/www.prijedordanas.com\/?s={search_term_string}"},"query-input":"required name=search_term_string"}],"inLanguage":"en-US"},{"@type":"Organization","@id":"https:\/\/www.prijedordanas.com\/#organization","name":"PrijedorDanas.com","url":"https:\/\/www.prijedordanas.com\/","logo":{"@type":"ImageObject","inLanguage":"en-US","@id":"https:\/\/www.prijedordanas.com\/#\/schema\/logo\/image\/","url":"http:\/\/www.prijedordanas.com\/wp-content\/uploads\/2021\/12\/logopng.png","contentUrl":"http:\/\/www.prijedordanas.com\/wp-content\/uploads\/2021\/12\/logopng.png","width":1019,"height":776,"caption":"PrijedorDanas.com"},"image":{"@id":"https:\/\/www.prijedordanas.com\/#\/schema\/logo\/image\/"},"sameAs":["https:\/\/www.facebook.com\/PrijedorDanasCom\/"]},{"@type":"Person","@id":"https:\/\/www.prijedordanas.com\/#\/schema\/person\/4e08ccf29b506ca916ff86d46bb700e6","name":"admin","image":{"@type":"ImageObject","inLanguage":"en-US","@id":"https:\/\/www.prijedordanas.com\/#\/schema\/person\/image\/","url":"https:\/\/secure.gravatar.com\/avatar\/1d3fc949d550f0b53a5f0d51e06dfd79?s=96&d=mm&r=g","contentUrl":"https:\/\/secure.gravatar.com\/avatar\/1d3fc949d550f0b53a5f0d51e06dfd79?s=96&d=mm&r=g","caption":"admin"},"url":"https:\/\/www.prijedordanas.com\/?author=1"}]}},"_links":{"self":[{"href":"https:\/\/www.prijedordanas.com\/index.php?rest_route=\/wp\/v2\/posts\/36897"}],"collection":[{"href":"https:\/\/www.prijedordanas.com\/index.php?rest_route=\/wp\/v2\/posts"}],"about":[{"href":"https:\/\/www.prijedordanas.com\/index.php?rest_route=\/wp\/v2\/types\/post"}],"author":[{"embeddable":true,"href":"https:\/\/www.prijedordanas.com\/index.php?rest_route=\/wp\/v2\/users\/1"}],"replies":[{"embeddable":true,"href":"https:\/\/www.prijedordanas.com\/index.php?rest_route=%2Fwp%2Fv2%2Fcomments&post=36897"}],"version-history":[{"count":4,"href":"https:\/\/www.prijedordanas.com\/index.php?rest_route=\/wp\/v2\/posts\/36897\/revisions"}],"predecessor-version":[{"id":36906,"href":"https:\/\/www.prijedordanas.com\/index.php?rest_route=\/wp\/v2\/posts\/36897\/revisions\/36906"}],"wp:attachment":[{"href":"https:\/\/www.prijedordanas.com\/index.php?rest_route=%2Fwp%2Fv2%2Fmedia&parent=36897"}],"wp:term":[{"taxonomy":"category","embeddable":true,"href":"https:\/\/www.prijedordanas.com\/index.php?rest_route=%2Fwp%2Fv2%2Fcategories&post=36897"},{"taxonomy":"post_tag","embeddable":true,"href":"https:\/\/www.prijedordanas.com\/index.php?rest_route=%2Fwp%2Fv2%2Ftags&post=36897"}],"curies":[{"name":"wp","href":"https:\/\/api.w.org\/{rel}","templated":true}]}}