{"id":367,"date":"2014-03-02T00:01:17","date_gmt":"2014-03-01T23:01:17","guid":{"rendered":"http:\/\/portal.prijedor.rs.ba\/?p=367"},"modified":"2014-03-02T00:01:17","modified_gmt":"2014-03-01T23:01:17","slug":"sp-prijedor-dokic-reafirmisati-socijalisticku-ideju-u-potkozarju","status":"publish","type":"post","link":"https:\/\/www.prijedordanas.com\/?p=367","title":{"rendered":"SP PRIJEDOR \u2013 \u0110OKI\u0106: REAFIRMISATI SOCIJALISTI\u010cKU IDEJU U POTKOZARJU"},"content":{"rendered":"<p><a href=\"http:\/\/www.gradprijedor.org\/wp-content\/uploads\/2014\/03\/sp-konferencija-pd.jpg\"><img loading=\"lazy\" decoding=\"async\" src=\"http:\/\/www.gradprijedor.org\/wp-content\/uploads\/2014\/03\/sp-konferencija-pd-300x300.jpg\" alt=\"sp-konferencija pd\" width=\"150\" height=\"150\" class=\"alignleft size-thumbnail wp-image-368\" \/><\/a>Predsjednik Socijalisti\u010dke partije \/SP\/ Petar \u0110oki\u0107 rekao je da je ve\u010dera\u0161nja \u0161esta izborna konferencija Gradskog odbora SP-a Prijedor najava velikog pohoda socijalista na ovu regiju radi reafirmacije socijalisti\u010dke ideje na podru\u010dju Potkozarja.<\/p>\n<p>&#8220;Posljednjih izbornih ciklusa nismo u Prijedoru imali rezultat kojim bismo mogli biti zadovoljni. Vi\u0161e je faktora dovelo do toga, ali mi ve\u010deras u Prijedoru zavr\u0161avamo izborne aktivnosti u na\u0161oj partiji, te je posebno zadovoljstvo \u0161to smo u ovom gradu kona\u010dno uspjeli znatno pobolj\u0161ati na\u0161u organizaciju&#8221;, rekao je \u0110oki\u0107 na strana\u010dkom skupu u Prijedoru.<\/p>\n<p>On je dodao da je i Prijedor pokazatelj da se SP pro\u0161irila i obogatila novim i kvalitetnim \u010dlanstvom, koje je motivisano da mnogo vi\u0161e radi i koje je prepoznalo zna\u010daj socijalisti\u010dke ideje.<\/p>\n<p>&#8220;Stanje jeste te\u0161ko, ali ne toliko da se ne mo\u017ee promijeniti, a socijalisti\u010dka ideja je kroz istoriju, posebno u godinama krize, dolazila do izra\u017eaja i mijenjala svijet i uspostavljala ravnote\u017eu&#8221;, poru\u010dio je \u0110oki\u0107.<\/p>\n<p>Novoizabrani predsjednik Gradskog odbora SP-a Prijedor Milenko Puziga\u0107a pozvao je sugra\u0111ane u SP, koja je otvorena za sve ljude kojima je blizak program partije i koji \u017eele bolje sutra narodu Potkozarja.<\/p>\n<p>&#8220;Po raspu\u0161tanju prethodnog prijedorskog odbora socijalista utvr\u0111eno je da strana\u010dka infrastruktura nije bila dobro postavljena. Privremeni odbor osnovao je 20 mjesnih odbora i ubrzo \u0107emo pokazati koliko novih \u010dlanova \u0107e okupiti SP u Prijedoru&#8221;, kazao je Puziga\u0107a.<\/p>\n<p>Predstavnici SP-a iz Kozarske Dubice, Kostajnice i Banjaluke poru\u010dili su da SP ima snagu da iz Izborne jedinice 1 dobije jedan mandat u Narodnoj sku\u0161tini Republike Srpske, a ukupno \u0161est ili sedam mandata.<\/p>\n<p>Predsjednik Gradskog odbora Saveza nezavisnih socijaldemokrata \/SNSD\/ Drago Tadi\u0107 rekao je da o\u010dekuje da SNSD i SP nastave saradnju kao koalicija na o\u010duvanju Republike Srpske, njene ekonomije i njenih institucija.<\/p>\n<p>Predsjednik Gradskog odbora Demokratskog narodnog saveza \/DNS\/ Prijedor Milenko \u0110akovi\u0107 pozvao je socijaliste da sa DNS-om ostanu u koalicionim odnosima i da zajedno nastave raditi u korist gra\u0111ana Republike Srpske u ovim te\u0161kim vremenima.<\/p>\n<p>Izbornoj konferenciji Gradske organizacije SP Prijedor prisustvovali su i potpredsjednik SP-a \u017divko Marjanac, predstavnici Bora\u010dke, Organizacije porodica poginulih i zarobljenih boraca i nestalih civila, SUBNOR-a, Udru\u017eenja penzionera i Sindikalne organizacije, te gosti iz O\u0161tre Luke, Novog Grada i Lakta\u0161a.<\/p>\n<p>Na konferenciji su konstituisani Gradski odbor SP Prijedor i organi stranke.<\/p>\n<p>SRNA<\/p>\n","protected":false},"excerpt":{"rendered":"<p>Predsjednik Socijalisti\u010dke partije \/SP\/ Petar \u0110oki\u0107 rekao je da je ve\u010dera\u0161nja \u0161esta izborna konferencija Gradskog odbora SP-a Prijedor najava velikog pohoda socijalista na ovu regiju radi reafirmacije socijalisti\u010dke ideje na [&hellip;]<\/p>\n","protected":false},"author":2,"featured_media":0,"comment_status":"closed","ping_status":"closed","sticky":false,"template":"","format":"standard","meta":{"_monsterinsights_skip_tracking":false,"_monsterinsights_sitenote_active":false,"_monsterinsights_sitenote_note":"","_monsterinsights_sitenote_category":0,"footnotes":""},"categories":[4],"tags":[138,176,242],"yoast_head":"<!-- This site is optimized with the Yoast SEO plugin v21.6 - https:\/\/yoast.com\/wordpress\/plugins\/seo\/ -->\n<title>SP PRIJEDOR \u2013 \u0110OKI\u0106: REAFIRMISATI SOCIJALISTI\u010cKU IDEJU U POTKOZARJU - PrijedorDanas.com - Prijedorski gradski portal<\/title>\n<meta name=\"robots\" content=\"index, follow, max-snippet:-1, max-image-preview:large, max-video-preview:-1\" \/>\n<link rel=\"canonical\" href=\"https:\/\/www.prijedordanas.com\/?p=367\" \/>\n<meta property=\"og:locale\" content=\"en_US\" \/>\n<meta property=\"og:type\" content=\"article\" \/>\n<meta property=\"og:title\" content=\"SP PRIJEDOR \u2013 \u0110OKI\u0106: REAFIRMISATI SOCIJALISTI\u010cKU IDEJU U POTKOZARJU - PrijedorDanas.com - Prijedorski gradski portal\" \/>\n<meta property=\"og:description\" content=\"Predsjednik Socijalisti\u010dke partije \/SP\/ Petar \u0110oki\u0107 rekao je da je ve\u010dera\u0161nja \u0161esta izborna konferencija Gradskog odbora SP-a Prijedor najava velikog pohoda socijalista na ovu regiju radi reafirmacije socijalisti\u010dke ideje na [&hellip;]\" \/>\n<meta property=\"og:url\" content=\"https:\/\/www.prijedordanas.com\/?p=367\" \/>\n<meta property=\"og:site_name\" content=\"PrijedorDanas.com - Prijedorski gradski portal\" \/>\n<meta property=\"article:publisher\" content=\"https:\/\/www.facebook.com\/PrijedorDanasCom\/\" \/>\n<meta property=\"article:published_time\" content=\"2014-03-01T23:01:17+00:00\" \/>\n<meta property=\"og:image\" content=\"http:\/\/www.gradprijedor.org\/wp-content\/uploads\/2014\/03\/sp-konferencija-pd-300x300.jpg\" \/>\n<meta name=\"author\" content=\"A.D.\" \/>\n<meta name=\"twitter:card\" content=\"summary_large_image\" \/>\n<meta name=\"twitter:label1\" content=\"Written by\" \/>\n\t<meta name=\"twitter:data1\" content=\"A.D.\" \/>\n\t<meta name=\"twitter:label2\" content=\"Est. reading time\" \/>\n\t<meta name=\"twitter:data2\" content=\"2 minutes\" \/>\n<script type=\"application\/ld+json\" class=\"yoast-schema-graph\">{\"@context\":\"https:\/\/schema.org\",\"@graph\":[{\"@type\":\"Article\",\"@id\":\"https:\/\/www.prijedordanas.com\/?p=367#article\",\"isPartOf\":{\"@id\":\"https:\/\/www.prijedordanas.com\/?p=367\"},\"author\":{\"name\":\"A.D.\",\"@id\":\"https:\/\/www.prijedordanas.com\/#\/schema\/person\/9c3530fe609bf1df65a64c950352f53e\"},\"headline\":\"SP PRIJEDOR \u2013 \u0110OKI\u0106: REAFIRMISATI SOCIJALISTI\u010cKU IDEJU U POTKOZARJU\",\"datePublished\":\"2014-03-01T23:01:17+00:00\",\"dateModified\":\"2014-03-01T23:01:17+00:00\",\"mainEntityOfPage\":{\"@id\":\"https:\/\/www.prijedordanas.com\/?p=367\"},\"wordCount\":412,\"publisher\":{\"@id\":\"https:\/\/www.prijedordanas.com\/#organization\"},\"keywords\":[\"Milenko Puziga\u0107a\",\"Petar \u0110oki\u0107\",\"Socijalisti\u010dka partija\"],\"articleSection\":[\"Dru\u0161tvo\"],\"inLanguage\":\"en-US\"},{\"@type\":\"WebPage\",\"@id\":\"https:\/\/www.prijedordanas.com\/?p=367\",\"url\":\"https:\/\/www.prijedordanas.com\/?p=367\",\"name\":\"SP PRIJEDOR \u2013 \u0110OKI\u0106: REAFIRMISATI SOCIJALISTI\u010cKU IDEJU U POTKOZARJU - PrijedorDanas.com - Prijedorski gradski portal\",\"isPartOf\":{\"@id\":\"https:\/\/www.prijedordanas.com\/#website\"},\"datePublished\":\"2014-03-01T23:01:17+00:00\",\"dateModified\":\"2014-03-01T23:01:17+00:00\",\"breadcrumb\":{\"@id\":\"https:\/\/www.prijedordanas.com\/?p=367#breadcrumb\"},\"inLanguage\":\"en-US\",\"potentialAction\":[{\"@type\":\"ReadAction\",\"target\":[\"https:\/\/www.prijedordanas.com\/?p=367\"]}]},{\"@type\":\"BreadcrumbList\",\"@id\":\"https:\/\/www.prijedordanas.com\/?p=367#breadcrumb\",\"itemListElement\":[{\"@type\":\"ListItem\",\"position\":1,\"name\":\"Home\",\"item\":\"https:\/\/www.prijedordanas.com\/\"},{\"@type\":\"ListItem\",\"position\":2,\"name\":\"SP PRIJEDOR \u2013 \u0110OKI\u0106: REAFIRMISATI SOCIJALISTI\u010cKU IDEJU U POTKOZARJU\"}]},{\"@type\":\"WebSite\",\"@id\":\"https:\/\/www.prijedordanas.com\/#website\",\"url\":\"https:\/\/www.prijedordanas.com\/\",\"name\":\"PrijedorDanas.com - Prijedorski gradski portal\",\"description\":\"Portal o doga\u0111anjima u gradu Prijedoru\",\"publisher\":{\"@id\":\"https:\/\/www.prijedordanas.com\/#organization\"},\"potentialAction\":[{\"@type\":\"SearchAction\",\"target\":{\"@type\":\"EntryPoint\",\"urlTemplate\":\"https:\/\/www.prijedordanas.com\/?s={search_term_string}\"},\"query-input\":\"required name=search_term_string\"}],\"inLanguage\":\"en-US\"},{\"@type\":\"Organization\",\"@id\":\"https:\/\/www.prijedordanas.com\/#organization\",\"name\":\"PrijedorDanas.com\",\"url\":\"https:\/\/www.prijedordanas.com\/\",\"logo\":{\"@type\":\"ImageObject\",\"inLanguage\":\"en-US\",\"@id\":\"https:\/\/www.prijedordanas.com\/#\/schema\/logo\/image\/\",\"url\":\"http:\/\/www.prijedordanas.com\/wp-content\/uploads\/2021\/12\/logopng.png\",\"contentUrl\":\"http:\/\/www.prijedordanas.com\/wp-content\/uploads\/2021\/12\/logopng.png\",\"width\":1019,\"height\":776,\"caption\":\"PrijedorDanas.com\"},\"image\":{\"@id\":\"https:\/\/www.prijedordanas.com\/#\/schema\/logo\/image\/\"},\"sameAs\":[\"https:\/\/www.facebook.com\/PrijedorDanasCom\/\"]},{\"@type\":\"Person\",\"@id\":\"https:\/\/www.prijedordanas.com\/#\/schema\/person\/9c3530fe609bf1df65a64c950352f53e\",\"name\":\"A.D.\",\"image\":{\"@type\":\"ImageObject\",\"inLanguage\":\"en-US\",\"@id\":\"https:\/\/www.prijedordanas.com\/#\/schema\/person\/image\/\",\"url\":\"https:\/\/secure.gravatar.com\/avatar\/869d16e7da687e0800fdd5fe181dd132?s=96&d=mm&r=g\",\"contentUrl\":\"https:\/\/secure.gravatar.com\/avatar\/869d16e7da687e0800fdd5fe181dd132?s=96&d=mm&r=g\",\"caption\":\"A.D.\"},\"url\":\"https:\/\/www.prijedordanas.com\/?author=2\"}]}<\/script>\n<!-- \/ Yoast SEO plugin. -->","yoast_head_json":{"title":"SP PRIJEDOR \u2013 \u0110OKI\u0106: REAFIRMISATI SOCIJALISTI\u010cKU IDEJU U POTKOZARJU - PrijedorDanas.com - Prijedorski gradski portal","robots":{"index":"index","follow":"follow","max-snippet":"max-snippet:-1","max-image-preview":"max-image-preview:large","max-video-preview":"max-video-preview:-1"},"canonical":"https:\/\/www.prijedordanas.com\/?p=367","og_locale":"en_US","og_type":"article","og_title":"SP PRIJEDOR \u2013 \u0110OKI\u0106: REAFIRMISATI SOCIJALISTI\u010cKU IDEJU U POTKOZARJU - PrijedorDanas.com - Prijedorski gradski portal","og_description":"Predsjednik Socijalisti\u010dke partije \/SP\/ Petar \u0110oki\u0107 rekao je da je ve\u010dera\u0161nja \u0161esta izborna konferencija Gradskog odbora SP-a Prijedor najava velikog pohoda socijalista na ovu regiju radi reafirmacije socijalisti\u010dke ideje na [&hellip;]","og_url":"https:\/\/www.prijedordanas.com\/?p=367","og_site_name":"PrijedorDanas.com - Prijedorski gradski portal","article_publisher":"https:\/\/www.facebook.com\/PrijedorDanasCom\/","article_published_time":"2014-03-01T23:01:17+00:00","og_image":[{"url":"http:\/\/www.gradprijedor.org\/wp-content\/uploads\/2014\/03\/sp-konferencija-pd-300x300.jpg"}],"author":"A.D.","twitter_card":"summary_large_image","twitter_misc":{"Written by":"A.D.","Est. reading time":"2 minutes"},"schema":{"@context":"https:\/\/schema.org","@graph":[{"@type":"Article","@id":"https:\/\/www.prijedordanas.com\/?p=367#article","isPartOf":{"@id":"https:\/\/www.prijedordanas.com\/?p=367"},"author":{"name":"A.D.","@id":"https:\/\/www.prijedordanas.com\/#\/schema\/person\/9c3530fe609bf1df65a64c950352f53e"},"headline":"SP PRIJEDOR \u2013 \u0110OKI\u0106: REAFIRMISATI SOCIJALISTI\u010cKU IDEJU U POTKOZARJU","datePublished":"2014-03-01T23:01:17+00:00","dateModified":"2014-03-01T23:01:17+00:00","mainEntityOfPage":{"@id":"https:\/\/www.prijedordanas.com\/?p=367"},"wordCount":412,"publisher":{"@id":"https:\/\/www.prijedordanas.com\/#organization"},"keywords":["Milenko Puziga\u0107a","Petar \u0110oki\u0107","Socijalisti\u010dka partija"],"articleSection":["Dru\u0161tvo"],"inLanguage":"en-US"},{"@type":"WebPage","@id":"https:\/\/www.prijedordanas.com\/?p=367","url":"https:\/\/www.prijedordanas.com\/?p=367","name":"SP PRIJEDOR \u2013 \u0110OKI\u0106: REAFIRMISATI SOCIJALISTI\u010cKU IDEJU U POTKOZARJU - PrijedorDanas.com - Prijedorski gradski portal","isPartOf":{"@id":"https:\/\/www.prijedordanas.com\/#website"},"datePublished":"2014-03-01T23:01:17+00:00","dateModified":"2014-03-01T23:01:17+00:00","breadcrumb":{"@id":"https:\/\/www.prijedordanas.com\/?p=367#breadcrumb"},"inLanguage":"en-US","potentialAction":[{"@type":"ReadAction","target":["https:\/\/www.prijedordanas.com\/?p=367"]}]},{"@type":"BreadcrumbList","@id":"https:\/\/www.prijedordanas.com\/?p=367#breadcrumb","itemListElement":[{"@type":"ListItem","position":1,"name":"Home","item":"https:\/\/www.prijedordanas.com\/"},{"@type":"ListItem","position":2,"name":"SP PRIJEDOR \u2013 \u0110OKI\u0106: REAFIRMISATI SOCIJALISTI\u010cKU IDEJU U POTKOZARJU"}]},{"@type":"WebSite","@id":"https:\/\/www.prijedordanas.com\/#website","url":"https:\/\/www.prijedordanas.com\/","name":"PrijedorDanas.com - Prijedorski gradski portal","description":"Portal o doga\u0111anjima u gradu Prijedoru","publisher":{"@id":"https:\/\/www.prijedordanas.com\/#organization"},"potentialAction":[{"@type":"SearchAction","target":{"@type":"EntryPoint","urlTemplate":"https:\/\/www.prijedordanas.com\/?s={search_term_string}"},"query-input":"required name=search_term_string"}],"inLanguage":"en-US"},{"@type":"Organization","@id":"https:\/\/www.prijedordanas.com\/#organization","name":"PrijedorDanas.com","url":"https:\/\/www.prijedordanas.com\/","logo":{"@type":"ImageObject","inLanguage":"en-US","@id":"https:\/\/www.prijedordanas.com\/#\/schema\/logo\/image\/","url":"http:\/\/www.prijedordanas.com\/wp-content\/uploads\/2021\/12\/logopng.png","contentUrl":"http:\/\/www.prijedordanas.com\/wp-content\/uploads\/2021\/12\/logopng.png","width":1019,"height":776,"caption":"PrijedorDanas.com"},"image":{"@id":"https:\/\/www.prijedordanas.com\/#\/schema\/logo\/image\/"},"sameAs":["https:\/\/www.facebook.com\/PrijedorDanasCom\/"]},{"@type":"Person","@id":"https:\/\/www.prijedordanas.com\/#\/schema\/person\/9c3530fe609bf1df65a64c950352f53e","name":"A.D.","image":{"@type":"ImageObject","inLanguage":"en-US","@id":"https:\/\/www.prijedordanas.com\/#\/schema\/person\/image\/","url":"https:\/\/secure.gravatar.com\/avatar\/869d16e7da687e0800fdd5fe181dd132?s=96&d=mm&r=g","contentUrl":"https:\/\/secure.gravatar.com\/avatar\/869d16e7da687e0800fdd5fe181dd132?s=96&d=mm&r=g","caption":"A.D."},"url":"https:\/\/www.prijedordanas.com\/?author=2"}]}},"_links":{"self":[{"href":"https:\/\/www.prijedordanas.com\/index.php?rest_route=\/wp\/v2\/posts\/367"}],"collection":[{"href":"https:\/\/www.prijedordanas.com\/index.php?rest_route=\/wp\/v2\/posts"}],"about":[{"href":"https:\/\/www.prijedordanas.com\/index.php?rest_route=\/wp\/v2\/types\/post"}],"author":[{"embeddable":true,"href":"https:\/\/www.prijedordanas.com\/index.php?rest_route=\/wp\/v2\/users\/2"}],"replies":[{"embeddable":true,"href":"https:\/\/www.prijedordanas.com\/index.php?rest_route=%2Fwp%2Fv2%2Fcomments&post=367"}],"version-history":[{"count":0,"href":"https:\/\/www.prijedordanas.com\/index.php?rest_route=\/wp\/v2\/posts\/367\/revisions"}],"wp:attachment":[{"href":"https:\/\/www.prijedordanas.com\/index.php?rest_route=%2Fwp%2Fv2%2Fmedia&parent=367"}],"wp:term":[{"taxonomy":"category","embeddable":true,"href":"https:\/\/www.prijedordanas.com\/index.php?rest_route=%2Fwp%2Fv2%2Fcategories&post=367"},{"taxonomy":"post_tag","embeddable":true,"href":"https:\/\/www.prijedordanas.com\/index.php?rest_route=%2Fwp%2Fv2%2Ftags&post=367"}],"curies":[{"name":"wp","href":"https:\/\/api.w.org\/{rel}","templated":true}]}}