{"id":36685,"date":"2015-12-19T11:37:49","date_gmt":"2015-12-19T10:37:49","guid":{"rendered":"https:\/\/www.prijedordanas.com\/?p=36685"},"modified":"2015-12-19T11:37:49","modified_gmt":"2015-12-19T10:37:49","slug":"nikola-stasao-da-majci-sam-zapali-svecu","status":"publish","type":"post","link":"https:\/\/www.prijedordanas.com\/?p=36685","title":{"rendered":"NIKOLA STASAO DA MAJCI SAM ZAPALI SVE\u0106U"},"content":{"rendered":"<p><a href=\"https:\/\/www.prijedordanas.com\/wp-content\/uploads\/2015\/12\/novosti-nikola-dunovic-svijeca-za-majku-1.jpg\" rel=\"attachment wp-att-36686\"><img loading=\"lazy\" decoding=\"async\" class=\"alignleft size-medium wp-image-36686\" src=\"https:\/\/www.prijedordanas.com\/wp-content\/uploads\/2015\/12\/novosti-nikola-dunovic-svijeca-za-majku-1-300x224.jpg\" alt=\"novosti-nikola dunovic-svijeca za majku (1)\" width=\"300\" height=\"224\" srcset=\"https:\/\/www.prijedordanas.com\/wp-content\/uploads\/2015\/12\/novosti-nikola-dunovic-svijeca-za-majku-1-300x224.jpg 300w, https:\/\/www.prijedordanas.com\/wp-content\/uploads\/2015\/12\/novosti-nikola-dunovic-svijeca-za-majku-1.jpg 600w\" sizes=\"(max-width: 300px) 100vw, 300px\" \/><\/a>Sa krupnim o\u010dima i \u0161irokim osmehom &#8220;punim zubi\u0107a&#8221;, Nikola Dunovi\u0107, sin prerano preminule Drvar\u010danke Jelene Triki\u0107 (32) gleda svet oko sebe i do\u010dekuje \u010deste goste u svojoj ku\u0107i. Napunio je tri godine. Njegova majka osta\u0107e upam\u0107ena kao majka-hrabrost, jer je u vreme trudno\u0107e odbila le\u010denje citostaticima. Time je podarila zdravlje nero\u0111enom sinu. Imala je te\u0161ku dijagnozu zlo\u0107udnog tumora na mozgu, a do\u010dekala je da ga primi u naru\u010dje. Preminula je 40 dana po njegovom ro\u0111enju.<\/p>\n<p>Nikola odrasta sa ocem Goranom, tetkom Sanjom i sestrama od tetke. Izrastao je u znati\u017eeljnog de\u010daka, koji stalno postavlja pitanja, sve ga interesuje. Polako upoznaje svet.<\/p>\n<p>&#8211; Nikola je, hvala bogu, zdrav de\u010dak, nemiran, mnogo pri\u010da, voli da se igra. Vreme provodi sa decom, najvi\u0161e sa sestrama od tetke &#8211; ka\u017ee Nikolin otac Goran.<\/p>\n<p>De\u010daku stalno pri\u010daju o majci. On za nju ka\u017ee da &#8220;\u017eivi na groblju&#8221;.<\/p>\n<p>&#8211; Vodio sam ga da vidi spomenik i majci zapali sve\u0107u. \u010cesto tra\u017ei da ga vodim u crkvu kako bi i tamo zapalio sve\u0107u za nju. Toliko zasad zna, jer je jo\u0161 mali da spozna dramu kroz koju smo svi pro\u0161li, posebno njegova majka &#8211; ka\u017ee Goran.<\/p>\n<p><a href=\"https:\/\/www.prijedordanas.com\/wp-content\/uploads\/2015\/12\/novosti-nikola-dunovic-svijeca-za-majku-2.jpg\" rel=\"attachment wp-att-36687\"><img loading=\"lazy\" decoding=\"async\" src=\"https:\/\/www.prijedordanas.com\/wp-content\/uploads\/2015\/12\/novosti-nikola-dunovic-svijeca-za-majku-2-225x300.jpg\" alt=\"novosti-nikola dunovic-svijeca za majku (2)\" width=\"225\" height=\"300\" class=\"alignleft size-medium wp-image-36687\" srcset=\"https:\/\/www.prijedordanas.com\/wp-content\/uploads\/2015\/12\/novosti-nikola-dunovic-svijeca-za-majku-2-225x300.jpg 225w, https:\/\/www.prijedordanas.com\/wp-content\/uploads\/2015\/12\/novosti-nikola-dunovic-svijeca-za-majku-2.jpg 375w\" sizes=\"(max-width: 225px) 100vw, 225px\" \/><\/a>Dok pri\u010damo, Nikola se ne me\u0161a. Stoji po strani, prebira po igra\u010dkama. Stidljiv, onako de\u010dje. Nedavno je do\u017eiveo novu traumu, jer je umro Goranov otac, Nikolin deda, kojeg je de\u010dak jako voleo, pa stalno pita za njega.<\/p>\n<p>Goranova sestra, Sanja, majka dve k\u0107erke, posle Jelenine smrti preuzela je da zajedno brinu o Nikoli. Onoliko koliko se mo\u017ee, zamenila je maj\u010dinsku figuru u njegovom \u017eivotu. Samo jedan pogled na tetku i Nikolu, dovoljan je da se shvati da \u0107e njih dvoje zauvek biti posebni jedno drugom.<\/p>\n<p>Ljubavna pri\u010da Jelene i Gorana po\u010dela je 2003. godine, kada su se upoznali i zavoleli Drvar\u010danka i Prijedor\u010danin. U potkrovlju porodi\u010dne ku\u0107e Dunovi\u0107a u Prijedoru napravili su svoje gnezdo, ali im je sudbina pomrsila planove. Jelena se te\u0161ko razbolela i odbila le\u010denje u trudno\u0107i. Sina je videla svega nekoliko puta pre smrti. Sahranjena je u rodnom Drvaru, gde i danas pla\u010du za njom. Jelena je Nikoli dala ime. Ka\u017eu, zavetovala se Svetom Nikoli da \u0107e ukoliko rodi sina, po njemu mu dati ime.<\/p>\n<p>&#8211; Sa rodbinom iz Drvara Nikola se vi\u0111a kad god se pru\u017ei prilika. Tamo ima baku Milicu, dedu Vladimira, tetku Vlatku i sestricu Viktoriju od godinu dana, ali i drugu mnogobrojnu rodbinu. Oko njega je mnogo ljubavi, pose\u0107uju ga &#8211; ka\u017ee Goran.<\/p>\n<p>Nema srca u Srpskoj i \u0161irom sveta, koje pre tri godine nije dirnula hrabrost Jelene Triki\u0107.<\/p>\n<p>&#8211; Pomagali su nam ljudi sa svih strana sveta. Neki se sete i danas, po\u0161alju mu poklon, naj\u010de\u0161\u0107e u vreme praznika. Mi \u0107emo im uvek biti duboko zahvalni &#8211; pri\u010da hrabri samohrani otac, koji radi kao profesor srpskog jezika u osnovnoj \u0161koli.<\/p>\n<p>Kao otac nastoji u svemu da udovolji sinu i usmeri ga na prave \u017eivotne vrednosti. Nikolina najve\u0107a \u017eelja za Novu godinu je de\u010dja, paketi\u0107 pun slatki\u0161a.<\/p>\n<p>&#8211; Svi znamo da \u0107e mu ta \u017eelja biti ispunjena. Dobi\u0107e ih nekoliko, kao i svake godine. Ja mu, kao i svi roditelji, \u017eelim ono najva\u017enije, da bude zdrav, a ostalog \u0107e biti &#8211; ka\u017ee Goran.<\/p>\n<p>Odlazimo od Dunovi\u0107a, dok nam Nikola stidljivo ma\u0161e. Ostaje utisak da je najva\u017enije da u najte\u017ea vremena \u010dovek ne ostane sam. Goran i Nikola nisu, jer jo\u0161 svuda ima dobrih ljudi.<\/p>\n<p>PODVIG<\/p>\n<p>Jelena Triki\u0107 posthumno je nagra\u0111ena mnogim priznanjima. &#8220;Ve\u010dernje novosti&#8221; su u okviru akcije &#8220;Najplemenitiji podvig godine&#8221;, pre tri godine, hrabroj Jeleni posthumno dodelile Zlatnu plaketu za podvig godine, koju je primila njena majka Milkica Triki\u0107.<\/p>\n<p>Novosti.rs<\/p>\n","protected":false},"excerpt":{"rendered":"<p>Sa krupnim o\u010dima i \u0161irokim osmehom &#8220;punim zubi\u0107a&#8221;, Nikola Dunovi\u0107, sin prerano preminule Drvar\u010danke Jelene Triki\u0107 (32) gleda svet oko sebe i do\u010dekuje \u010deste goste u svojoj ku\u0107i. Napunio je [&hellip;]<\/p>\n","protected":false},"author":1,"featured_media":0,"comment_status":"closed","ping_status":"open","sticky":false,"template":"","format":"standard","meta":{"_monsterinsights_skip_tracking":false,"_monsterinsights_sitenote_active":false,"_monsterinsights_sitenote_note":"","_monsterinsights_sitenote_category":0,"footnotes":""},"categories":[3],"tags":[2498,5317,1030],"yoast_head":"<!-- This site is optimized with the Yoast SEO plugin v21.6 - https:\/\/yoast.com\/wordpress\/plugins\/seo\/ -->\n<title>NIKOLA STASAO DA MAJCI SAM ZAPALI SVE\u0106U - PrijedorDanas.com - Prijedorski gradski portal<\/title>\n<meta name=\"robots\" content=\"index, follow, max-snippet:-1, max-image-preview:large, max-video-preview:-1\" \/>\n<link rel=\"canonical\" href=\"https:\/\/www.prijedordanas.com\/?p=36685\" \/>\n<meta property=\"og:locale\" content=\"en_US\" \/>\n<meta property=\"og:type\" content=\"article\" \/>\n<meta property=\"og:title\" content=\"NIKOLA STASAO DA MAJCI SAM ZAPALI SVE\u0106U - PrijedorDanas.com - Prijedorski gradski portal\" \/>\n<meta property=\"og:description\" content=\"Sa krupnim o\u010dima i \u0161irokim osmehom &#8220;punim zubi\u0107a&#8221;, Nikola Dunovi\u0107, sin prerano preminule Drvar\u010danke Jelene Triki\u0107 (32) gleda svet oko sebe i do\u010dekuje \u010deste goste u svojoj ku\u0107i. Napunio je [&hellip;]\" \/>\n<meta property=\"og:url\" content=\"https:\/\/www.prijedordanas.com\/?p=36685\" \/>\n<meta property=\"og:site_name\" content=\"PrijedorDanas.com - Prijedorski gradski portal\" \/>\n<meta property=\"article:publisher\" content=\"https:\/\/www.facebook.com\/PrijedorDanasCom\/\" \/>\n<meta property=\"article:published_time\" content=\"2015-12-19T10:37:49+00:00\" \/>\n<meta property=\"og:image\" content=\"https:\/\/www.prijedordanas.com\/wp-content\/uploads\/2015\/12\/novosti-nikola-dunovic-svijeca-za-majku-1-300x224.jpg\" \/>\n<meta name=\"author\" content=\"admin\" \/>\n<meta name=\"twitter:card\" content=\"summary_large_image\" \/>\n<meta name=\"twitter:label1\" content=\"Written by\" \/>\n\t<meta name=\"twitter:data1\" content=\"admin\" \/>\n\t<meta name=\"twitter:label2\" content=\"Est. reading time\" \/>\n\t<meta name=\"twitter:data2\" content=\"3 minutes\" \/>\n<script type=\"application\/ld+json\" class=\"yoast-schema-graph\">{\"@context\":\"https:\/\/schema.org\",\"@graph\":[{\"@type\":\"Article\",\"@id\":\"https:\/\/www.prijedordanas.com\/?p=36685#article\",\"isPartOf\":{\"@id\":\"https:\/\/www.prijedordanas.com\/?p=36685\"},\"author\":{\"name\":\"admin\",\"@id\":\"https:\/\/www.prijedordanas.com\/#\/schema\/person\/4e08ccf29b506ca916ff86d46bb700e6\"},\"headline\":\"NIKOLA STASAO DA MAJCI SAM ZAPALI SVE\u0106U\",\"datePublished\":\"2015-12-19T10:37:49+00:00\",\"dateModified\":\"2015-12-19T10:37:49+00:00\",\"mainEntityOfPage\":{\"@id\":\"https:\/\/www.prijedordanas.com\/?p=36685\"},\"wordCount\":663,\"publisher\":{\"@id\":\"https:\/\/www.prijedordanas.com\/#organization\"},\"keywords\":[\"Jelena Triki\u0107\",\"Majka Hrabrost\",\"Nikola Dunovi\u0107\"],\"articleSection\":[\"\u017divot\"],\"inLanguage\":\"en-US\"},{\"@type\":\"WebPage\",\"@id\":\"https:\/\/www.prijedordanas.com\/?p=36685\",\"url\":\"https:\/\/www.prijedordanas.com\/?p=36685\",\"name\":\"NIKOLA STASAO DA MAJCI SAM ZAPALI SVE\u0106U - PrijedorDanas.com - Prijedorski gradski portal\",\"isPartOf\":{\"@id\":\"https:\/\/www.prijedordanas.com\/#website\"},\"datePublished\":\"2015-12-19T10:37:49+00:00\",\"dateModified\":\"2015-12-19T10:37:49+00:00\",\"breadcrumb\":{\"@id\":\"https:\/\/www.prijedordanas.com\/?p=36685#breadcrumb\"},\"inLanguage\":\"en-US\",\"potentialAction\":[{\"@type\":\"ReadAction\",\"target\":[\"https:\/\/www.prijedordanas.com\/?p=36685\"]}]},{\"@type\":\"BreadcrumbList\",\"@id\":\"https:\/\/www.prijedordanas.com\/?p=36685#breadcrumb\",\"itemListElement\":[{\"@type\":\"ListItem\",\"position\":1,\"name\":\"Home\",\"item\":\"https:\/\/www.prijedordanas.com\/\"},{\"@type\":\"ListItem\",\"position\":2,\"name\":\"NIKOLA STASAO DA MAJCI SAM ZAPALI SVE\u0106U\"}]},{\"@type\":\"WebSite\",\"@id\":\"https:\/\/www.prijedordanas.com\/#website\",\"url\":\"https:\/\/www.prijedordanas.com\/\",\"name\":\"PrijedorDanas.com - Prijedorski gradski portal\",\"description\":\"Portal o doga\u0111anjima u gradu Prijedoru\",\"publisher\":{\"@id\":\"https:\/\/www.prijedordanas.com\/#organization\"},\"potentialAction\":[{\"@type\":\"SearchAction\",\"target\":{\"@type\":\"EntryPoint\",\"urlTemplate\":\"https:\/\/www.prijedordanas.com\/?s={search_term_string}\"},\"query-input\":\"required name=search_term_string\"}],\"inLanguage\":\"en-US\"},{\"@type\":\"Organization\",\"@id\":\"https:\/\/www.prijedordanas.com\/#organization\",\"name\":\"PrijedorDanas.com\",\"url\":\"https:\/\/www.prijedordanas.com\/\",\"logo\":{\"@type\":\"ImageObject\",\"inLanguage\":\"en-US\",\"@id\":\"https:\/\/www.prijedordanas.com\/#\/schema\/logo\/image\/\",\"url\":\"http:\/\/www.prijedordanas.com\/wp-content\/uploads\/2021\/12\/logopng.png\",\"contentUrl\":\"http:\/\/www.prijedordanas.com\/wp-content\/uploads\/2021\/12\/logopng.png\",\"width\":1019,\"height\":776,\"caption\":\"PrijedorDanas.com\"},\"image\":{\"@id\":\"https:\/\/www.prijedordanas.com\/#\/schema\/logo\/image\/\"},\"sameAs\":[\"https:\/\/www.facebook.com\/PrijedorDanasCom\/\"]},{\"@type\":\"Person\",\"@id\":\"https:\/\/www.prijedordanas.com\/#\/schema\/person\/4e08ccf29b506ca916ff86d46bb700e6\",\"name\":\"admin\",\"image\":{\"@type\":\"ImageObject\",\"inLanguage\":\"en-US\",\"@id\":\"https:\/\/www.prijedordanas.com\/#\/schema\/person\/image\/\",\"url\":\"https:\/\/secure.gravatar.com\/avatar\/1d3fc949d550f0b53a5f0d51e06dfd79?s=96&d=mm&r=g\",\"contentUrl\":\"https:\/\/secure.gravatar.com\/avatar\/1d3fc949d550f0b53a5f0d51e06dfd79?s=96&d=mm&r=g\",\"caption\":\"admin\"},\"url\":\"https:\/\/www.prijedordanas.com\/?author=1\"}]}<\/script>\n<!-- \/ Yoast SEO plugin. -->","yoast_head_json":{"title":"NIKOLA STASAO DA MAJCI SAM ZAPALI SVE\u0106U - PrijedorDanas.com - Prijedorski gradski portal","robots":{"index":"index","follow":"follow","max-snippet":"max-snippet:-1","max-image-preview":"max-image-preview:large","max-video-preview":"max-video-preview:-1"},"canonical":"https:\/\/www.prijedordanas.com\/?p=36685","og_locale":"en_US","og_type":"article","og_title":"NIKOLA STASAO DA MAJCI SAM ZAPALI SVE\u0106U - PrijedorDanas.com - Prijedorski gradski portal","og_description":"Sa krupnim o\u010dima i \u0161irokim osmehom &#8220;punim zubi\u0107a&#8221;, Nikola Dunovi\u0107, sin prerano preminule Drvar\u010danke Jelene Triki\u0107 (32) gleda svet oko sebe i do\u010dekuje \u010deste goste u svojoj ku\u0107i. Napunio je [&hellip;]","og_url":"https:\/\/www.prijedordanas.com\/?p=36685","og_site_name":"PrijedorDanas.com - Prijedorski gradski portal","article_publisher":"https:\/\/www.facebook.com\/PrijedorDanasCom\/","article_published_time":"2015-12-19T10:37:49+00:00","og_image":[{"url":"https:\/\/www.prijedordanas.com\/wp-content\/uploads\/2015\/12\/novosti-nikola-dunovic-svijeca-za-majku-1-300x224.jpg"}],"author":"admin","twitter_card":"summary_large_image","twitter_misc":{"Written by":"admin","Est. reading time":"3 minutes"},"schema":{"@context":"https:\/\/schema.org","@graph":[{"@type":"Article","@id":"https:\/\/www.prijedordanas.com\/?p=36685#article","isPartOf":{"@id":"https:\/\/www.prijedordanas.com\/?p=36685"},"author":{"name":"admin","@id":"https:\/\/www.prijedordanas.com\/#\/schema\/person\/4e08ccf29b506ca916ff86d46bb700e6"},"headline":"NIKOLA STASAO DA MAJCI SAM ZAPALI SVE\u0106U","datePublished":"2015-12-19T10:37:49+00:00","dateModified":"2015-12-19T10:37:49+00:00","mainEntityOfPage":{"@id":"https:\/\/www.prijedordanas.com\/?p=36685"},"wordCount":663,"publisher":{"@id":"https:\/\/www.prijedordanas.com\/#organization"},"keywords":["Jelena Triki\u0107","Majka Hrabrost","Nikola Dunovi\u0107"],"articleSection":["\u017divot"],"inLanguage":"en-US"},{"@type":"WebPage","@id":"https:\/\/www.prijedordanas.com\/?p=36685","url":"https:\/\/www.prijedordanas.com\/?p=36685","name":"NIKOLA STASAO DA MAJCI SAM ZAPALI SVE\u0106U - PrijedorDanas.com - Prijedorski gradski portal","isPartOf":{"@id":"https:\/\/www.prijedordanas.com\/#website"},"datePublished":"2015-12-19T10:37:49+00:00","dateModified":"2015-12-19T10:37:49+00:00","breadcrumb":{"@id":"https:\/\/www.prijedordanas.com\/?p=36685#breadcrumb"},"inLanguage":"en-US","potentialAction":[{"@type":"ReadAction","target":["https:\/\/www.prijedordanas.com\/?p=36685"]}]},{"@type":"BreadcrumbList","@id":"https:\/\/www.prijedordanas.com\/?p=36685#breadcrumb","itemListElement":[{"@type":"ListItem","position":1,"name":"Home","item":"https:\/\/www.prijedordanas.com\/"},{"@type":"ListItem","position":2,"name":"NIKOLA STASAO DA MAJCI SAM ZAPALI SVE\u0106U"}]},{"@type":"WebSite","@id":"https:\/\/www.prijedordanas.com\/#website","url":"https:\/\/www.prijedordanas.com\/","name":"PrijedorDanas.com - Prijedorski gradski portal","description":"Portal o doga\u0111anjima u gradu Prijedoru","publisher":{"@id":"https:\/\/www.prijedordanas.com\/#organization"},"potentialAction":[{"@type":"SearchAction","target":{"@type":"EntryPoint","urlTemplate":"https:\/\/www.prijedordanas.com\/?s={search_term_string}"},"query-input":"required name=search_term_string"}],"inLanguage":"en-US"},{"@type":"Organization","@id":"https:\/\/www.prijedordanas.com\/#organization","name":"PrijedorDanas.com","url":"https:\/\/www.prijedordanas.com\/","logo":{"@type":"ImageObject","inLanguage":"en-US","@id":"https:\/\/www.prijedordanas.com\/#\/schema\/logo\/image\/","url":"http:\/\/www.prijedordanas.com\/wp-content\/uploads\/2021\/12\/logopng.png","contentUrl":"http:\/\/www.prijedordanas.com\/wp-content\/uploads\/2021\/12\/logopng.png","width":1019,"height":776,"caption":"PrijedorDanas.com"},"image":{"@id":"https:\/\/www.prijedordanas.com\/#\/schema\/logo\/image\/"},"sameAs":["https:\/\/www.facebook.com\/PrijedorDanasCom\/"]},{"@type":"Person","@id":"https:\/\/www.prijedordanas.com\/#\/schema\/person\/4e08ccf29b506ca916ff86d46bb700e6","name":"admin","image":{"@type":"ImageObject","inLanguage":"en-US","@id":"https:\/\/www.prijedordanas.com\/#\/schema\/person\/image\/","url":"https:\/\/secure.gravatar.com\/avatar\/1d3fc949d550f0b53a5f0d51e06dfd79?s=96&d=mm&r=g","contentUrl":"https:\/\/secure.gravatar.com\/avatar\/1d3fc949d550f0b53a5f0d51e06dfd79?s=96&d=mm&r=g","caption":"admin"},"url":"https:\/\/www.prijedordanas.com\/?author=1"}]}},"_links":{"self":[{"href":"https:\/\/www.prijedordanas.com\/index.php?rest_route=\/wp\/v2\/posts\/36685"}],"collection":[{"href":"https:\/\/www.prijedordanas.com\/index.php?rest_route=\/wp\/v2\/posts"}],"about":[{"href":"https:\/\/www.prijedordanas.com\/index.php?rest_route=\/wp\/v2\/types\/post"}],"author":[{"embeddable":true,"href":"https:\/\/www.prijedordanas.com\/index.php?rest_route=\/wp\/v2\/users\/1"}],"replies":[{"embeddable":true,"href":"https:\/\/www.prijedordanas.com\/index.php?rest_route=%2Fwp%2Fv2%2Fcomments&post=36685"}],"version-history":[{"count":1,"href":"https:\/\/www.prijedordanas.com\/index.php?rest_route=\/wp\/v2\/posts\/36685\/revisions"}],"predecessor-version":[{"id":36688,"href":"https:\/\/www.prijedordanas.com\/index.php?rest_route=\/wp\/v2\/posts\/36685\/revisions\/36688"}],"wp:attachment":[{"href":"https:\/\/www.prijedordanas.com\/index.php?rest_route=%2Fwp%2Fv2%2Fmedia&parent=36685"}],"wp:term":[{"taxonomy":"category","embeddable":true,"href":"https:\/\/www.prijedordanas.com\/index.php?rest_route=%2Fwp%2Fv2%2Fcategories&post=36685"},{"taxonomy":"post_tag","embeddable":true,"href":"https:\/\/www.prijedordanas.com\/index.php?rest_route=%2Fwp%2Fv2%2Ftags&post=36685"}],"curies":[{"name":"wp","href":"https:\/\/api.w.org\/{rel}","templated":true}]}}