{"id":36663,"date":"2015-12-18T16:52:16","date_gmt":"2015-12-18T15:52:16","guid":{"rendered":"https:\/\/www.prijedordanas.com\/?p=36663"},"modified":"2015-12-18T16:59:57","modified_gmt":"2015-12-18T15:59:57","slug":"prijedor-daci-ostali-bez-javnog-prevoza","status":"publish","type":"post","link":"https:\/\/www.prijedordanas.com\/?p=36663","title":{"rendered":"PRIJEDOR: \u0110ACI OSTALI BEZ JAVNOG PREVOZA"},"content":{"rendered":"<p><a href=\"https:\/\/www.prijedordanas.com\/wp-content\/uploads\/2015\/12\/prevoz-ucenika.jpg\" rel=\"attachment wp-att-36666\"><img loading=\"lazy\" decoding=\"async\" src=\"https:\/\/www.prijedordanas.com\/wp-content\/uploads\/2015\/12\/prevoz-ucenika-300x199.jpg\" alt=\"prevoz ucenika\" width=\"300\" height=\"199\" class=\"alignleft size-medium wp-image-36666\" srcset=\"https:\/\/www.prijedordanas.com\/wp-content\/uploads\/2015\/12\/prevoz-ucenika-300x200.jpg 300w, https:\/\/www.prijedordanas.com\/wp-content\/uploads\/2015\/12\/prevoz-ucenika-480x320.jpg 480w, https:\/\/www.prijedordanas.com\/wp-content\/uploads\/2015\/12\/prevoz-ucenika.jpg 600w\" sizes=\"(max-width: 300px) 100vw, 300px\" \/><\/a>\u0110aci iz naselja Muslimanska Gomjenica kod Prijedora vi\u0161e ne\u0107e mo\u0107i da koriste javni prevoz do \u0161kole jer je jedini prevoznik koji je saobra\u0107ao izme\u0111u ovog naselja i podru\u010dne \u0161kole u Gomjenici izgubio licencu, rekla je direktor Osnovne \u0161kole &#8220;Branko \u0106opi\u0107&#8221; Prijedor Sanja Munjiza.<\/p>\n<p>&#8220;To je prevoznik koji je imao licencu u proteklih godinu dana. Zabrana je do\u0161la u nezgodno vrijeme jer je do kraja polugodi\u0161ta ostalo jo\u0161 dvije sedmice, a onda dolazi raspust koji traje do 25. januara, do kada je ovaj problem mogao biti rije\u0161en bezbolnije po djecu i roditelje&#8221;, rekla je Munjiza na Forumu za bezbjednost gra\u0111ana grada Prijedora. <\/p>\n<p>Ona je navela da se sada suo\u010dava sa roditeljima koji ne znaju kako da im djeca nastave i\u0107i u \u0161kolu, koji se \u017eale i Ministarstvu prosvjete i kulture Republike Srpske i najavljuju da ne\u0107e slati djecu u \u0161kolu ako se ne na\u0111e rje\u0161enje za prevoz. <\/p>\n<p>&#8220;Te\u0161ko je na\u0107i novog prevoznika budu\u0107i da oni tvrde da je to nerentabilna linija&#8221;, rekla je Munjiza i istakla da \u0161kola nema nikakvog uticaja na izbor prevoznika. <\/p>\n<p>Ona je navela da bi \u0161kole trebalo da budu konsultovane kada se biraju prevoznici kada je rije\u010d o vremenu polazaka, da bi se &#8220;ono \u0161to je vi\u0161e mogu\u0107e uskladilo sa potrebama u\u010denika&#8221;. <\/p>\n<p>&#8220;Nas, na\u017ealost, nikad niko nije pitao kad zvoni pa da se u skladu sa tim odre\u0111uje red vo\u017enje&#8221;, dodala je Munjiza. <\/p>\n<p>Saobra\u0107ajni inspektor Zoran Baljak rekao je da se nakon utvr\u0111ivanja tehni\u010dke neispravnosti &#8211; vozilo automatski isklju\u010duje iz saobra\u0107aja. <\/p>\n<p>&#8220;Zbog djece je korisno \u0161to je ovaj prevoznik isklju\u010den&#8221;, rekao je Baljak. <\/p>\n<p>Predstavnik Odsjeka za mjesne zajednice Dragica Jankovi\u0107 rekla je da je i u ovaj odsjek stigao zahtjev roditelja Muslimanske Gomjenice u kojem se tra\u017ei hitno vra\u0107anje autobuske linije koja je prevozila njihovu djecu od ku\u0107e do \u0161kole i nazad. <\/p>\n<p>&#8220;Zahtjev smo proslijedili Odjeljenju za stambeno-komunalne poslove grada Prijedora i ono sada tra\u017ei prevoznika&#8221;, dodala je Jankovi\u0107eva. <\/p>\n<p>Forum za bezbjednost gra\u0111ana Prijedora savjetodavno je tijelo koje okuplja predstavnike vi\u0161e desetina institucija koji identifikuju bezbjednosne probleme, raspravljaju o njima i predla\u017eu mogu\u0107a rje\u0161enja. <\/p>\n<p>Postoji ve\u0107 12 godina, zasjeda jednom u dva mjeseca i po uzoru na Prijedor osnovale su ga i mnoge druge lokalne zajednice u Republici Srpskoj. <\/p>\n<p>Tekst \u2013 SRNA<br \/>\nFoto arhiva \u2013 Aleksandar Drakuli\u0107 \u2013 <a href=\"www.prijedordanas.com\" target=\"_blank\">www.prijedordanas.com<\/a><\/p>\n","protected":false},"excerpt":{"rendered":"<p>\u0110aci iz naselja Muslimanska Gomjenica kod Prijedora vi\u0161e ne\u0107e mo\u0107i da koriste javni prevoz do \u0161kole jer je jedini prevoznik koji je saobra\u0107ao izme\u0111u ovog naselja i podru\u010dne \u0161kole u [&hellip;]<\/p>\n","protected":false},"author":1,"featured_media":0,"comment_status":"closed","ping_status":"open","sticky":false,"template":"","format":"standard","meta":{"_monsterinsights_skip_tracking":false,"_monsterinsights_sitenote_active":false,"_monsterinsights_sitenote_note":"","_monsterinsights_sitenote_category":0,"footnotes":""},"categories":[4],"tags":[6227,6228,4767,227,2284],"yoast_head":"<!-- This site is optimized with the Yoast SEO plugin v21.6 - https:\/\/yoast.com\/wordpress\/plugins\/seo\/ -->\n<title>PRIJEDOR: \u0110ACI OSTALI BEZ JAVNOG PREVOZA - PrijedorDanas.com - Prijedorski gradski portal<\/title>\n<meta name=\"robots\" content=\"index, follow, max-snippet:-1, max-image-preview:large, max-video-preview:-1\" \/>\n<link rel=\"canonical\" href=\"https:\/\/www.prijedordanas.com\/?p=36663\" \/>\n<meta property=\"og:locale\" content=\"en_US\" \/>\n<meta property=\"og:type\" content=\"article\" \/>\n<meta property=\"og:title\" content=\"PRIJEDOR: \u0110ACI OSTALI BEZ JAVNOG PREVOZA - PrijedorDanas.com - Prijedorski gradski portal\" \/>\n<meta property=\"og:description\" content=\"\u0110aci iz naselja Muslimanska Gomjenica kod Prijedora vi\u0161e ne\u0107e mo\u0107i da koriste javni prevoz do \u0161kole jer je jedini prevoznik koji je saobra\u0107ao izme\u0111u ovog naselja i podru\u010dne \u0161kole u [&hellip;]\" \/>\n<meta property=\"og:url\" content=\"https:\/\/www.prijedordanas.com\/?p=36663\" \/>\n<meta property=\"og:site_name\" content=\"PrijedorDanas.com - Prijedorski gradski portal\" \/>\n<meta property=\"article:publisher\" content=\"https:\/\/www.facebook.com\/PrijedorDanasCom\/\" \/>\n<meta property=\"article:published_time\" content=\"2015-12-18T15:52:16+00:00\" \/>\n<meta property=\"article:modified_time\" content=\"2015-12-18T15:59:57+00:00\" \/>\n<meta property=\"og:image\" content=\"https:\/\/www.prijedordanas.com\/wp-content\/uploads\/2015\/12\/prevoz-ucenika-300x199.jpg\" \/>\n<meta name=\"author\" content=\"admin\" \/>\n<meta name=\"twitter:card\" content=\"summary_large_image\" \/>\n<meta name=\"twitter:label1\" content=\"Written by\" \/>\n\t<meta name=\"twitter:data1\" content=\"admin\" \/>\n\t<meta name=\"twitter:label2\" content=\"Est. reading time\" \/>\n\t<meta name=\"twitter:data2\" content=\"2 minutes\" \/>\n<script type=\"application\/ld+json\" class=\"yoast-schema-graph\">{\"@context\":\"https:\/\/schema.org\",\"@graph\":[{\"@type\":\"Article\",\"@id\":\"https:\/\/www.prijedordanas.com\/?p=36663#article\",\"isPartOf\":{\"@id\":\"https:\/\/www.prijedordanas.com\/?p=36663\"},\"author\":{\"name\":\"admin\",\"@id\":\"https:\/\/www.prijedordanas.com\/#\/schema\/person\/4e08ccf29b506ca916ff86d46bb700e6\"},\"headline\":\"PRIJEDOR: \u0110ACI OSTALI BEZ JAVNOG PREVOZA\",\"datePublished\":\"2015-12-18T15:52:16+00:00\",\"dateModified\":\"2015-12-18T15:59:57+00:00\",\"mainEntityOfPage\":{\"@id\":\"https:\/\/www.prijedordanas.com\/?p=36663\"},\"wordCount\":415,\"publisher\":{\"@id\":\"https:\/\/www.prijedordanas.com\/#organization\"},\"keywords\":[\"javni prevoz\",\"Muslimanska Gomjenica\",\"O\u0160 \\\"Branko \u0106opi\u0107\\\" Prijedor\",\"Sanja Munjiza\",\"\u0111aci\"],\"articleSection\":[\"Dru\u0161tvo\"],\"inLanguage\":\"en-US\"},{\"@type\":\"WebPage\",\"@id\":\"https:\/\/www.prijedordanas.com\/?p=36663\",\"url\":\"https:\/\/www.prijedordanas.com\/?p=36663\",\"name\":\"PRIJEDOR: \u0110ACI OSTALI BEZ JAVNOG PREVOZA - PrijedorDanas.com - Prijedorski gradski portal\",\"isPartOf\":{\"@id\":\"https:\/\/www.prijedordanas.com\/#website\"},\"datePublished\":\"2015-12-18T15:52:16+00:00\",\"dateModified\":\"2015-12-18T15:59:57+00:00\",\"breadcrumb\":{\"@id\":\"https:\/\/www.prijedordanas.com\/?p=36663#breadcrumb\"},\"inLanguage\":\"en-US\",\"potentialAction\":[{\"@type\":\"ReadAction\",\"target\":[\"https:\/\/www.prijedordanas.com\/?p=36663\"]}]},{\"@type\":\"BreadcrumbList\",\"@id\":\"https:\/\/www.prijedordanas.com\/?p=36663#breadcrumb\",\"itemListElement\":[{\"@type\":\"ListItem\",\"position\":1,\"name\":\"Home\",\"item\":\"https:\/\/www.prijedordanas.com\/\"},{\"@type\":\"ListItem\",\"position\":2,\"name\":\"PRIJEDOR: \u0110ACI OSTALI BEZ JAVNOG PREVOZA\"}]},{\"@type\":\"WebSite\",\"@id\":\"https:\/\/www.prijedordanas.com\/#website\",\"url\":\"https:\/\/www.prijedordanas.com\/\",\"name\":\"PrijedorDanas.com - Prijedorski gradski portal\",\"description\":\"Portal o doga\u0111anjima u gradu Prijedoru\",\"publisher\":{\"@id\":\"https:\/\/www.prijedordanas.com\/#organization\"},\"potentialAction\":[{\"@type\":\"SearchAction\",\"target\":{\"@type\":\"EntryPoint\",\"urlTemplate\":\"https:\/\/www.prijedordanas.com\/?s={search_term_string}\"},\"query-input\":\"required name=search_term_string\"}],\"inLanguage\":\"en-US\"},{\"@type\":\"Organization\",\"@id\":\"https:\/\/www.prijedordanas.com\/#organization\",\"name\":\"PrijedorDanas.com\",\"url\":\"https:\/\/www.prijedordanas.com\/\",\"logo\":{\"@type\":\"ImageObject\",\"inLanguage\":\"en-US\",\"@id\":\"https:\/\/www.prijedordanas.com\/#\/schema\/logo\/image\/\",\"url\":\"http:\/\/www.prijedordanas.com\/wp-content\/uploads\/2021\/12\/logopng.png\",\"contentUrl\":\"http:\/\/www.prijedordanas.com\/wp-content\/uploads\/2021\/12\/logopng.png\",\"width\":1019,\"height\":776,\"caption\":\"PrijedorDanas.com\"},\"image\":{\"@id\":\"https:\/\/www.prijedordanas.com\/#\/schema\/logo\/image\/\"},\"sameAs\":[\"https:\/\/www.facebook.com\/PrijedorDanasCom\/\"]},{\"@type\":\"Person\",\"@id\":\"https:\/\/www.prijedordanas.com\/#\/schema\/person\/4e08ccf29b506ca916ff86d46bb700e6\",\"name\":\"admin\",\"image\":{\"@type\":\"ImageObject\",\"inLanguage\":\"en-US\",\"@id\":\"https:\/\/www.prijedordanas.com\/#\/schema\/person\/image\/\",\"url\":\"https:\/\/secure.gravatar.com\/avatar\/1d3fc949d550f0b53a5f0d51e06dfd79?s=96&d=mm&r=g\",\"contentUrl\":\"https:\/\/secure.gravatar.com\/avatar\/1d3fc949d550f0b53a5f0d51e06dfd79?s=96&d=mm&r=g\",\"caption\":\"admin\"},\"url\":\"https:\/\/www.prijedordanas.com\/?author=1\"}]}<\/script>\n<!-- \/ Yoast SEO plugin. -->","yoast_head_json":{"title":"PRIJEDOR: \u0110ACI OSTALI BEZ JAVNOG PREVOZA - PrijedorDanas.com - Prijedorski gradski portal","robots":{"index":"index","follow":"follow","max-snippet":"max-snippet:-1","max-image-preview":"max-image-preview:large","max-video-preview":"max-video-preview:-1"},"canonical":"https:\/\/www.prijedordanas.com\/?p=36663","og_locale":"en_US","og_type":"article","og_title":"PRIJEDOR: \u0110ACI OSTALI BEZ JAVNOG PREVOZA - PrijedorDanas.com - Prijedorski gradski portal","og_description":"\u0110aci iz naselja Muslimanska Gomjenica kod Prijedora vi\u0161e ne\u0107e mo\u0107i da koriste javni prevoz do \u0161kole jer je jedini prevoznik koji je saobra\u0107ao izme\u0111u ovog naselja i podru\u010dne \u0161kole u [&hellip;]","og_url":"https:\/\/www.prijedordanas.com\/?p=36663","og_site_name":"PrijedorDanas.com - Prijedorski gradski portal","article_publisher":"https:\/\/www.facebook.com\/PrijedorDanasCom\/","article_published_time":"2015-12-18T15:52:16+00:00","article_modified_time":"2015-12-18T15:59:57+00:00","og_image":[{"url":"https:\/\/www.prijedordanas.com\/wp-content\/uploads\/2015\/12\/prevoz-ucenika-300x199.jpg"}],"author":"admin","twitter_card":"summary_large_image","twitter_misc":{"Written by":"admin","Est. reading time":"2 minutes"},"schema":{"@context":"https:\/\/schema.org","@graph":[{"@type":"Article","@id":"https:\/\/www.prijedordanas.com\/?p=36663#article","isPartOf":{"@id":"https:\/\/www.prijedordanas.com\/?p=36663"},"author":{"name":"admin","@id":"https:\/\/www.prijedordanas.com\/#\/schema\/person\/4e08ccf29b506ca916ff86d46bb700e6"},"headline":"PRIJEDOR: \u0110ACI OSTALI BEZ JAVNOG PREVOZA","datePublished":"2015-12-18T15:52:16+00:00","dateModified":"2015-12-18T15:59:57+00:00","mainEntityOfPage":{"@id":"https:\/\/www.prijedordanas.com\/?p=36663"},"wordCount":415,"publisher":{"@id":"https:\/\/www.prijedordanas.com\/#organization"},"keywords":["javni prevoz","Muslimanska Gomjenica","O\u0160 \"Branko \u0106opi\u0107\" Prijedor","Sanja Munjiza","\u0111aci"],"articleSection":["Dru\u0161tvo"],"inLanguage":"en-US"},{"@type":"WebPage","@id":"https:\/\/www.prijedordanas.com\/?p=36663","url":"https:\/\/www.prijedordanas.com\/?p=36663","name":"PRIJEDOR: \u0110ACI OSTALI BEZ JAVNOG PREVOZA - PrijedorDanas.com - Prijedorski gradski portal","isPartOf":{"@id":"https:\/\/www.prijedordanas.com\/#website"},"datePublished":"2015-12-18T15:52:16+00:00","dateModified":"2015-12-18T15:59:57+00:00","breadcrumb":{"@id":"https:\/\/www.prijedordanas.com\/?p=36663#breadcrumb"},"inLanguage":"en-US","potentialAction":[{"@type":"ReadAction","target":["https:\/\/www.prijedordanas.com\/?p=36663"]}]},{"@type":"BreadcrumbList","@id":"https:\/\/www.prijedordanas.com\/?p=36663#breadcrumb","itemListElement":[{"@type":"ListItem","position":1,"name":"Home","item":"https:\/\/www.prijedordanas.com\/"},{"@type":"ListItem","position":2,"name":"PRIJEDOR: \u0110ACI OSTALI BEZ JAVNOG PREVOZA"}]},{"@type":"WebSite","@id":"https:\/\/www.prijedordanas.com\/#website","url":"https:\/\/www.prijedordanas.com\/","name":"PrijedorDanas.com - Prijedorski gradski portal","description":"Portal o doga\u0111anjima u gradu Prijedoru","publisher":{"@id":"https:\/\/www.prijedordanas.com\/#organization"},"potentialAction":[{"@type":"SearchAction","target":{"@type":"EntryPoint","urlTemplate":"https:\/\/www.prijedordanas.com\/?s={search_term_string}"},"query-input":"required name=search_term_string"}],"inLanguage":"en-US"},{"@type":"Organization","@id":"https:\/\/www.prijedordanas.com\/#organization","name":"PrijedorDanas.com","url":"https:\/\/www.prijedordanas.com\/","logo":{"@type":"ImageObject","inLanguage":"en-US","@id":"https:\/\/www.prijedordanas.com\/#\/schema\/logo\/image\/","url":"http:\/\/www.prijedordanas.com\/wp-content\/uploads\/2021\/12\/logopng.png","contentUrl":"http:\/\/www.prijedordanas.com\/wp-content\/uploads\/2021\/12\/logopng.png","width":1019,"height":776,"caption":"PrijedorDanas.com"},"image":{"@id":"https:\/\/www.prijedordanas.com\/#\/schema\/logo\/image\/"},"sameAs":["https:\/\/www.facebook.com\/PrijedorDanasCom\/"]},{"@type":"Person","@id":"https:\/\/www.prijedordanas.com\/#\/schema\/person\/4e08ccf29b506ca916ff86d46bb700e6","name":"admin","image":{"@type":"ImageObject","inLanguage":"en-US","@id":"https:\/\/www.prijedordanas.com\/#\/schema\/person\/image\/","url":"https:\/\/secure.gravatar.com\/avatar\/1d3fc949d550f0b53a5f0d51e06dfd79?s=96&d=mm&r=g","contentUrl":"https:\/\/secure.gravatar.com\/avatar\/1d3fc949d550f0b53a5f0d51e06dfd79?s=96&d=mm&r=g","caption":"admin"},"url":"https:\/\/www.prijedordanas.com\/?author=1"}]}},"_links":{"self":[{"href":"https:\/\/www.prijedordanas.com\/index.php?rest_route=\/wp\/v2\/posts\/36663"}],"collection":[{"href":"https:\/\/www.prijedordanas.com\/index.php?rest_route=\/wp\/v2\/posts"}],"about":[{"href":"https:\/\/www.prijedordanas.com\/index.php?rest_route=\/wp\/v2\/types\/post"}],"author":[{"embeddable":true,"href":"https:\/\/www.prijedordanas.com\/index.php?rest_route=\/wp\/v2\/users\/1"}],"replies":[{"embeddable":true,"href":"https:\/\/www.prijedordanas.com\/index.php?rest_route=%2Fwp%2Fv2%2Fcomments&post=36663"}],"version-history":[{"count":3,"href":"https:\/\/www.prijedordanas.com\/index.php?rest_route=\/wp\/v2\/posts\/36663\/revisions"}],"predecessor-version":[{"id":36672,"href":"https:\/\/www.prijedordanas.com\/index.php?rest_route=\/wp\/v2\/posts\/36663\/revisions\/36672"}],"wp:attachment":[{"href":"https:\/\/www.prijedordanas.com\/index.php?rest_route=%2Fwp%2Fv2%2Fmedia&parent=36663"}],"wp:term":[{"taxonomy":"category","embeddable":true,"href":"https:\/\/www.prijedordanas.com\/index.php?rest_route=%2Fwp%2Fv2%2Fcategories&post=36663"},{"taxonomy":"post_tag","embeddable":true,"href":"https:\/\/www.prijedordanas.com\/index.php?rest_route=%2Fwp%2Fv2%2Ftags&post=36663"}],"curies":[{"name":"wp","href":"https:\/\/api.w.org\/{rel}","templated":true}]}}