{"id":36624,"date":"2015-12-17T21:36:07","date_gmt":"2015-12-17T20:36:07","guid":{"rendered":"https:\/\/www.prijedordanas.com\/?p=36624"},"modified":"2015-12-17T21:36:07","modified_gmt":"2015-12-17T20:36:07","slug":"forum-za-bezbjednost-gradana-prijedora-zajedno-protiv-govora-mrznje","status":"publish","type":"post","link":"https:\/\/www.prijedordanas.com\/?p=36624","title":{"rendered":"FORUM ZA BEZBJEDNOST GRA\u0110ANA PRIJEDORA: ZAJEDNO PROTIV GOVORA MR\u017dNJE"},"content":{"rendered":"<p><a href=\"https:\/\/www.prijedordanas.com\/wp-content\/uploads\/2015\/12\/forum-za-bezbjednost-gradjana-zajedno-protiv-govora-mrznje.jpg\" rel=\"attachment wp-att-36625\"><img loading=\"lazy\" decoding=\"async\" src=\"https:\/\/www.prijedordanas.com\/wp-content\/uploads\/2015\/12\/forum-za-bezbjednost-gradjana-zajedno-protiv-govora-mrznje-300x202.jpg\" alt=\"forum za bezbjednost gradjana-zajedno protiv govora mrznje\" width=\"300\" height=\"202\" class=\"alignleft size-medium wp-image-36625\" srcset=\"https:\/\/www.prijedordanas.com\/wp-content\/uploads\/2015\/12\/forum-za-bezbjednost-gradjana-zajedno-protiv-govora-mrznje-300x202.jpg 300w, https:\/\/www.prijedordanas.com\/wp-content\/uploads\/2015\/12\/forum-za-bezbjednost-gradjana-zajedno-protiv-govora-mrznje.jpg 600w\" sizes=\"(max-width: 300px) 100vw, 300px\" \/><\/a>Na\u010delnik Centra javne bezbjednosti Prijedor Dalibor Ivani\u0107 ocijenio je danas da je odli\u010dna saradnja policije sa Misijom OEBS-a u BiH na prepoznavanju i spre\u010davanju incidenata motivisanih mr\u017enjom, saop\u0161teno je iz ovog centra.<\/p>\n<p>&#8220;U narednom periodu trebalo bi odr\u017eati sastanke prije po\u010detka turisti\u010dke sezone, kada dolazi ve\u0107i broj gra\u0111ana iz dijaspore, na kojima bi trebalo da prisustvuju i predstavnici vjerskih zajednica, mediji, aktivi \u0161kola, predstavnici mjesnih zajednica i svi ostali uticajni pojedinci koji mogu u okviru svojih nadle\u017enosti da uti\u010du na podizanje svjesti gra\u0111ana u cilju prevencije incidenata motivisanih mr\u017enjom&#8221;, rekao je Ivani\u0107 na sastanku koji je u Prijedoru organizovala Misija OEBS-a. <\/p>\n<p>Sastanku su, osim predstavnika CJB Prijedor, prisustvovali predstavnici lokalne vlasti, Osnovnog suda Prijedor, Okru\u017enog tu\u017eila\u0161tva Banjaluka, Foruma za bezbjednost gra\u0111ana i koalicije za borbu protiv govora mr\u017enje &#8220;Prva tolerancija Prijedor&#8221;. <\/p>\n<p>Na sastanku se razgovaralo o op\u0161toj bezbjednosnoj situaciji, dosada\u0161njoj saradnji svih relevantnih subjekata u nastojanjima da se o\u010duva stabilnost u zajednici, te aktivnostima policije i OEBS-a u borbi protiv incidenata i krivi\u010dnih djela motivisanih predrasudama. <\/p>\n<p>SRNA<\/p>\n","protected":false},"excerpt":{"rendered":"<p>Na\u010delnik Centra javne bezbjednosti Prijedor Dalibor Ivani\u0107 ocijenio je danas da je odli\u010dna saradnja policije sa Misijom OEBS-a u BiH na prepoznavanju i spre\u010davanju incidenata motivisanih mr\u017enjom, saop\u0161teno je iz [&hellip;]<\/p>\n","protected":false},"author":1,"featured_media":0,"comment_status":"closed","ping_status":"open","sticky":false,"template":"","format":"standard","meta":{"_monsterinsights_skip_tracking":false,"_monsterinsights_sitenote_active":false,"_monsterinsights_sitenote_note":"","_monsterinsights_sitenote_category":0,"footnotes":""},"categories":[4],"tags":[3073,6222,6221,2368],"yoast_head":"<!-- This site is optimized with the Yoast SEO plugin v21.6 - https:\/\/yoast.com\/wordpress\/plugins\/seo\/ -->\n<title>FORUM ZA BEZBJEDNOST GRA\u0110ANA PRIJEDORA: ZAJEDNO PROTIV GOVORA MR\u017dNJE - PrijedorDanas.com - Prijedorski gradski portal<\/title>\n<meta name=\"robots\" content=\"index, follow, max-snippet:-1, max-image-preview:large, max-video-preview:-1\" \/>\n<link rel=\"canonical\" href=\"https:\/\/www.prijedordanas.com\/?p=36624\" \/>\n<meta property=\"og:locale\" content=\"en_US\" \/>\n<meta property=\"og:type\" content=\"article\" \/>\n<meta property=\"og:title\" content=\"FORUM ZA BEZBJEDNOST GRA\u0110ANA PRIJEDORA: ZAJEDNO PROTIV GOVORA MR\u017dNJE - PrijedorDanas.com - Prijedorski gradski portal\" \/>\n<meta property=\"og:description\" content=\"Na\u010delnik Centra javne bezbjednosti Prijedor Dalibor Ivani\u0107 ocijenio je danas da je odli\u010dna saradnja policije sa Misijom OEBS-a u BiH na prepoznavanju i spre\u010davanju incidenata motivisanih mr\u017enjom, saop\u0161teno je iz [&hellip;]\" \/>\n<meta property=\"og:url\" content=\"https:\/\/www.prijedordanas.com\/?p=36624\" \/>\n<meta property=\"og:site_name\" content=\"PrijedorDanas.com - Prijedorski gradski portal\" \/>\n<meta property=\"article:publisher\" content=\"https:\/\/www.facebook.com\/PrijedorDanasCom\/\" \/>\n<meta property=\"article:published_time\" content=\"2015-12-17T20:36:07+00:00\" \/>\n<meta property=\"og:image\" content=\"https:\/\/www.prijedordanas.com\/wp-content\/uploads\/2015\/12\/forum-za-bezbjednost-gradjana-zajedno-protiv-govora-mrznje-300x202.jpg\" \/>\n<meta name=\"author\" content=\"admin\" \/>\n<meta name=\"twitter:card\" content=\"summary_large_image\" \/>\n<meta name=\"twitter:label1\" content=\"Written by\" \/>\n\t<meta name=\"twitter:data1\" content=\"admin\" \/>\n\t<meta name=\"twitter:label2\" content=\"Est. reading time\" \/>\n\t<meta name=\"twitter:data2\" content=\"1 minute\" \/>\n<script type=\"application\/ld+json\" class=\"yoast-schema-graph\">{\"@context\":\"https:\/\/schema.org\",\"@graph\":[{\"@type\":\"Article\",\"@id\":\"https:\/\/www.prijedordanas.com\/?p=36624#article\",\"isPartOf\":{\"@id\":\"https:\/\/www.prijedordanas.com\/?p=36624\"},\"author\":{\"name\":\"admin\",\"@id\":\"https:\/\/www.prijedordanas.com\/#\/schema\/person\/4e08ccf29b506ca916ff86d46bb700e6\"},\"headline\":\"FORUM ZA BEZBJEDNOST GRA\u0110ANA PRIJEDORA: ZAJEDNO PROTIV GOVORA MR\u017dNJE\",\"datePublished\":\"2015-12-17T20:36:07+00:00\",\"dateModified\":\"2015-12-17T20:36:07+00:00\",\"mainEntityOfPage\":{\"@id\":\"https:\/\/www.prijedordanas.com\/?p=36624\"},\"wordCount\":201,\"publisher\":{\"@id\":\"https:\/\/www.prijedordanas.com\/#organization\"},\"keywords\":[\"Dalibor Ivani\u0107\",\"Forum za bezbjednost gra\u0111ana Prijedora\",\"govor mr\u017enje\",\"OEBS\"],\"articleSection\":[\"Dru\u0161tvo\"],\"inLanguage\":\"en-US\"},{\"@type\":\"WebPage\",\"@id\":\"https:\/\/www.prijedordanas.com\/?p=36624\",\"url\":\"https:\/\/www.prijedordanas.com\/?p=36624\",\"name\":\"FORUM ZA BEZBJEDNOST GRA\u0110ANA PRIJEDORA: ZAJEDNO PROTIV GOVORA MR\u017dNJE - PrijedorDanas.com - Prijedorski gradski portal\",\"isPartOf\":{\"@id\":\"https:\/\/www.prijedordanas.com\/#website\"},\"datePublished\":\"2015-12-17T20:36:07+00:00\",\"dateModified\":\"2015-12-17T20:36:07+00:00\",\"breadcrumb\":{\"@id\":\"https:\/\/www.prijedordanas.com\/?p=36624#breadcrumb\"},\"inLanguage\":\"en-US\",\"potentialAction\":[{\"@type\":\"ReadAction\",\"target\":[\"https:\/\/www.prijedordanas.com\/?p=36624\"]}]},{\"@type\":\"BreadcrumbList\",\"@id\":\"https:\/\/www.prijedordanas.com\/?p=36624#breadcrumb\",\"itemListElement\":[{\"@type\":\"ListItem\",\"position\":1,\"name\":\"Home\",\"item\":\"https:\/\/www.prijedordanas.com\/\"},{\"@type\":\"ListItem\",\"position\":2,\"name\":\"FORUM ZA BEZBJEDNOST GRA\u0110ANA PRIJEDORA: ZAJEDNO PROTIV GOVORA MR\u017dNJE\"}]},{\"@type\":\"WebSite\",\"@id\":\"https:\/\/www.prijedordanas.com\/#website\",\"url\":\"https:\/\/www.prijedordanas.com\/\",\"name\":\"PrijedorDanas.com - Prijedorski gradski portal\",\"description\":\"Portal o doga\u0111anjima u gradu Prijedoru\",\"publisher\":{\"@id\":\"https:\/\/www.prijedordanas.com\/#organization\"},\"potentialAction\":[{\"@type\":\"SearchAction\",\"target\":{\"@type\":\"EntryPoint\",\"urlTemplate\":\"https:\/\/www.prijedordanas.com\/?s={search_term_string}\"},\"query-input\":\"required name=search_term_string\"}],\"inLanguage\":\"en-US\"},{\"@type\":\"Organization\",\"@id\":\"https:\/\/www.prijedordanas.com\/#organization\",\"name\":\"PrijedorDanas.com\",\"url\":\"https:\/\/www.prijedordanas.com\/\",\"logo\":{\"@type\":\"ImageObject\",\"inLanguage\":\"en-US\",\"@id\":\"https:\/\/www.prijedordanas.com\/#\/schema\/logo\/image\/\",\"url\":\"http:\/\/www.prijedordanas.com\/wp-content\/uploads\/2021\/12\/logopng.png\",\"contentUrl\":\"http:\/\/www.prijedordanas.com\/wp-content\/uploads\/2021\/12\/logopng.png\",\"width\":1019,\"height\":776,\"caption\":\"PrijedorDanas.com\"},\"image\":{\"@id\":\"https:\/\/www.prijedordanas.com\/#\/schema\/logo\/image\/\"},\"sameAs\":[\"https:\/\/www.facebook.com\/PrijedorDanasCom\/\"]},{\"@type\":\"Person\",\"@id\":\"https:\/\/www.prijedordanas.com\/#\/schema\/person\/4e08ccf29b506ca916ff86d46bb700e6\",\"name\":\"admin\",\"image\":{\"@type\":\"ImageObject\",\"inLanguage\":\"en-US\",\"@id\":\"https:\/\/www.prijedordanas.com\/#\/schema\/person\/image\/\",\"url\":\"https:\/\/secure.gravatar.com\/avatar\/1d3fc949d550f0b53a5f0d51e06dfd79?s=96&d=mm&r=g\",\"contentUrl\":\"https:\/\/secure.gravatar.com\/avatar\/1d3fc949d550f0b53a5f0d51e06dfd79?s=96&d=mm&r=g\",\"caption\":\"admin\"},\"url\":\"https:\/\/www.prijedordanas.com\/?author=1\"}]}<\/script>\n<!-- \/ Yoast SEO plugin. -->","yoast_head_json":{"title":"FORUM ZA BEZBJEDNOST GRA\u0110ANA PRIJEDORA: ZAJEDNO PROTIV GOVORA MR\u017dNJE - PrijedorDanas.com - Prijedorski gradski portal","robots":{"index":"index","follow":"follow","max-snippet":"max-snippet:-1","max-image-preview":"max-image-preview:large","max-video-preview":"max-video-preview:-1"},"canonical":"https:\/\/www.prijedordanas.com\/?p=36624","og_locale":"en_US","og_type":"article","og_title":"FORUM ZA BEZBJEDNOST GRA\u0110ANA PRIJEDORA: ZAJEDNO PROTIV GOVORA MR\u017dNJE - PrijedorDanas.com - Prijedorski gradski portal","og_description":"Na\u010delnik Centra javne bezbjednosti Prijedor Dalibor Ivani\u0107 ocijenio je danas da je odli\u010dna saradnja policije sa Misijom OEBS-a u BiH na prepoznavanju i spre\u010davanju incidenata motivisanih mr\u017enjom, saop\u0161teno je iz [&hellip;]","og_url":"https:\/\/www.prijedordanas.com\/?p=36624","og_site_name":"PrijedorDanas.com - Prijedorski gradski portal","article_publisher":"https:\/\/www.facebook.com\/PrijedorDanasCom\/","article_published_time":"2015-12-17T20:36:07+00:00","og_image":[{"url":"https:\/\/www.prijedordanas.com\/wp-content\/uploads\/2015\/12\/forum-za-bezbjednost-gradjana-zajedno-protiv-govora-mrznje-300x202.jpg"}],"author":"admin","twitter_card":"summary_large_image","twitter_misc":{"Written by":"admin","Est. reading time":"1 minute"},"schema":{"@context":"https:\/\/schema.org","@graph":[{"@type":"Article","@id":"https:\/\/www.prijedordanas.com\/?p=36624#article","isPartOf":{"@id":"https:\/\/www.prijedordanas.com\/?p=36624"},"author":{"name":"admin","@id":"https:\/\/www.prijedordanas.com\/#\/schema\/person\/4e08ccf29b506ca916ff86d46bb700e6"},"headline":"FORUM ZA BEZBJEDNOST GRA\u0110ANA PRIJEDORA: ZAJEDNO PROTIV GOVORA MR\u017dNJE","datePublished":"2015-12-17T20:36:07+00:00","dateModified":"2015-12-17T20:36:07+00:00","mainEntityOfPage":{"@id":"https:\/\/www.prijedordanas.com\/?p=36624"},"wordCount":201,"publisher":{"@id":"https:\/\/www.prijedordanas.com\/#organization"},"keywords":["Dalibor Ivani\u0107","Forum za bezbjednost gra\u0111ana Prijedora","govor mr\u017enje","OEBS"],"articleSection":["Dru\u0161tvo"],"inLanguage":"en-US"},{"@type":"WebPage","@id":"https:\/\/www.prijedordanas.com\/?p=36624","url":"https:\/\/www.prijedordanas.com\/?p=36624","name":"FORUM ZA BEZBJEDNOST GRA\u0110ANA PRIJEDORA: ZAJEDNO PROTIV GOVORA MR\u017dNJE - PrijedorDanas.com - Prijedorski gradski portal","isPartOf":{"@id":"https:\/\/www.prijedordanas.com\/#website"},"datePublished":"2015-12-17T20:36:07+00:00","dateModified":"2015-12-17T20:36:07+00:00","breadcrumb":{"@id":"https:\/\/www.prijedordanas.com\/?p=36624#breadcrumb"},"inLanguage":"en-US","potentialAction":[{"@type":"ReadAction","target":["https:\/\/www.prijedordanas.com\/?p=36624"]}]},{"@type":"BreadcrumbList","@id":"https:\/\/www.prijedordanas.com\/?p=36624#breadcrumb","itemListElement":[{"@type":"ListItem","position":1,"name":"Home","item":"https:\/\/www.prijedordanas.com\/"},{"@type":"ListItem","position":2,"name":"FORUM ZA BEZBJEDNOST GRA\u0110ANA PRIJEDORA: ZAJEDNO PROTIV GOVORA MR\u017dNJE"}]},{"@type":"WebSite","@id":"https:\/\/www.prijedordanas.com\/#website","url":"https:\/\/www.prijedordanas.com\/","name":"PrijedorDanas.com - Prijedorski gradski portal","description":"Portal o doga\u0111anjima u gradu Prijedoru","publisher":{"@id":"https:\/\/www.prijedordanas.com\/#organization"},"potentialAction":[{"@type":"SearchAction","target":{"@type":"EntryPoint","urlTemplate":"https:\/\/www.prijedordanas.com\/?s={search_term_string}"},"query-input":"required name=search_term_string"}],"inLanguage":"en-US"},{"@type":"Organization","@id":"https:\/\/www.prijedordanas.com\/#organization","name":"PrijedorDanas.com","url":"https:\/\/www.prijedordanas.com\/","logo":{"@type":"ImageObject","inLanguage":"en-US","@id":"https:\/\/www.prijedordanas.com\/#\/schema\/logo\/image\/","url":"http:\/\/www.prijedordanas.com\/wp-content\/uploads\/2021\/12\/logopng.png","contentUrl":"http:\/\/www.prijedordanas.com\/wp-content\/uploads\/2021\/12\/logopng.png","width":1019,"height":776,"caption":"PrijedorDanas.com"},"image":{"@id":"https:\/\/www.prijedordanas.com\/#\/schema\/logo\/image\/"},"sameAs":["https:\/\/www.facebook.com\/PrijedorDanasCom\/"]},{"@type":"Person","@id":"https:\/\/www.prijedordanas.com\/#\/schema\/person\/4e08ccf29b506ca916ff86d46bb700e6","name":"admin","image":{"@type":"ImageObject","inLanguage":"en-US","@id":"https:\/\/www.prijedordanas.com\/#\/schema\/person\/image\/","url":"https:\/\/secure.gravatar.com\/avatar\/1d3fc949d550f0b53a5f0d51e06dfd79?s=96&d=mm&r=g","contentUrl":"https:\/\/secure.gravatar.com\/avatar\/1d3fc949d550f0b53a5f0d51e06dfd79?s=96&d=mm&r=g","caption":"admin"},"url":"https:\/\/www.prijedordanas.com\/?author=1"}]}},"_links":{"self":[{"href":"https:\/\/www.prijedordanas.com\/index.php?rest_route=\/wp\/v2\/posts\/36624"}],"collection":[{"href":"https:\/\/www.prijedordanas.com\/index.php?rest_route=\/wp\/v2\/posts"}],"about":[{"href":"https:\/\/www.prijedordanas.com\/index.php?rest_route=\/wp\/v2\/types\/post"}],"author":[{"embeddable":true,"href":"https:\/\/www.prijedordanas.com\/index.php?rest_route=\/wp\/v2\/users\/1"}],"replies":[{"embeddable":true,"href":"https:\/\/www.prijedordanas.com\/index.php?rest_route=%2Fwp%2Fv2%2Fcomments&post=36624"}],"version-history":[{"count":1,"href":"https:\/\/www.prijedordanas.com\/index.php?rest_route=\/wp\/v2\/posts\/36624\/revisions"}],"predecessor-version":[{"id":36626,"href":"https:\/\/www.prijedordanas.com\/index.php?rest_route=\/wp\/v2\/posts\/36624\/revisions\/36626"}],"wp:attachment":[{"href":"https:\/\/www.prijedordanas.com\/index.php?rest_route=%2Fwp%2Fv2%2Fmedia&parent=36624"}],"wp:term":[{"taxonomy":"category","embeddable":true,"href":"https:\/\/www.prijedordanas.com\/index.php?rest_route=%2Fwp%2Fv2%2Fcategories&post=36624"},{"taxonomy":"post_tag","embeddable":true,"href":"https:\/\/www.prijedordanas.com\/index.php?rest_route=%2Fwp%2Fv2%2Ftags&post=36624"}],"curies":[{"name":"wp","href":"https:\/\/api.w.org\/{rel}","templated":true}]}}