{"id":3575,"date":"2014-05-29T09:40:12","date_gmt":"2014-05-29T08:40:12","guid":{"rendered":"https:\/\/www.prijedordanas.com\/?p=3575"},"modified":"2014-05-29T09:40:12","modified_gmt":"2014-05-29T08:40:12","slug":"akvarel-sretena-stojanovica-na-dar","status":"publish","type":"post","link":"https:\/\/www.prijedordanas.com\/?p=3575","title":{"rendered":"AKVAREL SRETENA STOJANOVI\u0106A NA DAR"},"content":{"rendered":"<p><a href=\"https:\/\/www.prijedordanas.com\/wp-content\/uploads\/2014\/05\/akvarel-sretena-stojanovica.jpg\"><img loading=\"lazy\" decoding=\"async\" src=\"https:\/\/www.prijedordanas.com\/wp-content\/uploads\/2014\/05\/akvarel-sretena-stojanovica-300x198.jpg\" alt=\"akvarel sretena stojanovica\" width=\"300\" height=\"198\" class=\"alignleft size-medium wp-image-3576\" srcset=\"https:\/\/www.prijedordanas.com\/wp-content\/uploads\/2014\/05\/akvarel-sretena-stojanovica-300x198.jpg 300w, https:\/\/www.prijedordanas.com\/wp-content\/uploads\/2014\/05\/akvarel-sretena-stojanovica.jpg 600w\" sizes=\"(max-width: 300px) 100vw, 300px\" \/><\/a>Umjetni\u010dka zbirka Spomen-ku\u0107e porodice Stojanovi\u0107 u Prijedoru oboga\u0107ena je ju\u010de akvarelom koji je iz Minhena donio Mladen Stojanovi\u0107.<\/p>\n<p>Sinovac \u010duvenih Prijedor\u010dana doktora Mladena i vajara i akademika Sretena, Mladen Stojanovi\u0107 godinama \u017eivi u Minhenu, ali je emotivno vezan za rodni grad.<\/p>\n<p>&#8211; Ponosan sam \u0161to sam jo\u0161 jednom u prilici da oplemenim zbirku Spomen-ku\u0107e, djelom iz porodi\u010dne riznice &#8211; rekao je Stojanovi\u0107.<\/p>\n<p>Kazao je da gotovo svake godine dolazi u Prijedor, pogotovo od 2007, kada je porodi\u010dna ku\u0107a Stojanovi\u0107a obnovljena i postala depadans Muzeja Kozare.<\/p>\n<p>Direktor Muzeja Kozare Milenko Radivojac je istakao da je akvarel koji je Stojanovi\u0107 darovao izuzetno vrijedan, jer je nastao prije \u0161est decenija i ima autorov potpis.<\/p>\n<p>&#8211; Svaki Sretenov rad zna\u010di veliki dar za na\u0161 muzej, jer jer rije\u010d o umjetniku koji je za\u010detnik moderne jugoslovenske skulpture &#8211; kazao je Radivojac.<\/p>\n<p>Glas Srpske<\/p>\n","protected":false},"excerpt":{"rendered":"<p>Umjetni\u010dka zbirka Spomen-ku\u0107e porodice Stojanovi\u0107 u Prijedoru oboga\u0107ena je ju\u010de akvarelom koji je iz Minhena donio Mladen Stojanovi\u0107. Sinovac \u010duvenih Prijedor\u010dana doktora Mladena i vajara i akademika Sretena, Mladen Stojanovi\u0107 [&hellip;]<\/p>\n","protected":false},"author":1,"featured_media":0,"comment_status":"closed","ping_status":"open","sticky":false,"template":"","format":"standard","meta":{"_monsterinsights_skip_tracking":false,"_monsterinsights_sitenote_active":false,"_monsterinsights_sitenote_note":"","_monsterinsights_sitenote_category":0,"footnotes":""},"categories":[6],"tags":[1377,1379,1378],"yoast_head":"<!-- This site is optimized with the Yoast SEO plugin v21.6 - https:\/\/yoast.com\/wordpress\/plugins\/seo\/ -->\n<title>AKVAREL SRETENA STOJANOVI\u0106A NA DAR - PrijedorDanas.com - Prijedorski gradski portal<\/title>\n<meta name=\"robots\" content=\"index, follow, max-snippet:-1, max-image-preview:large, max-video-preview:-1\" \/>\n<link rel=\"canonical\" href=\"https:\/\/www.prijedordanas.com\/?p=3575\" \/>\n<meta property=\"og:locale\" content=\"en_US\" \/>\n<meta property=\"og:type\" content=\"article\" \/>\n<meta property=\"og:title\" content=\"AKVAREL SRETENA STOJANOVI\u0106A NA DAR - PrijedorDanas.com - Prijedorski gradski portal\" \/>\n<meta property=\"og:description\" content=\"Umjetni\u010dka zbirka Spomen-ku\u0107e porodice Stojanovi\u0107 u Prijedoru oboga\u0107ena je ju\u010de akvarelom koji je iz Minhena donio Mladen Stojanovi\u0107. Sinovac \u010duvenih Prijedor\u010dana doktora Mladena i vajara i akademika Sretena, Mladen Stojanovi\u0107 [&hellip;]\" \/>\n<meta property=\"og:url\" content=\"https:\/\/www.prijedordanas.com\/?p=3575\" \/>\n<meta property=\"og:site_name\" content=\"PrijedorDanas.com - Prijedorski gradski portal\" \/>\n<meta property=\"article:publisher\" content=\"https:\/\/www.facebook.com\/PrijedorDanasCom\/\" \/>\n<meta property=\"article:published_time\" content=\"2014-05-29T08:40:12+00:00\" \/>\n<meta property=\"og:image\" content=\"https:\/\/www.prijedordanas.com\/wp-content\/uploads\/2014\/05\/akvarel-sretena-stojanovica-300x198.jpg\" \/>\n<meta name=\"author\" content=\"admin\" \/>\n<meta name=\"twitter:card\" content=\"summary_large_image\" \/>\n<meta name=\"twitter:label1\" content=\"Written by\" \/>\n\t<meta name=\"twitter:data1\" content=\"admin\" \/>\n\t<meta name=\"twitter:label2\" content=\"Est. reading time\" \/>\n\t<meta name=\"twitter:data2\" content=\"1 minute\" \/>\n<script type=\"application\/ld+json\" class=\"yoast-schema-graph\">{\"@context\":\"https:\/\/schema.org\",\"@graph\":[{\"@type\":\"Article\",\"@id\":\"https:\/\/www.prijedordanas.com\/?p=3575#article\",\"isPartOf\":{\"@id\":\"https:\/\/www.prijedordanas.com\/?p=3575\"},\"author\":{\"name\":\"admin\",\"@id\":\"https:\/\/www.prijedordanas.com\/#\/schema\/person\/4e08ccf29b506ca916ff86d46bb700e6\"},\"headline\":\"AKVAREL SRETENA STOJANOVI\u0106A NA DAR\",\"datePublished\":\"2014-05-29T08:40:12+00:00\",\"dateModified\":\"2014-05-29T08:40:12+00:00\",\"mainEntityOfPage\":{\"@id\":\"https:\/\/www.prijedordanas.com\/?p=3575\"},\"wordCount\":155,\"publisher\":{\"@id\":\"https:\/\/www.prijedordanas.com\/#organization\"},\"keywords\":[\"akvarel\",\"Mladen Stojanovi\u0107\",\"Sreten Stojanovi\u0107\"],\"articleSection\":[\"Kultura\"],\"inLanguage\":\"en-US\"},{\"@type\":\"WebPage\",\"@id\":\"https:\/\/www.prijedordanas.com\/?p=3575\",\"url\":\"https:\/\/www.prijedordanas.com\/?p=3575\",\"name\":\"AKVAREL SRETENA STOJANOVI\u0106A NA DAR - PrijedorDanas.com - Prijedorski gradski portal\",\"isPartOf\":{\"@id\":\"https:\/\/www.prijedordanas.com\/#website\"},\"datePublished\":\"2014-05-29T08:40:12+00:00\",\"dateModified\":\"2014-05-29T08:40:12+00:00\",\"breadcrumb\":{\"@id\":\"https:\/\/www.prijedordanas.com\/?p=3575#breadcrumb\"},\"inLanguage\":\"en-US\",\"potentialAction\":[{\"@type\":\"ReadAction\",\"target\":[\"https:\/\/www.prijedordanas.com\/?p=3575\"]}]},{\"@type\":\"BreadcrumbList\",\"@id\":\"https:\/\/www.prijedordanas.com\/?p=3575#breadcrumb\",\"itemListElement\":[{\"@type\":\"ListItem\",\"position\":1,\"name\":\"Home\",\"item\":\"https:\/\/www.prijedordanas.com\/\"},{\"@type\":\"ListItem\",\"position\":2,\"name\":\"AKVAREL SRETENA STOJANOVI\u0106A NA DAR\"}]},{\"@type\":\"WebSite\",\"@id\":\"https:\/\/www.prijedordanas.com\/#website\",\"url\":\"https:\/\/www.prijedordanas.com\/\",\"name\":\"PrijedorDanas.com - Prijedorski gradski portal\",\"description\":\"Portal o doga\u0111anjima u gradu Prijedoru\",\"publisher\":{\"@id\":\"https:\/\/www.prijedordanas.com\/#organization\"},\"potentialAction\":[{\"@type\":\"SearchAction\",\"target\":{\"@type\":\"EntryPoint\",\"urlTemplate\":\"https:\/\/www.prijedordanas.com\/?s={search_term_string}\"},\"query-input\":\"required name=search_term_string\"}],\"inLanguage\":\"en-US\"},{\"@type\":\"Organization\",\"@id\":\"https:\/\/www.prijedordanas.com\/#organization\",\"name\":\"PrijedorDanas.com\",\"url\":\"https:\/\/www.prijedordanas.com\/\",\"logo\":{\"@type\":\"ImageObject\",\"inLanguage\":\"en-US\",\"@id\":\"https:\/\/www.prijedordanas.com\/#\/schema\/logo\/image\/\",\"url\":\"http:\/\/www.prijedordanas.com\/wp-content\/uploads\/2021\/12\/logopng.png\",\"contentUrl\":\"http:\/\/www.prijedordanas.com\/wp-content\/uploads\/2021\/12\/logopng.png\",\"width\":1019,\"height\":776,\"caption\":\"PrijedorDanas.com\"},\"image\":{\"@id\":\"https:\/\/www.prijedordanas.com\/#\/schema\/logo\/image\/\"},\"sameAs\":[\"https:\/\/www.facebook.com\/PrijedorDanasCom\/\"]},{\"@type\":\"Person\",\"@id\":\"https:\/\/www.prijedordanas.com\/#\/schema\/person\/4e08ccf29b506ca916ff86d46bb700e6\",\"name\":\"admin\",\"image\":{\"@type\":\"ImageObject\",\"inLanguage\":\"en-US\",\"@id\":\"https:\/\/www.prijedordanas.com\/#\/schema\/person\/image\/\",\"url\":\"https:\/\/secure.gravatar.com\/avatar\/1d3fc949d550f0b53a5f0d51e06dfd79?s=96&d=mm&r=g\",\"contentUrl\":\"https:\/\/secure.gravatar.com\/avatar\/1d3fc949d550f0b53a5f0d51e06dfd79?s=96&d=mm&r=g\",\"caption\":\"admin\"},\"url\":\"https:\/\/www.prijedordanas.com\/?author=1\"}]}<\/script>\n<!-- \/ Yoast SEO plugin. -->","yoast_head_json":{"title":"AKVAREL SRETENA STOJANOVI\u0106A NA DAR - PrijedorDanas.com - Prijedorski gradski portal","robots":{"index":"index","follow":"follow","max-snippet":"max-snippet:-1","max-image-preview":"max-image-preview:large","max-video-preview":"max-video-preview:-1"},"canonical":"https:\/\/www.prijedordanas.com\/?p=3575","og_locale":"en_US","og_type":"article","og_title":"AKVAREL SRETENA STOJANOVI\u0106A NA DAR - PrijedorDanas.com - Prijedorski gradski portal","og_description":"Umjetni\u010dka zbirka Spomen-ku\u0107e porodice Stojanovi\u0107 u Prijedoru oboga\u0107ena je ju\u010de akvarelom koji je iz Minhena donio Mladen Stojanovi\u0107. Sinovac \u010duvenih Prijedor\u010dana doktora Mladena i vajara i akademika Sretena, Mladen Stojanovi\u0107 [&hellip;]","og_url":"https:\/\/www.prijedordanas.com\/?p=3575","og_site_name":"PrijedorDanas.com - Prijedorski gradski portal","article_publisher":"https:\/\/www.facebook.com\/PrijedorDanasCom\/","article_published_time":"2014-05-29T08:40:12+00:00","og_image":[{"url":"https:\/\/www.prijedordanas.com\/wp-content\/uploads\/2014\/05\/akvarel-sretena-stojanovica-300x198.jpg"}],"author":"admin","twitter_card":"summary_large_image","twitter_misc":{"Written by":"admin","Est. reading time":"1 minute"},"schema":{"@context":"https:\/\/schema.org","@graph":[{"@type":"Article","@id":"https:\/\/www.prijedordanas.com\/?p=3575#article","isPartOf":{"@id":"https:\/\/www.prijedordanas.com\/?p=3575"},"author":{"name":"admin","@id":"https:\/\/www.prijedordanas.com\/#\/schema\/person\/4e08ccf29b506ca916ff86d46bb700e6"},"headline":"AKVAREL SRETENA STOJANOVI\u0106A NA DAR","datePublished":"2014-05-29T08:40:12+00:00","dateModified":"2014-05-29T08:40:12+00:00","mainEntityOfPage":{"@id":"https:\/\/www.prijedordanas.com\/?p=3575"},"wordCount":155,"publisher":{"@id":"https:\/\/www.prijedordanas.com\/#organization"},"keywords":["akvarel","Mladen Stojanovi\u0107","Sreten Stojanovi\u0107"],"articleSection":["Kultura"],"inLanguage":"en-US"},{"@type":"WebPage","@id":"https:\/\/www.prijedordanas.com\/?p=3575","url":"https:\/\/www.prijedordanas.com\/?p=3575","name":"AKVAREL SRETENA STOJANOVI\u0106A NA DAR - PrijedorDanas.com - Prijedorski gradski portal","isPartOf":{"@id":"https:\/\/www.prijedordanas.com\/#website"},"datePublished":"2014-05-29T08:40:12+00:00","dateModified":"2014-05-29T08:40:12+00:00","breadcrumb":{"@id":"https:\/\/www.prijedordanas.com\/?p=3575#breadcrumb"},"inLanguage":"en-US","potentialAction":[{"@type":"ReadAction","target":["https:\/\/www.prijedordanas.com\/?p=3575"]}]},{"@type":"BreadcrumbList","@id":"https:\/\/www.prijedordanas.com\/?p=3575#breadcrumb","itemListElement":[{"@type":"ListItem","position":1,"name":"Home","item":"https:\/\/www.prijedordanas.com\/"},{"@type":"ListItem","position":2,"name":"AKVAREL SRETENA STOJANOVI\u0106A NA DAR"}]},{"@type":"WebSite","@id":"https:\/\/www.prijedordanas.com\/#website","url":"https:\/\/www.prijedordanas.com\/","name":"PrijedorDanas.com - Prijedorski gradski portal","description":"Portal o doga\u0111anjima u gradu Prijedoru","publisher":{"@id":"https:\/\/www.prijedordanas.com\/#organization"},"potentialAction":[{"@type":"SearchAction","target":{"@type":"EntryPoint","urlTemplate":"https:\/\/www.prijedordanas.com\/?s={search_term_string}"},"query-input":"required name=search_term_string"}],"inLanguage":"en-US"},{"@type":"Organization","@id":"https:\/\/www.prijedordanas.com\/#organization","name":"PrijedorDanas.com","url":"https:\/\/www.prijedordanas.com\/","logo":{"@type":"ImageObject","inLanguage":"en-US","@id":"https:\/\/www.prijedordanas.com\/#\/schema\/logo\/image\/","url":"http:\/\/www.prijedordanas.com\/wp-content\/uploads\/2021\/12\/logopng.png","contentUrl":"http:\/\/www.prijedordanas.com\/wp-content\/uploads\/2021\/12\/logopng.png","width":1019,"height":776,"caption":"PrijedorDanas.com"},"image":{"@id":"https:\/\/www.prijedordanas.com\/#\/schema\/logo\/image\/"},"sameAs":["https:\/\/www.facebook.com\/PrijedorDanasCom\/"]},{"@type":"Person","@id":"https:\/\/www.prijedordanas.com\/#\/schema\/person\/4e08ccf29b506ca916ff86d46bb700e6","name":"admin","image":{"@type":"ImageObject","inLanguage":"en-US","@id":"https:\/\/www.prijedordanas.com\/#\/schema\/person\/image\/","url":"https:\/\/secure.gravatar.com\/avatar\/1d3fc949d550f0b53a5f0d51e06dfd79?s=96&d=mm&r=g","contentUrl":"https:\/\/secure.gravatar.com\/avatar\/1d3fc949d550f0b53a5f0d51e06dfd79?s=96&d=mm&r=g","caption":"admin"},"url":"https:\/\/www.prijedordanas.com\/?author=1"}]}},"_links":{"self":[{"href":"https:\/\/www.prijedordanas.com\/index.php?rest_route=\/wp\/v2\/posts\/3575"}],"collection":[{"href":"https:\/\/www.prijedordanas.com\/index.php?rest_route=\/wp\/v2\/posts"}],"about":[{"href":"https:\/\/www.prijedordanas.com\/index.php?rest_route=\/wp\/v2\/types\/post"}],"author":[{"embeddable":true,"href":"https:\/\/www.prijedordanas.com\/index.php?rest_route=\/wp\/v2\/users\/1"}],"replies":[{"embeddable":true,"href":"https:\/\/www.prijedordanas.com\/index.php?rest_route=%2Fwp%2Fv2%2Fcomments&post=3575"}],"version-history":[{"count":1,"href":"https:\/\/www.prijedordanas.com\/index.php?rest_route=\/wp\/v2\/posts\/3575\/revisions"}],"predecessor-version":[{"id":3577,"href":"https:\/\/www.prijedordanas.com\/index.php?rest_route=\/wp\/v2\/posts\/3575\/revisions\/3577"}],"wp:attachment":[{"href":"https:\/\/www.prijedordanas.com\/index.php?rest_route=%2Fwp%2Fv2%2Fmedia&parent=3575"}],"wp:term":[{"taxonomy":"category","embeddable":true,"href":"https:\/\/www.prijedordanas.com\/index.php?rest_route=%2Fwp%2Fv2%2Fcategories&post=3575"},{"taxonomy":"post_tag","embeddable":true,"href":"https:\/\/www.prijedordanas.com\/index.php?rest_route=%2Fwp%2Fv2%2Ftags&post=3575"}],"curies":[{"name":"wp","href":"https:\/\/api.w.org\/{rel}","templated":true}]}}