{"id":35431,"date":"2015-12-05T10:53:13","date_gmt":"2015-12-05T09:53:13","guid":{"rendered":"https:\/\/www.prijedordanas.com\/?p=35431"},"modified":"2015-12-05T10:53:13","modified_gmt":"2015-12-05T09:53:13","slug":"karate-mandic-na-seminaru-u-sloveniji","status":"publish","type":"post","link":"https:\/\/www.prijedordanas.com\/?p=35431","title":{"rendered":"KARATE: MANDI\u0106 NA SEMINARU U SLOVENIJI"},"content":{"rendered":"<p><a href=\"https:\/\/www.prijedordanas.com\/wp-content\/uploads\/2015\/12\/bosko-mandic-seminar-slovenija-1.jpg\"><img loading=\"lazy\" decoding=\"async\" class=\"alignleft size-medium wp-image-35432\" src=\"https:\/\/www.prijedordanas.com\/wp-content\/uploads\/2015\/12\/bosko-mandic-seminar-slovenija-1-300x300.jpg\" alt=\"bosko mandic-seminar slovenija (1)\" width=\"300\" height=\"300\" srcset=\"https:\/\/www.prijedordanas.com\/wp-content\/uploads\/2015\/12\/bosko-mandic-seminar-slovenija-1-300x300.jpg 300w, https:\/\/www.prijedordanas.com\/wp-content\/uploads\/2015\/12\/bosko-mandic-seminar-slovenija-1-150x150.jpg 150w, https:\/\/www.prijedordanas.com\/wp-content\/uploads\/2015\/12\/bosko-mandic-seminar-slovenija-1-50x50.jpg 50w, https:\/\/www.prijedordanas.com\/wp-content\/uploads\/2015\/12\/bosko-mandic-seminar-slovenija-1.jpg 500w\" sizes=\"(max-width: 300px) 100vw, 300px\" \/><\/a>Bo\u0161ko Mandi\u0107, \u010dlan Sportske asocijacije \u201eBo\u0161man karate do\u201c Prijedor, odan sportu i u mnogim drugim dsiciplinama, bio je u subotu i nedjelju u\u010desnik seminara u Celju (Slovenija), u organizaciji Japanske karate asocijacije Slovenije (JKAS) i \u0160otokan kluba sa imenom grada doma\u0107ina.<\/p>\n<p>-Seminarom je rukovodio Rafael Aghayev, karatista iz Azerbejd\u017eana, koji je 11 puta bio evropski \u0161ampiuon, a \u010detiri puta okitio se titulom prvaka svijeta. Bila je ovo prilika da se upoznamo sa najnovijim saznanjima i mogu\u0107nostima u radu trenera sa takmi\u010darima, te pripremom takmi\u010dara za dostizanje njihove visoke norme i ostvarivanje vrhunskih rezultata &#8211; naglasio je Mandi\u0107.<\/p>\n<p>Me\u0111u 200 u\u010desnika, uz predstavnike Republike Srpske, kako iz grada na Sani, tako i iz Banjaluke, Kozarske Dubice i Novog Grada, stru\u010dno su se usavr\u0161avali na ovom seminaru, na visokom stepenu organizacije, i polaznici iz Srbije, Ma\u0111arske, Hrvatske, Italije, Austrije i Slovenije.<\/p>\n<p>Tekst i foto \u2013 Nenad \u0110eri\u0107\/Aleksandar Drakuli\u0107 \u2013 <a href=\"www.prijedordanas.com\" target=\"_blank\">www.prijedordanas.com<\/a><\/p>\n<p><a href=\"https:\/\/www.prijedordanas.com\/wp-content\/uploads\/2015\/12\/bosko-mandic-seminar-slovenija-2.jpg\"><img loading=\"lazy\" decoding=\"async\" src=\"https:\/\/www.prijedordanas.com\/wp-content\/uploads\/2015\/12\/bosko-mandic-seminar-slovenija-2-169x300.jpg\" alt=\"bosko mandic-seminar slovenija (2)\" width=\"169\" height=\"300\" class=\"alignleft size-medium wp-image-35433\" srcset=\"https:\/\/www.prijedordanas.com\/wp-content\/uploads\/2015\/12\/bosko-mandic-seminar-slovenija-2-169x300.jpg 169w, https:\/\/www.prijedordanas.com\/wp-content\/uploads\/2015\/12\/bosko-mandic-seminar-slovenija-2.jpg 338w\" sizes=\"(max-width: 169px) 100vw, 169px\" \/><\/a> <a href=\"https:\/\/www.prijedordanas.com\/wp-content\/uploads\/2015\/12\/bosko-mandic-seminar-slovenija-4.jpg\"><img loading=\"lazy\" decoding=\"async\" src=\"https:\/\/www.prijedordanas.com\/wp-content\/uploads\/2015\/12\/bosko-mandic-seminar-slovenija-4-175x300.jpg\" alt=\"bosko mandic-seminar slovenija (4)\" width=\"175\" height=\"300\" class=\"alignleft size-medium wp-image-35434\" srcset=\"https:\/\/www.prijedordanas.com\/wp-content\/uploads\/2015\/12\/bosko-mandic-seminar-slovenija-4-175x300.jpg 175w, https:\/\/www.prijedordanas.com\/wp-content\/uploads\/2015\/12\/bosko-mandic-seminar-slovenija-4.jpg 292w\" sizes=\"(max-width: 175px) 100vw, 175px\" \/><\/a> <a href=\"https:\/\/www.prijedordanas.com\/wp-content\/uploads\/2015\/12\/bosko-mandic-seminar-slovenija-3.jpg\"><img loading=\"lazy\" decoding=\"async\" src=\"https:\/\/www.prijedordanas.com\/wp-content\/uploads\/2015\/12\/bosko-mandic-seminar-slovenija-3-300x169.jpg\" alt=\"bosko mandic-seminar slovenija (3)\" width=\"300\" height=\"169\" class=\"alignleft size-medium wp-image-35435\" srcset=\"https:\/\/www.prijedordanas.com\/wp-content\/uploads\/2015\/12\/bosko-mandic-seminar-slovenija-3-300x169.jpg 300w, https:\/\/www.prijedordanas.com\/wp-content\/uploads\/2015\/12\/bosko-mandic-seminar-slovenija-3.jpg 600w\" sizes=\"(max-width: 300px) 100vw, 300px\" \/><\/a><\/p>\n","protected":false},"excerpt":{"rendered":"<p>Bo\u0161ko Mandi\u0107, \u010dlan Sportske asocijacije \u201eBo\u0161man karate do\u201c Prijedor, odan sportu i u mnogim drugim dsiciplinama, bio je u subotu i nedjelju u\u010desnik seminara u Celju (Slovenija), u organizaciji Japanske [&hellip;]<\/p>\n","protected":false},"author":1,"featured_media":0,"comment_status":"closed","ping_status":"open","sticky":false,"template":"","format":"standard","meta":{"_monsterinsights_skip_tracking":false,"_monsterinsights_sitenote_active":false,"_monsterinsights_sitenote_note":"","_monsterinsights_sitenote_category":0,"footnotes":""},"categories":[7],"tags":[6035,929,766,4764],"yoast_head":"<!-- This site is optimized with the Yoast SEO plugin v21.6 - https:\/\/yoast.com\/wordpress\/plugins\/seo\/ -->\n<title>KARATE: MANDI\u0106 NA SEMINARU U SLOVENIJI - PrijedorDanas.com - Prijedorski gradski portal<\/title>\n<meta name=\"robots\" content=\"index, follow, max-snippet:-1, max-image-preview:large, max-video-preview:-1\" \/>\n<link rel=\"canonical\" href=\"https:\/\/www.prijedordanas.com\/?p=35431\" \/>\n<meta property=\"og:locale\" content=\"en_US\" \/>\n<meta property=\"og:type\" content=\"article\" \/>\n<meta property=\"og:title\" content=\"KARATE: MANDI\u0106 NA SEMINARU U SLOVENIJI - PrijedorDanas.com - Prijedorski gradski portal\" \/>\n<meta property=\"og:description\" content=\"Bo\u0161ko Mandi\u0107, \u010dlan Sportske asocijacije \u201eBo\u0161man karate do\u201c Prijedor, odan sportu i u mnogim drugim dsiciplinama, bio je u subotu i nedjelju u\u010desnik seminara u Celju (Slovenija), u organizaciji Japanske [&hellip;]\" \/>\n<meta property=\"og:url\" content=\"https:\/\/www.prijedordanas.com\/?p=35431\" \/>\n<meta property=\"og:site_name\" content=\"PrijedorDanas.com - Prijedorski gradski portal\" \/>\n<meta property=\"article:publisher\" content=\"https:\/\/www.facebook.com\/PrijedorDanasCom\/\" \/>\n<meta property=\"article:published_time\" content=\"2015-12-05T09:53:13+00:00\" \/>\n<meta property=\"og:image\" content=\"https:\/\/www.prijedordanas.com\/wp-content\/uploads\/2015\/12\/bosko-mandic-seminar-slovenija-1-300x300.jpg\" \/>\n<meta name=\"author\" content=\"admin\" \/>\n<meta name=\"twitter:card\" content=\"summary_large_image\" \/>\n<meta name=\"twitter:label1\" content=\"Written by\" \/>\n\t<meta name=\"twitter:data1\" content=\"admin\" \/>\n\t<meta name=\"twitter:label2\" content=\"Est. reading time\" \/>\n\t<meta name=\"twitter:data2\" content=\"1 minute\" \/>\n<script type=\"application\/ld+json\" class=\"yoast-schema-graph\">{\"@context\":\"https:\/\/schema.org\",\"@graph\":[{\"@type\":\"Article\",\"@id\":\"https:\/\/www.prijedordanas.com\/?p=35431#article\",\"isPartOf\":{\"@id\":\"https:\/\/www.prijedordanas.com\/?p=35431\"},\"author\":{\"name\":\"admin\",\"@id\":\"https:\/\/www.prijedordanas.com\/#\/schema\/person\/4e08ccf29b506ca916ff86d46bb700e6\"},\"headline\":\"KARATE: MANDI\u0106 NA SEMINARU U SLOVENIJI\",\"datePublished\":\"2015-12-05T09:53:13+00:00\",\"dateModified\":\"2015-12-05T09:53:13+00:00\",\"mainEntityOfPage\":{\"@id\":\"https:\/\/www.prijedordanas.com\/?p=35431\"},\"wordCount\":166,\"publisher\":{\"@id\":\"https:\/\/www.prijedordanas.com\/#organization\"},\"keywords\":[\"Bo\u0161ko Mandi\u0107\",\"karate\",\"seminar\",\"Slovenija\"],\"articleSection\":[\"Sport\"],\"inLanguage\":\"en-US\"},{\"@type\":\"WebPage\",\"@id\":\"https:\/\/www.prijedordanas.com\/?p=35431\",\"url\":\"https:\/\/www.prijedordanas.com\/?p=35431\",\"name\":\"KARATE: MANDI\u0106 NA SEMINARU U SLOVENIJI - PrijedorDanas.com - Prijedorski gradski portal\",\"isPartOf\":{\"@id\":\"https:\/\/www.prijedordanas.com\/#website\"},\"datePublished\":\"2015-12-05T09:53:13+00:00\",\"dateModified\":\"2015-12-05T09:53:13+00:00\",\"breadcrumb\":{\"@id\":\"https:\/\/www.prijedordanas.com\/?p=35431#breadcrumb\"},\"inLanguage\":\"en-US\",\"potentialAction\":[{\"@type\":\"ReadAction\",\"target\":[\"https:\/\/www.prijedordanas.com\/?p=35431\"]}]},{\"@type\":\"BreadcrumbList\",\"@id\":\"https:\/\/www.prijedordanas.com\/?p=35431#breadcrumb\",\"itemListElement\":[{\"@type\":\"ListItem\",\"position\":1,\"name\":\"Home\",\"item\":\"https:\/\/www.prijedordanas.com\/\"},{\"@type\":\"ListItem\",\"position\":2,\"name\":\"KARATE: MANDI\u0106 NA SEMINARU U SLOVENIJI\"}]},{\"@type\":\"WebSite\",\"@id\":\"https:\/\/www.prijedordanas.com\/#website\",\"url\":\"https:\/\/www.prijedordanas.com\/\",\"name\":\"PrijedorDanas.com - Prijedorski gradski portal\",\"description\":\"Portal o doga\u0111anjima u gradu Prijedoru\",\"publisher\":{\"@id\":\"https:\/\/www.prijedordanas.com\/#organization\"},\"potentialAction\":[{\"@type\":\"SearchAction\",\"target\":{\"@type\":\"EntryPoint\",\"urlTemplate\":\"https:\/\/www.prijedordanas.com\/?s={search_term_string}\"},\"query-input\":\"required name=search_term_string\"}],\"inLanguage\":\"en-US\"},{\"@type\":\"Organization\",\"@id\":\"https:\/\/www.prijedordanas.com\/#organization\",\"name\":\"PrijedorDanas.com\",\"url\":\"https:\/\/www.prijedordanas.com\/\",\"logo\":{\"@type\":\"ImageObject\",\"inLanguage\":\"en-US\",\"@id\":\"https:\/\/www.prijedordanas.com\/#\/schema\/logo\/image\/\",\"url\":\"http:\/\/www.prijedordanas.com\/wp-content\/uploads\/2021\/12\/logopng.png\",\"contentUrl\":\"http:\/\/www.prijedordanas.com\/wp-content\/uploads\/2021\/12\/logopng.png\",\"width\":1019,\"height\":776,\"caption\":\"PrijedorDanas.com\"},\"image\":{\"@id\":\"https:\/\/www.prijedordanas.com\/#\/schema\/logo\/image\/\"},\"sameAs\":[\"https:\/\/www.facebook.com\/PrijedorDanasCom\/\"]},{\"@type\":\"Person\",\"@id\":\"https:\/\/www.prijedordanas.com\/#\/schema\/person\/4e08ccf29b506ca916ff86d46bb700e6\",\"name\":\"admin\",\"image\":{\"@type\":\"ImageObject\",\"inLanguage\":\"en-US\",\"@id\":\"https:\/\/www.prijedordanas.com\/#\/schema\/person\/image\/\",\"url\":\"https:\/\/secure.gravatar.com\/avatar\/1d3fc949d550f0b53a5f0d51e06dfd79?s=96&d=mm&r=g\",\"contentUrl\":\"https:\/\/secure.gravatar.com\/avatar\/1d3fc949d550f0b53a5f0d51e06dfd79?s=96&d=mm&r=g\",\"caption\":\"admin\"},\"url\":\"https:\/\/www.prijedordanas.com\/?author=1\"}]}<\/script>\n<!-- \/ Yoast SEO plugin. -->","yoast_head_json":{"title":"KARATE: MANDI\u0106 NA SEMINARU U SLOVENIJI - PrijedorDanas.com - Prijedorski gradski portal","robots":{"index":"index","follow":"follow","max-snippet":"max-snippet:-1","max-image-preview":"max-image-preview:large","max-video-preview":"max-video-preview:-1"},"canonical":"https:\/\/www.prijedordanas.com\/?p=35431","og_locale":"en_US","og_type":"article","og_title":"KARATE: MANDI\u0106 NA SEMINARU U SLOVENIJI - PrijedorDanas.com - Prijedorski gradski portal","og_description":"Bo\u0161ko Mandi\u0107, \u010dlan Sportske asocijacije \u201eBo\u0161man karate do\u201c Prijedor, odan sportu i u mnogim drugim dsiciplinama, bio je u subotu i nedjelju u\u010desnik seminara u Celju (Slovenija), u organizaciji Japanske [&hellip;]","og_url":"https:\/\/www.prijedordanas.com\/?p=35431","og_site_name":"PrijedorDanas.com - Prijedorski gradski portal","article_publisher":"https:\/\/www.facebook.com\/PrijedorDanasCom\/","article_published_time":"2015-12-05T09:53:13+00:00","og_image":[{"url":"https:\/\/www.prijedordanas.com\/wp-content\/uploads\/2015\/12\/bosko-mandic-seminar-slovenija-1-300x300.jpg"}],"author":"admin","twitter_card":"summary_large_image","twitter_misc":{"Written by":"admin","Est. reading time":"1 minute"},"schema":{"@context":"https:\/\/schema.org","@graph":[{"@type":"Article","@id":"https:\/\/www.prijedordanas.com\/?p=35431#article","isPartOf":{"@id":"https:\/\/www.prijedordanas.com\/?p=35431"},"author":{"name":"admin","@id":"https:\/\/www.prijedordanas.com\/#\/schema\/person\/4e08ccf29b506ca916ff86d46bb700e6"},"headline":"KARATE: MANDI\u0106 NA SEMINARU U SLOVENIJI","datePublished":"2015-12-05T09:53:13+00:00","dateModified":"2015-12-05T09:53:13+00:00","mainEntityOfPage":{"@id":"https:\/\/www.prijedordanas.com\/?p=35431"},"wordCount":166,"publisher":{"@id":"https:\/\/www.prijedordanas.com\/#organization"},"keywords":["Bo\u0161ko Mandi\u0107","karate","seminar","Slovenija"],"articleSection":["Sport"],"inLanguage":"en-US"},{"@type":"WebPage","@id":"https:\/\/www.prijedordanas.com\/?p=35431","url":"https:\/\/www.prijedordanas.com\/?p=35431","name":"KARATE: MANDI\u0106 NA SEMINARU U SLOVENIJI - PrijedorDanas.com - Prijedorski gradski portal","isPartOf":{"@id":"https:\/\/www.prijedordanas.com\/#website"},"datePublished":"2015-12-05T09:53:13+00:00","dateModified":"2015-12-05T09:53:13+00:00","breadcrumb":{"@id":"https:\/\/www.prijedordanas.com\/?p=35431#breadcrumb"},"inLanguage":"en-US","potentialAction":[{"@type":"ReadAction","target":["https:\/\/www.prijedordanas.com\/?p=35431"]}]},{"@type":"BreadcrumbList","@id":"https:\/\/www.prijedordanas.com\/?p=35431#breadcrumb","itemListElement":[{"@type":"ListItem","position":1,"name":"Home","item":"https:\/\/www.prijedordanas.com\/"},{"@type":"ListItem","position":2,"name":"KARATE: MANDI\u0106 NA SEMINARU U SLOVENIJI"}]},{"@type":"WebSite","@id":"https:\/\/www.prijedordanas.com\/#website","url":"https:\/\/www.prijedordanas.com\/","name":"PrijedorDanas.com - Prijedorski gradski portal","description":"Portal o doga\u0111anjima u gradu Prijedoru","publisher":{"@id":"https:\/\/www.prijedordanas.com\/#organization"},"potentialAction":[{"@type":"SearchAction","target":{"@type":"EntryPoint","urlTemplate":"https:\/\/www.prijedordanas.com\/?s={search_term_string}"},"query-input":"required name=search_term_string"}],"inLanguage":"en-US"},{"@type":"Organization","@id":"https:\/\/www.prijedordanas.com\/#organization","name":"PrijedorDanas.com","url":"https:\/\/www.prijedordanas.com\/","logo":{"@type":"ImageObject","inLanguage":"en-US","@id":"https:\/\/www.prijedordanas.com\/#\/schema\/logo\/image\/","url":"http:\/\/www.prijedordanas.com\/wp-content\/uploads\/2021\/12\/logopng.png","contentUrl":"http:\/\/www.prijedordanas.com\/wp-content\/uploads\/2021\/12\/logopng.png","width":1019,"height":776,"caption":"PrijedorDanas.com"},"image":{"@id":"https:\/\/www.prijedordanas.com\/#\/schema\/logo\/image\/"},"sameAs":["https:\/\/www.facebook.com\/PrijedorDanasCom\/"]},{"@type":"Person","@id":"https:\/\/www.prijedordanas.com\/#\/schema\/person\/4e08ccf29b506ca916ff86d46bb700e6","name":"admin","image":{"@type":"ImageObject","inLanguage":"en-US","@id":"https:\/\/www.prijedordanas.com\/#\/schema\/person\/image\/","url":"https:\/\/secure.gravatar.com\/avatar\/1d3fc949d550f0b53a5f0d51e06dfd79?s=96&d=mm&r=g","contentUrl":"https:\/\/secure.gravatar.com\/avatar\/1d3fc949d550f0b53a5f0d51e06dfd79?s=96&d=mm&r=g","caption":"admin"},"url":"https:\/\/www.prijedordanas.com\/?author=1"}]}},"_links":{"self":[{"href":"https:\/\/www.prijedordanas.com\/index.php?rest_route=\/wp\/v2\/posts\/35431"}],"collection":[{"href":"https:\/\/www.prijedordanas.com\/index.php?rest_route=\/wp\/v2\/posts"}],"about":[{"href":"https:\/\/www.prijedordanas.com\/index.php?rest_route=\/wp\/v2\/types\/post"}],"author":[{"embeddable":true,"href":"https:\/\/www.prijedordanas.com\/index.php?rest_route=\/wp\/v2\/users\/1"}],"replies":[{"embeddable":true,"href":"https:\/\/www.prijedordanas.com\/index.php?rest_route=%2Fwp%2Fv2%2Fcomments&post=35431"}],"version-history":[{"count":1,"href":"https:\/\/www.prijedordanas.com\/index.php?rest_route=\/wp\/v2\/posts\/35431\/revisions"}],"predecessor-version":[{"id":35436,"href":"https:\/\/www.prijedordanas.com\/index.php?rest_route=\/wp\/v2\/posts\/35431\/revisions\/35436"}],"wp:attachment":[{"href":"https:\/\/www.prijedordanas.com\/index.php?rest_route=%2Fwp%2Fv2%2Fmedia&parent=35431"}],"wp:term":[{"taxonomy":"category","embeddable":true,"href":"https:\/\/www.prijedordanas.com\/index.php?rest_route=%2Fwp%2Fv2%2Fcategories&post=35431"},{"taxonomy":"post_tag","embeddable":true,"href":"https:\/\/www.prijedordanas.com\/index.php?rest_route=%2Fwp%2Fv2%2Ftags&post=35431"}],"curies":[{"name":"wp","href":"https:\/\/api.w.org\/{rel}","templated":true}]}}