{"id":35054,"date":"2015-11-29T12:29:22","date_gmt":"2015-11-29T11:29:22","guid":{"rendered":"https:\/\/www.prijedordanas.com\/?p=35054"},"modified":"2015-11-29T12:29:22","modified_gmt":"2015-11-29T11:29:22","slug":"sest-decenija-postojanja-muzicke-skole-savo-balaban-iz-prijedora","status":"publish","type":"post","link":"https:\/\/www.prijedordanas.com\/?p=35054","title":{"rendered":"\u0160EST DECENIJA POSTOJANJA MUZI\u010cKE \u0160KOLE SAVO BALABAN IZ PRIJEDORA"},"content":{"rendered":"<p><a href=\"https:\/\/www.prijedordanas.com\/wp-content\/uploads\/2015\/11\/glas-koncert-miljana-radinovic.jpg\"><img loading=\"lazy\" decoding=\"async\" src=\"https:\/\/www.prijedordanas.com\/wp-content\/uploads\/2015\/11\/glas-koncert-miljana-radinovic-300x187.jpg\" alt=\"glas-koncert miljana radinovic\" width=\"300\" height=\"187\" class=\"alignleft size-medium wp-image-35055\" srcset=\"https:\/\/www.prijedordanas.com\/wp-content\/uploads\/2015\/11\/glas-koncert-miljana-radinovic-300x187.jpg 300w, https:\/\/www.prijedordanas.com\/wp-content\/uploads\/2015\/11\/glas-koncert-miljana-radinovic.jpg 600w\" sizes=\"(max-width: 300px) 100vw, 300px\" \/><\/a>Solo pjevanje omiljena je katedra i kod u\u010denika prijedorske Muzi\u010dke \u0161kole &#8220;Savo Balaban&#8221;, tako da je u koncertnim aktivnostima kojima se obilje\u017eava 60 godina ove \u0161kole zna\u010dajno mjesto zauzeo i nastup u\u010denika i profesora solo pjevanja.<\/p>\n<p>Obilje\u017eavanju ovog jubileja priklju\u010dila se i mlada operska pjeva\u010dica Miljana Radinovi\u0107, koja ka\u017ee da joj je pripala velika \u010dast da svojim solisti\u010dkim koncertom u Galeriji &#8217;96 u Prijedoru uveli\u010da ovaj doga\u0111aj zna\u010dajan za \u0161kolu u kojoj trenutno radi.<\/p>\n<p>Radinovi\u0107evu je na klaviru pratila Sofija Kova\u010devi\u0107, a kao gost je nastupila i profesor gitare Sun\u010dica Trkulja.<\/p>\n<p>Dodaje da je pripremila srpske i ruske pjesme koje se njoj dopadaju, a da je po reakciji publike vidjela da je izbor bio pun pogodak.<\/p>\n<p>&#8211; Trudila sam se da izaberem najljep\u0161a djela na\u0161ih i ruskih klasi\u010dara Prebande, Miloja Milojevi\u0107a, Kre\u0161imira Beranovi\u0107a, Sergeja Rahmanjinova, Glinke, \u010cajkovskog &#8211; istakla je Radinovi\u0107eva.<\/p>\n<p>Ka\u017ee da se solo pjeva\u010d ra\u0111a, a ne postaje i da je ona jo\u0161 kao mala, prema rije\u010dima njenih roditelja, znala da \u0107e biti operska pjeva\u010dica.<\/p>\n<p>&#8211; Iako na prvom mjestu moraju da postoje neke stvari kao \u0161to je talenat, predispozicije za ovaj poziv pa i veliki trud i rad jer  i pjevanje se u\u010di, presudna je ta ogromna ljubav prema tom pozivu &#8211; ka\u017ee Radinovi\u0107eva.<\/p>\n<p>Sljede\u0107i zakazan nastup ova vi\u0161estruko nagra\u0111ivana umjetnica ima 5. decembra u Narodnom pozori\u0161tu u Beogradu.<\/p>\n<p>Direktor Muzi\u010dke \u0161kole &#8220;Savo Balaban&#8221; Gojko Ra\u0111enovi\u0107 je nakon koncerta istakao da je jubilej, 60 godina postojanja ove  \u0161kole, podijeljen u tri ciklusa i da su to u\u010deni\u010dki koncerti  mje\u0161ovitog tipa, koncerti muzi\u010dkih talenata i koncerti studenata i profesora. Zavr\u0161na akademija zakazana je za 23. decembar.<\/p>\n<p>Glas Srpske<\/p>\n","protected":false},"excerpt":{"rendered":"<p>Solo pjevanje omiljena je katedra i kod u\u010denika prijedorske Muzi\u010dke \u0161kole &#8220;Savo Balaban&#8221;, tako da je u koncertnim aktivnostima kojima se obilje\u017eava 60 godina ove \u0161kole zna\u010dajno mjesto zauzeo i [&hellip;]<\/p>\n","protected":false},"author":1,"featured_media":0,"comment_status":"closed","ping_status":"open","sticky":false,"template":"","format":"standard","meta":{"_monsterinsights_skip_tracking":false,"_monsterinsights_sitenote_active":false,"_monsterinsights_sitenote_note":"","_monsterinsights_sitenote_category":0,"footnotes":""},"categories":[6],"tags":[1947,5973,3853],"yoast_head":"<!-- This site is optimized with the Yoast SEO plugin v21.6 - https:\/\/yoast.com\/wordpress\/plugins\/seo\/ -->\n<title>\u0160EST DECENIJA POSTOJANJA MUZI\u010cKE \u0160KOLE SAVO BALABAN IZ PRIJEDORA - PrijedorDanas.com - Prijedorski gradski portal<\/title>\n<meta name=\"robots\" content=\"index, follow, max-snippet:-1, max-image-preview:large, max-video-preview:-1\" \/>\n<link rel=\"canonical\" href=\"https:\/\/www.prijedordanas.com\/?p=35054\" \/>\n<meta property=\"og:locale\" content=\"en_US\" \/>\n<meta property=\"og:type\" content=\"article\" \/>\n<meta property=\"og:title\" content=\"\u0160EST DECENIJA POSTOJANJA MUZI\u010cKE \u0160KOLE SAVO BALABAN IZ PRIJEDORA - PrijedorDanas.com - Prijedorski gradski portal\" \/>\n<meta property=\"og:description\" content=\"Solo pjevanje omiljena je katedra i kod u\u010denika prijedorske Muzi\u010dke \u0161kole &#8220;Savo Balaban&#8221;, tako da je u koncertnim aktivnostima kojima se obilje\u017eava 60 godina ove \u0161kole zna\u010dajno mjesto zauzeo i [&hellip;]\" \/>\n<meta property=\"og:url\" content=\"https:\/\/www.prijedordanas.com\/?p=35054\" \/>\n<meta property=\"og:site_name\" content=\"PrijedorDanas.com - Prijedorski gradski portal\" \/>\n<meta property=\"article:publisher\" content=\"https:\/\/www.facebook.com\/PrijedorDanasCom\/\" \/>\n<meta property=\"article:published_time\" content=\"2015-11-29T11:29:22+00:00\" \/>\n<meta property=\"og:image\" content=\"https:\/\/www.prijedordanas.com\/wp-content\/uploads\/2015\/11\/glas-koncert-miljana-radinovic-300x187.jpg\" \/>\n<meta name=\"author\" content=\"admin\" \/>\n<meta name=\"twitter:card\" content=\"summary_large_image\" \/>\n<meta name=\"twitter:label1\" content=\"Written by\" \/>\n\t<meta name=\"twitter:data1\" content=\"admin\" \/>\n\t<meta name=\"twitter:label2\" content=\"Est. reading time\" \/>\n\t<meta name=\"twitter:data2\" content=\"2 minutes\" \/>\n<script type=\"application\/ld+json\" class=\"yoast-schema-graph\">{\"@context\":\"https:\/\/schema.org\",\"@graph\":[{\"@type\":\"Article\",\"@id\":\"https:\/\/www.prijedordanas.com\/?p=35054#article\",\"isPartOf\":{\"@id\":\"https:\/\/www.prijedordanas.com\/?p=35054\"},\"author\":{\"name\":\"admin\",\"@id\":\"https:\/\/www.prijedordanas.com\/#\/schema\/person\/4e08ccf29b506ca916ff86d46bb700e6\"},\"headline\":\"\u0160EST DECENIJA POSTOJANJA MUZI\u010cKE \u0160KOLE SAVO BALABAN IZ PRIJEDORA\",\"datePublished\":\"2015-11-29T11:29:22+00:00\",\"dateModified\":\"2015-11-29T11:29:22+00:00\",\"mainEntityOfPage\":{\"@id\":\"https:\/\/www.prijedordanas.com\/?p=35054\"},\"wordCount\":317,\"publisher\":{\"@id\":\"https:\/\/www.prijedordanas.com\/#organization\"},\"keywords\":[\"koncert\",\"Miljana Radinovi\u0107\",\"Muzi\u010dka \u0161kola \\\"Savo Balaban\\\" Prijedor\"],\"articleSection\":[\"Kultura\"],\"inLanguage\":\"en-US\"},{\"@type\":\"WebPage\",\"@id\":\"https:\/\/www.prijedordanas.com\/?p=35054\",\"url\":\"https:\/\/www.prijedordanas.com\/?p=35054\",\"name\":\"\u0160EST DECENIJA POSTOJANJA MUZI\u010cKE \u0160KOLE SAVO BALABAN IZ PRIJEDORA - PrijedorDanas.com - Prijedorski gradski portal\",\"isPartOf\":{\"@id\":\"https:\/\/www.prijedordanas.com\/#website\"},\"datePublished\":\"2015-11-29T11:29:22+00:00\",\"dateModified\":\"2015-11-29T11:29:22+00:00\",\"breadcrumb\":{\"@id\":\"https:\/\/www.prijedordanas.com\/?p=35054#breadcrumb\"},\"inLanguage\":\"en-US\",\"potentialAction\":[{\"@type\":\"ReadAction\",\"target\":[\"https:\/\/www.prijedordanas.com\/?p=35054\"]}]},{\"@type\":\"BreadcrumbList\",\"@id\":\"https:\/\/www.prijedordanas.com\/?p=35054#breadcrumb\",\"itemListElement\":[{\"@type\":\"ListItem\",\"position\":1,\"name\":\"Home\",\"item\":\"https:\/\/www.prijedordanas.com\/\"},{\"@type\":\"ListItem\",\"position\":2,\"name\":\"\u0160EST DECENIJA POSTOJANJA MUZI\u010cKE \u0160KOLE SAVO BALABAN IZ PRIJEDORA\"}]},{\"@type\":\"WebSite\",\"@id\":\"https:\/\/www.prijedordanas.com\/#website\",\"url\":\"https:\/\/www.prijedordanas.com\/\",\"name\":\"PrijedorDanas.com - Prijedorski gradski portal\",\"description\":\"Portal o doga\u0111anjima u gradu Prijedoru\",\"publisher\":{\"@id\":\"https:\/\/www.prijedordanas.com\/#organization\"},\"potentialAction\":[{\"@type\":\"SearchAction\",\"target\":{\"@type\":\"EntryPoint\",\"urlTemplate\":\"https:\/\/www.prijedordanas.com\/?s={search_term_string}\"},\"query-input\":\"required name=search_term_string\"}],\"inLanguage\":\"en-US\"},{\"@type\":\"Organization\",\"@id\":\"https:\/\/www.prijedordanas.com\/#organization\",\"name\":\"PrijedorDanas.com\",\"url\":\"https:\/\/www.prijedordanas.com\/\",\"logo\":{\"@type\":\"ImageObject\",\"inLanguage\":\"en-US\",\"@id\":\"https:\/\/www.prijedordanas.com\/#\/schema\/logo\/image\/\",\"url\":\"http:\/\/www.prijedordanas.com\/wp-content\/uploads\/2021\/12\/logopng.png\",\"contentUrl\":\"http:\/\/www.prijedordanas.com\/wp-content\/uploads\/2021\/12\/logopng.png\",\"width\":1019,\"height\":776,\"caption\":\"PrijedorDanas.com\"},\"image\":{\"@id\":\"https:\/\/www.prijedordanas.com\/#\/schema\/logo\/image\/\"},\"sameAs\":[\"https:\/\/www.facebook.com\/PrijedorDanasCom\/\"]},{\"@type\":\"Person\",\"@id\":\"https:\/\/www.prijedordanas.com\/#\/schema\/person\/4e08ccf29b506ca916ff86d46bb700e6\",\"name\":\"admin\",\"image\":{\"@type\":\"ImageObject\",\"inLanguage\":\"en-US\",\"@id\":\"https:\/\/www.prijedordanas.com\/#\/schema\/person\/image\/\",\"url\":\"https:\/\/secure.gravatar.com\/avatar\/1d3fc949d550f0b53a5f0d51e06dfd79?s=96&d=mm&r=g\",\"contentUrl\":\"https:\/\/secure.gravatar.com\/avatar\/1d3fc949d550f0b53a5f0d51e06dfd79?s=96&d=mm&r=g\",\"caption\":\"admin\"},\"url\":\"https:\/\/www.prijedordanas.com\/?author=1\"}]}<\/script>\n<!-- \/ Yoast SEO plugin. -->","yoast_head_json":{"title":"\u0160EST DECENIJA POSTOJANJA MUZI\u010cKE \u0160KOLE SAVO BALABAN IZ PRIJEDORA - PrijedorDanas.com - Prijedorski gradski portal","robots":{"index":"index","follow":"follow","max-snippet":"max-snippet:-1","max-image-preview":"max-image-preview:large","max-video-preview":"max-video-preview:-1"},"canonical":"https:\/\/www.prijedordanas.com\/?p=35054","og_locale":"en_US","og_type":"article","og_title":"\u0160EST DECENIJA POSTOJANJA MUZI\u010cKE \u0160KOLE SAVO BALABAN IZ PRIJEDORA - PrijedorDanas.com - Prijedorski gradski portal","og_description":"Solo pjevanje omiljena je katedra i kod u\u010denika prijedorske Muzi\u010dke \u0161kole &#8220;Savo Balaban&#8221;, tako da je u koncertnim aktivnostima kojima se obilje\u017eava 60 godina ove \u0161kole zna\u010dajno mjesto zauzeo i [&hellip;]","og_url":"https:\/\/www.prijedordanas.com\/?p=35054","og_site_name":"PrijedorDanas.com - Prijedorski gradski portal","article_publisher":"https:\/\/www.facebook.com\/PrijedorDanasCom\/","article_published_time":"2015-11-29T11:29:22+00:00","og_image":[{"url":"https:\/\/www.prijedordanas.com\/wp-content\/uploads\/2015\/11\/glas-koncert-miljana-radinovic-300x187.jpg"}],"author":"admin","twitter_card":"summary_large_image","twitter_misc":{"Written by":"admin","Est. reading time":"2 minutes"},"schema":{"@context":"https:\/\/schema.org","@graph":[{"@type":"Article","@id":"https:\/\/www.prijedordanas.com\/?p=35054#article","isPartOf":{"@id":"https:\/\/www.prijedordanas.com\/?p=35054"},"author":{"name":"admin","@id":"https:\/\/www.prijedordanas.com\/#\/schema\/person\/4e08ccf29b506ca916ff86d46bb700e6"},"headline":"\u0160EST DECENIJA POSTOJANJA MUZI\u010cKE \u0160KOLE SAVO BALABAN IZ PRIJEDORA","datePublished":"2015-11-29T11:29:22+00:00","dateModified":"2015-11-29T11:29:22+00:00","mainEntityOfPage":{"@id":"https:\/\/www.prijedordanas.com\/?p=35054"},"wordCount":317,"publisher":{"@id":"https:\/\/www.prijedordanas.com\/#organization"},"keywords":["koncert","Miljana Radinovi\u0107","Muzi\u010dka \u0161kola \"Savo Balaban\" Prijedor"],"articleSection":["Kultura"],"inLanguage":"en-US"},{"@type":"WebPage","@id":"https:\/\/www.prijedordanas.com\/?p=35054","url":"https:\/\/www.prijedordanas.com\/?p=35054","name":"\u0160EST DECENIJA POSTOJANJA MUZI\u010cKE \u0160KOLE SAVO BALABAN IZ PRIJEDORA - PrijedorDanas.com - Prijedorski gradski portal","isPartOf":{"@id":"https:\/\/www.prijedordanas.com\/#website"},"datePublished":"2015-11-29T11:29:22+00:00","dateModified":"2015-11-29T11:29:22+00:00","breadcrumb":{"@id":"https:\/\/www.prijedordanas.com\/?p=35054#breadcrumb"},"inLanguage":"en-US","potentialAction":[{"@type":"ReadAction","target":["https:\/\/www.prijedordanas.com\/?p=35054"]}]},{"@type":"BreadcrumbList","@id":"https:\/\/www.prijedordanas.com\/?p=35054#breadcrumb","itemListElement":[{"@type":"ListItem","position":1,"name":"Home","item":"https:\/\/www.prijedordanas.com\/"},{"@type":"ListItem","position":2,"name":"\u0160EST DECENIJA POSTOJANJA MUZI\u010cKE \u0160KOLE SAVO BALABAN IZ PRIJEDORA"}]},{"@type":"WebSite","@id":"https:\/\/www.prijedordanas.com\/#website","url":"https:\/\/www.prijedordanas.com\/","name":"PrijedorDanas.com - Prijedorski gradski portal","description":"Portal o doga\u0111anjima u gradu Prijedoru","publisher":{"@id":"https:\/\/www.prijedordanas.com\/#organization"},"potentialAction":[{"@type":"SearchAction","target":{"@type":"EntryPoint","urlTemplate":"https:\/\/www.prijedordanas.com\/?s={search_term_string}"},"query-input":"required name=search_term_string"}],"inLanguage":"en-US"},{"@type":"Organization","@id":"https:\/\/www.prijedordanas.com\/#organization","name":"PrijedorDanas.com","url":"https:\/\/www.prijedordanas.com\/","logo":{"@type":"ImageObject","inLanguage":"en-US","@id":"https:\/\/www.prijedordanas.com\/#\/schema\/logo\/image\/","url":"http:\/\/www.prijedordanas.com\/wp-content\/uploads\/2021\/12\/logopng.png","contentUrl":"http:\/\/www.prijedordanas.com\/wp-content\/uploads\/2021\/12\/logopng.png","width":1019,"height":776,"caption":"PrijedorDanas.com"},"image":{"@id":"https:\/\/www.prijedordanas.com\/#\/schema\/logo\/image\/"},"sameAs":["https:\/\/www.facebook.com\/PrijedorDanasCom\/"]},{"@type":"Person","@id":"https:\/\/www.prijedordanas.com\/#\/schema\/person\/4e08ccf29b506ca916ff86d46bb700e6","name":"admin","image":{"@type":"ImageObject","inLanguage":"en-US","@id":"https:\/\/www.prijedordanas.com\/#\/schema\/person\/image\/","url":"https:\/\/secure.gravatar.com\/avatar\/1d3fc949d550f0b53a5f0d51e06dfd79?s=96&d=mm&r=g","contentUrl":"https:\/\/secure.gravatar.com\/avatar\/1d3fc949d550f0b53a5f0d51e06dfd79?s=96&d=mm&r=g","caption":"admin"},"url":"https:\/\/www.prijedordanas.com\/?author=1"}]}},"_links":{"self":[{"href":"https:\/\/www.prijedordanas.com\/index.php?rest_route=\/wp\/v2\/posts\/35054"}],"collection":[{"href":"https:\/\/www.prijedordanas.com\/index.php?rest_route=\/wp\/v2\/posts"}],"about":[{"href":"https:\/\/www.prijedordanas.com\/index.php?rest_route=\/wp\/v2\/types\/post"}],"author":[{"embeddable":true,"href":"https:\/\/www.prijedordanas.com\/index.php?rest_route=\/wp\/v2\/users\/1"}],"replies":[{"embeddable":true,"href":"https:\/\/www.prijedordanas.com\/index.php?rest_route=%2Fwp%2Fv2%2Fcomments&post=35054"}],"version-history":[{"count":1,"href":"https:\/\/www.prijedordanas.com\/index.php?rest_route=\/wp\/v2\/posts\/35054\/revisions"}],"predecessor-version":[{"id":35056,"href":"https:\/\/www.prijedordanas.com\/index.php?rest_route=\/wp\/v2\/posts\/35054\/revisions\/35056"}],"wp:attachment":[{"href":"https:\/\/www.prijedordanas.com\/index.php?rest_route=%2Fwp%2Fv2%2Fmedia&parent=35054"}],"wp:term":[{"taxonomy":"category","embeddable":true,"href":"https:\/\/www.prijedordanas.com\/index.php?rest_route=%2Fwp%2Fv2%2Fcategories&post=35054"},{"taxonomy":"post_tag","embeddable":true,"href":"https:\/\/www.prijedordanas.com\/index.php?rest_route=%2Fwp%2Fv2%2Ftags&post=35054"}],"curies":[{"name":"wp","href":"https:\/\/api.w.org\/{rel}","templated":true}]}}