{"id":35040,"date":"2015-11-28T23:26:22","date_gmt":"2015-11-28T22:26:22","guid":{"rendered":"https:\/\/www.prijedordanas.com\/?p=35040"},"modified":"2015-11-28T23:31:40","modified_gmt":"2015-11-28T22:31:40","slug":"pregrst-medalja-za-prijedorske-mazoretkinje-na-drzavnom-prvenstvu-foto","status":"publish","type":"post","link":"https:\/\/www.prijedordanas.com\/?p=35040","title":{"rendered":"PREGR\u0160T MEDALJA ZA PRIJEDORSKE MA\u017dORETKINJE NA DR\u017dAVNOM PRVENSTVU \u2013 FOTO"},"content":{"rendered":"<p><a href=\"https:\/\/www.prijedordanas.com\/wp-content\/uploads\/2015\/11\/mazoretkinje-festina-drzavno-prvenstvo-bih-1.jpg\"><img loading=\"lazy\" decoding=\"async\" class=\"alignleft size-medium wp-image-35041\" src=\"https:\/\/www.prijedordanas.com\/wp-content\/uploads\/2015\/11\/mazoretkinje-festina-drzavno-prvenstvo-bih-1-300x169.jpg\" alt=\"mazoretkinje festina-drzavno prvenstvo bih (1)\" width=\"300\" height=\"169\" srcset=\"https:\/\/www.prijedordanas.com\/wp-content\/uploads\/2015\/11\/mazoretkinje-festina-drzavno-prvenstvo-bih-1-300x169.jpg 300w, https:\/\/www.prijedordanas.com\/wp-content\/uploads\/2015\/11\/mazoretkinje-festina-drzavno-prvenstvo-bih-1.jpg 600w\" sizes=\"(max-width: 300px) 100vw, 300px\" \/><\/a>\u010clanice Ma\u017eoret kluba \u201eFestina\u201c iz Prijedora osvojile su proteklog vikenda pregr\u0161t medalja i pehara na Prvenstvu Bosne i Hercegovine u ma\u017eoret plesu \u201eBanjaluka 2015\u201c.<\/p>\n<p>Mlade Prijedor\u010danke pod vo\u0111stvom Senke Spasojevi\u0107 u\u010destvovale su u kategorijama seniorki, juniorki, kadetkinja i u dje\u010dijoj kategoriji a u grad na Sani su donijele 8 zlatnih i 1 srebrnu medalju.<\/p>\n<p>U dje\u010dijoj kategoriji: Tamara Mali\u0107 solo \u0161tap-zlatna medalja, kod kadetkinja: Tijana Mali\u0107 solo \u0161tap-srebrna medalja, Dajana Stojakovi\u0107 solo pom-pon -zlatna medalja, kod juniorki: Sara Mar\u010deti\u0107 solo \u0161tap-zlatna medalja, Ena Dimi\u0107 solo pom-pon -zlatna medalja, kod seniorki: Aleksandra Sa\u0161ka Kutla\u010da solo \u0161tap, solo 2 \u0161tapa i solo pom-pon &#8211; zlatne medalje, Mini formacija seniorke Aleksandra Sa\u0161ka Kutla\u010da, Milica Male\u0161i\u0107, Tamara Angirev\u00ed\u0107 i Ljiljana Jovanovi\u0107 pom-pon -zlatna medalja.<\/p>\n<p><a href=\"https:\/\/www.prijedordanas.com\/wp-content\/uploads\/2015\/11\/mazoretkinje-festina-drzavno-prvenstvo-bih-5.jpg\"><img loading=\"lazy\" decoding=\"async\" src=\"https:\/\/www.prijedordanas.com\/wp-content\/uploads\/2015\/11\/mazoretkinje-festina-drzavno-prvenstvo-bih-5-300x180.jpg\" alt=\"mazoretkinje festina-drzavno prvenstvo bih (5)\" width=\"300\" height=\"180\" class=\"alignleft size-medium wp-image-35042\" srcset=\"https:\/\/www.prijedordanas.com\/wp-content\/uploads\/2015\/11\/mazoretkinje-festina-drzavno-prvenstvo-bih-5-300x180.jpg 300w, https:\/\/www.prijedordanas.com\/wp-content\/uploads\/2015\/11\/mazoretkinje-festina-drzavno-prvenstvo-bih-5.jpg 600w\" sizes=\"(max-width: 300px) 100vw, 300px\" \/><\/a>-Prezadovoljna sam na\u0161im nastupom u Banjaluci kao i postignutim rezultatima. Ovo je lijep na\u010din da zavr\u0161imo sa takmi\u010denjima u ovoj godini kao i najljep\u0161i poklon za na\u0161 drugi ro\u0111endan \u2013 rekla je Senka Spasojevi\u0107 koja je krenula sa ma\u017eoret sekcijom u O\u0160 \u201eBranko \u0106opi\u0107\u201c Prijedor a potom osnovala i prvi klub ove vrste u gradu na Sani.<\/p>\n<p>Prijedorske ma\u017eoretkinje \u010dest su i rado vi\u0111en gost na brojnim sportskim i kulturnim manifestacijama u Prijedoru ve\u0107 nekoliko godina, a mogu se pohvaliti da su imale i svoje predstavnike na Evropskom prvenstvu u ma\u017eoret plesu ove godine u \u010ce\u0161koj.<\/p>\n<p>Tekst \u2013 Aleksandar Drakuli\u0107 \u2013 <a href=\"www.prijedordanas.com\" target=\"_blank\">www.prijedordanas.com<\/a><br \/>\nFoto \u2013 Ma\u017eoret klub \u201eFestina\u201c Prijedor\/Senka Spasojevi\u0107<\/p>\n<p><a href=\"https:\/\/www.prijedordanas.com\/wp-content\/uploads\/2015\/11\/mazoretkinje-festina-drzavno-prvenstvo-bih-2.jpg\"><img loading=\"lazy\" decoding=\"async\" src=\"https:\/\/www.prijedordanas.com\/wp-content\/uploads\/2015\/11\/mazoretkinje-festina-drzavno-prvenstvo-bih-2-300x169.jpg\" alt=\"mazoretkinje festina-drzavno prvenstvo bih (2)\" width=\"300\" height=\"169\" class=\"alignleft size-medium wp-image-35044\" srcset=\"https:\/\/www.prijedordanas.com\/wp-content\/uploads\/2015\/11\/mazoretkinje-festina-drzavno-prvenstvo-bih-2-300x169.jpg 300w, https:\/\/www.prijedordanas.com\/wp-content\/uploads\/2015\/11\/mazoretkinje-festina-drzavno-prvenstvo-bih-2.jpg 600w\" sizes=\"(max-width: 300px) 100vw, 300px\" \/><\/a> <a href=\"https:\/\/www.prijedordanas.com\/wp-content\/uploads\/2015\/11\/mazoretkinje-festina-drzavno-prvenstvo-bih-3.jpg\"><img loading=\"lazy\" decoding=\"async\" src=\"https:\/\/www.prijedordanas.com\/wp-content\/uploads\/2015\/11\/mazoretkinje-festina-drzavno-prvenstvo-bih-3-300x169.jpg\" alt=\"mazoretkinje festina-drzavno prvenstvo bih (3)\" width=\"300\" height=\"169\" class=\"alignleft size-medium wp-image-35046\" srcset=\"https:\/\/www.prijedordanas.com\/wp-content\/uploads\/2015\/11\/mazoretkinje-festina-drzavno-prvenstvo-bih-3-300x169.jpg 300w, https:\/\/www.prijedordanas.com\/wp-content\/uploads\/2015\/11\/mazoretkinje-festina-drzavno-prvenstvo-bih-3.jpg 600w\" sizes=\"(max-width: 300px) 100vw, 300px\" \/><\/a> <a href=\"https:\/\/www.prijedordanas.com\/wp-content\/uploads\/2015\/11\/mazoretkinje-festina-drzavno-prvenstvo-bih-4.jpg\"><img loading=\"lazy\" decoding=\"async\" src=\"https:\/\/www.prijedordanas.com\/wp-content\/uploads\/2015\/11\/mazoretkinje-festina-drzavno-prvenstvo-bih-4-300x169.jpg\" alt=\"mazoretkinje festina-drzavno prvenstvo bih (4)\" width=\"300\" height=\"169\" class=\"alignleft size-medium wp-image-35047\" srcset=\"https:\/\/www.prijedordanas.com\/wp-content\/uploads\/2015\/11\/mazoretkinje-festina-drzavno-prvenstvo-bih-4-300x169.jpg 300w, https:\/\/www.prijedordanas.com\/wp-content\/uploads\/2015\/11\/mazoretkinje-festina-drzavno-prvenstvo-bih-4.jpg 600w\" sizes=\"(max-width: 300px) 100vw, 300px\" \/><\/a> <a href=\"https:\/\/www.prijedordanas.com\/wp-content\/uploads\/2015\/11\/mazoretkinje-festina-drzavno-prvenstvo-bih-7.jpg\"><img loading=\"lazy\" decoding=\"async\" src=\"https:\/\/www.prijedordanas.com\/wp-content\/uploads\/2015\/11\/mazoretkinje-festina-drzavno-prvenstvo-bih-7-295x300.jpg\" alt=\"mazoretkinje festina-drzavno prvenstvo bih (7)\" width=\"295\" height=\"300\" class=\"alignleft size-medium wp-image-35048\" srcset=\"https:\/\/www.prijedordanas.com\/wp-content\/uploads\/2015\/11\/mazoretkinje-festina-drzavno-prvenstvo-bih-7-295x300.jpg 295w, https:\/\/www.prijedordanas.com\/wp-content\/uploads\/2015\/11\/mazoretkinje-festina-drzavno-prvenstvo-bih-7-50x50.jpg 50w, https:\/\/www.prijedordanas.com\/wp-content\/uploads\/2015\/11\/mazoretkinje-festina-drzavno-prvenstvo-bih-7.jpg 590w\" sizes=\"(max-width: 295px) 100vw, 295px\" \/><\/a> <a href=\"https:\/\/www.prijedordanas.com\/wp-content\/uploads\/2015\/11\/mazoretkinje-festina-drzavno-prvenstvo-bih-8.jpg\"><img loading=\"lazy\" decoding=\"async\" src=\"https:\/\/www.prijedordanas.com\/wp-content\/uploads\/2015\/11\/mazoretkinje-festina-drzavno-prvenstvo-bih-8-180x300.jpg\" alt=\"mazoretkinje festina-drzavno prvenstvo bih (8)\" width=\"180\" height=\"300\" class=\"alignleft size-medium wp-image-35049\" srcset=\"https:\/\/www.prijedordanas.com\/wp-content\/uploads\/2015\/11\/mazoretkinje-festina-drzavno-prvenstvo-bih-8-180x300.jpg 180w, https:\/\/www.prijedordanas.com\/wp-content\/uploads\/2015\/11\/mazoretkinje-festina-drzavno-prvenstvo-bih-8.jpg 360w\" sizes=\"(max-width: 180px) 100vw, 180px\" \/><\/a> <a href=\"https:\/\/www.prijedordanas.com\/wp-content\/uploads\/2015\/11\/mazoretkinje-festina-drzavno-prvenstvo-bih-9.jpg\"><img loading=\"lazy\" decoding=\"async\" src=\"https:\/\/www.prijedordanas.com\/wp-content\/uploads\/2015\/11\/mazoretkinje-festina-drzavno-prvenstvo-bih-9-165x300.jpg\" alt=\"mazoretkinje festina-drzavno prvenstvo bih (9)\" width=\"165\" height=\"300\" class=\"alignleft size-medium wp-image-35050\" srcset=\"https:\/\/www.prijedordanas.com\/wp-content\/uploads\/2015\/11\/mazoretkinje-festina-drzavno-prvenstvo-bih-9-165x300.jpg 165w, https:\/\/www.prijedordanas.com\/wp-content\/uploads\/2015\/11\/mazoretkinje-festina-drzavno-prvenstvo-bih-9.jpg 330w\" sizes=\"(max-width: 165px) 100vw, 165px\" \/><\/a> <a href=\"https:\/\/www.prijedordanas.com\/wp-content\/uploads\/2015\/11\/mazoretkinje-festina-drzavno-prvenstvo-bih-10.jpg\"><img loading=\"lazy\" decoding=\"async\" src=\"https:\/\/www.prijedordanas.com\/wp-content\/uploads\/2015\/11\/mazoretkinje-festina-drzavno-prvenstvo-bih-10-165x300.jpg\" alt=\"mazoretkinje festina-drzavno prvenstvo bih (10)\" width=\"165\" height=\"300\" class=\"alignleft size-medium wp-image-35051\" srcset=\"https:\/\/www.prijedordanas.com\/wp-content\/uploads\/2015\/11\/mazoretkinje-festina-drzavno-prvenstvo-bih-10-165x300.jpg 165w, https:\/\/www.prijedordanas.com\/wp-content\/uploads\/2015\/11\/mazoretkinje-festina-drzavno-prvenstvo-bih-10.jpg 330w\" sizes=\"(max-width: 165px) 100vw, 165px\" \/><\/a> <a href=\"https:\/\/www.prijedordanas.com\/wp-content\/uploads\/2015\/11\/mazoretkinje-festina-drzavno-prvenstvo-bih-6.jpg\"><img loading=\"lazy\" decoding=\"async\" src=\"https:\/\/www.prijedordanas.com\/wp-content\/uploads\/2015\/11\/mazoretkinje-festina-drzavno-prvenstvo-bih-6-300x180.jpg\" alt=\"mazoretkinje festina-drzavno prvenstvo bih (6)\" width=\"300\" height=\"180\" class=\"alignleft size-medium wp-image-35052\" srcset=\"https:\/\/www.prijedordanas.com\/wp-content\/uploads\/2015\/11\/mazoretkinje-festina-drzavno-prvenstvo-bih-6-300x180.jpg 300w, https:\/\/www.prijedordanas.com\/wp-content\/uploads\/2015\/11\/mazoretkinje-festina-drzavno-prvenstvo-bih-6.jpg 600w\" sizes=\"(max-width: 300px) 100vw, 300px\" \/><\/a><\/p>\n","protected":false},"excerpt":{"rendered":"<p>\u010clanice Ma\u017eoret kluba \u201eFestina\u201c iz Prijedora osvojile su proteklog vikenda pregr\u0161t medalja i pehara na Prvenstvu Bosne i Hercegovine u ma\u017eoret plesu \u201eBanjaluka 2015\u201c. Mlade Prijedor\u010danke pod vo\u0111stvom Senke Spasojevi\u0107 [&hellip;]<\/p>\n","protected":false},"author":1,"featured_media":0,"comment_status":"closed","ping_status":"open","sticky":false,"template":"","format":"standard","meta":{"_monsterinsights_skip_tracking":false,"_monsterinsights_sitenote_active":false,"_monsterinsights_sitenote_note":"","_monsterinsights_sitenote_category":0,"footnotes":""},"categories":[4],"tags":[5254,3506,5971,5972,745],"yoast_head":"<!-- This site is optimized with the Yoast SEO plugin v21.6 - https:\/\/yoast.com\/wordpress\/plugins\/seo\/ -->\n<title>PREGR\u0160T MEDALJA ZA PRIJEDORSKE MA\u017dORETKINJE NA DR\u017dAVNOM PRVENSTVU \u2013 FOTO - PrijedorDanas.com - Prijedorski gradski portal<\/title>\n<meta name=\"robots\" content=\"index, follow, max-snippet:-1, max-image-preview:large, max-video-preview:-1\" \/>\n<link rel=\"canonical\" href=\"https:\/\/www.prijedordanas.com\/?p=35040\" \/>\n<meta property=\"og:locale\" content=\"en_US\" \/>\n<meta property=\"og:type\" content=\"article\" \/>\n<meta property=\"og:title\" content=\"PREGR\u0160T MEDALJA ZA PRIJEDORSKE MA\u017dORETKINJE NA DR\u017dAVNOM PRVENSTVU \u2013 FOTO - PrijedorDanas.com - Prijedorski gradski portal\" \/>\n<meta property=\"og:description\" content=\"\u010clanice Ma\u017eoret kluba \u201eFestina\u201c iz Prijedora osvojile su proteklog vikenda pregr\u0161t medalja i pehara na Prvenstvu Bosne i Hercegovine u ma\u017eoret plesu \u201eBanjaluka 2015\u201c. Mlade Prijedor\u010danke pod vo\u0111stvom Senke Spasojevi\u0107 [&hellip;]\" \/>\n<meta property=\"og:url\" content=\"https:\/\/www.prijedordanas.com\/?p=35040\" \/>\n<meta property=\"og:site_name\" content=\"PrijedorDanas.com - Prijedorski gradski portal\" \/>\n<meta property=\"article:publisher\" content=\"https:\/\/www.facebook.com\/PrijedorDanasCom\/\" \/>\n<meta property=\"article:published_time\" content=\"2015-11-28T22:26:22+00:00\" \/>\n<meta property=\"article:modified_time\" content=\"2015-11-28T22:31:40+00:00\" \/>\n<meta property=\"og:image\" content=\"https:\/\/www.prijedordanas.com\/wp-content\/uploads\/2015\/11\/mazoretkinje-festina-drzavno-prvenstvo-bih-1-300x169.jpg\" \/>\n<meta name=\"author\" content=\"admin\" \/>\n<meta name=\"twitter:card\" content=\"summary_large_image\" \/>\n<meta name=\"twitter:label1\" content=\"Written by\" \/>\n\t<meta name=\"twitter:data1\" content=\"admin\" \/>\n\t<meta name=\"twitter:label2\" content=\"Est. reading time\" \/>\n\t<meta name=\"twitter:data2\" content=\"1 minute\" \/>\n<script type=\"application\/ld+json\" class=\"yoast-schema-graph\">{\"@context\":\"https:\/\/schema.org\",\"@graph\":[{\"@type\":\"Article\",\"@id\":\"https:\/\/www.prijedordanas.com\/?p=35040#article\",\"isPartOf\":{\"@id\":\"https:\/\/www.prijedordanas.com\/?p=35040\"},\"author\":{\"name\":\"admin\",\"@id\":\"https:\/\/www.prijedordanas.com\/#\/schema\/person\/4e08ccf29b506ca916ff86d46bb700e6\"},\"headline\":\"PREGR\u0160T MEDALJA ZA PRIJEDORSKE MA\u017dORETKINJE NA DR\u017dAVNOM PRVENSTVU \u2013 FOTO\",\"datePublished\":\"2015-11-28T22:26:22+00:00\",\"dateModified\":\"2015-11-28T22:31:40+00:00\",\"mainEntityOfPage\":{\"@id\":\"https:\/\/www.prijedordanas.com\/?p=35040\"},\"wordCount\":262,\"publisher\":{\"@id\":\"https:\/\/www.prijedordanas.com\/#organization\"},\"keywords\":[\"Ma\u017eoret klub \\\"Festina\\\" Prijedor\",\"medalje\",\"prijedorske ma\u017eoretkinje\",\"Prvenstvo BiH u ma\u017eoret plesu\",\"Senka Spasojevi\u0107\"],\"articleSection\":[\"Dru\u0161tvo\"],\"inLanguage\":\"en-US\"},{\"@type\":\"WebPage\",\"@id\":\"https:\/\/www.prijedordanas.com\/?p=35040\",\"url\":\"https:\/\/www.prijedordanas.com\/?p=35040\",\"name\":\"PREGR\u0160T MEDALJA ZA PRIJEDORSKE MA\u017dORETKINJE NA DR\u017dAVNOM PRVENSTVU \u2013 FOTO - PrijedorDanas.com - Prijedorski gradski portal\",\"isPartOf\":{\"@id\":\"https:\/\/www.prijedordanas.com\/#website\"},\"datePublished\":\"2015-11-28T22:26:22+00:00\",\"dateModified\":\"2015-11-28T22:31:40+00:00\",\"breadcrumb\":{\"@id\":\"https:\/\/www.prijedordanas.com\/?p=35040#breadcrumb\"},\"inLanguage\":\"en-US\",\"potentialAction\":[{\"@type\":\"ReadAction\",\"target\":[\"https:\/\/www.prijedordanas.com\/?p=35040\"]}]},{\"@type\":\"BreadcrumbList\",\"@id\":\"https:\/\/www.prijedordanas.com\/?p=35040#breadcrumb\",\"itemListElement\":[{\"@type\":\"ListItem\",\"position\":1,\"name\":\"Home\",\"item\":\"https:\/\/www.prijedordanas.com\/\"},{\"@type\":\"ListItem\",\"position\":2,\"name\":\"PREGR\u0160T MEDALJA ZA PRIJEDORSKE MA\u017dORETKINJE NA DR\u017dAVNOM PRVENSTVU \u2013 FOTO\"}]},{\"@type\":\"WebSite\",\"@id\":\"https:\/\/www.prijedordanas.com\/#website\",\"url\":\"https:\/\/www.prijedordanas.com\/\",\"name\":\"PrijedorDanas.com - Prijedorski gradski portal\",\"description\":\"Portal o doga\u0111anjima u gradu Prijedoru\",\"publisher\":{\"@id\":\"https:\/\/www.prijedordanas.com\/#organization\"},\"potentialAction\":[{\"@type\":\"SearchAction\",\"target\":{\"@type\":\"EntryPoint\",\"urlTemplate\":\"https:\/\/www.prijedordanas.com\/?s={search_term_string}\"},\"query-input\":\"required name=search_term_string\"}],\"inLanguage\":\"en-US\"},{\"@type\":\"Organization\",\"@id\":\"https:\/\/www.prijedordanas.com\/#organization\",\"name\":\"PrijedorDanas.com\",\"url\":\"https:\/\/www.prijedordanas.com\/\",\"logo\":{\"@type\":\"ImageObject\",\"inLanguage\":\"en-US\",\"@id\":\"https:\/\/www.prijedordanas.com\/#\/schema\/logo\/image\/\",\"url\":\"http:\/\/www.prijedordanas.com\/wp-content\/uploads\/2021\/12\/logopng.png\",\"contentUrl\":\"http:\/\/www.prijedordanas.com\/wp-content\/uploads\/2021\/12\/logopng.png\",\"width\":1019,\"height\":776,\"caption\":\"PrijedorDanas.com\"},\"image\":{\"@id\":\"https:\/\/www.prijedordanas.com\/#\/schema\/logo\/image\/\"},\"sameAs\":[\"https:\/\/www.facebook.com\/PrijedorDanasCom\/\"]},{\"@type\":\"Person\",\"@id\":\"https:\/\/www.prijedordanas.com\/#\/schema\/person\/4e08ccf29b506ca916ff86d46bb700e6\",\"name\":\"admin\",\"image\":{\"@type\":\"ImageObject\",\"inLanguage\":\"en-US\",\"@id\":\"https:\/\/www.prijedordanas.com\/#\/schema\/person\/image\/\",\"url\":\"https:\/\/secure.gravatar.com\/avatar\/1d3fc949d550f0b53a5f0d51e06dfd79?s=96&d=mm&r=g\",\"contentUrl\":\"https:\/\/secure.gravatar.com\/avatar\/1d3fc949d550f0b53a5f0d51e06dfd79?s=96&d=mm&r=g\",\"caption\":\"admin\"},\"url\":\"https:\/\/www.prijedordanas.com\/?author=1\"}]}<\/script>\n<!-- \/ Yoast SEO plugin. -->","yoast_head_json":{"title":"PREGR\u0160T MEDALJA ZA PRIJEDORSKE MA\u017dORETKINJE NA DR\u017dAVNOM PRVENSTVU \u2013 FOTO - PrijedorDanas.com - Prijedorski gradski portal","robots":{"index":"index","follow":"follow","max-snippet":"max-snippet:-1","max-image-preview":"max-image-preview:large","max-video-preview":"max-video-preview:-1"},"canonical":"https:\/\/www.prijedordanas.com\/?p=35040","og_locale":"en_US","og_type":"article","og_title":"PREGR\u0160T MEDALJA ZA PRIJEDORSKE MA\u017dORETKINJE NA DR\u017dAVNOM PRVENSTVU \u2013 FOTO - PrijedorDanas.com - Prijedorski gradski portal","og_description":"\u010clanice Ma\u017eoret kluba \u201eFestina\u201c iz Prijedora osvojile su proteklog vikenda pregr\u0161t medalja i pehara na Prvenstvu Bosne i Hercegovine u ma\u017eoret plesu \u201eBanjaluka 2015\u201c. Mlade Prijedor\u010danke pod vo\u0111stvom Senke Spasojevi\u0107 [&hellip;]","og_url":"https:\/\/www.prijedordanas.com\/?p=35040","og_site_name":"PrijedorDanas.com - Prijedorski gradski portal","article_publisher":"https:\/\/www.facebook.com\/PrijedorDanasCom\/","article_published_time":"2015-11-28T22:26:22+00:00","article_modified_time":"2015-11-28T22:31:40+00:00","og_image":[{"url":"https:\/\/www.prijedordanas.com\/wp-content\/uploads\/2015\/11\/mazoretkinje-festina-drzavno-prvenstvo-bih-1-300x169.jpg"}],"author":"admin","twitter_card":"summary_large_image","twitter_misc":{"Written by":"admin","Est. reading time":"1 minute"},"schema":{"@context":"https:\/\/schema.org","@graph":[{"@type":"Article","@id":"https:\/\/www.prijedordanas.com\/?p=35040#article","isPartOf":{"@id":"https:\/\/www.prijedordanas.com\/?p=35040"},"author":{"name":"admin","@id":"https:\/\/www.prijedordanas.com\/#\/schema\/person\/4e08ccf29b506ca916ff86d46bb700e6"},"headline":"PREGR\u0160T MEDALJA ZA PRIJEDORSKE MA\u017dORETKINJE NA DR\u017dAVNOM PRVENSTVU \u2013 FOTO","datePublished":"2015-11-28T22:26:22+00:00","dateModified":"2015-11-28T22:31:40+00:00","mainEntityOfPage":{"@id":"https:\/\/www.prijedordanas.com\/?p=35040"},"wordCount":262,"publisher":{"@id":"https:\/\/www.prijedordanas.com\/#organization"},"keywords":["Ma\u017eoret klub \"Festina\" Prijedor","medalje","prijedorske ma\u017eoretkinje","Prvenstvo BiH u ma\u017eoret plesu","Senka Spasojevi\u0107"],"articleSection":["Dru\u0161tvo"],"inLanguage":"en-US"},{"@type":"WebPage","@id":"https:\/\/www.prijedordanas.com\/?p=35040","url":"https:\/\/www.prijedordanas.com\/?p=35040","name":"PREGR\u0160T MEDALJA ZA PRIJEDORSKE MA\u017dORETKINJE NA DR\u017dAVNOM PRVENSTVU \u2013 FOTO - PrijedorDanas.com - Prijedorski gradski portal","isPartOf":{"@id":"https:\/\/www.prijedordanas.com\/#website"},"datePublished":"2015-11-28T22:26:22+00:00","dateModified":"2015-11-28T22:31:40+00:00","breadcrumb":{"@id":"https:\/\/www.prijedordanas.com\/?p=35040#breadcrumb"},"inLanguage":"en-US","potentialAction":[{"@type":"ReadAction","target":["https:\/\/www.prijedordanas.com\/?p=35040"]}]},{"@type":"BreadcrumbList","@id":"https:\/\/www.prijedordanas.com\/?p=35040#breadcrumb","itemListElement":[{"@type":"ListItem","position":1,"name":"Home","item":"https:\/\/www.prijedordanas.com\/"},{"@type":"ListItem","position":2,"name":"PREGR\u0160T MEDALJA ZA PRIJEDORSKE MA\u017dORETKINJE NA DR\u017dAVNOM PRVENSTVU \u2013 FOTO"}]},{"@type":"WebSite","@id":"https:\/\/www.prijedordanas.com\/#website","url":"https:\/\/www.prijedordanas.com\/","name":"PrijedorDanas.com - Prijedorski gradski portal","description":"Portal o doga\u0111anjima u gradu Prijedoru","publisher":{"@id":"https:\/\/www.prijedordanas.com\/#organization"},"potentialAction":[{"@type":"SearchAction","target":{"@type":"EntryPoint","urlTemplate":"https:\/\/www.prijedordanas.com\/?s={search_term_string}"},"query-input":"required name=search_term_string"}],"inLanguage":"en-US"},{"@type":"Organization","@id":"https:\/\/www.prijedordanas.com\/#organization","name":"PrijedorDanas.com","url":"https:\/\/www.prijedordanas.com\/","logo":{"@type":"ImageObject","inLanguage":"en-US","@id":"https:\/\/www.prijedordanas.com\/#\/schema\/logo\/image\/","url":"http:\/\/www.prijedordanas.com\/wp-content\/uploads\/2021\/12\/logopng.png","contentUrl":"http:\/\/www.prijedordanas.com\/wp-content\/uploads\/2021\/12\/logopng.png","width":1019,"height":776,"caption":"PrijedorDanas.com"},"image":{"@id":"https:\/\/www.prijedordanas.com\/#\/schema\/logo\/image\/"},"sameAs":["https:\/\/www.facebook.com\/PrijedorDanasCom\/"]},{"@type":"Person","@id":"https:\/\/www.prijedordanas.com\/#\/schema\/person\/4e08ccf29b506ca916ff86d46bb700e6","name":"admin","image":{"@type":"ImageObject","inLanguage":"en-US","@id":"https:\/\/www.prijedordanas.com\/#\/schema\/person\/image\/","url":"https:\/\/secure.gravatar.com\/avatar\/1d3fc949d550f0b53a5f0d51e06dfd79?s=96&d=mm&r=g","contentUrl":"https:\/\/secure.gravatar.com\/avatar\/1d3fc949d550f0b53a5f0d51e06dfd79?s=96&d=mm&r=g","caption":"admin"},"url":"https:\/\/www.prijedordanas.com\/?author=1"}]}},"_links":{"self":[{"href":"https:\/\/www.prijedordanas.com\/index.php?rest_route=\/wp\/v2\/posts\/35040"}],"collection":[{"href":"https:\/\/www.prijedordanas.com\/index.php?rest_route=\/wp\/v2\/posts"}],"about":[{"href":"https:\/\/www.prijedordanas.com\/index.php?rest_route=\/wp\/v2\/types\/post"}],"author":[{"embeddable":true,"href":"https:\/\/www.prijedordanas.com\/index.php?rest_route=\/wp\/v2\/users\/1"}],"replies":[{"embeddable":true,"href":"https:\/\/www.prijedordanas.com\/index.php?rest_route=%2Fwp%2Fv2%2Fcomments&post=35040"}],"version-history":[{"count":3,"href":"https:\/\/www.prijedordanas.com\/index.php?rest_route=\/wp\/v2\/posts\/35040\/revisions"}],"predecessor-version":[{"id":35053,"href":"https:\/\/www.prijedordanas.com\/index.php?rest_route=\/wp\/v2\/posts\/35040\/revisions\/35053"}],"wp:attachment":[{"href":"https:\/\/www.prijedordanas.com\/index.php?rest_route=%2Fwp%2Fv2%2Fmedia&parent=35040"}],"wp:term":[{"taxonomy":"category","embeddable":true,"href":"https:\/\/www.prijedordanas.com\/index.php?rest_route=%2Fwp%2Fv2%2Fcategories&post=35040"},{"taxonomy":"post_tag","embeddable":true,"href":"https:\/\/www.prijedordanas.com\/index.php?rest_route=%2Fwp%2Fv2%2Ftags&post=35040"}],"curies":[{"name":"wp","href":"https:\/\/api.w.org\/{rel}","templated":true}]}}