{"id":34655,"date":"2015-11-24T10:40:10","date_gmt":"2015-11-24T09:40:10","guid":{"rendered":"https:\/\/www.prijedordanas.com\/?p=34655"},"modified":"2015-11-24T10:40:10","modified_gmt":"2015-11-24T09:40:10","slug":"prijedorcanina-gordana-zorica-ocekuje-mec-u-italiji-uz-borbe-i-strucnost","status":"publish","type":"post","link":"https:\/\/www.prijedordanas.com\/?p=34655","title":{"rendered":"PRIJEDOR\u010cANINA GORDANA ZORI\u0106A O\u010cEKUJE ME\u010c U ITALIJI: UZ BORBE I STRU\u010cNOST"},"content":{"rendered":"<p><a href=\"https:\/\/www.prijedordanas.com\/wp-content\/uploads\/2015\/11\/gordan-zoric-mec-italija.jpg\"><img loading=\"lazy\" decoding=\"async\" class=\"alignleft size-medium wp-image-34557\" src=\"https:\/\/www.prijedordanas.com\/wp-content\/uploads\/2015\/11\/gordan-zoric-mec-italija-178x300.jpg\" alt=\"gordan zoric-mec italija\" width=\"178\" height=\"300\" srcset=\"https:\/\/www.prijedordanas.com\/wp-content\/uploads\/2015\/11\/gordan-zoric-mec-italija-178x300.jpg 178w, https:\/\/www.prijedordanas.com\/wp-content\/uploads\/2015\/11\/gordan-zoric-mec-italija.jpg 356w\" sizes=\"(max-width: 178px) 100vw, 178px\" \/><\/a>Gordan Zori\u0107, uspje\u0161ni trener, ali i aktivni borac iz Prijedora, ima\u0107e 29.novembra me\u010d u \u201emai taiju\u201c (muay thai) na ve\u010deri borila\u010dkih sportova \u201eFight For Glory 2\u201c, koja \u0107e se odr\u017eati u gradu Termoli (Italija).<\/p>\n<p>Rival u kategoriji do 72,5 kilograma bi\u0107e mu doma\u0107i borac Jacopo Tarantino.<\/p>\n<p>-Bilo je naporno proteklih dana jer sam u vrlo kratkom roku morao da smr\u0161am \u010dak za 7 kilograma, a da pri tome ne izgubim snagu potrebnu za me\u010d. Da\u0107u sve od sebe da se predstavim na najbolji mogu\u0107i na\u010din i opravdam povjerenje ljudi koji su me pozvali \u2013 isti\u010de Zori\u0107.<\/p>\n<p>Na ovoj reviji iz Republike Srpske nastupi\u0107e i njegov sugra\u0111anin Stefan Miodragovi\u0107 i Banjalu\u010danin Dragan Pe\u0161i\u0107.<\/p>\n<p>Uporedo sa pripremom za ovu borbu, Zori\u0107 se i dalje stru\u010dno usavr\u0161ava u mnogim disciplinama, a stiglo mu je jo\u0161 jedno veliko priznanje.<\/p>\n<p>-Povjerenjem Majkla O&#8217; Brajana iz Irske, prvog \u010dovjeka svjetske asocijacije WFM (World Federation of Martial Arts) postao sam predsjednik za Bosnu i Hercegovinu. Rije\u010d je o borbama na kruzerima, koje \u0107e tokom 2016.godine zapo\u010deti takmi\u010dari-kik bokseri K1 iz svih dr\u017eava svijeta od Dubaia do Maldiva. Vjerujem da \u0107e i iz Republike Srpske i BiH biti momaka dostojnih da se dokazuju u njima &#8211; naglasio je Zori\u0107, ina\u010de trener Fight Cluba \u201eWinner\u201c iz Prijedora.<\/p>\n<p>Tekst \u2013 Nenad \u0110eri\u0107\/Aleksandar Drakuli\u0107 \u2013 <a href=\"www.prijedordanas.com\" target=\"_blank\">www.prijedordanas.com<\/a><br \/>\nFoto \u2013 Gordan Zori\u0107<\/p>\n<p><a href=\"https:\/\/www.prijedordanas.com\/wp-content\/uploads\/2015\/11\/gordan-zoric-wfm.jpg\"><img loading=\"lazy\" decoding=\"async\" src=\"https:\/\/www.prijedordanas.com\/wp-content\/uploads\/2015\/11\/gordan-zoric-wfm-300x206.jpg\" alt=\"gordan zoric-wfm\" width=\"300\" height=\"206\" class=\"alignleft size-medium wp-image-34656\" srcset=\"https:\/\/www.prijedordanas.com\/wp-content\/uploads\/2015\/11\/gordan-zoric-wfm-300x206.jpg 300w, https:\/\/www.prijedordanas.com\/wp-content\/uploads\/2015\/11\/gordan-zoric-wfm.jpg 600w\" sizes=\"(max-width: 300px) 100vw, 300px\" \/><\/a><\/p>\n","protected":false},"excerpt":{"rendered":"<p>Gordan Zori\u0107, uspje\u0161ni trener, ali i aktivni borac iz Prijedora, ima\u0107e 29.novembra me\u010d u \u201emai taiju\u201c (muay thai) na ve\u010deri borila\u010dkih sportova \u201eFight For Glory 2\u201c, koja \u0107e se odr\u017eati [&hellip;]<\/p>\n","protected":false},"author":1,"featured_media":0,"comment_status":"closed","ping_status":"open","sticky":false,"template":"","format":"standard","meta":{"_monsterinsights_skip_tracking":false,"_monsterinsights_sitenote_active":false,"_monsterinsights_sitenote_note":"","_monsterinsights_sitenote_category":0,"footnotes":""},"categories":[7],"tags":[1700],"yoast_head":"<!-- This site is optimized with the Yoast SEO plugin v21.6 - https:\/\/yoast.com\/wordpress\/plugins\/seo\/ -->\n<title>PRIJEDOR\u010cANINA GORDANA ZORI\u0106A O\u010cEKUJE ME\u010c U ITALIJI: UZ BORBE I STRU\u010cNOST - PrijedorDanas.com - Prijedorski gradski portal<\/title>\n<meta name=\"robots\" content=\"index, follow, max-snippet:-1, max-image-preview:large, max-video-preview:-1\" \/>\n<link rel=\"canonical\" href=\"https:\/\/www.prijedordanas.com\/?p=34655\" \/>\n<meta property=\"og:locale\" content=\"en_US\" \/>\n<meta property=\"og:type\" content=\"article\" \/>\n<meta property=\"og:title\" content=\"PRIJEDOR\u010cANINA GORDANA ZORI\u0106A O\u010cEKUJE ME\u010c U ITALIJI: UZ BORBE I STRU\u010cNOST - PrijedorDanas.com - Prijedorski gradski portal\" \/>\n<meta property=\"og:description\" content=\"Gordan Zori\u0107, uspje\u0161ni trener, ali i aktivni borac iz Prijedora, ima\u0107e 29.novembra me\u010d u \u201emai taiju\u201c (muay thai) na ve\u010deri borila\u010dkih sportova \u201eFight For Glory 2\u201c, koja \u0107e se odr\u017eati [&hellip;]\" \/>\n<meta property=\"og:url\" content=\"https:\/\/www.prijedordanas.com\/?p=34655\" \/>\n<meta property=\"og:site_name\" content=\"PrijedorDanas.com - Prijedorski gradski portal\" \/>\n<meta property=\"article:publisher\" content=\"https:\/\/www.facebook.com\/PrijedorDanasCom\/\" \/>\n<meta property=\"article:published_time\" content=\"2015-11-24T09:40:10+00:00\" \/>\n<meta property=\"og:image\" content=\"https:\/\/www.prijedordanas.com\/wp-content\/uploads\/2015\/11\/gordan-zoric-mec-italija-178x300.jpg\" \/>\n<meta name=\"author\" content=\"admin\" \/>\n<meta name=\"twitter:card\" content=\"summary_large_image\" \/>\n<meta name=\"twitter:label1\" content=\"Written by\" \/>\n\t<meta name=\"twitter:data1\" content=\"admin\" \/>\n\t<meta name=\"twitter:label2\" content=\"Est. reading time\" \/>\n\t<meta name=\"twitter:data2\" content=\"1 minute\" \/>\n<script type=\"application\/ld+json\" class=\"yoast-schema-graph\">{\"@context\":\"https:\/\/schema.org\",\"@graph\":[{\"@type\":\"Article\",\"@id\":\"https:\/\/www.prijedordanas.com\/?p=34655#article\",\"isPartOf\":{\"@id\":\"https:\/\/www.prijedordanas.com\/?p=34655\"},\"author\":{\"name\":\"admin\",\"@id\":\"https:\/\/www.prijedordanas.com\/#\/schema\/person\/4e08ccf29b506ca916ff86d46bb700e6\"},\"headline\":\"PRIJEDOR\u010cANINA GORDANA ZORI\u0106A O\u010cEKUJE ME\u010c U ITALIJI: UZ BORBE I STRU\u010cNOST\",\"datePublished\":\"2015-11-24T09:40:10+00:00\",\"dateModified\":\"2015-11-24T09:40:10+00:00\",\"mainEntityOfPage\":{\"@id\":\"https:\/\/www.prijedordanas.com\/?p=34655\"},\"wordCount\":252,\"publisher\":{\"@id\":\"https:\/\/www.prijedordanas.com\/#organization\"},\"keywords\":[\"Gordan Zori\u0107\"],\"articleSection\":[\"Sport\"],\"inLanguage\":\"en-US\"},{\"@type\":\"WebPage\",\"@id\":\"https:\/\/www.prijedordanas.com\/?p=34655\",\"url\":\"https:\/\/www.prijedordanas.com\/?p=34655\",\"name\":\"PRIJEDOR\u010cANINA GORDANA ZORI\u0106A O\u010cEKUJE ME\u010c U ITALIJI: UZ BORBE I STRU\u010cNOST - PrijedorDanas.com - Prijedorski gradski portal\",\"isPartOf\":{\"@id\":\"https:\/\/www.prijedordanas.com\/#website\"},\"datePublished\":\"2015-11-24T09:40:10+00:00\",\"dateModified\":\"2015-11-24T09:40:10+00:00\",\"breadcrumb\":{\"@id\":\"https:\/\/www.prijedordanas.com\/?p=34655#breadcrumb\"},\"inLanguage\":\"en-US\",\"potentialAction\":[{\"@type\":\"ReadAction\",\"target\":[\"https:\/\/www.prijedordanas.com\/?p=34655\"]}]},{\"@type\":\"BreadcrumbList\",\"@id\":\"https:\/\/www.prijedordanas.com\/?p=34655#breadcrumb\",\"itemListElement\":[{\"@type\":\"ListItem\",\"position\":1,\"name\":\"Home\",\"item\":\"https:\/\/www.prijedordanas.com\/\"},{\"@type\":\"ListItem\",\"position\":2,\"name\":\"PRIJEDOR\u010cANINA GORDANA ZORI\u0106A O\u010cEKUJE ME\u010c U ITALIJI: UZ BORBE I STRU\u010cNOST\"}]},{\"@type\":\"WebSite\",\"@id\":\"https:\/\/www.prijedordanas.com\/#website\",\"url\":\"https:\/\/www.prijedordanas.com\/\",\"name\":\"PrijedorDanas.com - Prijedorski gradski portal\",\"description\":\"Portal o doga\u0111anjima u gradu Prijedoru\",\"publisher\":{\"@id\":\"https:\/\/www.prijedordanas.com\/#organization\"},\"potentialAction\":[{\"@type\":\"SearchAction\",\"target\":{\"@type\":\"EntryPoint\",\"urlTemplate\":\"https:\/\/www.prijedordanas.com\/?s={search_term_string}\"},\"query-input\":\"required name=search_term_string\"}],\"inLanguage\":\"en-US\"},{\"@type\":\"Organization\",\"@id\":\"https:\/\/www.prijedordanas.com\/#organization\",\"name\":\"PrijedorDanas.com\",\"url\":\"https:\/\/www.prijedordanas.com\/\",\"logo\":{\"@type\":\"ImageObject\",\"inLanguage\":\"en-US\",\"@id\":\"https:\/\/www.prijedordanas.com\/#\/schema\/logo\/image\/\",\"url\":\"http:\/\/www.prijedordanas.com\/wp-content\/uploads\/2021\/12\/logopng.png\",\"contentUrl\":\"http:\/\/www.prijedordanas.com\/wp-content\/uploads\/2021\/12\/logopng.png\",\"width\":1019,\"height\":776,\"caption\":\"PrijedorDanas.com\"},\"image\":{\"@id\":\"https:\/\/www.prijedordanas.com\/#\/schema\/logo\/image\/\"},\"sameAs\":[\"https:\/\/www.facebook.com\/PrijedorDanasCom\/\"]},{\"@type\":\"Person\",\"@id\":\"https:\/\/www.prijedordanas.com\/#\/schema\/person\/4e08ccf29b506ca916ff86d46bb700e6\",\"name\":\"admin\",\"image\":{\"@type\":\"ImageObject\",\"inLanguage\":\"en-US\",\"@id\":\"https:\/\/www.prijedordanas.com\/#\/schema\/person\/image\/\",\"url\":\"https:\/\/secure.gravatar.com\/avatar\/1d3fc949d550f0b53a5f0d51e06dfd79?s=96&d=mm&r=g\",\"contentUrl\":\"https:\/\/secure.gravatar.com\/avatar\/1d3fc949d550f0b53a5f0d51e06dfd79?s=96&d=mm&r=g\",\"caption\":\"admin\"},\"url\":\"https:\/\/www.prijedordanas.com\/?author=1\"}]}<\/script>\n<!-- \/ Yoast SEO plugin. -->","yoast_head_json":{"title":"PRIJEDOR\u010cANINA GORDANA ZORI\u0106A O\u010cEKUJE ME\u010c U ITALIJI: UZ BORBE I STRU\u010cNOST - PrijedorDanas.com - Prijedorski gradski portal","robots":{"index":"index","follow":"follow","max-snippet":"max-snippet:-1","max-image-preview":"max-image-preview:large","max-video-preview":"max-video-preview:-1"},"canonical":"https:\/\/www.prijedordanas.com\/?p=34655","og_locale":"en_US","og_type":"article","og_title":"PRIJEDOR\u010cANINA GORDANA ZORI\u0106A O\u010cEKUJE ME\u010c U ITALIJI: UZ BORBE I STRU\u010cNOST - PrijedorDanas.com - Prijedorski gradski portal","og_description":"Gordan Zori\u0107, uspje\u0161ni trener, ali i aktivni borac iz Prijedora, ima\u0107e 29.novembra me\u010d u \u201emai taiju\u201c (muay thai) na ve\u010deri borila\u010dkih sportova \u201eFight For Glory 2\u201c, koja \u0107e se odr\u017eati [&hellip;]","og_url":"https:\/\/www.prijedordanas.com\/?p=34655","og_site_name":"PrijedorDanas.com - Prijedorski gradski portal","article_publisher":"https:\/\/www.facebook.com\/PrijedorDanasCom\/","article_published_time":"2015-11-24T09:40:10+00:00","og_image":[{"url":"https:\/\/www.prijedordanas.com\/wp-content\/uploads\/2015\/11\/gordan-zoric-mec-italija-178x300.jpg"}],"author":"admin","twitter_card":"summary_large_image","twitter_misc":{"Written by":"admin","Est. reading time":"1 minute"},"schema":{"@context":"https:\/\/schema.org","@graph":[{"@type":"Article","@id":"https:\/\/www.prijedordanas.com\/?p=34655#article","isPartOf":{"@id":"https:\/\/www.prijedordanas.com\/?p=34655"},"author":{"name":"admin","@id":"https:\/\/www.prijedordanas.com\/#\/schema\/person\/4e08ccf29b506ca916ff86d46bb700e6"},"headline":"PRIJEDOR\u010cANINA GORDANA ZORI\u0106A O\u010cEKUJE ME\u010c U ITALIJI: UZ BORBE I STRU\u010cNOST","datePublished":"2015-11-24T09:40:10+00:00","dateModified":"2015-11-24T09:40:10+00:00","mainEntityOfPage":{"@id":"https:\/\/www.prijedordanas.com\/?p=34655"},"wordCount":252,"publisher":{"@id":"https:\/\/www.prijedordanas.com\/#organization"},"keywords":["Gordan Zori\u0107"],"articleSection":["Sport"],"inLanguage":"en-US"},{"@type":"WebPage","@id":"https:\/\/www.prijedordanas.com\/?p=34655","url":"https:\/\/www.prijedordanas.com\/?p=34655","name":"PRIJEDOR\u010cANINA GORDANA ZORI\u0106A O\u010cEKUJE ME\u010c U ITALIJI: UZ BORBE I STRU\u010cNOST - PrijedorDanas.com - Prijedorski gradski portal","isPartOf":{"@id":"https:\/\/www.prijedordanas.com\/#website"},"datePublished":"2015-11-24T09:40:10+00:00","dateModified":"2015-11-24T09:40:10+00:00","breadcrumb":{"@id":"https:\/\/www.prijedordanas.com\/?p=34655#breadcrumb"},"inLanguage":"en-US","potentialAction":[{"@type":"ReadAction","target":["https:\/\/www.prijedordanas.com\/?p=34655"]}]},{"@type":"BreadcrumbList","@id":"https:\/\/www.prijedordanas.com\/?p=34655#breadcrumb","itemListElement":[{"@type":"ListItem","position":1,"name":"Home","item":"https:\/\/www.prijedordanas.com\/"},{"@type":"ListItem","position":2,"name":"PRIJEDOR\u010cANINA GORDANA ZORI\u0106A O\u010cEKUJE ME\u010c U ITALIJI: UZ BORBE I STRU\u010cNOST"}]},{"@type":"WebSite","@id":"https:\/\/www.prijedordanas.com\/#website","url":"https:\/\/www.prijedordanas.com\/","name":"PrijedorDanas.com - Prijedorski gradski portal","description":"Portal o doga\u0111anjima u gradu Prijedoru","publisher":{"@id":"https:\/\/www.prijedordanas.com\/#organization"},"potentialAction":[{"@type":"SearchAction","target":{"@type":"EntryPoint","urlTemplate":"https:\/\/www.prijedordanas.com\/?s={search_term_string}"},"query-input":"required name=search_term_string"}],"inLanguage":"en-US"},{"@type":"Organization","@id":"https:\/\/www.prijedordanas.com\/#organization","name":"PrijedorDanas.com","url":"https:\/\/www.prijedordanas.com\/","logo":{"@type":"ImageObject","inLanguage":"en-US","@id":"https:\/\/www.prijedordanas.com\/#\/schema\/logo\/image\/","url":"http:\/\/www.prijedordanas.com\/wp-content\/uploads\/2021\/12\/logopng.png","contentUrl":"http:\/\/www.prijedordanas.com\/wp-content\/uploads\/2021\/12\/logopng.png","width":1019,"height":776,"caption":"PrijedorDanas.com"},"image":{"@id":"https:\/\/www.prijedordanas.com\/#\/schema\/logo\/image\/"},"sameAs":["https:\/\/www.facebook.com\/PrijedorDanasCom\/"]},{"@type":"Person","@id":"https:\/\/www.prijedordanas.com\/#\/schema\/person\/4e08ccf29b506ca916ff86d46bb700e6","name":"admin","image":{"@type":"ImageObject","inLanguage":"en-US","@id":"https:\/\/www.prijedordanas.com\/#\/schema\/person\/image\/","url":"https:\/\/secure.gravatar.com\/avatar\/1d3fc949d550f0b53a5f0d51e06dfd79?s=96&d=mm&r=g","contentUrl":"https:\/\/secure.gravatar.com\/avatar\/1d3fc949d550f0b53a5f0d51e06dfd79?s=96&d=mm&r=g","caption":"admin"},"url":"https:\/\/www.prijedordanas.com\/?author=1"}]}},"_links":{"self":[{"href":"https:\/\/www.prijedordanas.com\/index.php?rest_route=\/wp\/v2\/posts\/34655"}],"collection":[{"href":"https:\/\/www.prijedordanas.com\/index.php?rest_route=\/wp\/v2\/posts"}],"about":[{"href":"https:\/\/www.prijedordanas.com\/index.php?rest_route=\/wp\/v2\/types\/post"}],"author":[{"embeddable":true,"href":"https:\/\/www.prijedordanas.com\/index.php?rest_route=\/wp\/v2\/users\/1"}],"replies":[{"embeddable":true,"href":"https:\/\/www.prijedordanas.com\/index.php?rest_route=%2Fwp%2Fv2%2Fcomments&post=34655"}],"version-history":[{"count":1,"href":"https:\/\/www.prijedordanas.com\/index.php?rest_route=\/wp\/v2\/posts\/34655\/revisions"}],"predecessor-version":[{"id":34657,"href":"https:\/\/www.prijedordanas.com\/index.php?rest_route=\/wp\/v2\/posts\/34655\/revisions\/34657"}],"wp:attachment":[{"href":"https:\/\/www.prijedordanas.com\/index.php?rest_route=%2Fwp%2Fv2%2Fmedia&parent=34655"}],"wp:term":[{"taxonomy":"category","embeddable":true,"href":"https:\/\/www.prijedordanas.com\/index.php?rest_route=%2Fwp%2Fv2%2Fcategories&post=34655"},{"taxonomy":"post_tag","embeddable":true,"href":"https:\/\/www.prijedordanas.com\/index.php?rest_route=%2Fwp%2Fv2%2Ftags&post=34655"}],"curies":[{"name":"wp","href":"https:\/\/api.w.org\/{rel}","templated":true}]}}