{"id":34383,"date":"2015-11-22T14:58:09","date_gmt":"2015-11-22T13:58:09","guid":{"rendered":"https:\/\/www.prijedordanas.com\/?p=34383"},"modified":"2015-11-22T14:58:09","modified_gmt":"2015-11-22T13:58:09","slug":"rudar-prijedor-porazen-od-mladosti-koban-pad-koncentracije-foto","status":"publish","type":"post","link":"https:\/\/www.prijedordanas.com\/?p=34383","title":{"rendered":"RUDAR-PRIJEDOR PORA\u017dEN OD MLADOSTI: KOBAN PAD KONCENTRACIJE &#8211; FOTO"},"content":{"rendered":"<p><a href=\"https:\/\/www.prijedordanas.com\/wp-content\/uploads\/2015\/11\/mladost-dk-rudar-prijedor-1.jpg\"><img loading=\"lazy\" decoding=\"async\" class=\"alignleft size-medium wp-image-34386\" src=\"https:\/\/www.prijedordanas.com\/wp-content\/uploads\/2015\/11\/mladost-dk-rudar-prijedor-1-300x200.jpg\" alt=\"mladost dk-rudar prijedor (1)\" width=\"300\" height=\"200\" srcset=\"https:\/\/www.prijedordanas.com\/wp-content\/uploads\/2015\/11\/mladost-dk-rudar-prijedor-1-300x200.jpg 300w, https:\/\/www.prijedordanas.com\/wp-content\/uploads\/2015\/11\/mladost-dk-rudar-prijedor-1-480x320.jpg 480w, https:\/\/www.prijedordanas.com\/wp-content\/uploads\/2015\/11\/mladost-dk-rudar-prijedor-1.jpg 600w\" sizes=\"(max-width: 300px) 100vw, 300px\" \/><\/a>Iako je Rudar-Prijedor poveo golom Sini\u0161e Radoje, kada je u 8.minuti, po\u0161to je korner izveo Stefana Gavranovi\u0107, pogodio cilj, pora\u017een je u prvenstvu Premijer lige BiH.<\/p>\n<p>U Doboju kod Kaknja ekipa Mladosti, debitant u elitnom rangu, ali i najprijatnije iznena\u0111enje u njemu, je slavila sa 2:1.<\/p>\n<p>S pravom su se \u201erudari sa Sane\u201c, poslije pobjede nad ekipom sarajevskog \u017deljezni\u010dara kod ku\u0107e i remija u Mostaru sa Vele\u017eom, nadali povoljnom ishodu.<\/p>\n<p>Prije vo\u0111stva imali su priliku, ali je udarac Zorana Milutinovi\u0107a odbranio golman Adnan Had\u017ei\u0107, koji je do odmora sprije\u010dio i Petra Kuni\u0107a da udvostru\u010di prednost svog tima.<\/p>\n<p><a href=\"https:\/\/www.prijedordanas.com\/wp-content\/uploads\/2015\/11\/mladost-dk-rudar-prijedor-2.jpg\"><img loading=\"lazy\" decoding=\"async\" src=\"https:\/\/www.prijedordanas.com\/wp-content\/uploads\/2015\/11\/mladost-dk-rudar-prijedor-2-300x200.jpg\" alt=\"mladost dk-rudar prijedor (2)\" width=\"300\" height=\"200\" class=\"alignleft size-medium wp-image-34387\" srcset=\"https:\/\/www.prijedordanas.com\/wp-content\/uploads\/2015\/11\/mladost-dk-rudar-prijedor-2-300x200.jpg 300w, https:\/\/www.prijedordanas.com\/wp-content\/uploads\/2015\/11\/mladost-dk-rudar-prijedor-2-480x320.jpg 480w, https:\/\/www.prijedordanas.com\/wp-content\/uploads\/2015\/11\/mladost-dk-rudar-prijedor-2.jpg 600w\" sizes=\"(max-width: 300px) 100vw, 300px\" \/><\/a>-Odigrali smo odli\u010dno prvo poluvrijeme, ali koban je bio pad koncentracije u \u201eprodu\u017eenoj\u201c sudijskoj nadoknadi. Pod tim psiholo\u0161kim stanjem, zbog primljenog gola, u\u0161li smo u nastavak, a protivnik sa namjerom da ide \u201ena sve ili ni\u0161ta\u201c i napravi potpuni preokret. Ne mogu ni\u0161ta da zamjerim svojim igra\u010dima, borili su se po\u0161teno do kraja me\u010da. Ovoga puta ni sportka sre\u0107a nam nije bila saveznik, a ostaje \u017eal \u0161to nismo osvojili bar bod &#8211; rekao je \u0161ef stru\u010dnog \u0161taba Prijedor\u010dana Zlatko Jelisavac.<\/p>\n<p>Naime, minut kojim je sudija Admir \u0160ehovi\u0107 trebao da nadoknadi vreme, potrajao je skoro tri, a smatrao je da je u vazdu\u0161nom prostoru lopta iza\u0161la van granice terena, kada je na nju i\u0161ao u skoku golman \u201ezeleno-crnih\u201c Dalibor Kozi\u0107. Nakon udarca sa ugla Mirza Kova\u010d je izjedna\u010dio na 1:1, a trijumf Mladosti u drugoj minuti drugog dijela donio je Belmin Kobilica.<\/p>\n<p>Misli su ve\u0107 okrenute ka dolasku tuzlanske Slobode u Prijedor. Kaznu zbog tri \u017euta kartona odradio je Filip Are\u017eina, ali \u0107e sada morati da pauzira \u201e\u0161toper\u201c \u010cedomir \u0106ulum. Za o\u010dekivati je da \u0107e se i neko od povrije\u0111enih igra\u010da oporaviti.<\/p>\n<p>Tekst \u2013 Nenad \u0110eri\u0107\/Aleksandar Drakuli\u0107 \u2013 <a href=\"www.prijedordanas.com\" target=\"_blank\">www.prijedordanas.com<\/a><br \/>\nFoto \u2013 fkmladost.ba<\/p>\n<p><a href=\"https:\/\/www.prijedordanas.com\/wp-content\/uploads\/2015\/11\/mladost-dk-rudar-prijedor-3.jpg\"><img loading=\"lazy\" decoding=\"async\" src=\"https:\/\/www.prijedordanas.com\/wp-content\/uploads\/2015\/11\/mladost-dk-rudar-prijedor-3-300x200.jpg\" alt=\"mladost dk-rudar prijedor (3)\" width=\"300\" height=\"200\" class=\"alignleft size-medium wp-image-34388\" srcset=\"https:\/\/www.prijedordanas.com\/wp-content\/uploads\/2015\/11\/mladost-dk-rudar-prijedor-3-300x200.jpg 300w, https:\/\/www.prijedordanas.com\/wp-content\/uploads\/2015\/11\/mladost-dk-rudar-prijedor-3-480x320.jpg 480w, https:\/\/www.prijedordanas.com\/wp-content\/uploads\/2015\/11\/mladost-dk-rudar-prijedor-3.jpg 600w\" sizes=\"(max-width: 300px) 100vw, 300px\" \/><\/a> <a href=\"https:\/\/www.prijedordanas.com\/wp-content\/uploads\/2015\/11\/mladost-dk-rudar-prijedor-4.jpg\"><img loading=\"lazy\" decoding=\"async\" src=\"https:\/\/www.prijedordanas.com\/wp-content\/uploads\/2015\/11\/mladost-dk-rudar-prijedor-4-300x200.jpg\" alt=\"mladost dk-rudar prijedor (4)\" width=\"300\" height=\"200\" class=\"alignleft size-medium wp-image-34389\" srcset=\"https:\/\/www.prijedordanas.com\/wp-content\/uploads\/2015\/11\/mladost-dk-rudar-prijedor-4-300x200.jpg 300w, https:\/\/www.prijedordanas.com\/wp-content\/uploads\/2015\/11\/mladost-dk-rudar-prijedor-4-480x320.jpg 480w, https:\/\/www.prijedordanas.com\/wp-content\/uploads\/2015\/11\/mladost-dk-rudar-prijedor-4.jpg 600w\" sizes=\"(max-width: 300px) 100vw, 300px\" \/><\/a> <a href=\"https:\/\/www.prijedordanas.com\/wp-content\/uploads\/2015\/11\/mladost-dk-rudar-prijedor-5.jpg\"><img loading=\"lazy\" decoding=\"async\" src=\"https:\/\/www.prijedordanas.com\/wp-content\/uploads\/2015\/11\/mladost-dk-rudar-prijedor-5-300x200.jpg\" alt=\"mladost dk-rudar prijedor (5)\" width=\"300\" height=\"200\" class=\"alignleft size-medium wp-image-34390\" srcset=\"https:\/\/www.prijedordanas.com\/wp-content\/uploads\/2015\/11\/mladost-dk-rudar-prijedor-5-300x200.jpg 300w, https:\/\/www.prijedordanas.com\/wp-content\/uploads\/2015\/11\/mladost-dk-rudar-prijedor-5-480x320.jpg 480w, https:\/\/www.prijedordanas.com\/wp-content\/uploads\/2015\/11\/mladost-dk-rudar-prijedor-5.jpg 600w\" sizes=\"(max-width: 300px) 100vw, 300px\" \/><\/a> <a href=\"https:\/\/www.prijedordanas.com\/wp-content\/uploads\/2015\/11\/mladost-dk-rudar-prijedor-6.jpg\"><img loading=\"lazy\" decoding=\"async\" src=\"https:\/\/www.prijedordanas.com\/wp-content\/uploads\/2015\/11\/mladost-dk-rudar-prijedor-6-300x200.jpg\" alt=\"mladost dk-rudar prijedor (6)\" width=\"300\" height=\"200\" class=\"alignleft size-medium wp-image-34391\" srcset=\"https:\/\/www.prijedordanas.com\/wp-content\/uploads\/2015\/11\/mladost-dk-rudar-prijedor-6-300x200.jpg 300w, https:\/\/www.prijedordanas.com\/wp-content\/uploads\/2015\/11\/mladost-dk-rudar-prijedor-6-480x320.jpg 480w, https:\/\/www.prijedordanas.com\/wp-content\/uploads\/2015\/11\/mladost-dk-rudar-prijedor-6.jpg 600w\" sizes=\"(max-width: 300px) 100vw, 300px\" \/><\/a> <a href=\"https:\/\/www.prijedordanas.com\/wp-content\/uploads\/2015\/11\/mladost-dk-rudar-prijedor-7.jpg\"><img loading=\"lazy\" decoding=\"async\" src=\"https:\/\/www.prijedordanas.com\/wp-content\/uploads\/2015\/11\/mladost-dk-rudar-prijedor-7-300x200.jpg\" alt=\"mladost dk-rudar prijedor (7)\" width=\"300\" height=\"200\" class=\"alignleft size-medium wp-image-34392\" srcset=\"https:\/\/www.prijedordanas.com\/wp-content\/uploads\/2015\/11\/mladost-dk-rudar-prijedor-7-300x200.jpg 300w, https:\/\/www.prijedordanas.com\/wp-content\/uploads\/2015\/11\/mladost-dk-rudar-prijedor-7-480x320.jpg 480w, https:\/\/www.prijedordanas.com\/wp-content\/uploads\/2015\/11\/mladost-dk-rudar-prijedor-7.jpg 600w\" sizes=\"(max-width: 300px) 100vw, 300px\" \/><\/a> <a href=\"https:\/\/www.prijedordanas.com\/wp-content\/uploads\/2015\/11\/mladost-dk-rudar-prijedor-8.jpg\"><img loading=\"lazy\" decoding=\"async\" src=\"https:\/\/www.prijedordanas.com\/wp-content\/uploads\/2015\/11\/mladost-dk-rudar-prijedor-8-300x200.jpg\" alt=\"mladost dk-rudar prijedor (8)\" width=\"300\" height=\"200\" class=\"alignleft size-medium wp-image-34393\" srcset=\"https:\/\/www.prijedordanas.com\/wp-content\/uploads\/2015\/11\/mladost-dk-rudar-prijedor-8-300x200.jpg 300w, https:\/\/www.prijedordanas.com\/wp-content\/uploads\/2015\/11\/mladost-dk-rudar-prijedor-8-480x320.jpg 480w, https:\/\/www.prijedordanas.com\/wp-content\/uploads\/2015\/11\/mladost-dk-rudar-prijedor-8.jpg 600w\" sizes=\"(max-width: 300px) 100vw, 300px\" \/><\/a><\/p>\n","protected":false},"excerpt":{"rendered":"<p>Iako je Rudar-Prijedor poveo golom Sini\u0161e Radoje, kada je u 8.minuti, po\u0161to je korner izveo Stefana Gavranovi\u0107, pogodio cilj, pora\u017een je u prvenstvu Premijer lige BiH. U Doboju kod Kaknja [&hellip;]<\/p>\n","protected":false},"author":1,"featured_media":0,"comment_status":"closed","ping_status":"open","sticky":false,"template":"","format":"standard","meta":{"_monsterinsights_skip_tracking":false,"_monsterinsights_sitenote_active":false,"_monsterinsights_sitenote_note":"","_monsterinsights_sitenote_category":0,"footnotes":""},"categories":[7],"tags":[4409,221],"yoast_head":"<!-- This site is optimized with the Yoast SEO plugin v21.6 - https:\/\/yoast.com\/wordpress\/plugins\/seo\/ -->\n<title>RUDAR-PRIJEDOR PORA\u017dEN OD MLADOSTI: KOBAN PAD KONCENTRACIJE - FOTO - PrijedorDanas.com - Prijedorski gradski portal<\/title>\n<meta name=\"robots\" content=\"index, follow, max-snippet:-1, max-image-preview:large, max-video-preview:-1\" \/>\n<link rel=\"canonical\" href=\"https:\/\/www.prijedordanas.com\/?p=34383\" \/>\n<meta property=\"og:locale\" content=\"en_US\" \/>\n<meta property=\"og:type\" content=\"article\" \/>\n<meta property=\"og:title\" content=\"RUDAR-PRIJEDOR PORA\u017dEN OD MLADOSTI: KOBAN PAD KONCENTRACIJE - FOTO - PrijedorDanas.com - Prijedorski gradski portal\" \/>\n<meta property=\"og:description\" content=\"Iako je Rudar-Prijedor poveo golom Sini\u0161e Radoje, kada je u 8.minuti, po\u0161to je korner izveo Stefana Gavranovi\u0107, pogodio cilj, pora\u017een je u prvenstvu Premijer lige BiH. U Doboju kod Kaknja [&hellip;]\" \/>\n<meta property=\"og:url\" content=\"https:\/\/www.prijedordanas.com\/?p=34383\" \/>\n<meta property=\"og:site_name\" content=\"PrijedorDanas.com - Prijedorski gradski portal\" \/>\n<meta property=\"article:publisher\" content=\"https:\/\/www.facebook.com\/PrijedorDanasCom\/\" \/>\n<meta property=\"article:published_time\" content=\"2015-11-22T13:58:09+00:00\" \/>\n<meta property=\"og:image\" content=\"https:\/\/www.prijedordanas.com\/wp-content\/uploads\/2015\/11\/mladost-dk-rudar-prijedor-1-300x200.jpg\" \/>\n<meta name=\"author\" content=\"admin\" \/>\n<meta name=\"twitter:card\" content=\"summary_large_image\" \/>\n<meta name=\"twitter:label1\" content=\"Written by\" \/>\n\t<meta name=\"twitter:data1\" content=\"admin\" \/>\n\t<meta name=\"twitter:label2\" content=\"Est. reading time\" \/>\n\t<meta name=\"twitter:data2\" content=\"2 minutes\" \/>\n<script type=\"application\/ld+json\" class=\"yoast-schema-graph\">{\"@context\":\"https:\/\/schema.org\",\"@graph\":[{\"@type\":\"Article\",\"@id\":\"https:\/\/www.prijedordanas.com\/?p=34383#article\",\"isPartOf\":{\"@id\":\"https:\/\/www.prijedordanas.com\/?p=34383\"},\"author\":{\"name\":\"admin\",\"@id\":\"https:\/\/www.prijedordanas.com\/#\/schema\/person\/4e08ccf29b506ca916ff86d46bb700e6\"},\"headline\":\"RUDAR-PRIJEDOR PORA\u017dEN OD MLADOSTI: KOBAN PAD KONCENTRACIJE &#8211; FOTO\",\"datePublished\":\"2015-11-22T13:58:09+00:00\",\"dateModified\":\"2015-11-22T13:58:09+00:00\",\"mainEntityOfPage\":{\"@id\":\"https:\/\/www.prijedordanas.com\/?p=34383\"},\"wordCount\":330,\"publisher\":{\"@id\":\"https:\/\/www.prijedordanas.com\/#organization\"},\"keywords\":[\"Mladost Doboj-Kakanj\",\"Rudar-Prijedor\"],\"articleSection\":[\"Sport\"],\"inLanguage\":\"en-US\"},{\"@type\":\"WebPage\",\"@id\":\"https:\/\/www.prijedordanas.com\/?p=34383\",\"url\":\"https:\/\/www.prijedordanas.com\/?p=34383\",\"name\":\"RUDAR-PRIJEDOR PORA\u017dEN OD MLADOSTI: KOBAN PAD KONCENTRACIJE - FOTO - PrijedorDanas.com - Prijedorski gradski portal\",\"isPartOf\":{\"@id\":\"https:\/\/www.prijedordanas.com\/#website\"},\"datePublished\":\"2015-11-22T13:58:09+00:00\",\"dateModified\":\"2015-11-22T13:58:09+00:00\",\"breadcrumb\":{\"@id\":\"https:\/\/www.prijedordanas.com\/?p=34383#breadcrumb\"},\"inLanguage\":\"en-US\",\"potentialAction\":[{\"@type\":\"ReadAction\",\"target\":[\"https:\/\/www.prijedordanas.com\/?p=34383\"]}]},{\"@type\":\"BreadcrumbList\",\"@id\":\"https:\/\/www.prijedordanas.com\/?p=34383#breadcrumb\",\"itemListElement\":[{\"@type\":\"ListItem\",\"position\":1,\"name\":\"Home\",\"item\":\"https:\/\/www.prijedordanas.com\/\"},{\"@type\":\"ListItem\",\"position\":2,\"name\":\"RUDAR-PRIJEDOR PORA\u017dEN OD MLADOSTI: KOBAN PAD KONCENTRACIJE &#8211; FOTO\"}]},{\"@type\":\"WebSite\",\"@id\":\"https:\/\/www.prijedordanas.com\/#website\",\"url\":\"https:\/\/www.prijedordanas.com\/\",\"name\":\"PrijedorDanas.com - Prijedorski gradski portal\",\"description\":\"Portal o doga\u0111anjima u gradu Prijedoru\",\"publisher\":{\"@id\":\"https:\/\/www.prijedordanas.com\/#organization\"},\"potentialAction\":[{\"@type\":\"SearchAction\",\"target\":{\"@type\":\"EntryPoint\",\"urlTemplate\":\"https:\/\/www.prijedordanas.com\/?s={search_term_string}\"},\"query-input\":\"required name=search_term_string\"}],\"inLanguage\":\"en-US\"},{\"@type\":\"Organization\",\"@id\":\"https:\/\/www.prijedordanas.com\/#organization\",\"name\":\"PrijedorDanas.com\",\"url\":\"https:\/\/www.prijedordanas.com\/\",\"logo\":{\"@type\":\"ImageObject\",\"inLanguage\":\"en-US\",\"@id\":\"https:\/\/www.prijedordanas.com\/#\/schema\/logo\/image\/\",\"url\":\"http:\/\/www.prijedordanas.com\/wp-content\/uploads\/2021\/12\/logopng.png\",\"contentUrl\":\"http:\/\/www.prijedordanas.com\/wp-content\/uploads\/2021\/12\/logopng.png\",\"width\":1019,\"height\":776,\"caption\":\"PrijedorDanas.com\"},\"image\":{\"@id\":\"https:\/\/www.prijedordanas.com\/#\/schema\/logo\/image\/\"},\"sameAs\":[\"https:\/\/www.facebook.com\/PrijedorDanasCom\/\"]},{\"@type\":\"Person\",\"@id\":\"https:\/\/www.prijedordanas.com\/#\/schema\/person\/4e08ccf29b506ca916ff86d46bb700e6\",\"name\":\"admin\",\"image\":{\"@type\":\"ImageObject\",\"inLanguage\":\"en-US\",\"@id\":\"https:\/\/www.prijedordanas.com\/#\/schema\/person\/image\/\",\"url\":\"https:\/\/secure.gravatar.com\/avatar\/1d3fc949d550f0b53a5f0d51e06dfd79?s=96&d=mm&r=g\",\"contentUrl\":\"https:\/\/secure.gravatar.com\/avatar\/1d3fc949d550f0b53a5f0d51e06dfd79?s=96&d=mm&r=g\",\"caption\":\"admin\"},\"url\":\"https:\/\/www.prijedordanas.com\/?author=1\"}]}<\/script>\n<!-- \/ Yoast SEO plugin. -->","yoast_head_json":{"title":"RUDAR-PRIJEDOR PORA\u017dEN OD MLADOSTI: KOBAN PAD KONCENTRACIJE - FOTO - PrijedorDanas.com - Prijedorski gradski portal","robots":{"index":"index","follow":"follow","max-snippet":"max-snippet:-1","max-image-preview":"max-image-preview:large","max-video-preview":"max-video-preview:-1"},"canonical":"https:\/\/www.prijedordanas.com\/?p=34383","og_locale":"en_US","og_type":"article","og_title":"RUDAR-PRIJEDOR PORA\u017dEN OD MLADOSTI: KOBAN PAD KONCENTRACIJE - FOTO - PrijedorDanas.com - Prijedorski gradski portal","og_description":"Iako je Rudar-Prijedor poveo golom Sini\u0161e Radoje, kada je u 8.minuti, po\u0161to je korner izveo Stefana Gavranovi\u0107, pogodio cilj, pora\u017een je u prvenstvu Premijer lige BiH. U Doboju kod Kaknja [&hellip;]","og_url":"https:\/\/www.prijedordanas.com\/?p=34383","og_site_name":"PrijedorDanas.com - Prijedorski gradski portal","article_publisher":"https:\/\/www.facebook.com\/PrijedorDanasCom\/","article_published_time":"2015-11-22T13:58:09+00:00","og_image":[{"url":"https:\/\/www.prijedordanas.com\/wp-content\/uploads\/2015\/11\/mladost-dk-rudar-prijedor-1-300x200.jpg"}],"author":"admin","twitter_card":"summary_large_image","twitter_misc":{"Written by":"admin","Est. reading time":"2 minutes"},"schema":{"@context":"https:\/\/schema.org","@graph":[{"@type":"Article","@id":"https:\/\/www.prijedordanas.com\/?p=34383#article","isPartOf":{"@id":"https:\/\/www.prijedordanas.com\/?p=34383"},"author":{"name":"admin","@id":"https:\/\/www.prijedordanas.com\/#\/schema\/person\/4e08ccf29b506ca916ff86d46bb700e6"},"headline":"RUDAR-PRIJEDOR PORA\u017dEN OD MLADOSTI: KOBAN PAD KONCENTRACIJE &#8211; FOTO","datePublished":"2015-11-22T13:58:09+00:00","dateModified":"2015-11-22T13:58:09+00:00","mainEntityOfPage":{"@id":"https:\/\/www.prijedordanas.com\/?p=34383"},"wordCount":330,"publisher":{"@id":"https:\/\/www.prijedordanas.com\/#organization"},"keywords":["Mladost Doboj-Kakanj","Rudar-Prijedor"],"articleSection":["Sport"],"inLanguage":"en-US"},{"@type":"WebPage","@id":"https:\/\/www.prijedordanas.com\/?p=34383","url":"https:\/\/www.prijedordanas.com\/?p=34383","name":"RUDAR-PRIJEDOR PORA\u017dEN OD MLADOSTI: KOBAN PAD KONCENTRACIJE - FOTO - PrijedorDanas.com - Prijedorski gradski portal","isPartOf":{"@id":"https:\/\/www.prijedordanas.com\/#website"},"datePublished":"2015-11-22T13:58:09+00:00","dateModified":"2015-11-22T13:58:09+00:00","breadcrumb":{"@id":"https:\/\/www.prijedordanas.com\/?p=34383#breadcrumb"},"inLanguage":"en-US","potentialAction":[{"@type":"ReadAction","target":["https:\/\/www.prijedordanas.com\/?p=34383"]}]},{"@type":"BreadcrumbList","@id":"https:\/\/www.prijedordanas.com\/?p=34383#breadcrumb","itemListElement":[{"@type":"ListItem","position":1,"name":"Home","item":"https:\/\/www.prijedordanas.com\/"},{"@type":"ListItem","position":2,"name":"RUDAR-PRIJEDOR PORA\u017dEN OD MLADOSTI: KOBAN PAD KONCENTRACIJE &#8211; FOTO"}]},{"@type":"WebSite","@id":"https:\/\/www.prijedordanas.com\/#website","url":"https:\/\/www.prijedordanas.com\/","name":"PrijedorDanas.com - Prijedorski gradski portal","description":"Portal o doga\u0111anjima u gradu Prijedoru","publisher":{"@id":"https:\/\/www.prijedordanas.com\/#organization"},"potentialAction":[{"@type":"SearchAction","target":{"@type":"EntryPoint","urlTemplate":"https:\/\/www.prijedordanas.com\/?s={search_term_string}"},"query-input":"required name=search_term_string"}],"inLanguage":"en-US"},{"@type":"Organization","@id":"https:\/\/www.prijedordanas.com\/#organization","name":"PrijedorDanas.com","url":"https:\/\/www.prijedordanas.com\/","logo":{"@type":"ImageObject","inLanguage":"en-US","@id":"https:\/\/www.prijedordanas.com\/#\/schema\/logo\/image\/","url":"http:\/\/www.prijedordanas.com\/wp-content\/uploads\/2021\/12\/logopng.png","contentUrl":"http:\/\/www.prijedordanas.com\/wp-content\/uploads\/2021\/12\/logopng.png","width":1019,"height":776,"caption":"PrijedorDanas.com"},"image":{"@id":"https:\/\/www.prijedordanas.com\/#\/schema\/logo\/image\/"},"sameAs":["https:\/\/www.facebook.com\/PrijedorDanasCom\/"]},{"@type":"Person","@id":"https:\/\/www.prijedordanas.com\/#\/schema\/person\/4e08ccf29b506ca916ff86d46bb700e6","name":"admin","image":{"@type":"ImageObject","inLanguage":"en-US","@id":"https:\/\/www.prijedordanas.com\/#\/schema\/person\/image\/","url":"https:\/\/secure.gravatar.com\/avatar\/1d3fc949d550f0b53a5f0d51e06dfd79?s=96&d=mm&r=g","contentUrl":"https:\/\/secure.gravatar.com\/avatar\/1d3fc949d550f0b53a5f0d51e06dfd79?s=96&d=mm&r=g","caption":"admin"},"url":"https:\/\/www.prijedordanas.com\/?author=1"}]}},"_links":{"self":[{"href":"https:\/\/www.prijedordanas.com\/index.php?rest_route=\/wp\/v2\/posts\/34383"}],"collection":[{"href":"https:\/\/www.prijedordanas.com\/index.php?rest_route=\/wp\/v2\/posts"}],"about":[{"href":"https:\/\/www.prijedordanas.com\/index.php?rest_route=\/wp\/v2\/types\/post"}],"author":[{"embeddable":true,"href":"https:\/\/www.prijedordanas.com\/index.php?rest_route=\/wp\/v2\/users\/1"}],"replies":[{"embeddable":true,"href":"https:\/\/www.prijedordanas.com\/index.php?rest_route=%2Fwp%2Fv2%2Fcomments&post=34383"}],"version-history":[{"count":1,"href":"https:\/\/www.prijedordanas.com\/index.php?rest_route=\/wp\/v2\/posts\/34383\/revisions"}],"predecessor-version":[{"id":34394,"href":"https:\/\/www.prijedordanas.com\/index.php?rest_route=\/wp\/v2\/posts\/34383\/revisions\/34394"}],"wp:attachment":[{"href":"https:\/\/www.prijedordanas.com\/index.php?rest_route=%2Fwp%2Fv2%2Fmedia&parent=34383"}],"wp:term":[{"taxonomy":"category","embeddable":true,"href":"https:\/\/www.prijedordanas.com\/index.php?rest_route=%2Fwp%2Fv2%2Fcategories&post=34383"},{"taxonomy":"post_tag","embeddable":true,"href":"https:\/\/www.prijedordanas.com\/index.php?rest_route=%2Fwp%2Fv2%2Ftags&post=34383"}],"curies":[{"name":"wp","href":"https:\/\/api.w.org\/{rel}","templated":true}]}}