{"id":34252,"date":"2015-11-21T19:56:32","date_gmt":"2015-11-21T18:56:32","guid":{"rendered":"https:\/\/www.prijedordanas.com\/?p=34252"},"modified":"2015-11-21T20:11:28","modified_gmt":"2015-11-21T19:11:28","slug":"sudenje-za-zlocin-na-podrucju-prijedora-gubitak-oca-i-brata-u-zecovima","status":"publish","type":"post","link":"https:\/\/www.prijedordanas.com\/?p=34252","title":{"rendered":"SU\u0110ENJE ZA ZLO\u010cIN NA PODRU\u010cJU PRIJEDORA: GUBITAK OCA I BRATA U ZECOVIMA"},"content":{"rendered":"<p><a href=\"https:\/\/www.prijedordanas.com\/wp-content\/uploads\/2015\/11\/sud-bih-22.jpg\"><img loading=\"lazy\" decoding=\"async\" src=\"https:\/\/www.prijedordanas.com\/wp-content\/uploads\/2015\/11\/sud-bih-22-300x225.jpg\" alt=\"sud bih (2)\" width=\"300\" height=\"225\" class=\"alignleft size-medium wp-image-34250\" srcset=\"https:\/\/www.prijedordanas.com\/wp-content\/uploads\/2015\/11\/sud-bih-22-300x225.jpg 300w, https:\/\/www.prijedordanas.com\/wp-content\/uploads\/2015\/11\/sud-bih-22.jpg 500w\" sizes=\"(max-width: 300px) 100vw, 300px\" \/><\/a>U nastavku su\u0111enja za zlo\u010din po\u010dinjen u selu Zecovi kod Prijedora, svjedokinja Tu\u017eila\u0161tva BiH je ispri\u010dala kako su joj ubijeni otac, brat, te stri\u010devi\u0107i i druga rodbina.<\/p>\n<p>Nermina Aluki\u0107 je kazala da je \u017eivjela u zaseoku Redak (selo Zecovi) sa roditeljima, bratom i djedom. Ona je navela da je 23. jula 1992. ugledala da gori d\u017eamija u selu Zecovi, te za\u010dula pucnje. Dodala je da je sa porodicom iza\u0161la u dvori\u0161te ku\u0107e, odakle su \u010duli vrisku i pla\u010d koji su dolazili od ku\u0107e Fehime Ba\u010di\u0107.<\/p>\n<p>\u201cOtac nam je rekao da u\u0111emo u ku\u0107u. Govorio je mom bratu Amiru da se ne brine, da njemu ne\u0107e niko ni\u0161ta jer je dijete. Sjedili smo kad se za\u010dula galama ispred ku\u0107e i nare\u0111eno nam je da iza\u0111emo vani. Ispred ku\u0107e smo svi morali di\u0107i ruke uvis i oti\u0107i na poljski put. I djed, koji je bio 1905. godi\u0161te\u201d, prisjetila se svjedokinja.<\/p>\n<p>Aluki\u0107 je navela da je Ranko Zori\u0107, njen \u0161kolski drug, bio me\u0111u vojnicima pred njihovom ku\u0107om, te da je odveo njenog oca, brata i jo\u0161 neke mu\u0161karce iz kom\u0161iluka prema \u0161koli.<\/p>\n<p>Ona je kazala da se sa majkom i jo\u0161 nekoliko \u017eena krila u podrumu jedne ku\u0107e, dok nije \u010dula da joj je otac ubijen.<\/p>\n<p>\u201cMi dole pred Tahirovu ku\u0107u \u2013 vidimo lijevo le\u017ei Ismet, a desno otac. Le\u017ei potrbu\u0161ke. Nema krvi, ni\u0161ta. Zamotala sam mu glavu da muhe ne ulaze, bilo je ve\u0107 vru\u0107e. Fehima mi je rekla da mi je brat Amir pred \u0161kolom\u201d, navela je svjedokinja.<\/p>\n<p>Ona je dodala da je pred \u0161kolom zatekla nekoliko tijela, a me\u0111u njima i svog sedamnaestogodi\u0161njeg brata Amira Tatarevi\u0107a.<\/p>\n<p>\u201cPoredani k\u2019o da stoje. Amir, skoro stoje\u0107i. Noge mu skroz crne od \u010dlanaka. Po d\u017eemperu rupe, le\u0111a izre\u0161etana. Kod oka rupica kao kukuruz, a s druge strane izbilo na slijepo\u010dnicu. (&#8230;) Pred mjesnom zajednicom njihove li\u010dne stvari pobacane\u201d, prisjetila se Aluki\u0107 i dodala da je njena kom\u0161inica prona\u0161la sinove.<\/p>\n<p>Ona je kazala da je zajedno sa kom\u0161inicama 25. jula ukopala brata, oca i jo\u0161 sedam mu\u0161karaca u zajedni\u010dku grobnicu. Istog dana je u njihov zaselak do\u0161lo dvoje ranjene djece, koja su im, kako je rekla, kazala da su svi na Gradini ubijeni.<\/p>\n<p>Aluki\u0107 je navela da joj je \u2013 kada se raspitivala o danu kada je izgubila \u010dlanove porodice \u2013 kom\u0161ija kazao da je njega udario \u201cGrom\u201d, za kojeg je ona \u010dula. Na pitanje Odbrane Radomira Stojni\u0107a da li je u ranijim izjavama spomenula nadimak \u201cGrom\u201d, svjedokinja je odgovorila da se ne sje\u0107a.<\/p>\n<p>Ona je dodala da poznaje Stojni\u0107a policajca, te Bo\u0161ka Bo\u017eu Gruji\u010di\u0107a i Uro\u0161a, ali da njih nije vi\u0111ala tih dana.<\/p>\n<p>Za ubistva, mu\u010denja, seksualno nasilje, uni\u0161tavanje i oduzimanje imovine stanovnika sela Zecovi optu\u017eeni su Du\u0161an Miluni\u0107, Radomir Stojni\u0107, Radovan \u010ceti\u0107, Du\u0161ko Zori\u0107, Zoran Stojni\u0107, \u017deljko Grbi\u0107, Ilija Zori\u0107, Zoran Miluni\u0107, Bo\u0161ko Gruji\u010di\u0107, Ljubi\u0161a \u010ceti\u0107, Rade i Uro\u0161 Gruj\u010di\u0107, Zdravko Antoni\u0107 i Rajko Gnjatovi\u0107.<\/p>\n<p>Prema optu\u017enici, Miluni\u0107 je bio komandir Rasava\u010dke \u010dete 6. bataljona 43. brigade Vojske Republike Srpske (VRS), Radomir Stojni\u0107 komandir Rezervne stanice milicije Rasavci, a Radovan \u010ceti\u0107 predsjednik Srpske demokratske stranke (SDS) i Kriznog \u0161taba za selo Rasavci. Ostali su bili pripadnici Rasava\u010dke \u010dete, milicije, te drugih formacija.<\/p>\n<p>Na ovom ro\u010di\u0161tu iskaz je dao i Hajrudin Braki\u0107, koji je kazao da je iz zaselka Braki\u0107i (selo Zecovi) pobjegao 23. jula 1992., te da se naredne dane krio u \u0161umama oko zaselka Redak, u kojem su bili njegovi roditelji.<\/p>\n<p>On je naveo da je sa \u017eenama i djecom, te ostalim mu\u0161karcima oti\u0161ao za \u010carakovo, kada su kod njih u zaselak stigla ranjena djeca sa Gradine, koju su naizmjeni\u010dno nosili.<\/p>\n<p>Braki\u0107 je kazao da je odvezen u Trnopolje. On je rekao u da je 1997. prona\u0161ao kosti oca kod \u0161kole u Zecovima.<\/p>\n<p>Su\u0111enje se nastavlja 27. novembra.<\/p>\n<p>BIRN<\/p>\n","protected":false},"excerpt":{"rendered":"<p>U nastavku su\u0111enja za zlo\u010din po\u010dinjen u selu Zecovi kod Prijedora, svjedokinja Tu\u017eila\u0161tva BiH je ispri\u010dala kako su joj ubijeni otac, brat, te stri\u010devi\u0107i i druga rodbina. Nermina Aluki\u0107 je [&hellip;]<\/p>\n","protected":false},"author":1,"featured_media":0,"comment_status":"closed","ping_status":"open","sticky":false,"template":"","format":"standard","meta":{"_monsterinsights_skip_tracking":false,"_monsterinsights_sitenote_active":false,"_monsterinsights_sitenote_note":"","_monsterinsights_sitenote_category":0,"footnotes":""},"categories":[5],"tags":[531,249,1759,2031],"yoast_head":"<!-- This site is optimized with the Yoast SEO plugin v21.6 - https:\/\/yoast.com\/wordpress\/plugins\/seo\/ -->\n<title>SU\u0110ENJE ZA ZLO\u010cIN NA PODRU\u010cJU PRIJEDORA: GUBITAK OCA I BRATA U ZECOVIMA - PrijedorDanas.com - Prijedorski gradski portal<\/title>\n<meta name=\"robots\" content=\"index, follow, max-snippet:-1, max-image-preview:large, max-video-preview:-1\" \/>\n<link rel=\"canonical\" href=\"https:\/\/www.prijedordanas.com\/?p=34252\" \/>\n<meta property=\"og:locale\" content=\"en_US\" \/>\n<meta property=\"og:type\" content=\"article\" \/>\n<meta property=\"og:title\" content=\"SU\u0110ENJE ZA ZLO\u010cIN NA PODRU\u010cJU PRIJEDORA: GUBITAK OCA I BRATA U ZECOVIMA - PrijedorDanas.com - Prijedorski gradski portal\" \/>\n<meta property=\"og:description\" content=\"U nastavku su\u0111enja za zlo\u010din po\u010dinjen u selu Zecovi kod Prijedora, svjedokinja Tu\u017eila\u0161tva BiH je ispri\u010dala kako su joj ubijeni otac, brat, te stri\u010devi\u0107i i druga rodbina. Nermina Aluki\u0107 je [&hellip;]\" \/>\n<meta property=\"og:url\" content=\"https:\/\/www.prijedordanas.com\/?p=34252\" \/>\n<meta property=\"og:site_name\" content=\"PrijedorDanas.com - Prijedorski gradski portal\" \/>\n<meta property=\"article:publisher\" content=\"https:\/\/www.facebook.com\/PrijedorDanasCom\/\" \/>\n<meta property=\"article:published_time\" content=\"2015-11-21T18:56:32+00:00\" \/>\n<meta property=\"article:modified_time\" content=\"2015-11-21T19:11:28+00:00\" \/>\n<meta property=\"og:image\" content=\"https:\/\/www.prijedordanas.com\/wp-content\/uploads\/2015\/11\/sud-bih-22-300x225.jpg\" \/>\n<meta name=\"author\" content=\"admin\" \/>\n<meta name=\"twitter:card\" content=\"summary_large_image\" \/>\n<meta name=\"twitter:label1\" content=\"Written by\" \/>\n\t<meta name=\"twitter:data1\" content=\"admin\" \/>\n\t<meta name=\"twitter:label2\" content=\"Est. reading time\" \/>\n\t<meta name=\"twitter:data2\" content=\"3 minutes\" \/>\n<script type=\"application\/ld+json\" class=\"yoast-schema-graph\">{\"@context\":\"https:\/\/schema.org\",\"@graph\":[{\"@type\":\"Article\",\"@id\":\"https:\/\/www.prijedordanas.com\/?p=34252#article\",\"isPartOf\":{\"@id\":\"https:\/\/www.prijedordanas.com\/?p=34252\"},\"author\":{\"name\":\"admin\",\"@id\":\"https:\/\/www.prijedordanas.com\/#\/schema\/person\/4e08ccf29b506ca916ff86d46bb700e6\"},\"headline\":\"SU\u0110ENJE ZA ZLO\u010cIN NA PODRU\u010cJU PRIJEDORA: GUBITAK OCA I BRATA U ZECOVIMA\",\"datePublished\":\"2015-11-21T18:56:32+00:00\",\"dateModified\":\"2015-11-21T19:11:28+00:00\",\"mainEntityOfPage\":{\"@id\":\"https:\/\/www.prijedordanas.com\/?p=34252\"},\"wordCount\":702,\"publisher\":{\"@id\":\"https:\/\/www.prijedordanas.com\/#organization\"},\"keywords\":[\"Sud BiH\",\"su\u0111enje\",\"Zecovi\",\"zlo\u010din\"],\"articleSection\":[\"Hronika\"],\"inLanguage\":\"en-US\"},{\"@type\":\"WebPage\",\"@id\":\"https:\/\/www.prijedordanas.com\/?p=34252\",\"url\":\"https:\/\/www.prijedordanas.com\/?p=34252\",\"name\":\"SU\u0110ENJE ZA ZLO\u010cIN NA PODRU\u010cJU PRIJEDORA: GUBITAK OCA I BRATA U ZECOVIMA - PrijedorDanas.com - Prijedorski gradski portal\",\"isPartOf\":{\"@id\":\"https:\/\/www.prijedordanas.com\/#website\"},\"datePublished\":\"2015-11-21T18:56:32+00:00\",\"dateModified\":\"2015-11-21T19:11:28+00:00\",\"breadcrumb\":{\"@id\":\"https:\/\/www.prijedordanas.com\/?p=34252#breadcrumb\"},\"inLanguage\":\"en-US\",\"potentialAction\":[{\"@type\":\"ReadAction\",\"target\":[\"https:\/\/www.prijedordanas.com\/?p=34252\"]}]},{\"@type\":\"BreadcrumbList\",\"@id\":\"https:\/\/www.prijedordanas.com\/?p=34252#breadcrumb\",\"itemListElement\":[{\"@type\":\"ListItem\",\"position\":1,\"name\":\"Home\",\"item\":\"https:\/\/www.prijedordanas.com\/\"},{\"@type\":\"ListItem\",\"position\":2,\"name\":\"SU\u0110ENJE ZA ZLO\u010cIN NA PODRU\u010cJU PRIJEDORA: GUBITAK OCA I BRATA U ZECOVIMA\"}]},{\"@type\":\"WebSite\",\"@id\":\"https:\/\/www.prijedordanas.com\/#website\",\"url\":\"https:\/\/www.prijedordanas.com\/\",\"name\":\"PrijedorDanas.com - Prijedorski gradski portal\",\"description\":\"Portal o doga\u0111anjima u gradu Prijedoru\",\"publisher\":{\"@id\":\"https:\/\/www.prijedordanas.com\/#organization\"},\"potentialAction\":[{\"@type\":\"SearchAction\",\"target\":{\"@type\":\"EntryPoint\",\"urlTemplate\":\"https:\/\/www.prijedordanas.com\/?s={search_term_string}\"},\"query-input\":\"required name=search_term_string\"}],\"inLanguage\":\"en-US\"},{\"@type\":\"Organization\",\"@id\":\"https:\/\/www.prijedordanas.com\/#organization\",\"name\":\"PrijedorDanas.com\",\"url\":\"https:\/\/www.prijedordanas.com\/\",\"logo\":{\"@type\":\"ImageObject\",\"inLanguage\":\"en-US\",\"@id\":\"https:\/\/www.prijedordanas.com\/#\/schema\/logo\/image\/\",\"url\":\"http:\/\/www.prijedordanas.com\/wp-content\/uploads\/2021\/12\/logopng.png\",\"contentUrl\":\"http:\/\/www.prijedordanas.com\/wp-content\/uploads\/2021\/12\/logopng.png\",\"width\":1019,\"height\":776,\"caption\":\"PrijedorDanas.com\"},\"image\":{\"@id\":\"https:\/\/www.prijedordanas.com\/#\/schema\/logo\/image\/\"},\"sameAs\":[\"https:\/\/www.facebook.com\/PrijedorDanasCom\/\"]},{\"@type\":\"Person\",\"@id\":\"https:\/\/www.prijedordanas.com\/#\/schema\/person\/4e08ccf29b506ca916ff86d46bb700e6\",\"name\":\"admin\",\"image\":{\"@type\":\"ImageObject\",\"inLanguage\":\"en-US\",\"@id\":\"https:\/\/www.prijedordanas.com\/#\/schema\/person\/image\/\",\"url\":\"https:\/\/secure.gravatar.com\/avatar\/1d3fc949d550f0b53a5f0d51e06dfd79?s=96&d=mm&r=g\",\"contentUrl\":\"https:\/\/secure.gravatar.com\/avatar\/1d3fc949d550f0b53a5f0d51e06dfd79?s=96&d=mm&r=g\",\"caption\":\"admin\"},\"url\":\"https:\/\/www.prijedordanas.com\/?author=1\"}]}<\/script>\n<!-- \/ Yoast SEO plugin. -->","yoast_head_json":{"title":"SU\u0110ENJE ZA ZLO\u010cIN NA PODRU\u010cJU PRIJEDORA: GUBITAK OCA I BRATA U ZECOVIMA - PrijedorDanas.com - Prijedorski gradski portal","robots":{"index":"index","follow":"follow","max-snippet":"max-snippet:-1","max-image-preview":"max-image-preview:large","max-video-preview":"max-video-preview:-1"},"canonical":"https:\/\/www.prijedordanas.com\/?p=34252","og_locale":"en_US","og_type":"article","og_title":"SU\u0110ENJE ZA ZLO\u010cIN NA PODRU\u010cJU PRIJEDORA: GUBITAK OCA I BRATA U ZECOVIMA - PrijedorDanas.com - Prijedorski gradski portal","og_description":"U nastavku su\u0111enja za zlo\u010din po\u010dinjen u selu Zecovi kod Prijedora, svjedokinja Tu\u017eila\u0161tva BiH je ispri\u010dala kako su joj ubijeni otac, brat, te stri\u010devi\u0107i i druga rodbina. Nermina Aluki\u0107 je [&hellip;]","og_url":"https:\/\/www.prijedordanas.com\/?p=34252","og_site_name":"PrijedorDanas.com - Prijedorski gradski portal","article_publisher":"https:\/\/www.facebook.com\/PrijedorDanasCom\/","article_published_time":"2015-11-21T18:56:32+00:00","article_modified_time":"2015-11-21T19:11:28+00:00","og_image":[{"url":"https:\/\/www.prijedordanas.com\/wp-content\/uploads\/2015\/11\/sud-bih-22-300x225.jpg"}],"author":"admin","twitter_card":"summary_large_image","twitter_misc":{"Written by":"admin","Est. reading time":"3 minutes"},"schema":{"@context":"https:\/\/schema.org","@graph":[{"@type":"Article","@id":"https:\/\/www.prijedordanas.com\/?p=34252#article","isPartOf":{"@id":"https:\/\/www.prijedordanas.com\/?p=34252"},"author":{"name":"admin","@id":"https:\/\/www.prijedordanas.com\/#\/schema\/person\/4e08ccf29b506ca916ff86d46bb700e6"},"headline":"SU\u0110ENJE ZA ZLO\u010cIN NA PODRU\u010cJU PRIJEDORA: GUBITAK OCA I BRATA U ZECOVIMA","datePublished":"2015-11-21T18:56:32+00:00","dateModified":"2015-11-21T19:11:28+00:00","mainEntityOfPage":{"@id":"https:\/\/www.prijedordanas.com\/?p=34252"},"wordCount":702,"publisher":{"@id":"https:\/\/www.prijedordanas.com\/#organization"},"keywords":["Sud BiH","su\u0111enje","Zecovi","zlo\u010din"],"articleSection":["Hronika"],"inLanguage":"en-US"},{"@type":"WebPage","@id":"https:\/\/www.prijedordanas.com\/?p=34252","url":"https:\/\/www.prijedordanas.com\/?p=34252","name":"SU\u0110ENJE ZA ZLO\u010cIN NA PODRU\u010cJU PRIJEDORA: GUBITAK OCA I BRATA U ZECOVIMA - PrijedorDanas.com - Prijedorski gradski portal","isPartOf":{"@id":"https:\/\/www.prijedordanas.com\/#website"},"datePublished":"2015-11-21T18:56:32+00:00","dateModified":"2015-11-21T19:11:28+00:00","breadcrumb":{"@id":"https:\/\/www.prijedordanas.com\/?p=34252#breadcrumb"},"inLanguage":"en-US","potentialAction":[{"@type":"ReadAction","target":["https:\/\/www.prijedordanas.com\/?p=34252"]}]},{"@type":"BreadcrumbList","@id":"https:\/\/www.prijedordanas.com\/?p=34252#breadcrumb","itemListElement":[{"@type":"ListItem","position":1,"name":"Home","item":"https:\/\/www.prijedordanas.com\/"},{"@type":"ListItem","position":2,"name":"SU\u0110ENJE ZA ZLO\u010cIN NA PODRU\u010cJU PRIJEDORA: GUBITAK OCA I BRATA U ZECOVIMA"}]},{"@type":"WebSite","@id":"https:\/\/www.prijedordanas.com\/#website","url":"https:\/\/www.prijedordanas.com\/","name":"PrijedorDanas.com - Prijedorski gradski portal","description":"Portal o doga\u0111anjima u gradu Prijedoru","publisher":{"@id":"https:\/\/www.prijedordanas.com\/#organization"},"potentialAction":[{"@type":"SearchAction","target":{"@type":"EntryPoint","urlTemplate":"https:\/\/www.prijedordanas.com\/?s={search_term_string}"},"query-input":"required name=search_term_string"}],"inLanguage":"en-US"},{"@type":"Organization","@id":"https:\/\/www.prijedordanas.com\/#organization","name":"PrijedorDanas.com","url":"https:\/\/www.prijedordanas.com\/","logo":{"@type":"ImageObject","inLanguage":"en-US","@id":"https:\/\/www.prijedordanas.com\/#\/schema\/logo\/image\/","url":"http:\/\/www.prijedordanas.com\/wp-content\/uploads\/2021\/12\/logopng.png","contentUrl":"http:\/\/www.prijedordanas.com\/wp-content\/uploads\/2021\/12\/logopng.png","width":1019,"height":776,"caption":"PrijedorDanas.com"},"image":{"@id":"https:\/\/www.prijedordanas.com\/#\/schema\/logo\/image\/"},"sameAs":["https:\/\/www.facebook.com\/PrijedorDanasCom\/"]},{"@type":"Person","@id":"https:\/\/www.prijedordanas.com\/#\/schema\/person\/4e08ccf29b506ca916ff86d46bb700e6","name":"admin","image":{"@type":"ImageObject","inLanguage":"en-US","@id":"https:\/\/www.prijedordanas.com\/#\/schema\/person\/image\/","url":"https:\/\/secure.gravatar.com\/avatar\/1d3fc949d550f0b53a5f0d51e06dfd79?s=96&d=mm&r=g","contentUrl":"https:\/\/secure.gravatar.com\/avatar\/1d3fc949d550f0b53a5f0d51e06dfd79?s=96&d=mm&r=g","caption":"admin"},"url":"https:\/\/www.prijedordanas.com\/?author=1"}]}},"_links":{"self":[{"href":"https:\/\/www.prijedordanas.com\/index.php?rest_route=\/wp\/v2\/posts\/34252"}],"collection":[{"href":"https:\/\/www.prijedordanas.com\/index.php?rest_route=\/wp\/v2\/posts"}],"about":[{"href":"https:\/\/www.prijedordanas.com\/index.php?rest_route=\/wp\/v2\/types\/post"}],"author":[{"embeddable":true,"href":"https:\/\/www.prijedordanas.com\/index.php?rest_route=\/wp\/v2\/users\/1"}],"replies":[{"embeddable":true,"href":"https:\/\/www.prijedordanas.com\/index.php?rest_route=%2Fwp%2Fv2%2Fcomments&post=34252"}],"version-history":[{"count":1,"href":"https:\/\/www.prijedordanas.com\/index.php?rest_route=\/wp\/v2\/posts\/34252\/revisions"}],"predecessor-version":[{"id":34253,"href":"https:\/\/www.prijedordanas.com\/index.php?rest_route=\/wp\/v2\/posts\/34252\/revisions\/34253"}],"wp:attachment":[{"href":"https:\/\/www.prijedordanas.com\/index.php?rest_route=%2Fwp%2Fv2%2Fmedia&parent=34252"}],"wp:term":[{"taxonomy":"category","embeddable":true,"href":"https:\/\/www.prijedordanas.com\/index.php?rest_route=%2Fwp%2Fv2%2Fcategories&post=34252"},{"taxonomy":"post_tag","embeddable":true,"href":"https:\/\/www.prijedordanas.com\/index.php?rest_route=%2Fwp%2Fv2%2Ftags&post=34252"}],"curies":[{"name":"wp","href":"https:\/\/api.w.org\/{rel}","templated":true}]}}