{"id":33792,"date":"2015-11-17T16:55:48","date_gmt":"2015-11-17T15:55:48","guid":{"rendered":"https:\/\/www.prijedordanas.com\/?p=33792"},"modified":"2015-11-17T16:58:36","modified_gmt":"2015-11-17T15:58:36","slug":"prijedor-ugrozavanje-arselor-mitala-dovelo-bi-do-gubitka-9-000-radnih-mjesta","status":"publish","type":"post","link":"https:\/\/www.prijedordanas.com\/?p=33792","title":{"rendered":"PRIJEDOR: UGRO\u017dAVANJE &#8220;ARSELOR MITALA&#8221; DOVELO BI DO GUBITKA 9.000 RADNIH MJESTA"},"content":{"rendered":"<p><a href=\"https:\/\/www.prijedordanas.com\/wp-content\/uploads\/2015\/11\/pavic-djokic-sastanak.jpg\"><img loading=\"lazy\" decoding=\"async\" src=\"https:\/\/www.prijedordanas.com\/wp-content\/uploads\/2015\/11\/pavic-djokic-sastanak-300x194.jpg\" alt=\"pavic-djokic-sastanak\" width=\"300\" height=\"194\" class=\"alignleft size-medium wp-image-33780\" srcset=\"https:\/\/www.prijedordanas.com\/wp-content\/uploads\/2015\/11\/pavic-djokic-sastanak-300x194.jpg 300w, https:\/\/www.prijedordanas.com\/wp-content\/uploads\/2015\/11\/pavic-djokic-sastanak.jpg 600w\" sizes=\"(max-width: 300px) 100vw, 300px\" \/><\/a>Ministar industrije, energetike i rudarstva Republike Srpske Petar \u0110oki\u0107 izjavio je danas da bi ugro\u017eavanje kompanije &#8220;Arselor Mital&#8221; i prestanak njenih aktivnosti doveli do gubitka 9.000 radnih mjesta.<\/p>\n<p>&#8220;Rije\u010d je o investitoru koji trenutno, kada gledamo i Republiku Srpsku i Federaciju BiH, anga\u017euje 9.000 ljudi kroz svoju poslovnu aktivnost&#8221;, rekao je \u0110oki\u0107 novinarima u Prijedoru nakon sastanka sa gradona\u010delnikom Prijedora Markom Pavi\u0107em. <\/p>\n<p>On je naveo da su to ljudi koji rade u rudniku u Prijedoru, u \u017eeljezari u Zenici, u \u017eeljeznicama Republike Srpske i Federacije i u brojnim povezanim kompanijama koje sara\u0111uju sa &#8220;Arselor Mitalom&#8221; i u Republici Srpskoj i u FBiH. <\/p>\n<p>&#8220;\u017delimo da prona\u0111emo rje\u0161enje da se sve obaveze koje postoje prema dr\u017eavi uredno izvr\u0161avaju i od &#8216;Arselor Mitala&#8217; i od svake druge kompanije, a i da istovremeno prona\u0111emo na\u010din na koji bismo mi mogli da za\u0161titimo te investitore da eventualno ne do\u0111e do prekida poslovanja, imaju\u0107i u vidu da je u posljednjih godinu-dvije dana do\u0161lo do poreme\u0107aja na tr\u017ei\u0161tu \u010delika u svijetu i da je to jako te\u0161ko pogodilo ovu kompaniju&#8221;, naveo je \u0110oki\u0107. <\/p>\n<p>On je dodao da je s Pavi\u0107em danas razgovarao o tome kako sa\u010duvati investitore koje Republika Srpska ima i kako unaprijediti saradnju sa njima obostrano, na na\u010din da potpunu korist ostvare i investitor i lokalna zajednica i Vlada Republike Srpske. <\/p>\n<p>Na pitanje novinara o prodaji dr\u017eavnog kapitala u Rudnicima \u017eeljezne rude &#8220;LJubija&#8221;, preduze\u0107a u kojem proizvodnja \u017eeljezne rude nakon 1992. godine nikada nije za\u017eivjela, \u0110oki\u0107 je rekao da je ta aktivnost usporena, odnosno da trenutno miruje. <\/p>\n<p>&#8220;Kroz kontakte sa na\u0161im postoje\u0107im partnerom, &#8216;Arselor Mitalom&#8217;, govorili smo o toj temi i na njima \u0107e biti da se u narednom periodu opredijele u vezi sa svojim defintivnim stavom&#8221;, naveo je \u0110oki\u0107 i dodao da zbog ukupnog poreme\u0107aja na berzi \u010delika Vlada sada ne bi mogla u potpunosti posti\u0107i sve efekte koje je \u017eeljela posti\u0107i kada se ovo pitanje svojevremeno otvorilo. <\/p>\n<p>Gradona\u010delnik Prijedora Marko Pavi\u0107 rekao je da se &#8220;Arselor Mital&#8221; neopravdano na\u0161ao u \u017ei\u017ei spekulantskih izjava i nesavjesnog odnosa nekih pojedinaca prema privrednim kapacitetima Republike Srpske. <\/p>\n<p>&#8220;Vlada mora &#8216;Mital&#8217; tretirati prema njegovom zna\u010daju, a &#8216;Mital&#8217; mora svoje zakonske obaveze izvr\u0161avati prema Republici Srpskoj i prema zaposlenima&#8221;, naglasio je Pavi\u0107. <\/p>\n<p>On je dodao da je u dana\u0161njem razgovoru s ministrom \u0110oki\u0107em naglasio da je &#8220;Mital&#8221; zna\u010dajan i najve\u0107i privredni kapacitet u Prijedoru i da, kao takav, mora imati zaslu\u017ean tretman i od grada Prijedora i od Vlade Republike Srpske, ali da to ne zna\u010di da \u0107e grad ili Vlada bilo koga amnestirati od obaveza koje se imaju prema dr\u017eavi ili nekom drugom. <\/p>\n<p>Iz kompanije &#8220;Arselor Mital Prijedor&#8221; danas je najavljeno da \u0107e u \u010detvrtak, 19. novembra, direktori prijedorskog rudnika i zeni\u010dke \u017eeljezare u Banjaluci prezentovati medijima budu\u0107nost kompanije u Republici Srpskoj i FBiH. <\/p>\n<p>Tekst &#8211; SRNA<br \/>\nFoto \u2013 Aleksandar Drakuli\u0107 \u2013 <a href=\"www.prijedordanas.com\" target=\"_blank\">www.prijedordanas.com<\/a><\/p>\n","protected":false},"excerpt":{"rendered":"<p>Ministar industrije, energetike i rudarstva Republike Srpske Petar \u0110oki\u0107 izjavio je danas da bi ugro\u017eavanje kompanije &#8220;Arselor Mital&#8221; i prestanak njenih aktivnosti doveli do gubitka 9.000 radnih mjesta. &#8220;Rije\u010d je [&hellip;]<\/p>\n","protected":false},"author":1,"featured_media":0,"comment_status":"closed","ping_status":"open","sticky":false,"template":"","format":"standard","meta":{"_monsterinsights_skip_tracking":false,"_monsterinsights_sitenote_active":false,"_monsterinsights_sitenote_note":"","_monsterinsights_sitenote_category":0,"footnotes":""},"categories":[4],"tags":[2626,362,1129,5812,1026,2790],"yoast_head":"<!-- This site is optimized with the Yoast SEO plugin v21.6 - https:\/\/yoast.com\/wordpress\/plugins\/seo\/ -->\n<title>PRIJEDOR: UGRO\u017dAVANJE &quot;ARSELOR MITALA&quot; DOVELO BI DO GUBITKA 9.000 RADNIH MJESTA - PrijedorDanas.com - Prijedorski gradski portal<\/title>\n<meta name=\"robots\" content=\"index, follow, max-snippet:-1, max-image-preview:large, max-video-preview:-1\" \/>\n<link rel=\"canonical\" href=\"https:\/\/www.prijedordanas.com\/?p=33792\" \/>\n<meta property=\"og:locale\" content=\"en_US\" \/>\n<meta property=\"og:type\" content=\"article\" \/>\n<meta property=\"og:title\" content=\"PRIJEDOR: UGRO\u017dAVANJE &quot;ARSELOR MITALA&quot; DOVELO BI DO GUBITKA 9.000 RADNIH MJESTA - PrijedorDanas.com - Prijedorski gradski portal\" \/>\n<meta property=\"og:description\" content=\"Ministar industrije, energetike i rudarstva Republike Srpske Petar \u0110oki\u0107 izjavio je danas da bi ugro\u017eavanje kompanije &#8220;Arselor Mital&#8221; i prestanak njenih aktivnosti doveli do gubitka 9.000 radnih mjesta. &#8220;Rije\u010d je [&hellip;]\" \/>\n<meta property=\"og:url\" content=\"https:\/\/www.prijedordanas.com\/?p=33792\" \/>\n<meta property=\"og:site_name\" content=\"PrijedorDanas.com - Prijedorski gradski portal\" \/>\n<meta property=\"article:publisher\" content=\"https:\/\/www.facebook.com\/PrijedorDanasCom\/\" \/>\n<meta property=\"article:published_time\" content=\"2015-11-17T15:55:48+00:00\" \/>\n<meta property=\"article:modified_time\" content=\"2015-11-17T15:58:36+00:00\" \/>\n<meta property=\"og:image\" content=\"https:\/\/www.prijedordanas.com\/wp-content\/uploads\/2015\/11\/pavic-djokic-sastanak-300x194.jpg\" \/>\n<meta name=\"author\" content=\"admin\" \/>\n<meta name=\"twitter:card\" content=\"summary_large_image\" \/>\n<meta name=\"twitter:label1\" content=\"Written by\" \/>\n\t<meta name=\"twitter:data1\" content=\"admin\" \/>\n\t<meta name=\"twitter:label2\" content=\"Est. reading time\" \/>\n\t<meta name=\"twitter:data2\" content=\"3 minutes\" \/>\n<script type=\"application\/ld+json\" class=\"yoast-schema-graph\">{\"@context\":\"https:\/\/schema.org\",\"@graph\":[{\"@type\":\"Article\",\"@id\":\"https:\/\/www.prijedordanas.com\/?p=33792#article\",\"isPartOf\":{\"@id\":\"https:\/\/www.prijedordanas.com\/?p=33792\"},\"author\":{\"name\":\"admin\",\"@id\":\"https:\/\/www.prijedordanas.com\/#\/schema\/person\/4e08ccf29b506ca916ff86d46bb700e6\"},\"headline\":\"PRIJEDOR: UGRO\u017dAVANJE &#8220;ARSELOR MITALA&#8221; DOVELO BI DO GUBITKA 9.000 RADNIH MJESTA\",\"datePublished\":\"2015-11-17T15:55:48+00:00\",\"dateModified\":\"2015-11-17T15:58:36+00:00\",\"mainEntityOfPage\":{\"@id\":\"https:\/\/www.prijedordanas.com\/?p=33792\"},\"wordCount\":516,\"publisher\":{\"@id\":\"https:\/\/www.prijedordanas.com\/#organization\"},\"keywords\":[\"Arselor Mital Prijedor\",\"gradona\u010delnik Pavi\u0107\",\"gubitak\",\"ministar \u0110oki\u0107\",\"radna mjesta\",\"sastanak\"],\"articleSection\":[\"Dru\u0161tvo\"],\"inLanguage\":\"en-US\"},{\"@type\":\"WebPage\",\"@id\":\"https:\/\/www.prijedordanas.com\/?p=33792\",\"url\":\"https:\/\/www.prijedordanas.com\/?p=33792\",\"name\":\"PRIJEDOR: UGRO\u017dAVANJE \\\"ARSELOR MITALA\\\" DOVELO BI DO GUBITKA 9.000 RADNIH MJESTA - PrijedorDanas.com - Prijedorski gradski portal\",\"isPartOf\":{\"@id\":\"https:\/\/www.prijedordanas.com\/#website\"},\"datePublished\":\"2015-11-17T15:55:48+00:00\",\"dateModified\":\"2015-11-17T15:58:36+00:00\",\"breadcrumb\":{\"@id\":\"https:\/\/www.prijedordanas.com\/?p=33792#breadcrumb\"},\"inLanguage\":\"en-US\",\"potentialAction\":[{\"@type\":\"ReadAction\",\"target\":[\"https:\/\/www.prijedordanas.com\/?p=33792\"]}]},{\"@type\":\"BreadcrumbList\",\"@id\":\"https:\/\/www.prijedordanas.com\/?p=33792#breadcrumb\",\"itemListElement\":[{\"@type\":\"ListItem\",\"position\":1,\"name\":\"Home\",\"item\":\"https:\/\/www.prijedordanas.com\/\"},{\"@type\":\"ListItem\",\"position\":2,\"name\":\"PRIJEDOR: UGRO\u017dAVANJE &#8220;ARSELOR MITALA&#8221; DOVELO BI DO GUBITKA 9.000 RADNIH MJESTA\"}]},{\"@type\":\"WebSite\",\"@id\":\"https:\/\/www.prijedordanas.com\/#website\",\"url\":\"https:\/\/www.prijedordanas.com\/\",\"name\":\"PrijedorDanas.com - Prijedorski gradski portal\",\"description\":\"Portal o doga\u0111anjima u gradu Prijedoru\",\"publisher\":{\"@id\":\"https:\/\/www.prijedordanas.com\/#organization\"},\"potentialAction\":[{\"@type\":\"SearchAction\",\"target\":{\"@type\":\"EntryPoint\",\"urlTemplate\":\"https:\/\/www.prijedordanas.com\/?s={search_term_string}\"},\"query-input\":\"required name=search_term_string\"}],\"inLanguage\":\"en-US\"},{\"@type\":\"Organization\",\"@id\":\"https:\/\/www.prijedordanas.com\/#organization\",\"name\":\"PrijedorDanas.com\",\"url\":\"https:\/\/www.prijedordanas.com\/\",\"logo\":{\"@type\":\"ImageObject\",\"inLanguage\":\"en-US\",\"@id\":\"https:\/\/www.prijedordanas.com\/#\/schema\/logo\/image\/\",\"url\":\"http:\/\/www.prijedordanas.com\/wp-content\/uploads\/2021\/12\/logopng.png\",\"contentUrl\":\"http:\/\/www.prijedordanas.com\/wp-content\/uploads\/2021\/12\/logopng.png\",\"width\":1019,\"height\":776,\"caption\":\"PrijedorDanas.com\"},\"image\":{\"@id\":\"https:\/\/www.prijedordanas.com\/#\/schema\/logo\/image\/\"},\"sameAs\":[\"https:\/\/www.facebook.com\/PrijedorDanasCom\/\"]},{\"@type\":\"Person\",\"@id\":\"https:\/\/www.prijedordanas.com\/#\/schema\/person\/4e08ccf29b506ca916ff86d46bb700e6\",\"name\":\"admin\",\"image\":{\"@type\":\"ImageObject\",\"inLanguage\":\"en-US\",\"@id\":\"https:\/\/www.prijedordanas.com\/#\/schema\/person\/image\/\",\"url\":\"https:\/\/secure.gravatar.com\/avatar\/1d3fc949d550f0b53a5f0d51e06dfd79?s=96&d=mm&r=g\",\"contentUrl\":\"https:\/\/secure.gravatar.com\/avatar\/1d3fc949d550f0b53a5f0d51e06dfd79?s=96&d=mm&r=g\",\"caption\":\"admin\"},\"url\":\"https:\/\/www.prijedordanas.com\/?author=1\"}]}<\/script>\n<!-- \/ Yoast SEO plugin. -->","yoast_head_json":{"title":"PRIJEDOR: UGRO\u017dAVANJE \"ARSELOR MITALA\" DOVELO BI DO GUBITKA 9.000 RADNIH MJESTA - PrijedorDanas.com - Prijedorski gradski portal","robots":{"index":"index","follow":"follow","max-snippet":"max-snippet:-1","max-image-preview":"max-image-preview:large","max-video-preview":"max-video-preview:-1"},"canonical":"https:\/\/www.prijedordanas.com\/?p=33792","og_locale":"en_US","og_type":"article","og_title":"PRIJEDOR: UGRO\u017dAVANJE \"ARSELOR MITALA\" DOVELO BI DO GUBITKA 9.000 RADNIH MJESTA - PrijedorDanas.com - Prijedorski gradski portal","og_description":"Ministar industrije, energetike i rudarstva Republike Srpske Petar \u0110oki\u0107 izjavio je danas da bi ugro\u017eavanje kompanije &#8220;Arselor Mital&#8221; i prestanak njenih aktivnosti doveli do gubitka 9.000 radnih mjesta. &#8220;Rije\u010d je [&hellip;]","og_url":"https:\/\/www.prijedordanas.com\/?p=33792","og_site_name":"PrijedorDanas.com - Prijedorski gradski portal","article_publisher":"https:\/\/www.facebook.com\/PrijedorDanasCom\/","article_published_time":"2015-11-17T15:55:48+00:00","article_modified_time":"2015-11-17T15:58:36+00:00","og_image":[{"url":"https:\/\/www.prijedordanas.com\/wp-content\/uploads\/2015\/11\/pavic-djokic-sastanak-300x194.jpg"}],"author":"admin","twitter_card":"summary_large_image","twitter_misc":{"Written by":"admin","Est. reading time":"3 minutes"},"schema":{"@context":"https:\/\/schema.org","@graph":[{"@type":"Article","@id":"https:\/\/www.prijedordanas.com\/?p=33792#article","isPartOf":{"@id":"https:\/\/www.prijedordanas.com\/?p=33792"},"author":{"name":"admin","@id":"https:\/\/www.prijedordanas.com\/#\/schema\/person\/4e08ccf29b506ca916ff86d46bb700e6"},"headline":"PRIJEDOR: UGRO\u017dAVANJE &#8220;ARSELOR MITALA&#8221; DOVELO BI DO GUBITKA 9.000 RADNIH MJESTA","datePublished":"2015-11-17T15:55:48+00:00","dateModified":"2015-11-17T15:58:36+00:00","mainEntityOfPage":{"@id":"https:\/\/www.prijedordanas.com\/?p=33792"},"wordCount":516,"publisher":{"@id":"https:\/\/www.prijedordanas.com\/#organization"},"keywords":["Arselor Mital Prijedor","gradona\u010delnik Pavi\u0107","gubitak","ministar \u0110oki\u0107","radna mjesta","sastanak"],"articleSection":["Dru\u0161tvo"],"inLanguage":"en-US"},{"@type":"WebPage","@id":"https:\/\/www.prijedordanas.com\/?p=33792","url":"https:\/\/www.prijedordanas.com\/?p=33792","name":"PRIJEDOR: UGRO\u017dAVANJE \"ARSELOR MITALA\" DOVELO BI DO GUBITKA 9.000 RADNIH MJESTA - PrijedorDanas.com - Prijedorski gradski portal","isPartOf":{"@id":"https:\/\/www.prijedordanas.com\/#website"},"datePublished":"2015-11-17T15:55:48+00:00","dateModified":"2015-11-17T15:58:36+00:00","breadcrumb":{"@id":"https:\/\/www.prijedordanas.com\/?p=33792#breadcrumb"},"inLanguage":"en-US","potentialAction":[{"@type":"ReadAction","target":["https:\/\/www.prijedordanas.com\/?p=33792"]}]},{"@type":"BreadcrumbList","@id":"https:\/\/www.prijedordanas.com\/?p=33792#breadcrumb","itemListElement":[{"@type":"ListItem","position":1,"name":"Home","item":"https:\/\/www.prijedordanas.com\/"},{"@type":"ListItem","position":2,"name":"PRIJEDOR: UGRO\u017dAVANJE &#8220;ARSELOR MITALA&#8221; DOVELO BI DO GUBITKA 9.000 RADNIH MJESTA"}]},{"@type":"WebSite","@id":"https:\/\/www.prijedordanas.com\/#website","url":"https:\/\/www.prijedordanas.com\/","name":"PrijedorDanas.com - Prijedorski gradski portal","description":"Portal o doga\u0111anjima u gradu Prijedoru","publisher":{"@id":"https:\/\/www.prijedordanas.com\/#organization"},"potentialAction":[{"@type":"SearchAction","target":{"@type":"EntryPoint","urlTemplate":"https:\/\/www.prijedordanas.com\/?s={search_term_string}"},"query-input":"required name=search_term_string"}],"inLanguage":"en-US"},{"@type":"Organization","@id":"https:\/\/www.prijedordanas.com\/#organization","name":"PrijedorDanas.com","url":"https:\/\/www.prijedordanas.com\/","logo":{"@type":"ImageObject","inLanguage":"en-US","@id":"https:\/\/www.prijedordanas.com\/#\/schema\/logo\/image\/","url":"http:\/\/www.prijedordanas.com\/wp-content\/uploads\/2021\/12\/logopng.png","contentUrl":"http:\/\/www.prijedordanas.com\/wp-content\/uploads\/2021\/12\/logopng.png","width":1019,"height":776,"caption":"PrijedorDanas.com"},"image":{"@id":"https:\/\/www.prijedordanas.com\/#\/schema\/logo\/image\/"},"sameAs":["https:\/\/www.facebook.com\/PrijedorDanasCom\/"]},{"@type":"Person","@id":"https:\/\/www.prijedordanas.com\/#\/schema\/person\/4e08ccf29b506ca916ff86d46bb700e6","name":"admin","image":{"@type":"ImageObject","inLanguage":"en-US","@id":"https:\/\/www.prijedordanas.com\/#\/schema\/person\/image\/","url":"https:\/\/secure.gravatar.com\/avatar\/1d3fc949d550f0b53a5f0d51e06dfd79?s=96&d=mm&r=g","contentUrl":"https:\/\/secure.gravatar.com\/avatar\/1d3fc949d550f0b53a5f0d51e06dfd79?s=96&d=mm&r=g","caption":"admin"},"url":"https:\/\/www.prijedordanas.com\/?author=1"}]}},"_links":{"self":[{"href":"https:\/\/www.prijedordanas.com\/index.php?rest_route=\/wp\/v2\/posts\/33792"}],"collection":[{"href":"https:\/\/www.prijedordanas.com\/index.php?rest_route=\/wp\/v2\/posts"}],"about":[{"href":"https:\/\/www.prijedordanas.com\/index.php?rest_route=\/wp\/v2\/types\/post"}],"author":[{"embeddable":true,"href":"https:\/\/www.prijedordanas.com\/index.php?rest_route=\/wp\/v2\/users\/1"}],"replies":[{"embeddable":true,"href":"https:\/\/www.prijedordanas.com\/index.php?rest_route=%2Fwp%2Fv2%2Fcomments&post=33792"}],"version-history":[{"count":1,"href":"https:\/\/www.prijedordanas.com\/index.php?rest_route=\/wp\/v2\/posts\/33792\/revisions"}],"predecessor-version":[{"id":33793,"href":"https:\/\/www.prijedordanas.com\/index.php?rest_route=\/wp\/v2\/posts\/33792\/revisions\/33793"}],"wp:attachment":[{"href":"https:\/\/www.prijedordanas.com\/index.php?rest_route=%2Fwp%2Fv2%2Fmedia&parent=33792"}],"wp:term":[{"taxonomy":"category","embeddable":true,"href":"https:\/\/www.prijedordanas.com\/index.php?rest_route=%2Fwp%2Fv2%2Fcategories&post=33792"},{"taxonomy":"post_tag","embeddable":true,"href":"https:\/\/www.prijedordanas.com\/index.php?rest_route=%2Fwp%2Fv2%2Ftags&post=33792"}],"curies":[{"name":"wp","href":"https:\/\/api.w.org\/{rel}","templated":true}]}}