{"id":32783,"date":"2015-11-06T19:44:54","date_gmt":"2015-11-06T18:44:54","guid":{"rendered":"https:\/\/www.prijedordanas.com\/?p=32783"},"modified":"2015-11-06T19:44:54","modified_gmt":"2015-11-06T18:44:54","slug":"sindikalna-organizacija-problem-u-mitalu-rijesiti-na-zadovoljstvo-svih","status":"publish","type":"post","link":"https:\/\/www.prijedordanas.com\/?p=32783","title":{"rendered":"SINDIKALNA ORGANIZACIJA: PROBLEM U MITALU RIJE\u0160ITI NA ZADOVOLJSTVO SVIH"},"content":{"rendered":"<p><a href=\"https:\/\/www.prijedordanas.com\/wp-content\/uploads\/2015\/11\/amp-sindikat-reakcija.jpg\"><img loading=\"lazy\" decoding=\"async\" src=\"https:\/\/www.prijedordanas.com\/wp-content\/uploads\/2015\/11\/amp-sindikat-reakcija-300x202.jpg\" alt=\"amp sindikat-reakcija\" width=\"300\" height=\"202\" class=\"alignleft size-medium wp-image-32784\" srcset=\"https:\/\/www.prijedordanas.com\/wp-content\/uploads\/2015\/11\/amp-sindikat-reakcija-300x202.jpg 300w, https:\/\/www.prijedordanas.com\/wp-content\/uploads\/2015\/11\/amp-sindikat-reakcija.jpg 600w\" sizes=\"(max-width: 300px) 100vw, 300px\" \/><\/a>Sindikalna organizacija Rudnika Arcelor Mital Prijedor danas je pozvala predstavnike vlasti i Poreske uprave da se prilikom rje\u0161avanja problema dugovanja ovog preduze\u0107a, ne ide na \u0161tetu radnika jer kako ka\u017eu, strahuju od mogu\u0107eg zatvaranja ovog kolektiva. Podr\u0161ku imaju i od granskog sindikata metalaca i rudara RS.<\/p>\n<p>-Padanjem cijene \u017eeljeza na svjetskom tr\u017ei\u0161tu sa 1.200 na 300 dolara, prouzrokovano nelojalnom konkurencijom, mnoge \u017eeljezare u svijetu se gase &#8211; istakao je Milanko Stojni\u0107 predsjednik Sindikata Arcelor Mital Prijedora izra\u017eavaju\u0107i zabrinutost da bi lo\u0161om situacija na tr\u017ei\u0161tu i iskrslim problemom sa Poreskom upravom 850 radnika Mitala u Prijedoru, od kojih je ve\u0107ina zadu\u017eena kreditima, moglo ostati bez posla.  <\/p>\n<p>Prvi \u010dovjek Sindikata metalaca i rudara Republike Srpske Obrad Belenzada rekao je da se problem u rudniku na\u017ealost koristi u dnevno politi\u010dke svrhe u kojima su kolateralna \u0161teta radnici. On se zapitao kako to da dr\u017eava za deset godina rada ove kompanije ranije nije uo\u010dila problem.<\/p>\n<p>-Neophodno je u\u010diniti sve kako bi bili zadovoljni i dr\u017eava i kompanija a to je mogu\u0107e ako se u rje\u0161avanje problema uklju\u010di struka i sudovi &#8211; naveo je Belenzada.<\/p>\n<p>U Sindikatu rudnika ka\u017eu da su radnici, u slu\u010daju zatvaranja ruidnika, spremni  za potrebe Mitala i\u0107i raditi bilo gdje u svijetu i po cijenu kompletnog iseljenja njihovih porodica.<\/p>\n<p>Tekst &#8211; RTV Prijedor<br \/>\nFoto \u2013 Aleksandar Drakuli\u0107 \u2013 <a href=\"www.prijedordanas.com\" target=\"_blank\">www.prijedordanas.com<\/a><\/p>\n","protected":false},"excerpt":{"rendered":"<p>Sindikalna organizacija Rudnika Arcelor Mital Prijedor danas je pozvala predstavnike vlasti i Poreske uprave da se prilikom rje\u0161avanja problema dugovanja ovog preduze\u0107a, ne ide na \u0161tetu radnika jer kako ka\u017eu, [&hellip;]<\/p>\n","protected":false},"author":1,"featured_media":0,"comment_status":"closed","ping_status":"open","sticky":false,"template":"","format":"standard","meta":{"_monsterinsights_skip_tracking":false,"_monsterinsights_sitenote_active":false,"_monsterinsights_sitenote_note":"","_monsterinsights_sitenote_category":0,"footnotes":""},"categories":[4],"tags":[2108,207,2159,5691,5613],"yoast_head":"<!-- This site is optimized with the Yoast SEO plugin v21.6 - https:\/\/yoast.com\/wordpress\/plugins\/seo\/ -->\n<title>SINDIKALNA ORGANIZACIJA: PROBLEM U MITALU RIJE\u0160ITI NA ZADOVOLJSTVO SVIH - PrijedorDanas.com - Prijedorski gradski portal<\/title>\n<meta name=\"robots\" content=\"index, follow, max-snippet:-1, max-image-preview:large, max-video-preview:-1\" \/>\n<link rel=\"canonical\" href=\"https:\/\/www.prijedordanas.com\/?p=32783\" \/>\n<meta property=\"og:locale\" content=\"en_US\" \/>\n<meta property=\"og:type\" content=\"article\" \/>\n<meta property=\"og:title\" content=\"SINDIKALNA ORGANIZACIJA: PROBLEM U MITALU RIJE\u0160ITI NA ZADOVOLJSTVO SVIH - PrijedorDanas.com - Prijedorski gradski portal\" \/>\n<meta property=\"og:description\" content=\"Sindikalna organizacija Rudnika Arcelor Mital Prijedor danas je pozvala predstavnike vlasti i Poreske uprave da se prilikom rje\u0161avanja problema dugovanja ovog preduze\u0107a, ne ide na \u0161tetu radnika jer kako ka\u017eu, [&hellip;]\" \/>\n<meta property=\"og:url\" content=\"https:\/\/www.prijedordanas.com\/?p=32783\" \/>\n<meta property=\"og:site_name\" content=\"PrijedorDanas.com - Prijedorski gradski portal\" \/>\n<meta property=\"article:publisher\" content=\"https:\/\/www.facebook.com\/PrijedorDanasCom\/\" \/>\n<meta property=\"article:published_time\" content=\"2015-11-06T18:44:54+00:00\" \/>\n<meta property=\"og:image\" content=\"https:\/\/www.prijedordanas.com\/wp-content\/uploads\/2015\/11\/amp-sindikat-reakcija-300x202.jpg\" \/>\n<meta name=\"author\" content=\"admin\" \/>\n<meta name=\"twitter:card\" content=\"summary_large_image\" \/>\n<meta name=\"twitter:label1\" content=\"Written by\" \/>\n\t<meta name=\"twitter:data1\" content=\"admin\" \/>\n\t<meta name=\"twitter:label2\" content=\"Est. reading time\" \/>\n\t<meta name=\"twitter:data2\" content=\"1 minute\" \/>\n<script type=\"application\/ld+json\" class=\"yoast-schema-graph\">{\"@context\":\"https:\/\/schema.org\",\"@graph\":[{\"@type\":\"Article\",\"@id\":\"https:\/\/www.prijedordanas.com\/?p=32783#article\",\"isPartOf\":{\"@id\":\"https:\/\/www.prijedordanas.com\/?p=32783\"},\"author\":{\"name\":\"admin\",\"@id\":\"https:\/\/www.prijedordanas.com\/#\/schema\/person\/4e08ccf29b506ca916ff86d46bb700e6\"},\"headline\":\"SINDIKALNA ORGANIZACIJA: PROBLEM U MITALU RIJE\u0160ITI NA ZADOVOLJSTVO SVIH\",\"datePublished\":\"2015-11-06T18:44:54+00:00\",\"dateModified\":\"2015-11-06T18:44:54+00:00\",\"mainEntityOfPage\":{\"@id\":\"https:\/\/www.prijedordanas.com\/?p=32783\"},\"wordCount\":251,\"publisher\":{\"@id\":\"https:\/\/www.prijedordanas.com\/#organization\"},\"keywords\":[\"ArcelorMittal Prijedor\",\"problem\",\"radnici\",\"Sindikalna organizacija\",\"sindikat\"],\"articleSection\":[\"Dru\u0161tvo\"],\"inLanguage\":\"en-US\"},{\"@type\":\"WebPage\",\"@id\":\"https:\/\/www.prijedordanas.com\/?p=32783\",\"url\":\"https:\/\/www.prijedordanas.com\/?p=32783\",\"name\":\"SINDIKALNA ORGANIZACIJA: PROBLEM U MITALU RIJE\u0160ITI NA ZADOVOLJSTVO SVIH - PrijedorDanas.com - Prijedorski gradski portal\",\"isPartOf\":{\"@id\":\"https:\/\/www.prijedordanas.com\/#website\"},\"datePublished\":\"2015-11-06T18:44:54+00:00\",\"dateModified\":\"2015-11-06T18:44:54+00:00\",\"breadcrumb\":{\"@id\":\"https:\/\/www.prijedordanas.com\/?p=32783#breadcrumb\"},\"inLanguage\":\"en-US\",\"potentialAction\":[{\"@type\":\"ReadAction\",\"target\":[\"https:\/\/www.prijedordanas.com\/?p=32783\"]}]},{\"@type\":\"BreadcrumbList\",\"@id\":\"https:\/\/www.prijedordanas.com\/?p=32783#breadcrumb\",\"itemListElement\":[{\"@type\":\"ListItem\",\"position\":1,\"name\":\"Home\",\"item\":\"https:\/\/www.prijedordanas.com\/\"},{\"@type\":\"ListItem\",\"position\":2,\"name\":\"SINDIKALNA ORGANIZACIJA: PROBLEM U MITALU RIJE\u0160ITI NA ZADOVOLJSTVO SVIH\"}]},{\"@type\":\"WebSite\",\"@id\":\"https:\/\/www.prijedordanas.com\/#website\",\"url\":\"https:\/\/www.prijedordanas.com\/\",\"name\":\"PrijedorDanas.com - Prijedorski gradski portal\",\"description\":\"Portal o doga\u0111anjima u gradu Prijedoru\",\"publisher\":{\"@id\":\"https:\/\/www.prijedordanas.com\/#organization\"},\"potentialAction\":[{\"@type\":\"SearchAction\",\"target\":{\"@type\":\"EntryPoint\",\"urlTemplate\":\"https:\/\/www.prijedordanas.com\/?s={search_term_string}\"},\"query-input\":\"required name=search_term_string\"}],\"inLanguage\":\"en-US\"},{\"@type\":\"Organization\",\"@id\":\"https:\/\/www.prijedordanas.com\/#organization\",\"name\":\"PrijedorDanas.com\",\"url\":\"https:\/\/www.prijedordanas.com\/\",\"logo\":{\"@type\":\"ImageObject\",\"inLanguage\":\"en-US\",\"@id\":\"https:\/\/www.prijedordanas.com\/#\/schema\/logo\/image\/\",\"url\":\"http:\/\/www.prijedordanas.com\/wp-content\/uploads\/2021\/12\/logopng.png\",\"contentUrl\":\"http:\/\/www.prijedordanas.com\/wp-content\/uploads\/2021\/12\/logopng.png\",\"width\":1019,\"height\":776,\"caption\":\"PrijedorDanas.com\"},\"image\":{\"@id\":\"https:\/\/www.prijedordanas.com\/#\/schema\/logo\/image\/\"},\"sameAs\":[\"https:\/\/www.facebook.com\/PrijedorDanasCom\/\"]},{\"@type\":\"Person\",\"@id\":\"https:\/\/www.prijedordanas.com\/#\/schema\/person\/4e08ccf29b506ca916ff86d46bb700e6\",\"name\":\"admin\",\"image\":{\"@type\":\"ImageObject\",\"inLanguage\":\"en-US\",\"@id\":\"https:\/\/www.prijedordanas.com\/#\/schema\/person\/image\/\",\"url\":\"https:\/\/secure.gravatar.com\/avatar\/1d3fc949d550f0b53a5f0d51e06dfd79?s=96&d=mm&r=g\",\"contentUrl\":\"https:\/\/secure.gravatar.com\/avatar\/1d3fc949d550f0b53a5f0d51e06dfd79?s=96&d=mm&r=g\",\"caption\":\"admin\"},\"url\":\"https:\/\/www.prijedordanas.com\/?author=1\"}]}<\/script>\n<!-- \/ Yoast SEO plugin. -->","yoast_head_json":{"title":"SINDIKALNA ORGANIZACIJA: PROBLEM U MITALU RIJE\u0160ITI NA ZADOVOLJSTVO SVIH - PrijedorDanas.com - Prijedorski gradski portal","robots":{"index":"index","follow":"follow","max-snippet":"max-snippet:-1","max-image-preview":"max-image-preview:large","max-video-preview":"max-video-preview:-1"},"canonical":"https:\/\/www.prijedordanas.com\/?p=32783","og_locale":"en_US","og_type":"article","og_title":"SINDIKALNA ORGANIZACIJA: PROBLEM U MITALU RIJE\u0160ITI NA ZADOVOLJSTVO SVIH - PrijedorDanas.com - Prijedorski gradski portal","og_description":"Sindikalna organizacija Rudnika Arcelor Mital Prijedor danas je pozvala predstavnike vlasti i Poreske uprave da se prilikom rje\u0161avanja problema dugovanja ovog preduze\u0107a, ne ide na \u0161tetu radnika jer kako ka\u017eu, [&hellip;]","og_url":"https:\/\/www.prijedordanas.com\/?p=32783","og_site_name":"PrijedorDanas.com - Prijedorski gradski portal","article_publisher":"https:\/\/www.facebook.com\/PrijedorDanasCom\/","article_published_time":"2015-11-06T18:44:54+00:00","og_image":[{"url":"https:\/\/www.prijedordanas.com\/wp-content\/uploads\/2015\/11\/amp-sindikat-reakcija-300x202.jpg"}],"author":"admin","twitter_card":"summary_large_image","twitter_misc":{"Written by":"admin","Est. reading time":"1 minute"},"schema":{"@context":"https:\/\/schema.org","@graph":[{"@type":"Article","@id":"https:\/\/www.prijedordanas.com\/?p=32783#article","isPartOf":{"@id":"https:\/\/www.prijedordanas.com\/?p=32783"},"author":{"name":"admin","@id":"https:\/\/www.prijedordanas.com\/#\/schema\/person\/4e08ccf29b506ca916ff86d46bb700e6"},"headline":"SINDIKALNA ORGANIZACIJA: PROBLEM U MITALU RIJE\u0160ITI NA ZADOVOLJSTVO SVIH","datePublished":"2015-11-06T18:44:54+00:00","dateModified":"2015-11-06T18:44:54+00:00","mainEntityOfPage":{"@id":"https:\/\/www.prijedordanas.com\/?p=32783"},"wordCount":251,"publisher":{"@id":"https:\/\/www.prijedordanas.com\/#organization"},"keywords":["ArcelorMittal Prijedor","problem","radnici","Sindikalna organizacija","sindikat"],"articleSection":["Dru\u0161tvo"],"inLanguage":"en-US"},{"@type":"WebPage","@id":"https:\/\/www.prijedordanas.com\/?p=32783","url":"https:\/\/www.prijedordanas.com\/?p=32783","name":"SINDIKALNA ORGANIZACIJA: PROBLEM U MITALU RIJE\u0160ITI NA ZADOVOLJSTVO SVIH - PrijedorDanas.com - Prijedorski gradski portal","isPartOf":{"@id":"https:\/\/www.prijedordanas.com\/#website"},"datePublished":"2015-11-06T18:44:54+00:00","dateModified":"2015-11-06T18:44:54+00:00","breadcrumb":{"@id":"https:\/\/www.prijedordanas.com\/?p=32783#breadcrumb"},"inLanguage":"en-US","potentialAction":[{"@type":"ReadAction","target":["https:\/\/www.prijedordanas.com\/?p=32783"]}]},{"@type":"BreadcrumbList","@id":"https:\/\/www.prijedordanas.com\/?p=32783#breadcrumb","itemListElement":[{"@type":"ListItem","position":1,"name":"Home","item":"https:\/\/www.prijedordanas.com\/"},{"@type":"ListItem","position":2,"name":"SINDIKALNA ORGANIZACIJA: PROBLEM U MITALU RIJE\u0160ITI NA ZADOVOLJSTVO SVIH"}]},{"@type":"WebSite","@id":"https:\/\/www.prijedordanas.com\/#website","url":"https:\/\/www.prijedordanas.com\/","name":"PrijedorDanas.com - Prijedorski gradski portal","description":"Portal o doga\u0111anjima u gradu Prijedoru","publisher":{"@id":"https:\/\/www.prijedordanas.com\/#organization"},"potentialAction":[{"@type":"SearchAction","target":{"@type":"EntryPoint","urlTemplate":"https:\/\/www.prijedordanas.com\/?s={search_term_string}"},"query-input":"required name=search_term_string"}],"inLanguage":"en-US"},{"@type":"Organization","@id":"https:\/\/www.prijedordanas.com\/#organization","name":"PrijedorDanas.com","url":"https:\/\/www.prijedordanas.com\/","logo":{"@type":"ImageObject","inLanguage":"en-US","@id":"https:\/\/www.prijedordanas.com\/#\/schema\/logo\/image\/","url":"http:\/\/www.prijedordanas.com\/wp-content\/uploads\/2021\/12\/logopng.png","contentUrl":"http:\/\/www.prijedordanas.com\/wp-content\/uploads\/2021\/12\/logopng.png","width":1019,"height":776,"caption":"PrijedorDanas.com"},"image":{"@id":"https:\/\/www.prijedordanas.com\/#\/schema\/logo\/image\/"},"sameAs":["https:\/\/www.facebook.com\/PrijedorDanasCom\/"]},{"@type":"Person","@id":"https:\/\/www.prijedordanas.com\/#\/schema\/person\/4e08ccf29b506ca916ff86d46bb700e6","name":"admin","image":{"@type":"ImageObject","inLanguage":"en-US","@id":"https:\/\/www.prijedordanas.com\/#\/schema\/person\/image\/","url":"https:\/\/secure.gravatar.com\/avatar\/1d3fc949d550f0b53a5f0d51e06dfd79?s=96&d=mm&r=g","contentUrl":"https:\/\/secure.gravatar.com\/avatar\/1d3fc949d550f0b53a5f0d51e06dfd79?s=96&d=mm&r=g","caption":"admin"},"url":"https:\/\/www.prijedordanas.com\/?author=1"}]}},"_links":{"self":[{"href":"https:\/\/www.prijedordanas.com\/index.php?rest_route=\/wp\/v2\/posts\/32783"}],"collection":[{"href":"https:\/\/www.prijedordanas.com\/index.php?rest_route=\/wp\/v2\/posts"}],"about":[{"href":"https:\/\/www.prijedordanas.com\/index.php?rest_route=\/wp\/v2\/types\/post"}],"author":[{"embeddable":true,"href":"https:\/\/www.prijedordanas.com\/index.php?rest_route=\/wp\/v2\/users\/1"}],"replies":[{"embeddable":true,"href":"https:\/\/www.prijedordanas.com\/index.php?rest_route=%2Fwp%2Fv2%2Fcomments&post=32783"}],"version-history":[{"count":1,"href":"https:\/\/www.prijedordanas.com\/index.php?rest_route=\/wp\/v2\/posts\/32783\/revisions"}],"predecessor-version":[{"id":32785,"href":"https:\/\/www.prijedordanas.com\/index.php?rest_route=\/wp\/v2\/posts\/32783\/revisions\/32785"}],"wp:attachment":[{"href":"https:\/\/www.prijedordanas.com\/index.php?rest_route=%2Fwp%2Fv2%2Fmedia&parent=32783"}],"wp:term":[{"taxonomy":"category","embeddable":true,"href":"https:\/\/www.prijedordanas.com\/index.php?rest_route=%2Fwp%2Fv2%2Fcategories&post=32783"},{"taxonomy":"post_tag","embeddable":true,"href":"https:\/\/www.prijedordanas.com\/index.php?rest_route=%2Fwp%2Fv2%2Ftags&post=32783"}],"curies":[{"name":"wp","href":"https:\/\/api.w.org\/{rel}","templated":true}]}}