{"id":32143,"date":"2015-10-30T20:20:54","date_gmt":"2015-10-30T19:20:54","guid":{"rendered":"https:\/\/www.prijedordanas.com\/?p=32143"},"modified":"2015-10-30T20:20:54","modified_gmt":"2015-10-30T19:20:54","slug":"rudar-prijedor-nastavlja-dalje-sa-novim-trenerom-dva-cilja-zlatka-jelisavca","status":"publish","type":"post","link":"https:\/\/www.prijedordanas.com\/?p=32143","title":{"rendered":"RUDAR-PRIJEDOR NASTAVLJA DALJE SA NOVIM TRENEROM: DVA CILJA ZLATKA JELISAVCA"},"content":{"rendered":"<p><a href=\"https:\/\/www.prijedordanas.com\/wp-content\/uploads\/2015\/10\/trener-jelisavac.jpg\"><img loading=\"lazy\" decoding=\"async\" src=\"https:\/\/www.prijedordanas.com\/wp-content\/uploads\/2015\/10\/trener-jelisavac-300x254.jpg\" alt=\"trener jelisavac\" width=\"300\" height=\"254\" class=\"alignleft size-medium wp-image-32144\" srcset=\"https:\/\/www.prijedordanas.com\/wp-content\/uploads\/2015\/10\/trener-jelisavac-300x254.jpg 300w, https:\/\/www.prijedordanas.com\/wp-content\/uploads\/2015\/10\/trener-jelisavac.jpg 600w\" sizes=\"(max-width: 300px) 100vw, 300px\" \/><\/a>Prva ekipa Rudar-Prijedora nastavlja rad sa novim  \u0111efom stru\u010dnog \u0161taba, a Zlatko Jelisavac prionuo je na posao. I u ranijim trenerskim \u201evrte\u0161kama\u201c, kada je dolazilo do promjena njegovo ime pominjalo se kao novo rje\u0161enje, a debi na klupi \u201erudara sa Sane\u201c ima\u0107e u nedjelju protiv sarajevskog \u017deljezni\u010dara u utakmici 14.kola Premijer lige BiH.<\/p>\n<p>-Zahvalio bih se Rudar-Prijedoru koji me je anga\u017eovao i ukazao povjerenje. Bi\u0107e to stepenica vi\u0161e u mom dosada\u0161njem radu, \u0161to zna\u010di i novi izazov da poka\u017eem \u0161ta znam, ali i napredujem i edukujem se &#8211; istakao je na po\u010detku Jelisavac.<br \/>\nVe\u0107 dokazani stru\u010dnjak u prvoliga\u0161u Republike Srpske, novogradskoj Slobodi, u kojoj je i igra\u010dki ponikao, svjestan je te\u017eine zadatka, kao i situacije u kojoj se Prijedor\u010dani nalaze, poslije nova dva \u201evezana\u201c poraza, koja su primorala klub da se razi\u0111e sa dosada\u0161njim strategom Borisom Gavranom.<\/p>\n<p>-Imamo dva cilja. Prvi je te\u017ei dio, da se ne predajemo u borbi za opstanak i osvajamo \u0161to vi\u0161e bodova. Drugi je da pru\u017eimo priliku djeci Rudar-Prijedora, kao i okolnih klubova sa ovih prostora &#8211; najavio je Jelisavac.   <\/p>\n<p>Razumljivo je njegovo takvo razmi\u0161ljanje, jer je, osnivaju\u0107i \u0160kolu fudbala \u201eBubamara\u201c u gradu na u\u0161\u0107u rijeke Sane u Unu, dugo godina rade\u0107i u njoj, smatrao najpre\u010dim zadatkom da ih \u201elansira\u201c u Slobodu, ali i ve\u0107e sredine. \u201eSnimiv\u0161i\u201c situaciju nakon prvog treninga sa \u201ezeleno-crnima\u201c konstatovao je:<\/p>\n<p>-Zadovoljan sam onim sa \u010dime raspola\u017eem. Gledao sam i dvije utakmice u posljednje vrijeme i vidio \u017eelju i htijenje. Svjesni smo da ima, pored pozitivnih strana i nedostataka, poku\u0161a\u0107emo da ih ispravljamo u narednom periodu. Ne\u0107u da ka\u017eem da je do sada bilo nediscipline, ali osnovno \u0107e nam biti da budemo disciplinovani i da imamo borbenost kojom \u0107emo te na\u0161e mane anulirati, samim tim imati i kompaktnost.<\/p>\n<p>Ubije\u0111en je Zlaja, kako ga najbli\u017ei oslovljavaju, da Prijedor\u010dani mogu mnogo vi\u0161e da pru\u017ee na terenu. Bio bi zadovoljniji da su ostala samo dva jesenja kola protiv \u201e\u017delje\u201c i gostovanje u Mostaru, ali poku\u0161a\u0107e da ostvari \u0161to bolji bodovni u\u010dinak u posljednjih pet ovogodi\u0161njih prvenstvenih me\u010deva u borbama za bodove.<\/p>\n<p>-Mogu ovi igra\u010di mnogo vi\u0161e da daju. Ipak, poku\u0161a\u0107emo da osvje\u017eimo tim sa dvojicom mla\u0111ih, ve\u0107 protiv sarajevskih \u201eplavih\u201c, jer bi dobili, nadam se, na brzini i agresivnosti. Bi\u0107e te\u0161ko osvajati bodove, a pru\u017eati \u0161ansu i mladima. Me\u0111utim, ne gubi se vrijeme, a u poziciji smo sada da samo mo\u017eemo dobiti, jer vi\u0161e i nemamo \u0161ta izgubiti &#8211; jasan je Jelisavac.<\/p>\n<p>Protiv uva\u017eenog gosta sa stadiona \u201eGrbavica\u201c ne\u0107e mo\u0107i da ra\u010duna na Dejana Koji\u0107a, zbog povrede koljena, dok \u0107e o tome da li mo\u017ee da pomogne svojim drugovima, kada je rije\u010d o Mirzi D\u017eafi\u0107u (mu\u010di ga \u201etrbu\u0161ni zid\u201c) dati medicinsko osoblje. Na kraju Zlatko Jelisavac otkriva svoju \u201efudbalsku filozofiju\u201c  kojom se rukovodi u radu.<\/p>\n<p>-U njoj prvo mjesto, ujedno kao pravilo, treba da zauzima disciplina i prihvatanje \u010dinjenice da je najva\u017enija. Drugo je po\u0161tovanje, prema samim sebi, kao i saigra\u010dima, potom slijedi iskrenost. Ako nema iskrenosti u bilo \u010demu da se radi, nema ni prave slike stanja, a \u010detvrta je zabava. Fudbal, ipak, treba, kao igru samp shvatiti zabavom, pa onda iz tog zadovoljstva i svega pomenutog do\u0111e na kraju i rezultat. O\u010dekujem da \u0107e ih, uz podr\u0161ku svih sa kojima budem sara\u0111ivao Rudar-Prijedor imati &#8211; zaklju\u010dio je Jelisavac.    <\/p>\n<p>Tekst i foto \u2013 Nenad \u0110eri\u0107\/Aleksandar Drakuli\u0107 \u2013 <a href=\"www.prijedordanas.com\" target=\"_blank\">www.prijedordanas.com<\/a><\/p>\n","protected":false},"excerpt":{"rendered":"<p>Prva ekipa Rudar-Prijedora nastavlja rad sa novim \u0111efom stru\u010dnog \u0161taba, a Zlatko Jelisavac prionuo je na posao. I u ranijim trenerskim \u201evrte\u0161kama\u201c, kada je dolazilo do promjena njegovo ime pominjalo [&hellip;]<\/p>\n","protected":false},"author":1,"featured_media":0,"comment_status":"closed","ping_status":"open","sticky":false,"template":"","format":"standard","meta":{"_monsterinsights_skip_tracking":false,"_monsterinsights_sitenote_active":false,"_monsterinsights_sitenote_note":"","_monsterinsights_sitenote_category":0,"footnotes":""},"categories":[7],"tags":[5597,221,354,5545],"yoast_head":"<!-- This site is optimized with the Yoast SEO plugin v21.6 - https:\/\/yoast.com\/wordpress\/plugins\/seo\/ -->\n<title>RUDAR-PRIJEDOR NASTAVLJA DALJE SA NOVIM TRENEROM: DVA CILJA ZLATKA JELISAVCA - PrijedorDanas.com - Prijedorski gradski portal<\/title>\n<meta name=\"robots\" content=\"index, follow, max-snippet:-1, max-image-preview:large, max-video-preview:-1\" \/>\n<link rel=\"canonical\" href=\"https:\/\/www.prijedordanas.com\/?p=32143\" \/>\n<meta property=\"og:locale\" content=\"en_US\" \/>\n<meta property=\"og:type\" content=\"article\" \/>\n<meta property=\"og:title\" content=\"RUDAR-PRIJEDOR NASTAVLJA DALJE SA NOVIM TRENEROM: DVA CILJA ZLATKA JELISAVCA - PrijedorDanas.com - Prijedorski gradski portal\" \/>\n<meta property=\"og:description\" content=\"Prva ekipa Rudar-Prijedora nastavlja rad sa novim \u0111efom stru\u010dnog \u0161taba, a Zlatko Jelisavac prionuo je na posao. I u ranijim trenerskim \u201evrte\u0161kama\u201c, kada je dolazilo do promjena njegovo ime pominjalo [&hellip;]\" \/>\n<meta property=\"og:url\" content=\"https:\/\/www.prijedordanas.com\/?p=32143\" \/>\n<meta property=\"og:site_name\" content=\"PrijedorDanas.com - Prijedorski gradski portal\" \/>\n<meta property=\"article:publisher\" content=\"https:\/\/www.facebook.com\/PrijedorDanasCom\/\" \/>\n<meta property=\"article:published_time\" content=\"2015-10-30T19:20:54+00:00\" \/>\n<meta property=\"og:image\" content=\"https:\/\/www.prijedordanas.com\/wp-content\/uploads\/2015\/10\/trener-jelisavac-300x254.jpg\" \/>\n<meta name=\"author\" content=\"admin\" \/>\n<meta name=\"twitter:card\" content=\"summary_large_image\" \/>\n<meta name=\"twitter:label1\" content=\"Written by\" \/>\n\t<meta name=\"twitter:data1\" content=\"admin\" \/>\n\t<meta name=\"twitter:label2\" content=\"Est. reading time\" \/>\n\t<meta name=\"twitter:data2\" content=\"3 minutes\" \/>\n<script type=\"application\/ld+json\" class=\"yoast-schema-graph\">{\"@context\":\"https:\/\/schema.org\",\"@graph\":[{\"@type\":\"Article\",\"@id\":\"https:\/\/www.prijedordanas.com\/?p=32143#article\",\"isPartOf\":{\"@id\":\"https:\/\/www.prijedordanas.com\/?p=32143\"},\"author\":{\"name\":\"admin\",\"@id\":\"https:\/\/www.prijedordanas.com\/#\/schema\/person\/4e08ccf29b506ca916ff86d46bb700e6\"},\"headline\":\"RUDAR-PRIJEDOR NASTAVLJA DALJE SA NOVIM TRENEROM: DVA CILJA ZLATKA JELISAVCA\",\"datePublished\":\"2015-10-30T19:20:54+00:00\",\"dateModified\":\"2015-10-30T19:20:54+00:00\",\"mainEntityOfPage\":{\"@id\":\"https:\/\/www.prijedordanas.com\/?p=32143\"},\"wordCount\":631,\"publisher\":{\"@id\":\"https:\/\/www.prijedordanas.com\/#organization\"},\"keywords\":[\"ciljevi\",\"Rudar-Prijedor\",\"trener\",\"Zlatko Jelisavac\"],\"articleSection\":[\"Sport\"],\"inLanguage\":\"en-US\"},{\"@type\":\"WebPage\",\"@id\":\"https:\/\/www.prijedordanas.com\/?p=32143\",\"url\":\"https:\/\/www.prijedordanas.com\/?p=32143\",\"name\":\"RUDAR-PRIJEDOR NASTAVLJA DALJE SA NOVIM TRENEROM: DVA CILJA ZLATKA JELISAVCA - PrijedorDanas.com - Prijedorski gradski portal\",\"isPartOf\":{\"@id\":\"https:\/\/www.prijedordanas.com\/#website\"},\"datePublished\":\"2015-10-30T19:20:54+00:00\",\"dateModified\":\"2015-10-30T19:20:54+00:00\",\"breadcrumb\":{\"@id\":\"https:\/\/www.prijedordanas.com\/?p=32143#breadcrumb\"},\"inLanguage\":\"en-US\",\"potentialAction\":[{\"@type\":\"ReadAction\",\"target\":[\"https:\/\/www.prijedordanas.com\/?p=32143\"]}]},{\"@type\":\"BreadcrumbList\",\"@id\":\"https:\/\/www.prijedordanas.com\/?p=32143#breadcrumb\",\"itemListElement\":[{\"@type\":\"ListItem\",\"position\":1,\"name\":\"Home\",\"item\":\"https:\/\/www.prijedordanas.com\/\"},{\"@type\":\"ListItem\",\"position\":2,\"name\":\"RUDAR-PRIJEDOR NASTAVLJA DALJE SA NOVIM TRENEROM: DVA CILJA ZLATKA JELISAVCA\"}]},{\"@type\":\"WebSite\",\"@id\":\"https:\/\/www.prijedordanas.com\/#website\",\"url\":\"https:\/\/www.prijedordanas.com\/\",\"name\":\"PrijedorDanas.com - Prijedorski gradski portal\",\"description\":\"Portal o doga\u0111anjima u gradu Prijedoru\",\"publisher\":{\"@id\":\"https:\/\/www.prijedordanas.com\/#organization\"},\"potentialAction\":[{\"@type\":\"SearchAction\",\"target\":{\"@type\":\"EntryPoint\",\"urlTemplate\":\"https:\/\/www.prijedordanas.com\/?s={search_term_string}\"},\"query-input\":\"required name=search_term_string\"}],\"inLanguage\":\"en-US\"},{\"@type\":\"Organization\",\"@id\":\"https:\/\/www.prijedordanas.com\/#organization\",\"name\":\"PrijedorDanas.com\",\"url\":\"https:\/\/www.prijedordanas.com\/\",\"logo\":{\"@type\":\"ImageObject\",\"inLanguage\":\"en-US\",\"@id\":\"https:\/\/www.prijedordanas.com\/#\/schema\/logo\/image\/\",\"url\":\"http:\/\/www.prijedordanas.com\/wp-content\/uploads\/2021\/12\/logopng.png\",\"contentUrl\":\"http:\/\/www.prijedordanas.com\/wp-content\/uploads\/2021\/12\/logopng.png\",\"width\":1019,\"height\":776,\"caption\":\"PrijedorDanas.com\"},\"image\":{\"@id\":\"https:\/\/www.prijedordanas.com\/#\/schema\/logo\/image\/\"},\"sameAs\":[\"https:\/\/www.facebook.com\/PrijedorDanasCom\/\"]},{\"@type\":\"Person\",\"@id\":\"https:\/\/www.prijedordanas.com\/#\/schema\/person\/4e08ccf29b506ca916ff86d46bb700e6\",\"name\":\"admin\",\"image\":{\"@type\":\"ImageObject\",\"inLanguage\":\"en-US\",\"@id\":\"https:\/\/www.prijedordanas.com\/#\/schema\/person\/image\/\",\"url\":\"https:\/\/secure.gravatar.com\/avatar\/1d3fc949d550f0b53a5f0d51e06dfd79?s=96&d=mm&r=g\",\"contentUrl\":\"https:\/\/secure.gravatar.com\/avatar\/1d3fc949d550f0b53a5f0d51e06dfd79?s=96&d=mm&r=g\",\"caption\":\"admin\"},\"url\":\"https:\/\/www.prijedordanas.com\/?author=1\"}]}<\/script>\n<!-- \/ Yoast SEO plugin. -->","yoast_head_json":{"title":"RUDAR-PRIJEDOR NASTAVLJA DALJE SA NOVIM TRENEROM: DVA CILJA ZLATKA JELISAVCA - PrijedorDanas.com - Prijedorski gradski portal","robots":{"index":"index","follow":"follow","max-snippet":"max-snippet:-1","max-image-preview":"max-image-preview:large","max-video-preview":"max-video-preview:-1"},"canonical":"https:\/\/www.prijedordanas.com\/?p=32143","og_locale":"en_US","og_type":"article","og_title":"RUDAR-PRIJEDOR NASTAVLJA DALJE SA NOVIM TRENEROM: DVA CILJA ZLATKA JELISAVCA - PrijedorDanas.com - Prijedorski gradski portal","og_description":"Prva ekipa Rudar-Prijedora nastavlja rad sa novim \u0111efom stru\u010dnog \u0161taba, a Zlatko Jelisavac prionuo je na posao. I u ranijim trenerskim \u201evrte\u0161kama\u201c, kada je dolazilo do promjena njegovo ime pominjalo [&hellip;]","og_url":"https:\/\/www.prijedordanas.com\/?p=32143","og_site_name":"PrijedorDanas.com - Prijedorski gradski portal","article_publisher":"https:\/\/www.facebook.com\/PrijedorDanasCom\/","article_published_time":"2015-10-30T19:20:54+00:00","og_image":[{"url":"https:\/\/www.prijedordanas.com\/wp-content\/uploads\/2015\/10\/trener-jelisavac-300x254.jpg"}],"author":"admin","twitter_card":"summary_large_image","twitter_misc":{"Written by":"admin","Est. reading time":"3 minutes"},"schema":{"@context":"https:\/\/schema.org","@graph":[{"@type":"Article","@id":"https:\/\/www.prijedordanas.com\/?p=32143#article","isPartOf":{"@id":"https:\/\/www.prijedordanas.com\/?p=32143"},"author":{"name":"admin","@id":"https:\/\/www.prijedordanas.com\/#\/schema\/person\/4e08ccf29b506ca916ff86d46bb700e6"},"headline":"RUDAR-PRIJEDOR NASTAVLJA DALJE SA NOVIM TRENEROM: DVA CILJA ZLATKA JELISAVCA","datePublished":"2015-10-30T19:20:54+00:00","dateModified":"2015-10-30T19:20:54+00:00","mainEntityOfPage":{"@id":"https:\/\/www.prijedordanas.com\/?p=32143"},"wordCount":631,"publisher":{"@id":"https:\/\/www.prijedordanas.com\/#organization"},"keywords":["ciljevi","Rudar-Prijedor","trener","Zlatko Jelisavac"],"articleSection":["Sport"],"inLanguage":"en-US"},{"@type":"WebPage","@id":"https:\/\/www.prijedordanas.com\/?p=32143","url":"https:\/\/www.prijedordanas.com\/?p=32143","name":"RUDAR-PRIJEDOR NASTAVLJA DALJE SA NOVIM TRENEROM: DVA CILJA ZLATKA JELISAVCA - PrijedorDanas.com - Prijedorski gradski portal","isPartOf":{"@id":"https:\/\/www.prijedordanas.com\/#website"},"datePublished":"2015-10-30T19:20:54+00:00","dateModified":"2015-10-30T19:20:54+00:00","breadcrumb":{"@id":"https:\/\/www.prijedordanas.com\/?p=32143#breadcrumb"},"inLanguage":"en-US","potentialAction":[{"@type":"ReadAction","target":["https:\/\/www.prijedordanas.com\/?p=32143"]}]},{"@type":"BreadcrumbList","@id":"https:\/\/www.prijedordanas.com\/?p=32143#breadcrumb","itemListElement":[{"@type":"ListItem","position":1,"name":"Home","item":"https:\/\/www.prijedordanas.com\/"},{"@type":"ListItem","position":2,"name":"RUDAR-PRIJEDOR NASTAVLJA DALJE SA NOVIM TRENEROM: DVA CILJA ZLATKA JELISAVCA"}]},{"@type":"WebSite","@id":"https:\/\/www.prijedordanas.com\/#website","url":"https:\/\/www.prijedordanas.com\/","name":"PrijedorDanas.com - Prijedorski gradski portal","description":"Portal o doga\u0111anjima u gradu Prijedoru","publisher":{"@id":"https:\/\/www.prijedordanas.com\/#organization"},"potentialAction":[{"@type":"SearchAction","target":{"@type":"EntryPoint","urlTemplate":"https:\/\/www.prijedordanas.com\/?s={search_term_string}"},"query-input":"required name=search_term_string"}],"inLanguage":"en-US"},{"@type":"Organization","@id":"https:\/\/www.prijedordanas.com\/#organization","name":"PrijedorDanas.com","url":"https:\/\/www.prijedordanas.com\/","logo":{"@type":"ImageObject","inLanguage":"en-US","@id":"https:\/\/www.prijedordanas.com\/#\/schema\/logo\/image\/","url":"http:\/\/www.prijedordanas.com\/wp-content\/uploads\/2021\/12\/logopng.png","contentUrl":"http:\/\/www.prijedordanas.com\/wp-content\/uploads\/2021\/12\/logopng.png","width":1019,"height":776,"caption":"PrijedorDanas.com"},"image":{"@id":"https:\/\/www.prijedordanas.com\/#\/schema\/logo\/image\/"},"sameAs":["https:\/\/www.facebook.com\/PrijedorDanasCom\/"]},{"@type":"Person","@id":"https:\/\/www.prijedordanas.com\/#\/schema\/person\/4e08ccf29b506ca916ff86d46bb700e6","name":"admin","image":{"@type":"ImageObject","inLanguage":"en-US","@id":"https:\/\/www.prijedordanas.com\/#\/schema\/person\/image\/","url":"https:\/\/secure.gravatar.com\/avatar\/1d3fc949d550f0b53a5f0d51e06dfd79?s=96&d=mm&r=g","contentUrl":"https:\/\/secure.gravatar.com\/avatar\/1d3fc949d550f0b53a5f0d51e06dfd79?s=96&d=mm&r=g","caption":"admin"},"url":"https:\/\/www.prijedordanas.com\/?author=1"}]}},"_links":{"self":[{"href":"https:\/\/www.prijedordanas.com\/index.php?rest_route=\/wp\/v2\/posts\/32143"}],"collection":[{"href":"https:\/\/www.prijedordanas.com\/index.php?rest_route=\/wp\/v2\/posts"}],"about":[{"href":"https:\/\/www.prijedordanas.com\/index.php?rest_route=\/wp\/v2\/types\/post"}],"author":[{"embeddable":true,"href":"https:\/\/www.prijedordanas.com\/index.php?rest_route=\/wp\/v2\/users\/1"}],"replies":[{"embeddable":true,"href":"https:\/\/www.prijedordanas.com\/index.php?rest_route=%2Fwp%2Fv2%2Fcomments&post=32143"}],"version-history":[{"count":1,"href":"https:\/\/www.prijedordanas.com\/index.php?rest_route=\/wp\/v2\/posts\/32143\/revisions"}],"predecessor-version":[{"id":32145,"href":"https:\/\/www.prijedordanas.com\/index.php?rest_route=\/wp\/v2\/posts\/32143\/revisions\/32145"}],"wp:attachment":[{"href":"https:\/\/www.prijedordanas.com\/index.php?rest_route=%2Fwp%2Fv2%2Fmedia&parent=32143"}],"wp:term":[{"taxonomy":"category","embeddable":true,"href":"https:\/\/www.prijedordanas.com\/index.php?rest_route=%2Fwp%2Fv2%2Fcategories&post=32143"},{"taxonomy":"post_tag","embeddable":true,"href":"https:\/\/www.prijedordanas.com\/index.php?rest_route=%2Fwp%2Fv2%2Ftags&post=32143"}],"curies":[{"name":"wp","href":"https:\/\/api.w.org\/{rel}","templated":true}]}}