{"id":32134,"date":"2015-10-30T19:50:16","date_gmt":"2015-10-30T18:50:16","guid":{"rendered":"https:\/\/www.prijedordanas.com\/?p=32134"},"modified":"2015-10-30T19:51:18","modified_gmt":"2015-10-30T18:51:18","slug":"prijedorski-spartanci-na-sokol-openu-2015-u-bijeljini","status":"publish","type":"post","link":"https:\/\/www.prijedordanas.com\/?p=32134","title":{"rendered":"PRIJEDORSKI \u201eSPARTANCI\u201c NA \u201eSOKOL OPENU 2015\u201c U BIJELJINI"},"content":{"rendered":"<p><a href=\"https:\/\/www.prijedordanas.com\/wp-content\/uploads\/2015\/10\/spartanci-uspjesni-u-hrvatskoj-1.jpg\"><img loading=\"lazy\" decoding=\"async\" class=\"alignleft size-medium wp-image-31782\" src=\"https:\/\/www.prijedordanas.com\/wp-content\/uploads\/2015\/10\/spartanci-uspjesni-u-hrvatskoj-1-300x224.jpg\" alt=\"spartanci uspjesni u hrvatskoj (1)\" width=\"300\" height=\"224\" srcset=\"https:\/\/www.prijedordanas.com\/wp-content\/uploads\/2015\/10\/spartanci-uspjesni-u-hrvatskoj-1-300x224.jpg 300w, https:\/\/www.prijedordanas.com\/wp-content\/uploads\/2015\/10\/spartanci-uspjesni-u-hrvatskoj-1.jpg 600w\" sizes=\"(max-width: 300px) 100vw, 300px\" \/><\/a>\u010clanovi prijedorskog taekwondo kluba \u201eSpartakus\u201c sutra u Bijeljini imaju nastup na me\u0111unarodnom turniru \u201eSokol open 2015\u201c.<\/p>\n<p>Radi se o takmi\u010denju koje ima vi\u0161egodi\u0161nju tradiciju i koje okuplja najbolje borce iz Republike Srpske, BiH, Srbije, Makedonije, Hrvatske.<\/p>\n<p>U odnosu na pro\u0161lonedjeljni nastup u Novoj Gradi\u0161ci (Hrvatska) na ovom turniru priliku za dokazivanje ima\u0107e i neki novi takmi\u010dari koji do sada nisu nastupali.<\/p>\n<p>-Na\u0161 primarni zadatak je da kroz ove turnire steknemo \u0161to vi\u0161e iskustva i samopouzdanja, da bi rezultate na\u0161eg rada demonstrirali i \u201ekapitalizovali\u201c u martu ili aprilu mjesecu kada nas o\u010dekuje Prvenstvo Republike Srpske, gdje smo kao cilj postavili plasman me\u0111u tri najbolje ekipe. To smo ve\u0107 uspjeli na ovogodi\u0161njem prvenstvu u Banjaluci a \u017eelimo ponoviti i u 2016. godini \u2013 potvrdio je strateg Prijedor\u010dana Stevica Dronjak.<\/p>\n<p>On je dodao da takmi\u010dare \u201eSpartakusa\u201c nakon turnira u Bijeljini uskoro o\u010dekuju nastupi u Pan\u010devu te na \u201eMaksimir openu\u201c u Zagrebu.<\/p>\n<p>Tekst \u2013 Aleksandar Drakuli\u0107 \u2013 <a href=\"www.prijedordanas.com\" target=\"_blank\">www.prijedordanas.com<\/a><br \/>\nFoto &#8211; Taekwondo klub \u201eSpartakus\u201c<\/p>\n<p><a href=\"https:\/\/www.prijedordanas.com\/wp-content\/uploads\/2015\/10\/spartakus-u-bijeljini.jpg\"><img loading=\"lazy\" decoding=\"async\" src=\"https:\/\/www.prijedordanas.com\/wp-content\/uploads\/2015\/10\/spartakus-u-bijeljini-300x158.jpg\" alt=\"spartakus u bijeljini\" width=\"300\" height=\"158\" class=\"alignleft size-medium wp-image-32135\" srcset=\"https:\/\/www.prijedordanas.com\/wp-content\/uploads\/2015\/10\/spartakus-u-bijeljini-300x158.jpg 300w, https:\/\/www.prijedordanas.com\/wp-content\/uploads\/2015\/10\/spartakus-u-bijeljini.jpg 600w\" sizes=\"(max-width: 300px) 100vw, 300px\" \/><\/a><\/p>\n","protected":false},"excerpt":{"rendered":"<p>\u010clanovi prijedorskog taekwondo kluba \u201eSpartakus\u201c sutra u Bijeljini imaju nastup na me\u0111unarodnom turniru \u201eSokol open 2015\u201c. Radi se o takmi\u010denju koje ima vi\u0161egodi\u0161nju tradiciju i koje okuplja najbolje borce iz [&hellip;]<\/p>\n","protected":false},"author":1,"featured_media":0,"comment_status":"closed","ping_status":"open","sticky":false,"template":"","format":"standard","meta":{"_monsterinsights_skip_tracking":false,"_monsterinsights_sitenote_active":false,"_monsterinsights_sitenote_note":"","_monsterinsights_sitenote_category":0,"footnotes":""},"categories":[7],"tags":[3588,5590,1911,3835],"yoast_head":"<!-- This site is optimized with the Yoast SEO plugin v21.6 - https:\/\/yoast.com\/wordpress\/plugins\/seo\/ -->\n<title>PRIJEDORSKI \u201eSPARTANCI\u201c NA \u201eSOKOL OPENU 2015\u201c U BIJELJINI - PrijedorDanas.com - Prijedorski gradski portal<\/title>\n<meta name=\"robots\" content=\"index, follow, max-snippet:-1, max-image-preview:large, max-video-preview:-1\" \/>\n<link rel=\"canonical\" href=\"https:\/\/www.prijedordanas.com\/?p=32134\" \/>\n<meta property=\"og:locale\" content=\"en_US\" \/>\n<meta property=\"og:type\" content=\"article\" \/>\n<meta property=\"og:title\" content=\"PRIJEDORSKI \u201eSPARTANCI\u201c NA \u201eSOKOL OPENU 2015\u201c U BIJELJINI - PrijedorDanas.com - Prijedorski gradski portal\" \/>\n<meta property=\"og:description\" content=\"\u010clanovi prijedorskog taekwondo kluba \u201eSpartakus\u201c sutra u Bijeljini imaju nastup na me\u0111unarodnom turniru \u201eSokol open 2015\u201c. Radi se o takmi\u010denju koje ima vi\u0161egodi\u0161nju tradiciju i koje okuplja najbolje borce iz [&hellip;]\" \/>\n<meta property=\"og:url\" content=\"https:\/\/www.prijedordanas.com\/?p=32134\" \/>\n<meta property=\"og:site_name\" content=\"PrijedorDanas.com - Prijedorski gradski portal\" \/>\n<meta property=\"article:publisher\" content=\"https:\/\/www.facebook.com\/PrijedorDanasCom\/\" \/>\n<meta property=\"article:published_time\" content=\"2015-10-30T18:50:16+00:00\" \/>\n<meta property=\"article:modified_time\" content=\"2015-10-30T18:51:18+00:00\" \/>\n<meta property=\"og:image\" content=\"https:\/\/www.prijedordanas.com\/wp-content\/uploads\/2015\/10\/spartanci-uspjesni-u-hrvatskoj-1-300x224.jpg\" \/>\n<meta name=\"author\" content=\"admin\" \/>\n<meta name=\"twitter:card\" content=\"summary_large_image\" \/>\n<meta name=\"twitter:label1\" content=\"Written by\" \/>\n\t<meta name=\"twitter:data1\" content=\"admin\" \/>\n\t<meta name=\"twitter:label2\" content=\"Est. reading time\" \/>\n\t<meta name=\"twitter:data2\" content=\"1 minute\" \/>\n<script type=\"application\/ld+json\" class=\"yoast-schema-graph\">{\"@context\":\"https:\/\/schema.org\",\"@graph\":[{\"@type\":\"Article\",\"@id\":\"https:\/\/www.prijedordanas.com\/?p=32134#article\",\"isPartOf\":{\"@id\":\"https:\/\/www.prijedordanas.com\/?p=32134\"},\"author\":{\"name\":\"admin\",\"@id\":\"https:\/\/www.prijedordanas.com\/#\/schema\/person\/4e08ccf29b506ca916ff86d46bb700e6\"},\"headline\":\"PRIJEDORSKI \u201eSPARTANCI\u201c NA \u201eSOKOL OPENU 2015\u201c U BIJELJINI\",\"datePublished\":\"2015-10-30T18:50:16+00:00\",\"dateModified\":\"2015-10-30T18:51:18+00:00\",\"mainEntityOfPage\":{\"@id\":\"https:\/\/www.prijedordanas.com\/?p=32134\"},\"wordCount\":180,\"publisher\":{\"@id\":\"https:\/\/www.prijedordanas.com\/#organization\"},\"keywords\":[\"Bijeljina\",\"Sokol open 2015\",\"Stevica Dronjak\",\"Taekwondo klub \u201eSpartakus\u201c\"],\"articleSection\":[\"Sport\"],\"inLanguage\":\"en-US\"},{\"@type\":\"WebPage\",\"@id\":\"https:\/\/www.prijedordanas.com\/?p=32134\",\"url\":\"https:\/\/www.prijedordanas.com\/?p=32134\",\"name\":\"PRIJEDORSKI \u201eSPARTANCI\u201c NA \u201eSOKOL OPENU 2015\u201c U BIJELJINI - PrijedorDanas.com - Prijedorski gradski portal\",\"isPartOf\":{\"@id\":\"https:\/\/www.prijedordanas.com\/#website\"},\"datePublished\":\"2015-10-30T18:50:16+00:00\",\"dateModified\":\"2015-10-30T18:51:18+00:00\",\"breadcrumb\":{\"@id\":\"https:\/\/www.prijedordanas.com\/?p=32134#breadcrumb\"},\"inLanguage\":\"en-US\",\"potentialAction\":[{\"@type\":\"ReadAction\",\"target\":[\"https:\/\/www.prijedordanas.com\/?p=32134\"]}]},{\"@type\":\"BreadcrumbList\",\"@id\":\"https:\/\/www.prijedordanas.com\/?p=32134#breadcrumb\",\"itemListElement\":[{\"@type\":\"ListItem\",\"position\":1,\"name\":\"Home\",\"item\":\"https:\/\/www.prijedordanas.com\/\"},{\"@type\":\"ListItem\",\"position\":2,\"name\":\"PRIJEDORSKI \u201eSPARTANCI\u201c NA \u201eSOKOL OPENU 2015\u201c U BIJELJINI\"}]},{\"@type\":\"WebSite\",\"@id\":\"https:\/\/www.prijedordanas.com\/#website\",\"url\":\"https:\/\/www.prijedordanas.com\/\",\"name\":\"PrijedorDanas.com - Prijedorski gradski portal\",\"description\":\"Portal o doga\u0111anjima u gradu Prijedoru\",\"publisher\":{\"@id\":\"https:\/\/www.prijedordanas.com\/#organization\"},\"potentialAction\":[{\"@type\":\"SearchAction\",\"target\":{\"@type\":\"EntryPoint\",\"urlTemplate\":\"https:\/\/www.prijedordanas.com\/?s={search_term_string}\"},\"query-input\":\"required name=search_term_string\"}],\"inLanguage\":\"en-US\"},{\"@type\":\"Organization\",\"@id\":\"https:\/\/www.prijedordanas.com\/#organization\",\"name\":\"PrijedorDanas.com\",\"url\":\"https:\/\/www.prijedordanas.com\/\",\"logo\":{\"@type\":\"ImageObject\",\"inLanguage\":\"en-US\",\"@id\":\"https:\/\/www.prijedordanas.com\/#\/schema\/logo\/image\/\",\"url\":\"http:\/\/www.prijedordanas.com\/wp-content\/uploads\/2021\/12\/logopng.png\",\"contentUrl\":\"http:\/\/www.prijedordanas.com\/wp-content\/uploads\/2021\/12\/logopng.png\",\"width\":1019,\"height\":776,\"caption\":\"PrijedorDanas.com\"},\"image\":{\"@id\":\"https:\/\/www.prijedordanas.com\/#\/schema\/logo\/image\/\"},\"sameAs\":[\"https:\/\/www.facebook.com\/PrijedorDanasCom\/\"]},{\"@type\":\"Person\",\"@id\":\"https:\/\/www.prijedordanas.com\/#\/schema\/person\/4e08ccf29b506ca916ff86d46bb700e6\",\"name\":\"admin\",\"image\":{\"@type\":\"ImageObject\",\"inLanguage\":\"en-US\",\"@id\":\"https:\/\/www.prijedordanas.com\/#\/schema\/person\/image\/\",\"url\":\"https:\/\/secure.gravatar.com\/avatar\/1d3fc949d550f0b53a5f0d51e06dfd79?s=96&d=mm&r=g\",\"contentUrl\":\"https:\/\/secure.gravatar.com\/avatar\/1d3fc949d550f0b53a5f0d51e06dfd79?s=96&d=mm&r=g\",\"caption\":\"admin\"},\"url\":\"https:\/\/www.prijedordanas.com\/?author=1\"}]}<\/script>\n<!-- \/ Yoast SEO plugin. -->","yoast_head_json":{"title":"PRIJEDORSKI \u201eSPARTANCI\u201c NA \u201eSOKOL OPENU 2015\u201c U BIJELJINI - PrijedorDanas.com - Prijedorski gradski portal","robots":{"index":"index","follow":"follow","max-snippet":"max-snippet:-1","max-image-preview":"max-image-preview:large","max-video-preview":"max-video-preview:-1"},"canonical":"https:\/\/www.prijedordanas.com\/?p=32134","og_locale":"en_US","og_type":"article","og_title":"PRIJEDORSKI \u201eSPARTANCI\u201c NA \u201eSOKOL OPENU 2015\u201c U BIJELJINI - PrijedorDanas.com - Prijedorski gradski portal","og_description":"\u010clanovi prijedorskog taekwondo kluba \u201eSpartakus\u201c sutra u Bijeljini imaju nastup na me\u0111unarodnom turniru \u201eSokol open 2015\u201c. Radi se o takmi\u010denju koje ima vi\u0161egodi\u0161nju tradiciju i koje okuplja najbolje borce iz [&hellip;]","og_url":"https:\/\/www.prijedordanas.com\/?p=32134","og_site_name":"PrijedorDanas.com - Prijedorski gradski portal","article_publisher":"https:\/\/www.facebook.com\/PrijedorDanasCom\/","article_published_time":"2015-10-30T18:50:16+00:00","article_modified_time":"2015-10-30T18:51:18+00:00","og_image":[{"url":"https:\/\/www.prijedordanas.com\/wp-content\/uploads\/2015\/10\/spartanci-uspjesni-u-hrvatskoj-1-300x224.jpg"}],"author":"admin","twitter_card":"summary_large_image","twitter_misc":{"Written by":"admin","Est. reading time":"1 minute"},"schema":{"@context":"https:\/\/schema.org","@graph":[{"@type":"Article","@id":"https:\/\/www.prijedordanas.com\/?p=32134#article","isPartOf":{"@id":"https:\/\/www.prijedordanas.com\/?p=32134"},"author":{"name":"admin","@id":"https:\/\/www.prijedordanas.com\/#\/schema\/person\/4e08ccf29b506ca916ff86d46bb700e6"},"headline":"PRIJEDORSKI \u201eSPARTANCI\u201c NA \u201eSOKOL OPENU 2015\u201c U BIJELJINI","datePublished":"2015-10-30T18:50:16+00:00","dateModified":"2015-10-30T18:51:18+00:00","mainEntityOfPage":{"@id":"https:\/\/www.prijedordanas.com\/?p=32134"},"wordCount":180,"publisher":{"@id":"https:\/\/www.prijedordanas.com\/#organization"},"keywords":["Bijeljina","Sokol open 2015","Stevica Dronjak","Taekwondo klub \u201eSpartakus\u201c"],"articleSection":["Sport"],"inLanguage":"en-US"},{"@type":"WebPage","@id":"https:\/\/www.prijedordanas.com\/?p=32134","url":"https:\/\/www.prijedordanas.com\/?p=32134","name":"PRIJEDORSKI \u201eSPARTANCI\u201c NA \u201eSOKOL OPENU 2015\u201c U BIJELJINI - PrijedorDanas.com - Prijedorski gradski portal","isPartOf":{"@id":"https:\/\/www.prijedordanas.com\/#website"},"datePublished":"2015-10-30T18:50:16+00:00","dateModified":"2015-10-30T18:51:18+00:00","breadcrumb":{"@id":"https:\/\/www.prijedordanas.com\/?p=32134#breadcrumb"},"inLanguage":"en-US","potentialAction":[{"@type":"ReadAction","target":["https:\/\/www.prijedordanas.com\/?p=32134"]}]},{"@type":"BreadcrumbList","@id":"https:\/\/www.prijedordanas.com\/?p=32134#breadcrumb","itemListElement":[{"@type":"ListItem","position":1,"name":"Home","item":"https:\/\/www.prijedordanas.com\/"},{"@type":"ListItem","position":2,"name":"PRIJEDORSKI \u201eSPARTANCI\u201c NA \u201eSOKOL OPENU 2015\u201c U BIJELJINI"}]},{"@type":"WebSite","@id":"https:\/\/www.prijedordanas.com\/#website","url":"https:\/\/www.prijedordanas.com\/","name":"PrijedorDanas.com - Prijedorski gradski portal","description":"Portal o doga\u0111anjima u gradu Prijedoru","publisher":{"@id":"https:\/\/www.prijedordanas.com\/#organization"},"potentialAction":[{"@type":"SearchAction","target":{"@type":"EntryPoint","urlTemplate":"https:\/\/www.prijedordanas.com\/?s={search_term_string}"},"query-input":"required name=search_term_string"}],"inLanguage":"en-US"},{"@type":"Organization","@id":"https:\/\/www.prijedordanas.com\/#organization","name":"PrijedorDanas.com","url":"https:\/\/www.prijedordanas.com\/","logo":{"@type":"ImageObject","inLanguage":"en-US","@id":"https:\/\/www.prijedordanas.com\/#\/schema\/logo\/image\/","url":"http:\/\/www.prijedordanas.com\/wp-content\/uploads\/2021\/12\/logopng.png","contentUrl":"http:\/\/www.prijedordanas.com\/wp-content\/uploads\/2021\/12\/logopng.png","width":1019,"height":776,"caption":"PrijedorDanas.com"},"image":{"@id":"https:\/\/www.prijedordanas.com\/#\/schema\/logo\/image\/"},"sameAs":["https:\/\/www.facebook.com\/PrijedorDanasCom\/"]},{"@type":"Person","@id":"https:\/\/www.prijedordanas.com\/#\/schema\/person\/4e08ccf29b506ca916ff86d46bb700e6","name":"admin","image":{"@type":"ImageObject","inLanguage":"en-US","@id":"https:\/\/www.prijedordanas.com\/#\/schema\/person\/image\/","url":"https:\/\/secure.gravatar.com\/avatar\/1d3fc949d550f0b53a5f0d51e06dfd79?s=96&d=mm&r=g","contentUrl":"https:\/\/secure.gravatar.com\/avatar\/1d3fc949d550f0b53a5f0d51e06dfd79?s=96&d=mm&r=g","caption":"admin"},"url":"https:\/\/www.prijedordanas.com\/?author=1"}]}},"_links":{"self":[{"href":"https:\/\/www.prijedordanas.com\/index.php?rest_route=\/wp\/v2\/posts\/32134"}],"collection":[{"href":"https:\/\/www.prijedordanas.com\/index.php?rest_route=\/wp\/v2\/posts"}],"about":[{"href":"https:\/\/www.prijedordanas.com\/index.php?rest_route=\/wp\/v2\/types\/post"}],"author":[{"embeddable":true,"href":"https:\/\/www.prijedordanas.com\/index.php?rest_route=\/wp\/v2\/users\/1"}],"replies":[{"embeddable":true,"href":"https:\/\/www.prijedordanas.com\/index.php?rest_route=%2Fwp%2Fv2%2Fcomments&post=32134"}],"version-history":[{"count":2,"href":"https:\/\/www.prijedordanas.com\/index.php?rest_route=\/wp\/v2\/posts\/32134\/revisions"}],"predecessor-version":[{"id":32137,"href":"https:\/\/www.prijedordanas.com\/index.php?rest_route=\/wp\/v2\/posts\/32134\/revisions\/32137"}],"wp:attachment":[{"href":"https:\/\/www.prijedordanas.com\/index.php?rest_route=%2Fwp%2Fv2%2Fmedia&parent=32134"}],"wp:term":[{"taxonomy":"category","embeddable":true,"href":"https:\/\/www.prijedordanas.com\/index.php?rest_route=%2Fwp%2Fv2%2Fcategories&post=32134"},{"taxonomy":"post_tag","embeddable":true,"href":"https:\/\/www.prijedordanas.com\/index.php?rest_route=%2Fwp%2Fv2%2Ftags&post=32134"}],"curies":[{"name":"wp","href":"https:\/\/api.w.org\/{rel}","templated":true}]}}