{"id":31180,"date":"2015-10-16T17:31:15","date_gmt":"2015-10-16T16:31:15","guid":{"rendered":"https:\/\/www.prijedordanas.com\/?p=31180"},"modified":"2015-10-16T17:31:15","modified_gmt":"2015-10-16T16:31:15","slug":"svjedocenje-o-ubistvu-oste-baltica-pronasli-tijelo-u-zapaljenom-automobilu","status":"publish","type":"post","link":"https:\/\/www.prijedordanas.com\/?p=31180","title":{"rendered":"SVJEDO\u010cENJE O UBISTVU OSTE BALTI\u0106A: PRONA\u0160LI TIJELO U ZAPALJENOM AUTOMOBILU"},"content":{"rendered":"<p><a href=\"https:\/\/www.prijedordanas.com\/wp-content\/uploads\/2015\/10\/okruzni-sud-banja-luka-2.jpg\"><img loading=\"lazy\" decoding=\"async\" src=\"https:\/\/www.prijedordanas.com\/wp-content\/uploads\/2015\/10\/okruzni-sud-banja-luka-2-300x134.jpg\" alt=\"okruzni sud banja luka (2)\" width=\"300\" height=\"134\" class=\"alignleft size-medium wp-image-31181\" srcset=\"https:\/\/www.prijedordanas.com\/wp-content\/uploads\/2015\/10\/okruzni-sud-banja-luka-2-300x134.jpg 300w, https:\/\/www.prijedordanas.com\/wp-content\/uploads\/2015\/10\/okruzni-sud-banja-luka-2.jpg 670w\" sizes=\"(max-width: 300px) 100vw, 300px\" \/><\/a>Na su\u0111enju za zlo\u010din po\u010dinjen na podru\u010dju Kozarca, svjedok Tu\u017eila\u0161tva ispri\u010dao je pred Okru\u017enim sudom u Banjaluci kako je prona\u0111eno tijelo ubijenog Oste Balti\u0107a.<\/p>\n<p>Svjedok Ljuban Luki\u0107, koji je radio kao policajac u Kozarcu, kazao je da je Balti\u0107 bio kod njega u kancelariji i da se, 20 minuta nakon \u0161to je oti\u0161ao, \u010dula pucnjava.<\/p>\n<p>\u201cNisam ni\u0161ta slutio jer se tih dana dosta pucalo. Drugi dan kada sam do\u0161ao na posao, zatekao sam Gojka Balti\u0107a, oca od Oste, koji je rekao da mu se sin nije vratio ku\u0107i. Tada je do\u0161ao jedan policajac i rekao da je na putu vidio zapaljenog \u2018fi\u0107u\u2019\u201d, ispri\u010dao je Luki\u0107.<\/p>\n<p>Prema njegovim rije\u010dima, on i dva policajca su tada oti\u0161li do puta i prona\u0161li zapaljeni automobil.<\/p>\n<p>\u201cUnutra smo vidjeli tijelo Ostoje, bilo je u potpunosti izgorjelo. Kasnije sam \u010duo da je Gojko pri\u010dao sa Hamdijom Be\u0161lagi\u0107em i da mu je on priznao da je to uradio\u201d, istakao je Luki\u0107.<\/p>\n<p>On je svjedo\u010dio na su\u0111enju Muhamedu Kusuranu, koji je optu\u017een da je sa Semirom Aluki\u0107em, koji je pravosna\u017eno osu\u0111en, i jo\u0161 nekoliko osoba, 29. avgusta 1992. godine ubio Ostu Balti\u0107a i zapalio ga u automobilu kojim je upravljao.<\/p>\n<p>Kusuranu se na teret stavlja i da je u zaseoku Podgra\u0111e, sa jo\u0161 nekoliko osoba, u\u010destvovao u ubistvu Bo\u017ee In\u0111i\u0107a.<\/p>\n<p>Tu\u017eilac Igor Cime\u0161a pro\u010ditao je iskaze dva svjedoka. Mirsad Ahmet\u010dehaji\u0107, koji nije mogao do\u0107i na su\u0111enje zbog bolesti, naveo je kako je kada je po\u010delo granatiranje Kozarca, pobjegao u \u0161umu s porodicom.<\/p>\n<p>\u201cBio sam u grupi sa jo\u0161 tri mu\u0161karca, i tokom boravka u \u0161umi sretali smo i druge grupe. Tu sam \u010duo da je ubijen Bo\u017eo In\u0111i\u0107, ali ne znam za\u0161to bi ga neko ubio jer je bio dobar \u010dovjek\u201d, rekao je Ahmet\u010dehaji\u0107.<\/p>\n<p>Nastavak su\u0111enja zakazan je za 6. novembar.<\/p>\n<p>BIRN<\/p>\n","protected":false},"excerpt":{"rendered":"<p>Na su\u0111enju za zlo\u010din po\u010dinjen na podru\u010dju Kozarca, svjedok Tu\u017eila\u0161tva ispri\u010dao je pred Okru\u017enim sudom u Banjaluci kako je prona\u0111eno tijelo ubijenog Oste Balti\u0107a. Svjedok Ljuban Luki\u0107, koji je radio [&hellip;]<\/p>\n","protected":false},"author":1,"featured_media":0,"comment_status":"closed","ping_status":"open","sticky":false,"template":"","format":"standard","meta":{"_monsterinsights_skip_tracking":false,"_monsterinsights_sitenote_active":false,"_monsterinsights_sitenote_note":"","_monsterinsights_sitenote_category":0,"footnotes":""},"categories":[5],"tags":[112,3667,3668,5450,249,1002,2031],"yoast_head":"<!-- This site is optimized with the Yoast SEO plugin v21.6 - https:\/\/yoast.com\/wordpress\/plugins\/seo\/ -->\n<title>SVJEDO\u010cENJE O UBISTVU OSTE BALTI\u0106A: PRONA\u0160LI TIJELO U ZAPALJENOM AUTOMOBILU - PrijedorDanas.com - Prijedorski gradski portal<\/title>\n<meta name=\"robots\" content=\"index, follow, max-snippet:-1, max-image-preview:large, max-video-preview:-1\" \/>\n<link rel=\"canonical\" href=\"https:\/\/www.prijedordanas.com\/?p=31180\" \/>\n<meta property=\"og:locale\" content=\"en_US\" \/>\n<meta property=\"og:type\" content=\"article\" \/>\n<meta property=\"og:title\" content=\"SVJEDO\u010cENJE O UBISTVU OSTE BALTI\u0106A: PRONA\u0160LI TIJELO U ZAPALJENOM AUTOMOBILU - PrijedorDanas.com - Prijedorski gradski portal\" \/>\n<meta property=\"og:description\" content=\"Na su\u0111enju za zlo\u010din po\u010dinjen na podru\u010dju Kozarca, svjedok Tu\u017eila\u0161tva ispri\u010dao je pred Okru\u017enim sudom u Banjaluci kako je prona\u0111eno tijelo ubijenog Oste Balti\u0107a. Svjedok Ljuban Luki\u0107, koji je radio [&hellip;]\" \/>\n<meta property=\"og:url\" content=\"https:\/\/www.prijedordanas.com\/?p=31180\" \/>\n<meta property=\"og:site_name\" content=\"PrijedorDanas.com - Prijedorski gradski portal\" \/>\n<meta property=\"article:publisher\" content=\"https:\/\/www.facebook.com\/PrijedorDanasCom\/\" \/>\n<meta property=\"article:published_time\" content=\"2015-10-16T16:31:15+00:00\" \/>\n<meta property=\"og:image\" content=\"https:\/\/www.prijedordanas.com\/wp-content\/uploads\/2015\/10\/okruzni-sud-banja-luka-2-300x134.jpg\" \/>\n<meta name=\"author\" content=\"admin\" \/>\n<meta name=\"twitter:card\" content=\"summary_large_image\" \/>\n<meta name=\"twitter:label1\" content=\"Written by\" \/>\n\t<meta name=\"twitter:data1\" content=\"admin\" \/>\n\t<meta name=\"twitter:label2\" content=\"Est. reading time\" \/>\n\t<meta name=\"twitter:data2\" content=\"2 minutes\" \/>\n<script type=\"application\/ld+json\" class=\"yoast-schema-graph\">{\"@context\":\"https:\/\/schema.org\",\"@graph\":[{\"@type\":\"Article\",\"@id\":\"https:\/\/www.prijedordanas.com\/?p=31180#article\",\"isPartOf\":{\"@id\":\"https:\/\/www.prijedordanas.com\/?p=31180\"},\"author\":{\"name\":\"admin\",\"@id\":\"https:\/\/www.prijedordanas.com\/#\/schema\/person\/4e08ccf29b506ca916ff86d46bb700e6\"},\"headline\":\"SVJEDO\u010cENJE O UBISTVU OSTE BALTI\u0106A: PRONA\u0160LI TIJELO U ZAPALJENOM AUTOMOBILU\",\"datePublished\":\"2015-10-16T16:31:15+00:00\",\"dateModified\":\"2015-10-16T16:31:15+00:00\",\"mainEntityOfPage\":{\"@id\":\"https:\/\/www.prijedordanas.com\/?p=31180\"},\"wordCount\":352,\"publisher\":{\"@id\":\"https:\/\/www.prijedordanas.com\/#organization\"},\"keywords\":[\"Kozarac\",\"Muhamed Kusuran\",\"Okru\u017eni sud Banja Luka\",\"Oste Balti\u0107\",\"su\u0111enje\",\"ubistvo\",\"zlo\u010din\"],\"articleSection\":[\"Hronika\"],\"inLanguage\":\"en-US\"},{\"@type\":\"WebPage\",\"@id\":\"https:\/\/www.prijedordanas.com\/?p=31180\",\"url\":\"https:\/\/www.prijedordanas.com\/?p=31180\",\"name\":\"SVJEDO\u010cENJE O UBISTVU OSTE BALTI\u0106A: PRONA\u0160LI TIJELO U ZAPALJENOM AUTOMOBILU - PrijedorDanas.com - Prijedorski gradski portal\",\"isPartOf\":{\"@id\":\"https:\/\/www.prijedordanas.com\/#website\"},\"datePublished\":\"2015-10-16T16:31:15+00:00\",\"dateModified\":\"2015-10-16T16:31:15+00:00\",\"breadcrumb\":{\"@id\":\"https:\/\/www.prijedordanas.com\/?p=31180#breadcrumb\"},\"inLanguage\":\"en-US\",\"potentialAction\":[{\"@type\":\"ReadAction\",\"target\":[\"https:\/\/www.prijedordanas.com\/?p=31180\"]}]},{\"@type\":\"BreadcrumbList\",\"@id\":\"https:\/\/www.prijedordanas.com\/?p=31180#breadcrumb\",\"itemListElement\":[{\"@type\":\"ListItem\",\"position\":1,\"name\":\"Home\",\"item\":\"https:\/\/www.prijedordanas.com\/\"},{\"@type\":\"ListItem\",\"position\":2,\"name\":\"SVJEDO\u010cENJE O UBISTVU OSTE BALTI\u0106A: PRONA\u0160LI TIJELO U ZAPALJENOM AUTOMOBILU\"}]},{\"@type\":\"WebSite\",\"@id\":\"https:\/\/www.prijedordanas.com\/#website\",\"url\":\"https:\/\/www.prijedordanas.com\/\",\"name\":\"PrijedorDanas.com - Prijedorski gradski portal\",\"description\":\"Portal o doga\u0111anjima u gradu Prijedoru\",\"publisher\":{\"@id\":\"https:\/\/www.prijedordanas.com\/#organization\"},\"potentialAction\":[{\"@type\":\"SearchAction\",\"target\":{\"@type\":\"EntryPoint\",\"urlTemplate\":\"https:\/\/www.prijedordanas.com\/?s={search_term_string}\"},\"query-input\":\"required name=search_term_string\"}],\"inLanguage\":\"en-US\"},{\"@type\":\"Organization\",\"@id\":\"https:\/\/www.prijedordanas.com\/#organization\",\"name\":\"PrijedorDanas.com\",\"url\":\"https:\/\/www.prijedordanas.com\/\",\"logo\":{\"@type\":\"ImageObject\",\"inLanguage\":\"en-US\",\"@id\":\"https:\/\/www.prijedordanas.com\/#\/schema\/logo\/image\/\",\"url\":\"http:\/\/www.prijedordanas.com\/wp-content\/uploads\/2021\/12\/logopng.png\",\"contentUrl\":\"http:\/\/www.prijedordanas.com\/wp-content\/uploads\/2021\/12\/logopng.png\",\"width\":1019,\"height\":776,\"caption\":\"PrijedorDanas.com\"},\"image\":{\"@id\":\"https:\/\/www.prijedordanas.com\/#\/schema\/logo\/image\/\"},\"sameAs\":[\"https:\/\/www.facebook.com\/PrijedorDanasCom\/\"]},{\"@type\":\"Person\",\"@id\":\"https:\/\/www.prijedordanas.com\/#\/schema\/person\/4e08ccf29b506ca916ff86d46bb700e6\",\"name\":\"admin\",\"image\":{\"@type\":\"ImageObject\",\"inLanguage\":\"en-US\",\"@id\":\"https:\/\/www.prijedordanas.com\/#\/schema\/person\/image\/\",\"url\":\"https:\/\/secure.gravatar.com\/avatar\/1d3fc949d550f0b53a5f0d51e06dfd79?s=96&d=mm&r=g\",\"contentUrl\":\"https:\/\/secure.gravatar.com\/avatar\/1d3fc949d550f0b53a5f0d51e06dfd79?s=96&d=mm&r=g\",\"caption\":\"admin\"},\"url\":\"https:\/\/www.prijedordanas.com\/?author=1\"}]}<\/script>\n<!-- \/ Yoast SEO plugin. -->","yoast_head_json":{"title":"SVJEDO\u010cENJE O UBISTVU OSTE BALTI\u0106A: PRONA\u0160LI TIJELO U ZAPALJENOM AUTOMOBILU - PrijedorDanas.com - Prijedorski gradski portal","robots":{"index":"index","follow":"follow","max-snippet":"max-snippet:-1","max-image-preview":"max-image-preview:large","max-video-preview":"max-video-preview:-1"},"canonical":"https:\/\/www.prijedordanas.com\/?p=31180","og_locale":"en_US","og_type":"article","og_title":"SVJEDO\u010cENJE O UBISTVU OSTE BALTI\u0106A: PRONA\u0160LI TIJELO U ZAPALJENOM AUTOMOBILU - PrijedorDanas.com - Prijedorski gradski portal","og_description":"Na su\u0111enju za zlo\u010din po\u010dinjen na podru\u010dju Kozarca, svjedok Tu\u017eila\u0161tva ispri\u010dao je pred Okru\u017enim sudom u Banjaluci kako je prona\u0111eno tijelo ubijenog Oste Balti\u0107a. Svjedok Ljuban Luki\u0107, koji je radio [&hellip;]","og_url":"https:\/\/www.prijedordanas.com\/?p=31180","og_site_name":"PrijedorDanas.com - Prijedorski gradski portal","article_publisher":"https:\/\/www.facebook.com\/PrijedorDanasCom\/","article_published_time":"2015-10-16T16:31:15+00:00","og_image":[{"url":"https:\/\/www.prijedordanas.com\/wp-content\/uploads\/2015\/10\/okruzni-sud-banja-luka-2-300x134.jpg"}],"author":"admin","twitter_card":"summary_large_image","twitter_misc":{"Written by":"admin","Est. reading time":"2 minutes"},"schema":{"@context":"https:\/\/schema.org","@graph":[{"@type":"Article","@id":"https:\/\/www.prijedordanas.com\/?p=31180#article","isPartOf":{"@id":"https:\/\/www.prijedordanas.com\/?p=31180"},"author":{"name":"admin","@id":"https:\/\/www.prijedordanas.com\/#\/schema\/person\/4e08ccf29b506ca916ff86d46bb700e6"},"headline":"SVJEDO\u010cENJE O UBISTVU OSTE BALTI\u0106A: PRONA\u0160LI TIJELO U ZAPALJENOM AUTOMOBILU","datePublished":"2015-10-16T16:31:15+00:00","dateModified":"2015-10-16T16:31:15+00:00","mainEntityOfPage":{"@id":"https:\/\/www.prijedordanas.com\/?p=31180"},"wordCount":352,"publisher":{"@id":"https:\/\/www.prijedordanas.com\/#organization"},"keywords":["Kozarac","Muhamed Kusuran","Okru\u017eni sud Banja Luka","Oste Balti\u0107","su\u0111enje","ubistvo","zlo\u010din"],"articleSection":["Hronika"],"inLanguage":"en-US"},{"@type":"WebPage","@id":"https:\/\/www.prijedordanas.com\/?p=31180","url":"https:\/\/www.prijedordanas.com\/?p=31180","name":"SVJEDO\u010cENJE O UBISTVU OSTE BALTI\u0106A: PRONA\u0160LI TIJELO U ZAPALJENOM AUTOMOBILU - PrijedorDanas.com - Prijedorski gradski portal","isPartOf":{"@id":"https:\/\/www.prijedordanas.com\/#website"},"datePublished":"2015-10-16T16:31:15+00:00","dateModified":"2015-10-16T16:31:15+00:00","breadcrumb":{"@id":"https:\/\/www.prijedordanas.com\/?p=31180#breadcrumb"},"inLanguage":"en-US","potentialAction":[{"@type":"ReadAction","target":["https:\/\/www.prijedordanas.com\/?p=31180"]}]},{"@type":"BreadcrumbList","@id":"https:\/\/www.prijedordanas.com\/?p=31180#breadcrumb","itemListElement":[{"@type":"ListItem","position":1,"name":"Home","item":"https:\/\/www.prijedordanas.com\/"},{"@type":"ListItem","position":2,"name":"SVJEDO\u010cENJE O UBISTVU OSTE BALTI\u0106A: PRONA\u0160LI TIJELO U ZAPALJENOM AUTOMOBILU"}]},{"@type":"WebSite","@id":"https:\/\/www.prijedordanas.com\/#website","url":"https:\/\/www.prijedordanas.com\/","name":"PrijedorDanas.com - Prijedorski gradski portal","description":"Portal o doga\u0111anjima u gradu Prijedoru","publisher":{"@id":"https:\/\/www.prijedordanas.com\/#organization"},"potentialAction":[{"@type":"SearchAction","target":{"@type":"EntryPoint","urlTemplate":"https:\/\/www.prijedordanas.com\/?s={search_term_string}"},"query-input":"required name=search_term_string"}],"inLanguage":"en-US"},{"@type":"Organization","@id":"https:\/\/www.prijedordanas.com\/#organization","name":"PrijedorDanas.com","url":"https:\/\/www.prijedordanas.com\/","logo":{"@type":"ImageObject","inLanguage":"en-US","@id":"https:\/\/www.prijedordanas.com\/#\/schema\/logo\/image\/","url":"http:\/\/www.prijedordanas.com\/wp-content\/uploads\/2021\/12\/logopng.png","contentUrl":"http:\/\/www.prijedordanas.com\/wp-content\/uploads\/2021\/12\/logopng.png","width":1019,"height":776,"caption":"PrijedorDanas.com"},"image":{"@id":"https:\/\/www.prijedordanas.com\/#\/schema\/logo\/image\/"},"sameAs":["https:\/\/www.facebook.com\/PrijedorDanasCom\/"]},{"@type":"Person","@id":"https:\/\/www.prijedordanas.com\/#\/schema\/person\/4e08ccf29b506ca916ff86d46bb700e6","name":"admin","image":{"@type":"ImageObject","inLanguage":"en-US","@id":"https:\/\/www.prijedordanas.com\/#\/schema\/person\/image\/","url":"https:\/\/secure.gravatar.com\/avatar\/1d3fc949d550f0b53a5f0d51e06dfd79?s=96&d=mm&r=g","contentUrl":"https:\/\/secure.gravatar.com\/avatar\/1d3fc949d550f0b53a5f0d51e06dfd79?s=96&d=mm&r=g","caption":"admin"},"url":"https:\/\/www.prijedordanas.com\/?author=1"}]}},"_links":{"self":[{"href":"https:\/\/www.prijedordanas.com\/index.php?rest_route=\/wp\/v2\/posts\/31180"}],"collection":[{"href":"https:\/\/www.prijedordanas.com\/index.php?rest_route=\/wp\/v2\/posts"}],"about":[{"href":"https:\/\/www.prijedordanas.com\/index.php?rest_route=\/wp\/v2\/types\/post"}],"author":[{"embeddable":true,"href":"https:\/\/www.prijedordanas.com\/index.php?rest_route=\/wp\/v2\/users\/1"}],"replies":[{"embeddable":true,"href":"https:\/\/www.prijedordanas.com\/index.php?rest_route=%2Fwp%2Fv2%2Fcomments&post=31180"}],"version-history":[{"count":1,"href":"https:\/\/www.prijedordanas.com\/index.php?rest_route=\/wp\/v2\/posts\/31180\/revisions"}],"predecessor-version":[{"id":31182,"href":"https:\/\/www.prijedordanas.com\/index.php?rest_route=\/wp\/v2\/posts\/31180\/revisions\/31182"}],"wp:attachment":[{"href":"https:\/\/www.prijedordanas.com\/index.php?rest_route=%2Fwp%2Fv2%2Fmedia&parent=31180"}],"wp:term":[{"taxonomy":"category","embeddable":true,"href":"https:\/\/www.prijedordanas.com\/index.php?rest_route=%2Fwp%2Fv2%2Fcategories&post=31180"},{"taxonomy":"post_tag","embeddable":true,"href":"https:\/\/www.prijedordanas.com\/index.php?rest_route=%2Fwp%2Fv2%2Ftags&post=31180"}],"curies":[{"name":"wp","href":"https:\/\/api.w.org\/{rel}","templated":true}]}}