{"id":31149,"date":"2015-10-16T13:28:41","date_gmt":"2015-10-16T12:28:41","guid":{"rendered":"https:\/\/www.prijedordanas.com\/?p=31149"},"modified":"2015-10-16T13:28:41","modified_gmt":"2015-10-16T12:28:41","slug":"izvidacka-obuka-za-prosvjetne-radnike","status":"publish","type":"post","link":"https:\/\/www.prijedordanas.com\/?p=31149","title":{"rendered":"IZVI\u0110A\u010cKA OBUKA ZA PROSVJETNE RADNIKE"},"content":{"rendered":"<p><a href=\"https:\/\/www.prijedordanas.com\/wp-content\/uploads\/2015\/10\/izvidjacka-obuka-prosvjetni-radnici-1.jpg\"><img loading=\"lazy\" decoding=\"async\" src=\"https:\/\/www.prijedordanas.com\/wp-content\/uploads\/2015\/10\/izvidjacka-obuka-prosvjetni-radnici-1-300x169.jpg\" alt=\"izvidjacka obuka prosvjetni radnici (1)\" width=\"300\" height=\"169\" class=\"alignleft size-medium wp-image-31150\" srcset=\"https:\/\/www.prijedordanas.com\/wp-content\/uploads\/2015\/10\/izvidjacka-obuka-prosvjetni-radnici-1-300x169.jpg 300w, https:\/\/www.prijedordanas.com\/wp-content\/uploads\/2015\/10\/izvidjacka-obuka-prosvjetni-radnici-1.jpg 600w\" sizes=\"(max-width: 300px) 100vw, 300px\" \/><\/a>Odred izvi\u0111a\u010da &#8220;Doktor Mladen Stojanovi\u0107&#8221; iz Prijedora na Kozari je okupio prosvjetne radnike iz 14 lokalnih zajednica u BiH koje \u0107e obu\u010diti kako da pru\u017ee podr\u0161ku izvi\u0111a\u010dkim organizacijama.<\/p>\n<p>Cilj \u010detvorodnevnog seminara je edukacija prosvjetnih radnika za rad i pru\u017eanje pomo\u0107i u radu izvi\u0111a\u010dkih organizacija u \u0161kolama u kojima rade, ali i sredinama iz kojih dolaze, saop\u0161teno je danas iz Odreda. <\/p>\n<p>U radu skupa u\u010destvuju prosvjetni radnici iz Kozarske Dubice, Banjaluke, Sarajeva, Br\u010dkog, Trebinja, Zenice, Nemile, Gra\u010danice, Banovi\u0107a, Tuzle, Visokog, Te\u0161nja, Tesli\u0107a i Prijedora. <\/p>\n<p>Obuka se odvija u organizaciji Saveza izvi\u0111a\u010da u BiH i uz finasijsku podr\u0161ku Svjetske skautske fondacije &#8220;Glasnici mira&#8221;. <\/p>\n<p>Tekst \u2013 SRNA<br \/>\nFoto \u2013 Odred izvi\u0111a\u010da &#8220;Dr Mladen Stojanovi\u0107&#8221; Prijedor<\/p>\n<p><a href=\"https:\/\/www.prijedordanas.com\/wp-content\/uploads\/2015\/10\/izvidjacka-obuka-prosvjetni-radnici-2.jpg\"><img loading=\"lazy\" decoding=\"async\" src=\"https:\/\/www.prijedordanas.com\/wp-content\/uploads\/2015\/10\/izvidjacka-obuka-prosvjetni-radnici-2-300x169.jpg\" alt=\"izvidjacka obuka prosvjetni radnici (2)\" width=\"300\" height=\"169\" class=\"alignleft size-medium wp-image-31151\" srcset=\"https:\/\/www.prijedordanas.com\/wp-content\/uploads\/2015\/10\/izvidjacka-obuka-prosvjetni-radnici-2-300x169.jpg 300w, https:\/\/www.prijedordanas.com\/wp-content\/uploads\/2015\/10\/izvidjacka-obuka-prosvjetni-radnici-2.jpg 600w\" sizes=\"(max-width: 300px) 100vw, 300px\" \/><\/a> <a href=\"https:\/\/www.prijedordanas.com\/wp-content\/uploads\/2015\/10\/izvidjacka-obuka-prosvjetni-radnici-3.jpg\"><img loading=\"lazy\" decoding=\"async\" src=\"https:\/\/www.prijedordanas.com\/wp-content\/uploads\/2015\/10\/izvidjacka-obuka-prosvjetni-radnici-3-300x169.jpg\" alt=\"izvidjacka obuka prosvjetni radnici (3)\" width=\"300\" height=\"169\" class=\"alignleft size-medium wp-image-31152\" srcset=\"https:\/\/www.prijedordanas.com\/wp-content\/uploads\/2015\/10\/izvidjacka-obuka-prosvjetni-radnici-3-300x169.jpg 300w, https:\/\/www.prijedordanas.com\/wp-content\/uploads\/2015\/10\/izvidjacka-obuka-prosvjetni-radnici-3.jpg 600w\" sizes=\"(max-width: 300px) 100vw, 300px\" \/><\/a><\/p>\n","protected":false},"excerpt":{"rendered":"<p>Odred izvi\u0111a\u010da &#8220;Doktor Mladen Stojanovi\u0107&#8221; iz Prijedora na Kozari je okupio prosvjetne radnike iz 14 lokalnih zajednica u BiH koje \u0107e obu\u010diti kako da pru\u017ee podr\u0161ku izvi\u0111a\u010dkim organizacijama. Cilj \u010detvorodnevnog [&hellip;]<\/p>\n","protected":false},"author":1,"featured_media":0,"comment_status":"closed","ping_status":"open","sticky":false,"template":"","format":"standard","meta":{"_monsterinsights_skip_tracking":false,"_monsterinsights_sitenote_active":false,"_monsterinsights_sitenote_note":"","_monsterinsights_sitenote_category":0,"footnotes":""},"categories":[8],"tags":[5443,427,3629,743],"yoast_head":"<!-- This site is optimized with the Yoast SEO plugin v21.6 - https:\/\/yoast.com\/wordpress\/plugins\/seo\/ -->\n<title>IZVI\u0110A\u010cKA OBUKA ZA PROSVJETNE RADNIKE - PrijedorDanas.com - Prijedorski gradski portal<\/title>\n<meta name=\"robots\" content=\"index, follow, max-snippet:-1, max-image-preview:large, max-video-preview:-1\" \/>\n<link rel=\"canonical\" href=\"https:\/\/www.prijedordanas.com\/?p=31149\" \/>\n<meta property=\"og:locale\" content=\"en_US\" \/>\n<meta property=\"og:type\" content=\"article\" \/>\n<meta property=\"og:title\" content=\"IZVI\u0110A\u010cKA OBUKA ZA PROSVJETNE RADNIKE - PrijedorDanas.com - Prijedorski gradski portal\" \/>\n<meta property=\"og:description\" content=\"Odred izvi\u0111a\u010da &#8220;Doktor Mladen Stojanovi\u0107&#8221; iz Prijedora na Kozari je okupio prosvjetne radnike iz 14 lokalnih zajednica u BiH koje \u0107e obu\u010diti kako da pru\u017ee podr\u0161ku izvi\u0111a\u010dkim organizacijama. Cilj \u010detvorodnevnog [&hellip;]\" \/>\n<meta property=\"og:url\" content=\"https:\/\/www.prijedordanas.com\/?p=31149\" \/>\n<meta property=\"og:site_name\" content=\"PrijedorDanas.com - Prijedorski gradski portal\" \/>\n<meta property=\"article:publisher\" content=\"https:\/\/www.facebook.com\/PrijedorDanasCom\/\" \/>\n<meta property=\"article:published_time\" content=\"2015-10-16T12:28:41+00:00\" \/>\n<meta property=\"og:image\" content=\"https:\/\/www.prijedordanas.com\/wp-content\/uploads\/2015\/10\/izvidjacka-obuka-prosvjetni-radnici-1-300x169.jpg\" \/>\n<meta name=\"author\" content=\"admin\" \/>\n<meta name=\"twitter:card\" content=\"summary_large_image\" \/>\n<meta name=\"twitter:label1\" content=\"Written by\" \/>\n\t<meta name=\"twitter:data1\" content=\"admin\" \/>\n\t<meta name=\"twitter:label2\" content=\"Est. reading time\" \/>\n\t<meta name=\"twitter:data2\" content=\"1 minute\" \/>\n<script type=\"application\/ld+json\" class=\"yoast-schema-graph\">{\"@context\":\"https:\/\/schema.org\",\"@graph\":[{\"@type\":\"Article\",\"@id\":\"https:\/\/www.prijedordanas.com\/?p=31149#article\",\"isPartOf\":{\"@id\":\"https:\/\/www.prijedordanas.com\/?p=31149\"},\"author\":{\"name\":\"admin\",\"@id\":\"https:\/\/www.prijedordanas.com\/#\/schema\/person\/4e08ccf29b506ca916ff86d46bb700e6\"},\"headline\":\"IZVI\u0110A\u010cKA OBUKA ZA PROSVJETNE RADNIKE\",\"datePublished\":\"2015-10-16T12:28:41+00:00\",\"dateModified\":\"2015-10-16T12:28:41+00:00\",\"mainEntityOfPage\":{\"@id\":\"https:\/\/www.prijedordanas.com\/?p=31149\"},\"wordCount\":139,\"publisher\":{\"@id\":\"https:\/\/www.prijedordanas.com\/#organization\"},\"keywords\":[\"izvi\u0111a\u010dka obuka\",\"Kozara\",\"Odred izvi\u0111a\u010da \\\"Dr Mladen Stojanovi\u0107\\\" Prijedor\",\"prosvjetni radnici\"],\"articleSection\":[\"Svakodnevno\"],\"inLanguage\":\"en-US\"},{\"@type\":\"WebPage\",\"@id\":\"https:\/\/www.prijedordanas.com\/?p=31149\",\"url\":\"https:\/\/www.prijedordanas.com\/?p=31149\",\"name\":\"IZVI\u0110A\u010cKA OBUKA ZA PROSVJETNE RADNIKE - PrijedorDanas.com - Prijedorski gradski portal\",\"isPartOf\":{\"@id\":\"https:\/\/www.prijedordanas.com\/#website\"},\"datePublished\":\"2015-10-16T12:28:41+00:00\",\"dateModified\":\"2015-10-16T12:28:41+00:00\",\"breadcrumb\":{\"@id\":\"https:\/\/www.prijedordanas.com\/?p=31149#breadcrumb\"},\"inLanguage\":\"en-US\",\"potentialAction\":[{\"@type\":\"ReadAction\",\"target\":[\"https:\/\/www.prijedordanas.com\/?p=31149\"]}]},{\"@type\":\"BreadcrumbList\",\"@id\":\"https:\/\/www.prijedordanas.com\/?p=31149#breadcrumb\",\"itemListElement\":[{\"@type\":\"ListItem\",\"position\":1,\"name\":\"Home\",\"item\":\"https:\/\/www.prijedordanas.com\/\"},{\"@type\":\"ListItem\",\"position\":2,\"name\":\"IZVI\u0110A\u010cKA OBUKA ZA PROSVJETNE RADNIKE\"}]},{\"@type\":\"WebSite\",\"@id\":\"https:\/\/www.prijedordanas.com\/#website\",\"url\":\"https:\/\/www.prijedordanas.com\/\",\"name\":\"PrijedorDanas.com - Prijedorski gradski portal\",\"description\":\"Portal o doga\u0111anjima u gradu Prijedoru\",\"publisher\":{\"@id\":\"https:\/\/www.prijedordanas.com\/#organization\"},\"potentialAction\":[{\"@type\":\"SearchAction\",\"target\":{\"@type\":\"EntryPoint\",\"urlTemplate\":\"https:\/\/www.prijedordanas.com\/?s={search_term_string}\"},\"query-input\":\"required name=search_term_string\"}],\"inLanguage\":\"en-US\"},{\"@type\":\"Organization\",\"@id\":\"https:\/\/www.prijedordanas.com\/#organization\",\"name\":\"PrijedorDanas.com\",\"url\":\"https:\/\/www.prijedordanas.com\/\",\"logo\":{\"@type\":\"ImageObject\",\"inLanguage\":\"en-US\",\"@id\":\"https:\/\/www.prijedordanas.com\/#\/schema\/logo\/image\/\",\"url\":\"http:\/\/www.prijedordanas.com\/wp-content\/uploads\/2021\/12\/logopng.png\",\"contentUrl\":\"http:\/\/www.prijedordanas.com\/wp-content\/uploads\/2021\/12\/logopng.png\",\"width\":1019,\"height\":776,\"caption\":\"PrijedorDanas.com\"},\"image\":{\"@id\":\"https:\/\/www.prijedordanas.com\/#\/schema\/logo\/image\/\"},\"sameAs\":[\"https:\/\/www.facebook.com\/PrijedorDanasCom\/\"]},{\"@type\":\"Person\",\"@id\":\"https:\/\/www.prijedordanas.com\/#\/schema\/person\/4e08ccf29b506ca916ff86d46bb700e6\",\"name\":\"admin\",\"image\":{\"@type\":\"ImageObject\",\"inLanguage\":\"en-US\",\"@id\":\"https:\/\/www.prijedordanas.com\/#\/schema\/person\/image\/\",\"url\":\"https:\/\/secure.gravatar.com\/avatar\/1d3fc949d550f0b53a5f0d51e06dfd79?s=96&d=mm&r=g\",\"contentUrl\":\"https:\/\/secure.gravatar.com\/avatar\/1d3fc949d550f0b53a5f0d51e06dfd79?s=96&d=mm&r=g\",\"caption\":\"admin\"},\"url\":\"https:\/\/www.prijedordanas.com\/?author=1\"}]}<\/script>\n<!-- \/ Yoast SEO plugin. -->","yoast_head_json":{"title":"IZVI\u0110A\u010cKA OBUKA ZA PROSVJETNE RADNIKE - PrijedorDanas.com - Prijedorski gradski portal","robots":{"index":"index","follow":"follow","max-snippet":"max-snippet:-1","max-image-preview":"max-image-preview:large","max-video-preview":"max-video-preview:-1"},"canonical":"https:\/\/www.prijedordanas.com\/?p=31149","og_locale":"en_US","og_type":"article","og_title":"IZVI\u0110A\u010cKA OBUKA ZA PROSVJETNE RADNIKE - PrijedorDanas.com - Prijedorski gradski portal","og_description":"Odred izvi\u0111a\u010da &#8220;Doktor Mladen Stojanovi\u0107&#8221; iz Prijedora na Kozari je okupio prosvjetne radnike iz 14 lokalnih zajednica u BiH koje \u0107e obu\u010diti kako da pru\u017ee podr\u0161ku izvi\u0111a\u010dkim organizacijama. Cilj \u010detvorodnevnog [&hellip;]","og_url":"https:\/\/www.prijedordanas.com\/?p=31149","og_site_name":"PrijedorDanas.com - Prijedorski gradski portal","article_publisher":"https:\/\/www.facebook.com\/PrijedorDanasCom\/","article_published_time":"2015-10-16T12:28:41+00:00","og_image":[{"url":"https:\/\/www.prijedordanas.com\/wp-content\/uploads\/2015\/10\/izvidjacka-obuka-prosvjetni-radnici-1-300x169.jpg"}],"author":"admin","twitter_card":"summary_large_image","twitter_misc":{"Written by":"admin","Est. reading time":"1 minute"},"schema":{"@context":"https:\/\/schema.org","@graph":[{"@type":"Article","@id":"https:\/\/www.prijedordanas.com\/?p=31149#article","isPartOf":{"@id":"https:\/\/www.prijedordanas.com\/?p=31149"},"author":{"name":"admin","@id":"https:\/\/www.prijedordanas.com\/#\/schema\/person\/4e08ccf29b506ca916ff86d46bb700e6"},"headline":"IZVI\u0110A\u010cKA OBUKA ZA PROSVJETNE RADNIKE","datePublished":"2015-10-16T12:28:41+00:00","dateModified":"2015-10-16T12:28:41+00:00","mainEntityOfPage":{"@id":"https:\/\/www.prijedordanas.com\/?p=31149"},"wordCount":139,"publisher":{"@id":"https:\/\/www.prijedordanas.com\/#organization"},"keywords":["izvi\u0111a\u010dka obuka","Kozara","Odred izvi\u0111a\u010da \"Dr Mladen Stojanovi\u0107\" Prijedor","prosvjetni radnici"],"articleSection":["Svakodnevno"],"inLanguage":"en-US"},{"@type":"WebPage","@id":"https:\/\/www.prijedordanas.com\/?p=31149","url":"https:\/\/www.prijedordanas.com\/?p=31149","name":"IZVI\u0110A\u010cKA OBUKA ZA PROSVJETNE RADNIKE - PrijedorDanas.com - Prijedorski gradski portal","isPartOf":{"@id":"https:\/\/www.prijedordanas.com\/#website"},"datePublished":"2015-10-16T12:28:41+00:00","dateModified":"2015-10-16T12:28:41+00:00","breadcrumb":{"@id":"https:\/\/www.prijedordanas.com\/?p=31149#breadcrumb"},"inLanguage":"en-US","potentialAction":[{"@type":"ReadAction","target":["https:\/\/www.prijedordanas.com\/?p=31149"]}]},{"@type":"BreadcrumbList","@id":"https:\/\/www.prijedordanas.com\/?p=31149#breadcrumb","itemListElement":[{"@type":"ListItem","position":1,"name":"Home","item":"https:\/\/www.prijedordanas.com\/"},{"@type":"ListItem","position":2,"name":"IZVI\u0110A\u010cKA OBUKA ZA PROSVJETNE RADNIKE"}]},{"@type":"WebSite","@id":"https:\/\/www.prijedordanas.com\/#website","url":"https:\/\/www.prijedordanas.com\/","name":"PrijedorDanas.com - Prijedorski gradski portal","description":"Portal o doga\u0111anjima u gradu Prijedoru","publisher":{"@id":"https:\/\/www.prijedordanas.com\/#organization"},"potentialAction":[{"@type":"SearchAction","target":{"@type":"EntryPoint","urlTemplate":"https:\/\/www.prijedordanas.com\/?s={search_term_string}"},"query-input":"required name=search_term_string"}],"inLanguage":"en-US"},{"@type":"Organization","@id":"https:\/\/www.prijedordanas.com\/#organization","name":"PrijedorDanas.com","url":"https:\/\/www.prijedordanas.com\/","logo":{"@type":"ImageObject","inLanguage":"en-US","@id":"https:\/\/www.prijedordanas.com\/#\/schema\/logo\/image\/","url":"http:\/\/www.prijedordanas.com\/wp-content\/uploads\/2021\/12\/logopng.png","contentUrl":"http:\/\/www.prijedordanas.com\/wp-content\/uploads\/2021\/12\/logopng.png","width":1019,"height":776,"caption":"PrijedorDanas.com"},"image":{"@id":"https:\/\/www.prijedordanas.com\/#\/schema\/logo\/image\/"},"sameAs":["https:\/\/www.facebook.com\/PrijedorDanasCom\/"]},{"@type":"Person","@id":"https:\/\/www.prijedordanas.com\/#\/schema\/person\/4e08ccf29b506ca916ff86d46bb700e6","name":"admin","image":{"@type":"ImageObject","inLanguage":"en-US","@id":"https:\/\/www.prijedordanas.com\/#\/schema\/person\/image\/","url":"https:\/\/secure.gravatar.com\/avatar\/1d3fc949d550f0b53a5f0d51e06dfd79?s=96&d=mm&r=g","contentUrl":"https:\/\/secure.gravatar.com\/avatar\/1d3fc949d550f0b53a5f0d51e06dfd79?s=96&d=mm&r=g","caption":"admin"},"url":"https:\/\/www.prijedordanas.com\/?author=1"}]}},"_links":{"self":[{"href":"https:\/\/www.prijedordanas.com\/index.php?rest_route=\/wp\/v2\/posts\/31149"}],"collection":[{"href":"https:\/\/www.prijedordanas.com\/index.php?rest_route=\/wp\/v2\/posts"}],"about":[{"href":"https:\/\/www.prijedordanas.com\/index.php?rest_route=\/wp\/v2\/types\/post"}],"author":[{"embeddable":true,"href":"https:\/\/www.prijedordanas.com\/index.php?rest_route=\/wp\/v2\/users\/1"}],"replies":[{"embeddable":true,"href":"https:\/\/www.prijedordanas.com\/index.php?rest_route=%2Fwp%2Fv2%2Fcomments&post=31149"}],"version-history":[{"count":1,"href":"https:\/\/www.prijedordanas.com\/index.php?rest_route=\/wp\/v2\/posts\/31149\/revisions"}],"predecessor-version":[{"id":31153,"href":"https:\/\/www.prijedordanas.com\/index.php?rest_route=\/wp\/v2\/posts\/31149\/revisions\/31153"}],"wp:attachment":[{"href":"https:\/\/www.prijedordanas.com\/index.php?rest_route=%2Fwp%2Fv2%2Fmedia&parent=31149"}],"wp:term":[{"taxonomy":"category","embeddable":true,"href":"https:\/\/www.prijedordanas.com\/index.php?rest_route=%2Fwp%2Fv2%2Fcategories&post=31149"},{"taxonomy":"post_tag","embeddable":true,"href":"https:\/\/www.prijedordanas.com\/index.php?rest_route=%2Fwp%2Fv2%2Ftags&post=31149"}],"curies":[{"name":"wp","href":"https:\/\/api.w.org\/{rel}","templated":true}]}}