{"id":30797,"date":"2015-10-11T13:20:38","date_gmt":"2015-10-11T12:20:38","guid":{"rendered":"https:\/\/www.prijedordanas.com\/?p=30797"},"modified":"2015-10-14T12:37:36","modified_gmt":"2015-10-14T11:37:36","slug":"rudar-prijedor-se-priprema-za-radnik-prijateljski-susret-u-brodu","status":"publish","type":"post","link":"https:\/\/www.prijedordanas.com\/?p=30797","title":{"rendered":"RUDAR-PRIJEDOR SE PRIPREMA ZA RADNIK: PRIJATELJSKI SUSRET U BRODU"},"content":{"rendered":"<p><a href=\"https:\/\/www.prijedordanas.com\/wp-content\/uploads\/2015\/10\/rudar-prijedor-pripreme-pred-radnik.jpg\"><img loading=\"lazy\" decoding=\"async\" src=\"https:\/\/www.prijedordanas.com\/wp-content\/uploads\/2015\/10\/rudar-prijedor-pripreme-pred-radnik-300x185.jpg\" alt=\"rudar prijedor-pripreme pred radnik\" width=\"300\" height=\"185\" class=\"alignleft size-medium wp-image-30798\" srcset=\"https:\/\/www.prijedordanas.com\/wp-content\/uploads\/2015\/10\/rudar-prijedor-pripreme-pred-radnik-300x185.jpg 300w, https:\/\/www.prijedordanas.com\/wp-content\/uploads\/2015\/10\/rudar-prijedor-pripreme-pred-radnik.jpg 600w\" sizes=\"(max-width: 300px) 100vw, 300px\" \/><\/a>Pauzu u prvenstvu Premijer lige BiH fudbaleri Rudar-Prijedora koriste da bi se \u0161to bolje pripremili za utakmicu protiv bijeljinskog Radnika. <\/p>\n<p>U utorak od 15 \u010dasova u Brodu \u0107e odmjeriti snage protiv drugoliga\u0161a Lije\u0161\u0107a u prijateljskom susretu u okviru manifestacija povodom obilje\u017eavanja Dana oslobo\u0111enja grada (7.oktobar) u posljednjem ratu.<\/p>\n<p>-Trenirali smo dva puta dnevno. Znamo koliko vrijede Bijeljinci, ali je najva\u017enije da shvatimo, \u0161to su potvrdili mnogi dosada\u0161nji rezultati, da od jedne utakmice ni\u0161ta ne zna\u010di. Ne mogu se unaprijed \u201eupisivati\u201c pobjede i bodovi, kada se, mo\u017eda, i o\u010dekuju, ve\u0107 raditi i samo se tako mo\u017ee do kona\u010dnog \u017eeljenog cilja, a to je opstanak &#8211; naglasio je \u0161ef stru\u010dnog \u0161taba \u201erudara sa Sane\u201c Boris Gavran.    <\/p>\n<p>Tekst i foto \u2013 Nenad \u0110eri\u0107\/Aleksandar Drakuli\u0107 \u2013 <a href=\"www.prijedordanas.com\" target=\"_blank\">www.prijedordanas.com<\/a><\/p>\n","protected":false},"excerpt":{"rendered":"<p>Pauzu u prvenstvu Premijer lige BiH fudbaleri Rudar-Prijedora koriste da bi se \u0161to bolje pripremili za utakmicu protiv bijeljinskog Radnika. U utorak od 15 \u010dasova u Brodu \u0107e odmjeriti snage [&hellip;]<\/p>\n","protected":false},"author":1,"featured_media":0,"comment_status":"closed","ping_status":"open","sticky":false,"template":"","format":"standard","meta":{"_monsterinsights_skip_tracking":false,"_monsterinsights_sitenote_active":false,"_monsterinsights_sitenote_note":"","_monsterinsights_sitenote_category":0,"footnotes":""},"categories":[7],"tags":[5349,5350,4473,201,1250,221],"yoast_head":"<!-- This site is optimized with the Yoast SEO plugin v21.6 - https:\/\/yoast.com\/wordpress\/plugins\/seo\/ -->\n<title>RUDAR-PRIJEDOR SE PRIPREMA ZA RADNIK: PRIJATELJSKI SUSRET U BRODU - PrijedorDanas.com - Prijedorski gradski portal<\/title>\n<meta name=\"robots\" content=\"index, follow, max-snippet:-1, max-image-preview:large, max-video-preview:-1\" \/>\n<link rel=\"canonical\" href=\"https:\/\/www.prijedordanas.com\/?p=30797\" \/>\n<meta property=\"og:locale\" content=\"en_US\" \/>\n<meta property=\"og:type\" content=\"article\" \/>\n<meta property=\"og:title\" content=\"RUDAR-PRIJEDOR SE PRIPREMA ZA RADNIK: PRIJATELJSKI SUSRET U BRODU - PrijedorDanas.com - Prijedorski gradski portal\" \/>\n<meta property=\"og:description\" content=\"Pauzu u prvenstvu Premijer lige BiH fudbaleri Rudar-Prijedora koriste da bi se \u0161to bolje pripremili za utakmicu protiv bijeljinskog Radnika. U utorak od 15 \u010dasova u Brodu \u0107e odmjeriti snage [&hellip;]\" \/>\n<meta property=\"og:url\" content=\"https:\/\/www.prijedordanas.com\/?p=30797\" \/>\n<meta property=\"og:site_name\" content=\"PrijedorDanas.com - Prijedorski gradski portal\" \/>\n<meta property=\"article:publisher\" content=\"https:\/\/www.facebook.com\/PrijedorDanasCom\/\" \/>\n<meta property=\"article:published_time\" content=\"2015-10-11T12:20:38+00:00\" \/>\n<meta property=\"article:modified_time\" content=\"2015-10-14T11:37:36+00:00\" \/>\n<meta property=\"og:image\" content=\"https:\/\/www.prijedordanas.com\/wp-content\/uploads\/2015\/10\/rudar-prijedor-pripreme-pred-radnik-300x185.jpg\" \/>\n<meta name=\"author\" content=\"admin\" \/>\n<meta name=\"twitter:card\" content=\"summary_large_image\" \/>\n<meta name=\"twitter:label1\" content=\"Written by\" \/>\n\t<meta name=\"twitter:data1\" content=\"admin\" \/>\n\t<meta name=\"twitter:label2\" content=\"Est. reading time\" \/>\n\t<meta name=\"twitter:data2\" content=\"1 minute\" \/>\n<script type=\"application\/ld+json\" class=\"yoast-schema-graph\">{\"@context\":\"https:\/\/schema.org\",\"@graph\":[{\"@type\":\"Article\",\"@id\":\"https:\/\/www.prijedordanas.com\/?p=30797#article\",\"isPartOf\":{\"@id\":\"https:\/\/www.prijedordanas.com\/?p=30797\"},\"author\":{\"name\":\"admin\",\"@id\":\"https:\/\/www.prijedordanas.com\/#\/schema\/person\/4e08ccf29b506ca916ff86d46bb700e6\"},\"headline\":\"RUDAR-PRIJEDOR SE PRIPREMA ZA RADNIK: PRIJATELJSKI SUSRET U BRODU\",\"datePublished\":\"2015-10-11T12:20:38+00:00\",\"dateModified\":\"2015-10-14T11:37:36+00:00\",\"mainEntityOfPage\":{\"@id\":\"https:\/\/www.prijedordanas.com\/?p=30797\"},\"wordCount\":145,\"publisher\":{\"@id\":\"https:\/\/www.prijedordanas.com\/#organization\"},\"keywords\":[\"Brod\",\"Polet\",\"prijateljski susret\",\"pripreme\",\"Radnik\",\"Rudar-Prijedor\"],\"articleSection\":[\"Sport\"],\"inLanguage\":\"en-US\"},{\"@type\":\"WebPage\",\"@id\":\"https:\/\/www.prijedordanas.com\/?p=30797\",\"url\":\"https:\/\/www.prijedordanas.com\/?p=30797\",\"name\":\"RUDAR-PRIJEDOR SE PRIPREMA ZA RADNIK: PRIJATELJSKI SUSRET U BRODU - PrijedorDanas.com - Prijedorski gradski portal\",\"isPartOf\":{\"@id\":\"https:\/\/www.prijedordanas.com\/#website\"},\"datePublished\":\"2015-10-11T12:20:38+00:00\",\"dateModified\":\"2015-10-14T11:37:36+00:00\",\"breadcrumb\":{\"@id\":\"https:\/\/www.prijedordanas.com\/?p=30797#breadcrumb\"},\"inLanguage\":\"en-US\",\"potentialAction\":[{\"@type\":\"ReadAction\",\"target\":[\"https:\/\/www.prijedordanas.com\/?p=30797\"]}]},{\"@type\":\"BreadcrumbList\",\"@id\":\"https:\/\/www.prijedordanas.com\/?p=30797#breadcrumb\",\"itemListElement\":[{\"@type\":\"ListItem\",\"position\":1,\"name\":\"Home\",\"item\":\"https:\/\/www.prijedordanas.com\/\"},{\"@type\":\"ListItem\",\"position\":2,\"name\":\"RUDAR-PRIJEDOR SE PRIPREMA ZA RADNIK: PRIJATELJSKI SUSRET U BRODU\"}]},{\"@type\":\"WebSite\",\"@id\":\"https:\/\/www.prijedordanas.com\/#website\",\"url\":\"https:\/\/www.prijedordanas.com\/\",\"name\":\"PrijedorDanas.com - Prijedorski gradski portal\",\"description\":\"Portal o doga\u0111anjima u gradu Prijedoru\",\"publisher\":{\"@id\":\"https:\/\/www.prijedordanas.com\/#organization\"},\"potentialAction\":[{\"@type\":\"SearchAction\",\"target\":{\"@type\":\"EntryPoint\",\"urlTemplate\":\"https:\/\/www.prijedordanas.com\/?s={search_term_string}\"},\"query-input\":\"required name=search_term_string\"}],\"inLanguage\":\"en-US\"},{\"@type\":\"Organization\",\"@id\":\"https:\/\/www.prijedordanas.com\/#organization\",\"name\":\"PrijedorDanas.com\",\"url\":\"https:\/\/www.prijedordanas.com\/\",\"logo\":{\"@type\":\"ImageObject\",\"inLanguage\":\"en-US\",\"@id\":\"https:\/\/www.prijedordanas.com\/#\/schema\/logo\/image\/\",\"url\":\"http:\/\/www.prijedordanas.com\/wp-content\/uploads\/2021\/12\/logopng.png\",\"contentUrl\":\"http:\/\/www.prijedordanas.com\/wp-content\/uploads\/2021\/12\/logopng.png\",\"width\":1019,\"height\":776,\"caption\":\"PrijedorDanas.com\"},\"image\":{\"@id\":\"https:\/\/www.prijedordanas.com\/#\/schema\/logo\/image\/\"},\"sameAs\":[\"https:\/\/www.facebook.com\/PrijedorDanasCom\/\"]},{\"@type\":\"Person\",\"@id\":\"https:\/\/www.prijedordanas.com\/#\/schema\/person\/4e08ccf29b506ca916ff86d46bb700e6\",\"name\":\"admin\",\"image\":{\"@type\":\"ImageObject\",\"inLanguage\":\"en-US\",\"@id\":\"https:\/\/www.prijedordanas.com\/#\/schema\/person\/image\/\",\"url\":\"https:\/\/secure.gravatar.com\/avatar\/1d3fc949d550f0b53a5f0d51e06dfd79?s=96&d=mm&r=g\",\"contentUrl\":\"https:\/\/secure.gravatar.com\/avatar\/1d3fc949d550f0b53a5f0d51e06dfd79?s=96&d=mm&r=g\",\"caption\":\"admin\"},\"url\":\"https:\/\/www.prijedordanas.com\/?author=1\"}]}<\/script>\n<!-- \/ Yoast SEO plugin. -->","yoast_head_json":{"title":"RUDAR-PRIJEDOR SE PRIPREMA ZA RADNIK: PRIJATELJSKI SUSRET U BRODU - PrijedorDanas.com - Prijedorski gradski portal","robots":{"index":"index","follow":"follow","max-snippet":"max-snippet:-1","max-image-preview":"max-image-preview:large","max-video-preview":"max-video-preview:-1"},"canonical":"https:\/\/www.prijedordanas.com\/?p=30797","og_locale":"en_US","og_type":"article","og_title":"RUDAR-PRIJEDOR SE PRIPREMA ZA RADNIK: PRIJATELJSKI SUSRET U BRODU - PrijedorDanas.com - Prijedorski gradski portal","og_description":"Pauzu u prvenstvu Premijer lige BiH fudbaleri Rudar-Prijedora koriste da bi se \u0161to bolje pripremili za utakmicu protiv bijeljinskog Radnika. U utorak od 15 \u010dasova u Brodu \u0107e odmjeriti snage [&hellip;]","og_url":"https:\/\/www.prijedordanas.com\/?p=30797","og_site_name":"PrijedorDanas.com - Prijedorski gradski portal","article_publisher":"https:\/\/www.facebook.com\/PrijedorDanasCom\/","article_published_time":"2015-10-11T12:20:38+00:00","article_modified_time":"2015-10-14T11:37:36+00:00","og_image":[{"url":"https:\/\/www.prijedordanas.com\/wp-content\/uploads\/2015\/10\/rudar-prijedor-pripreme-pred-radnik-300x185.jpg"}],"author":"admin","twitter_card":"summary_large_image","twitter_misc":{"Written by":"admin","Est. reading time":"1 minute"},"schema":{"@context":"https:\/\/schema.org","@graph":[{"@type":"Article","@id":"https:\/\/www.prijedordanas.com\/?p=30797#article","isPartOf":{"@id":"https:\/\/www.prijedordanas.com\/?p=30797"},"author":{"name":"admin","@id":"https:\/\/www.prijedordanas.com\/#\/schema\/person\/4e08ccf29b506ca916ff86d46bb700e6"},"headline":"RUDAR-PRIJEDOR SE PRIPREMA ZA RADNIK: PRIJATELJSKI SUSRET U BRODU","datePublished":"2015-10-11T12:20:38+00:00","dateModified":"2015-10-14T11:37:36+00:00","mainEntityOfPage":{"@id":"https:\/\/www.prijedordanas.com\/?p=30797"},"wordCount":145,"publisher":{"@id":"https:\/\/www.prijedordanas.com\/#organization"},"keywords":["Brod","Polet","prijateljski susret","pripreme","Radnik","Rudar-Prijedor"],"articleSection":["Sport"],"inLanguage":"en-US"},{"@type":"WebPage","@id":"https:\/\/www.prijedordanas.com\/?p=30797","url":"https:\/\/www.prijedordanas.com\/?p=30797","name":"RUDAR-PRIJEDOR SE PRIPREMA ZA RADNIK: PRIJATELJSKI SUSRET U BRODU - PrijedorDanas.com - Prijedorski gradski portal","isPartOf":{"@id":"https:\/\/www.prijedordanas.com\/#website"},"datePublished":"2015-10-11T12:20:38+00:00","dateModified":"2015-10-14T11:37:36+00:00","breadcrumb":{"@id":"https:\/\/www.prijedordanas.com\/?p=30797#breadcrumb"},"inLanguage":"en-US","potentialAction":[{"@type":"ReadAction","target":["https:\/\/www.prijedordanas.com\/?p=30797"]}]},{"@type":"BreadcrumbList","@id":"https:\/\/www.prijedordanas.com\/?p=30797#breadcrumb","itemListElement":[{"@type":"ListItem","position":1,"name":"Home","item":"https:\/\/www.prijedordanas.com\/"},{"@type":"ListItem","position":2,"name":"RUDAR-PRIJEDOR SE PRIPREMA ZA RADNIK: PRIJATELJSKI SUSRET U BRODU"}]},{"@type":"WebSite","@id":"https:\/\/www.prijedordanas.com\/#website","url":"https:\/\/www.prijedordanas.com\/","name":"PrijedorDanas.com - Prijedorski gradski portal","description":"Portal o doga\u0111anjima u gradu Prijedoru","publisher":{"@id":"https:\/\/www.prijedordanas.com\/#organization"},"potentialAction":[{"@type":"SearchAction","target":{"@type":"EntryPoint","urlTemplate":"https:\/\/www.prijedordanas.com\/?s={search_term_string}"},"query-input":"required name=search_term_string"}],"inLanguage":"en-US"},{"@type":"Organization","@id":"https:\/\/www.prijedordanas.com\/#organization","name":"PrijedorDanas.com","url":"https:\/\/www.prijedordanas.com\/","logo":{"@type":"ImageObject","inLanguage":"en-US","@id":"https:\/\/www.prijedordanas.com\/#\/schema\/logo\/image\/","url":"http:\/\/www.prijedordanas.com\/wp-content\/uploads\/2021\/12\/logopng.png","contentUrl":"http:\/\/www.prijedordanas.com\/wp-content\/uploads\/2021\/12\/logopng.png","width":1019,"height":776,"caption":"PrijedorDanas.com"},"image":{"@id":"https:\/\/www.prijedordanas.com\/#\/schema\/logo\/image\/"},"sameAs":["https:\/\/www.facebook.com\/PrijedorDanasCom\/"]},{"@type":"Person","@id":"https:\/\/www.prijedordanas.com\/#\/schema\/person\/4e08ccf29b506ca916ff86d46bb700e6","name":"admin","image":{"@type":"ImageObject","inLanguage":"en-US","@id":"https:\/\/www.prijedordanas.com\/#\/schema\/person\/image\/","url":"https:\/\/secure.gravatar.com\/avatar\/1d3fc949d550f0b53a5f0d51e06dfd79?s=96&d=mm&r=g","contentUrl":"https:\/\/secure.gravatar.com\/avatar\/1d3fc949d550f0b53a5f0d51e06dfd79?s=96&d=mm&r=g","caption":"admin"},"url":"https:\/\/www.prijedordanas.com\/?author=1"}]}},"_links":{"self":[{"href":"https:\/\/www.prijedordanas.com\/index.php?rest_route=\/wp\/v2\/posts\/30797"}],"collection":[{"href":"https:\/\/www.prijedordanas.com\/index.php?rest_route=\/wp\/v2\/posts"}],"about":[{"href":"https:\/\/www.prijedordanas.com\/index.php?rest_route=\/wp\/v2\/types\/post"}],"author":[{"embeddable":true,"href":"https:\/\/www.prijedordanas.com\/index.php?rest_route=\/wp\/v2\/users\/1"}],"replies":[{"embeddable":true,"href":"https:\/\/www.prijedordanas.com\/index.php?rest_route=%2Fwp%2Fv2%2Fcomments&post=30797"}],"version-history":[{"count":2,"href":"https:\/\/www.prijedordanas.com\/index.php?rest_route=\/wp\/v2\/posts\/30797\/revisions"}],"predecessor-version":[{"id":30992,"href":"https:\/\/www.prijedordanas.com\/index.php?rest_route=\/wp\/v2\/posts\/30797\/revisions\/30992"}],"wp:attachment":[{"href":"https:\/\/www.prijedordanas.com\/index.php?rest_route=%2Fwp%2Fv2%2Fmedia&parent=30797"}],"wp:term":[{"taxonomy":"category","embeddable":true,"href":"https:\/\/www.prijedordanas.com\/index.php?rest_route=%2Fwp%2Fv2%2Fcategories&post=30797"},{"taxonomy":"post_tag","embeddable":true,"href":"https:\/\/www.prijedordanas.com\/index.php?rest_route=%2Fwp%2Fv2%2Ftags&post=30797"}],"curies":[{"name":"wp","href":"https:\/\/api.w.org\/{rel}","templated":true}]}}