{"id":30677,"date":"2015-10-09T20:33:09","date_gmt":"2015-10-09T19:33:09","guid":{"rendered":"https:\/\/www.prijedordanas.com\/?p=30677"},"modified":"2015-10-09T20:33:09","modified_gmt":"2015-10-09T19:33:09","slug":"zilic-i-vuruna-na-mecevima-u-minhenu","status":"publish","type":"post","link":"https:\/\/www.prijedordanas.com\/?p=30677","title":{"rendered":"\u017dILI\u0106 I VURUNA NA ME\u010cEVIMA U MINHENU"},"content":{"rendered":"<p><a href=\"https:\/\/www.prijedordanas.com\/wp-content\/uploads\/2015\/10\/zilic-vuruna-njemacka.jpg\"><img loading=\"lazy\" decoding=\"async\" src=\"https:\/\/www.prijedordanas.com\/wp-content\/uploads\/2015\/10\/zilic-vuruna-njemacka-173x300.jpg\" alt=\"zilic-vuruna-njemacka\" width=\"173\" height=\"300\" class=\"alignleft size-medium wp-image-30678\" srcset=\"https:\/\/www.prijedordanas.com\/wp-content\/uploads\/2015\/10\/zilic-vuruna-njemacka-173x300.jpg 173w, https:\/\/www.prijedordanas.com\/wp-content\/uploads\/2015\/10\/zilic-vuruna-njemacka.jpg 462w\" sizes=\"(max-width: 173px) 100vw, 173px\" \/><\/a>\u010clanovi Fight Club-a \u201eWinner\u201c Prijedor Adnan \u017dili\u0107 i Aleksandar Vuruna ovaj vikend boksuju u Minhenu na Petko`s LMS FIGHT-NIGHT. <\/p>\n<p>Vuruna \u0107e (-90 kg) \u201eukrstiti\u201c rukavice sa Andreom Pe\u0161i\u0107em iz Srbije dok \u0107e \u017dili\u0107 (-72 kg) u revan\u0161 me\u010du za protivnika imati Floriana Wildenhofa iz Njema\u010dke. <\/p>\n<p>-Treba re\u0107i da je u prvom me\u010de izme\u0111 \u017dili\u0107a i Wildenhofa sudijskom nepravdom na\u0161 borac diskvalifikovan. Ovoga puta se uzdamo u fer i korektno su\u0111enje. U ma\u0161em klubu vlada dobra atmosfera a obojica boraca su spremna i \u017eeljni su pobjede \u2013 rekao je trener \u201eWinnera\u201c Gordan Zori\u0107. <\/p>\n<p>On je dodao da su za ove me\u010deve prijedorskih boraca u Njema\u010dkoj zaslu\u017eni menad\u017eer Mirko Skoko kao i organizator Aleksandar Petkovi\u0107.<\/p>\n<p>Tekst  i foto \u2013 Fight Club-a \u201eWinner\u201c Prijedor\/Aleksandar Drakuli\u0107 \u2013 <a href=\"www.prijedordanas.com\" target=\"_blank\">www.prijedordanas.com<\/a><\/p>\n","protected":false},"excerpt":{"rendered":"<p>\u010clanovi Fight Club-a \u201eWinner\u201c Prijedor Adnan \u017dili\u0107 i Aleksandar Vuruna ovaj vikend boksuju u Minhenu na Petko`s LMS FIGHT-NIGHT. Vuruna \u0107e (-90 kg) \u201eukrstiti\u201c rukavice sa Andreom Pe\u0161i\u0107em iz Srbije [&hellip;]<\/p>\n","protected":false},"author":1,"featured_media":0,"comment_status":"closed","ping_status":"open","sticky":false,"template":"","format":"standard","meta":{"_monsterinsights_skip_tracking":false,"_monsterinsights_sitenote_active":false,"_monsterinsights_sitenote_note":"","_monsterinsights_sitenote_category":0,"footnotes":""},"categories":[7],"tags":[1699,4830,1984,434,1700,5335],"yoast_head":"<!-- This site is optimized with the Yoast SEO plugin v21.6 - https:\/\/yoast.com\/wordpress\/plugins\/seo\/ -->\n<title>\u017dILI\u0106 I VURUNA NA ME\u010cEVIMA U MINHENU - PrijedorDanas.com - Prijedorski gradski portal<\/title>\n<meta name=\"robots\" content=\"index, follow, max-snippet:-1, max-image-preview:large, max-video-preview:-1\" \/>\n<link rel=\"canonical\" href=\"https:\/\/www.prijedordanas.com\/?p=30677\" \/>\n<meta property=\"og:locale\" content=\"en_US\" \/>\n<meta property=\"og:type\" content=\"article\" \/>\n<meta property=\"og:title\" content=\"\u017dILI\u0106 I VURUNA NA ME\u010cEVIMA U MINHENU - PrijedorDanas.com - Prijedorski gradski portal\" \/>\n<meta property=\"og:description\" content=\"\u010clanovi Fight Club-a \u201eWinner\u201c Prijedor Adnan \u017dili\u0107 i Aleksandar Vuruna ovaj vikend boksuju u Minhenu na Petko`s LMS FIGHT-NIGHT. Vuruna \u0107e (-90 kg) \u201eukrstiti\u201c rukavice sa Andreom Pe\u0161i\u0107em iz Srbije [&hellip;]\" \/>\n<meta property=\"og:url\" content=\"https:\/\/www.prijedordanas.com\/?p=30677\" \/>\n<meta property=\"og:site_name\" content=\"PrijedorDanas.com - Prijedorski gradski portal\" \/>\n<meta property=\"article:publisher\" content=\"https:\/\/www.facebook.com\/PrijedorDanasCom\/\" \/>\n<meta property=\"article:published_time\" content=\"2015-10-09T19:33:09+00:00\" \/>\n<meta property=\"og:image\" content=\"https:\/\/www.prijedordanas.com\/wp-content\/uploads\/2015\/10\/zilic-vuruna-njemacka-173x300.jpg\" \/>\n<meta name=\"author\" content=\"admin\" \/>\n<meta name=\"twitter:card\" content=\"summary_large_image\" \/>\n<meta name=\"twitter:label1\" content=\"Written by\" \/>\n\t<meta name=\"twitter:data1\" content=\"admin\" \/>\n\t<meta name=\"twitter:label2\" content=\"Est. reading time\" \/>\n\t<meta name=\"twitter:data2\" content=\"1 minute\" \/>\n<script type=\"application\/ld+json\" class=\"yoast-schema-graph\">{\"@context\":\"https:\/\/schema.org\",\"@graph\":[{\"@type\":\"Article\",\"@id\":\"https:\/\/www.prijedordanas.com\/?p=30677#article\",\"isPartOf\":{\"@id\":\"https:\/\/www.prijedordanas.com\/?p=30677\"},\"author\":{\"name\":\"admin\",\"@id\":\"https:\/\/www.prijedordanas.com\/#\/schema\/person\/4e08ccf29b506ca916ff86d46bb700e6\"},\"headline\":\"\u017dILI\u0106 I VURUNA NA ME\u010cEVIMA U MINHENU\",\"datePublished\":\"2015-10-09T19:33:09+00:00\",\"dateModified\":\"2015-10-09T19:33:09+00:00\",\"mainEntityOfPage\":{\"@id\":\"https:\/\/www.prijedordanas.com\/?p=30677\"},\"wordCount\":146,\"publisher\":{\"@id\":\"https:\/\/www.prijedordanas.com\/#organization\"},\"keywords\":[\"Adnan \u017dili\u0107\",\"Aleksandar Vuruna\",\"boks\",\"Fight Club Winner Prijedor\",\"Gordan Zori\u0107\",\"Njema\u010dka\"],\"articleSection\":[\"Sport\"],\"inLanguage\":\"en-US\"},{\"@type\":\"WebPage\",\"@id\":\"https:\/\/www.prijedordanas.com\/?p=30677\",\"url\":\"https:\/\/www.prijedordanas.com\/?p=30677\",\"name\":\"\u017dILI\u0106 I VURUNA NA ME\u010cEVIMA U MINHENU - PrijedorDanas.com - Prijedorski gradski portal\",\"isPartOf\":{\"@id\":\"https:\/\/www.prijedordanas.com\/#website\"},\"datePublished\":\"2015-10-09T19:33:09+00:00\",\"dateModified\":\"2015-10-09T19:33:09+00:00\",\"breadcrumb\":{\"@id\":\"https:\/\/www.prijedordanas.com\/?p=30677#breadcrumb\"},\"inLanguage\":\"en-US\",\"potentialAction\":[{\"@type\":\"ReadAction\",\"target\":[\"https:\/\/www.prijedordanas.com\/?p=30677\"]}]},{\"@type\":\"BreadcrumbList\",\"@id\":\"https:\/\/www.prijedordanas.com\/?p=30677#breadcrumb\",\"itemListElement\":[{\"@type\":\"ListItem\",\"position\":1,\"name\":\"Home\",\"item\":\"https:\/\/www.prijedordanas.com\/\"},{\"@type\":\"ListItem\",\"position\":2,\"name\":\"\u017dILI\u0106 I VURUNA NA ME\u010cEVIMA U MINHENU\"}]},{\"@type\":\"WebSite\",\"@id\":\"https:\/\/www.prijedordanas.com\/#website\",\"url\":\"https:\/\/www.prijedordanas.com\/\",\"name\":\"PrijedorDanas.com - Prijedorski gradski portal\",\"description\":\"Portal o doga\u0111anjima u gradu Prijedoru\",\"publisher\":{\"@id\":\"https:\/\/www.prijedordanas.com\/#organization\"},\"potentialAction\":[{\"@type\":\"SearchAction\",\"target\":{\"@type\":\"EntryPoint\",\"urlTemplate\":\"https:\/\/www.prijedordanas.com\/?s={search_term_string}\"},\"query-input\":\"required name=search_term_string\"}],\"inLanguage\":\"en-US\"},{\"@type\":\"Organization\",\"@id\":\"https:\/\/www.prijedordanas.com\/#organization\",\"name\":\"PrijedorDanas.com\",\"url\":\"https:\/\/www.prijedordanas.com\/\",\"logo\":{\"@type\":\"ImageObject\",\"inLanguage\":\"en-US\",\"@id\":\"https:\/\/www.prijedordanas.com\/#\/schema\/logo\/image\/\",\"url\":\"http:\/\/www.prijedordanas.com\/wp-content\/uploads\/2021\/12\/logopng.png\",\"contentUrl\":\"http:\/\/www.prijedordanas.com\/wp-content\/uploads\/2021\/12\/logopng.png\",\"width\":1019,\"height\":776,\"caption\":\"PrijedorDanas.com\"},\"image\":{\"@id\":\"https:\/\/www.prijedordanas.com\/#\/schema\/logo\/image\/\"},\"sameAs\":[\"https:\/\/www.facebook.com\/PrijedorDanasCom\/\"]},{\"@type\":\"Person\",\"@id\":\"https:\/\/www.prijedordanas.com\/#\/schema\/person\/4e08ccf29b506ca916ff86d46bb700e6\",\"name\":\"admin\",\"image\":{\"@type\":\"ImageObject\",\"inLanguage\":\"en-US\",\"@id\":\"https:\/\/www.prijedordanas.com\/#\/schema\/person\/image\/\",\"url\":\"https:\/\/secure.gravatar.com\/avatar\/1d3fc949d550f0b53a5f0d51e06dfd79?s=96&d=mm&r=g\",\"contentUrl\":\"https:\/\/secure.gravatar.com\/avatar\/1d3fc949d550f0b53a5f0d51e06dfd79?s=96&d=mm&r=g\",\"caption\":\"admin\"},\"url\":\"https:\/\/www.prijedordanas.com\/?author=1\"}]}<\/script>\n<!-- \/ Yoast SEO plugin. -->","yoast_head_json":{"title":"\u017dILI\u0106 I VURUNA NA ME\u010cEVIMA U MINHENU - PrijedorDanas.com - Prijedorski gradski portal","robots":{"index":"index","follow":"follow","max-snippet":"max-snippet:-1","max-image-preview":"max-image-preview:large","max-video-preview":"max-video-preview:-1"},"canonical":"https:\/\/www.prijedordanas.com\/?p=30677","og_locale":"en_US","og_type":"article","og_title":"\u017dILI\u0106 I VURUNA NA ME\u010cEVIMA U MINHENU - PrijedorDanas.com - Prijedorski gradski portal","og_description":"\u010clanovi Fight Club-a \u201eWinner\u201c Prijedor Adnan \u017dili\u0107 i Aleksandar Vuruna ovaj vikend boksuju u Minhenu na Petko`s LMS FIGHT-NIGHT. Vuruna \u0107e (-90 kg) \u201eukrstiti\u201c rukavice sa Andreom Pe\u0161i\u0107em iz Srbije [&hellip;]","og_url":"https:\/\/www.prijedordanas.com\/?p=30677","og_site_name":"PrijedorDanas.com - Prijedorski gradski portal","article_publisher":"https:\/\/www.facebook.com\/PrijedorDanasCom\/","article_published_time":"2015-10-09T19:33:09+00:00","og_image":[{"url":"https:\/\/www.prijedordanas.com\/wp-content\/uploads\/2015\/10\/zilic-vuruna-njemacka-173x300.jpg"}],"author":"admin","twitter_card":"summary_large_image","twitter_misc":{"Written by":"admin","Est. reading time":"1 minute"},"schema":{"@context":"https:\/\/schema.org","@graph":[{"@type":"Article","@id":"https:\/\/www.prijedordanas.com\/?p=30677#article","isPartOf":{"@id":"https:\/\/www.prijedordanas.com\/?p=30677"},"author":{"name":"admin","@id":"https:\/\/www.prijedordanas.com\/#\/schema\/person\/4e08ccf29b506ca916ff86d46bb700e6"},"headline":"\u017dILI\u0106 I VURUNA NA ME\u010cEVIMA U MINHENU","datePublished":"2015-10-09T19:33:09+00:00","dateModified":"2015-10-09T19:33:09+00:00","mainEntityOfPage":{"@id":"https:\/\/www.prijedordanas.com\/?p=30677"},"wordCount":146,"publisher":{"@id":"https:\/\/www.prijedordanas.com\/#organization"},"keywords":["Adnan \u017dili\u0107","Aleksandar Vuruna","boks","Fight Club Winner Prijedor","Gordan Zori\u0107","Njema\u010dka"],"articleSection":["Sport"],"inLanguage":"en-US"},{"@type":"WebPage","@id":"https:\/\/www.prijedordanas.com\/?p=30677","url":"https:\/\/www.prijedordanas.com\/?p=30677","name":"\u017dILI\u0106 I VURUNA NA ME\u010cEVIMA U MINHENU - PrijedorDanas.com - Prijedorski gradski portal","isPartOf":{"@id":"https:\/\/www.prijedordanas.com\/#website"},"datePublished":"2015-10-09T19:33:09+00:00","dateModified":"2015-10-09T19:33:09+00:00","breadcrumb":{"@id":"https:\/\/www.prijedordanas.com\/?p=30677#breadcrumb"},"inLanguage":"en-US","potentialAction":[{"@type":"ReadAction","target":["https:\/\/www.prijedordanas.com\/?p=30677"]}]},{"@type":"BreadcrumbList","@id":"https:\/\/www.prijedordanas.com\/?p=30677#breadcrumb","itemListElement":[{"@type":"ListItem","position":1,"name":"Home","item":"https:\/\/www.prijedordanas.com\/"},{"@type":"ListItem","position":2,"name":"\u017dILI\u0106 I VURUNA NA ME\u010cEVIMA U MINHENU"}]},{"@type":"WebSite","@id":"https:\/\/www.prijedordanas.com\/#website","url":"https:\/\/www.prijedordanas.com\/","name":"PrijedorDanas.com - Prijedorski gradski portal","description":"Portal o doga\u0111anjima u gradu Prijedoru","publisher":{"@id":"https:\/\/www.prijedordanas.com\/#organization"},"potentialAction":[{"@type":"SearchAction","target":{"@type":"EntryPoint","urlTemplate":"https:\/\/www.prijedordanas.com\/?s={search_term_string}"},"query-input":"required name=search_term_string"}],"inLanguage":"en-US"},{"@type":"Organization","@id":"https:\/\/www.prijedordanas.com\/#organization","name":"PrijedorDanas.com","url":"https:\/\/www.prijedordanas.com\/","logo":{"@type":"ImageObject","inLanguage":"en-US","@id":"https:\/\/www.prijedordanas.com\/#\/schema\/logo\/image\/","url":"http:\/\/www.prijedordanas.com\/wp-content\/uploads\/2021\/12\/logopng.png","contentUrl":"http:\/\/www.prijedordanas.com\/wp-content\/uploads\/2021\/12\/logopng.png","width":1019,"height":776,"caption":"PrijedorDanas.com"},"image":{"@id":"https:\/\/www.prijedordanas.com\/#\/schema\/logo\/image\/"},"sameAs":["https:\/\/www.facebook.com\/PrijedorDanasCom\/"]},{"@type":"Person","@id":"https:\/\/www.prijedordanas.com\/#\/schema\/person\/4e08ccf29b506ca916ff86d46bb700e6","name":"admin","image":{"@type":"ImageObject","inLanguage":"en-US","@id":"https:\/\/www.prijedordanas.com\/#\/schema\/person\/image\/","url":"https:\/\/secure.gravatar.com\/avatar\/1d3fc949d550f0b53a5f0d51e06dfd79?s=96&d=mm&r=g","contentUrl":"https:\/\/secure.gravatar.com\/avatar\/1d3fc949d550f0b53a5f0d51e06dfd79?s=96&d=mm&r=g","caption":"admin"},"url":"https:\/\/www.prijedordanas.com\/?author=1"}]}},"_links":{"self":[{"href":"https:\/\/www.prijedordanas.com\/index.php?rest_route=\/wp\/v2\/posts\/30677"}],"collection":[{"href":"https:\/\/www.prijedordanas.com\/index.php?rest_route=\/wp\/v2\/posts"}],"about":[{"href":"https:\/\/www.prijedordanas.com\/index.php?rest_route=\/wp\/v2\/types\/post"}],"author":[{"embeddable":true,"href":"https:\/\/www.prijedordanas.com\/index.php?rest_route=\/wp\/v2\/users\/1"}],"replies":[{"embeddable":true,"href":"https:\/\/www.prijedordanas.com\/index.php?rest_route=%2Fwp%2Fv2%2Fcomments&post=30677"}],"version-history":[{"count":1,"href":"https:\/\/www.prijedordanas.com\/index.php?rest_route=\/wp\/v2\/posts\/30677\/revisions"}],"predecessor-version":[{"id":30679,"href":"https:\/\/www.prijedordanas.com\/index.php?rest_route=\/wp\/v2\/posts\/30677\/revisions\/30679"}],"wp:attachment":[{"href":"https:\/\/www.prijedordanas.com\/index.php?rest_route=%2Fwp%2Fv2%2Fmedia&parent=30677"}],"wp:term":[{"taxonomy":"category","embeddable":true,"href":"https:\/\/www.prijedordanas.com\/index.php?rest_route=%2Fwp%2Fv2%2Fcategories&post=30677"},{"taxonomy":"post_tag","embeddable":true,"href":"https:\/\/www.prijedordanas.com\/index.php?rest_route=%2Fwp%2Fv2%2Ftags&post=30677"}],"curies":[{"name":"wp","href":"https:\/\/api.w.org\/{rel}","templated":true}]}}