{"id":30410,"date":"2015-10-05T17:14:46","date_gmt":"2015-10-05T16:14:46","guid":{"rendered":"https:\/\/www.prijedordanas.com\/?p=30410"},"modified":"2015-10-06T11:54:00","modified_gmt":"2015-10-06T10:54:00","slug":"prijedorcani-ucestvovali-u-velikom-kolu-za-ginisa-foto","status":"publish","type":"post","link":"https:\/\/www.prijedordanas.com\/?p=30410","title":{"rendered":"PRIJEDOR\u010cANI U\u010cESTVOVALI U \u201eVELIKOM KOLU ZA GINISA\u201c \u2013 FOTO"},"content":{"rendered":"<p><a href=\"https:\/\/www.prijedordanas.com\/wp-content\/uploads\/2015\/10\/kud-milan-egic-veliko-kolo-za-ginisa-1.jpg\"><img loading=\"lazy\" decoding=\"async\" class=\"alignleft size-medium wp-image-30411\" src=\"https:\/\/www.prijedordanas.com\/wp-content\/uploads\/2015\/10\/kud-milan-egic-veliko-kolo-za-ginisa-1-300x200.jpg\" alt=\"kud milan egic-veliko kolo za ginisa (1)\" width=\"300\" height=\"200\" srcset=\"https:\/\/www.prijedordanas.com\/wp-content\/uploads\/2015\/10\/kud-milan-egic-veliko-kolo-za-ginisa-1-300x200.jpg 300w, https:\/\/www.prijedordanas.com\/wp-content\/uploads\/2015\/10\/kud-milan-egic-veliko-kolo-za-ginisa-1-480x320.jpg 480w, https:\/\/www.prijedordanas.com\/wp-content\/uploads\/2015\/10\/kud-milan-egic-veliko-kolo-za-ginisa-1.jpg 700w\" sizes=\"(max-width: 300px) 100vw, 300px\" \/><\/a>\u010clanovi Kulturno-umjetni\u010dkog dru\u0161tva \u201eMilan Egi\u0107\u201c iz Brezi\u010dana kod Prijedora, u\u010destvovali su u manifestaciji \u201eVeliko kolo za Ginisa\u201c koja je ju\u010de odr\u017eana u Novom Sadu (Srbija).<\/p>\n<p>Cilj ovog doga\u0111aja koji je pripreman mjesecima, bio je obaranje Ginisovog rekorda za najve\u0107e kolo do sada.<\/p>\n<p>Na novosadskim ulicama na\u0161lo se oko 12.360 igra\u010da iz oko 280 dru\u0161tava koja su do\u0161la iz 11 zemalja.<\/p>\n<p>-Ponosna sam i sretna \u0161to su \u010dlanovi na\u0161eg dru\u0161tva, njih 28, igrali veliko kolo i bili dio ove manifestacije. Cijeli grad bio je ispunjen mlado\u0161\u0107u, \u0161arenilom no\u0161nji, igrom i pjesmom. Svojim u\u010de\u0161\u0107em dostojno smo predstavljali na\u0161e Brezi\u010dane i grad Prijedor \u2013 rekla je Olivera Brdar-Mirkovi\u0107, predsjednica KUD \u201eMilan Egi\u0107\u201c Brezi\u010dani.<\/p>\n<p><a href=\"https:\/\/www.prijedordanas.com\/wp-content\/uploads\/2015\/10\/kud-milan-egic-veliko-kolo-za-ginisa-2.jpg\"><img loading=\"lazy\" decoding=\"async\" src=\"https:\/\/www.prijedordanas.com\/wp-content\/uploads\/2015\/10\/kud-milan-egic-veliko-kolo-za-ginisa-2-300x200.jpg\" alt=\"kud milan egic-veliko kolo za ginisa (2)\" width=\"300\" height=\"200\" class=\"alignleft size-medium wp-image-30412\" srcset=\"https:\/\/www.prijedordanas.com\/wp-content\/uploads\/2015\/10\/kud-milan-egic-veliko-kolo-za-ginisa-2-300x200.jpg 300w, https:\/\/www.prijedordanas.com\/wp-content\/uploads\/2015\/10\/kud-milan-egic-veliko-kolo-za-ginisa-2-480x320.jpg 480w, https:\/\/www.prijedordanas.com\/wp-content\/uploads\/2015\/10\/kud-milan-egic-veliko-kolo-za-ginisa-2.jpg 600w\" sizes=\"(max-width: 300px) 100vw, 300px\" \/><\/a>Ona je dodala da se iskreno nada kako \u0107e veliko kolo sa preko 12.000 u\u010desnika na\u0107i svoje mjesto u Ginisovoj knjizi rekorda.<\/p>\n<p>Trasa kola bila je duga oko \u0161est kilometara i prostirala se Futo\u0161kim putem, Bulevarom Evrope, Bulevarom vojvode Stepe i Bulevarom kneza Milo\u0161a.<\/p>\n<p>Folklora\u0161i su igrali Veliko ba\u010dko kolo, Katanku i U\u017ei\u010dko kolo a sama manifestacija je odr\u017eana u organizaciji Udru\u017eenja \u201eVeliko kolo\u201c.<\/p>\n<p>Da li je zaista oboren rekord za najdu\u017ee i najvec\u0301e kolo, znac\u0301e se tek naredne godine, kada komisija iz Londona donese odluku na osnovu dostavljenog materijala.<\/p>\n<p>Predstavnicima Ginisove knjige rekorda bi\u0107e poslati video zapisi, fotografije, kao i ta\u010dan broj u\u010desnika, a uslovi su da kolo ne smije biti prekinuto i da ne smije biti diskvalifikovano vi\u0161e od pet odsto u\u010desnika.<\/p>\n<p>Tekst \u2013 Aleksandar Drakuli\u0107 \u2013 <a href=\"www.prijedordanas.com\" target=\"_blank\">www.prijedordanas.com<\/a><br \/>\nFoto \u2013 Snje\u017eana \u017dori\u0107<\/p>\n<p><a href=\"https:\/\/www.prijedordanas.com\/wp-content\/uploads\/2015\/10\/kud-milan-egic-veliko-kolo-za-ginisa-3.jpg\"><img loading=\"lazy\" decoding=\"async\" src=\"https:\/\/www.prijedordanas.com\/wp-content\/uploads\/2015\/10\/kud-milan-egic-veliko-kolo-za-ginisa-3-300x200.jpg\" alt=\"kud milan egic-veliko kolo za ginisa (3)\" width=\"300\" height=\"200\" class=\"alignleft size-medium wp-image-30414\" srcset=\"https:\/\/www.prijedordanas.com\/wp-content\/uploads\/2015\/10\/kud-milan-egic-veliko-kolo-za-ginisa-3-300x200.jpg 300w, https:\/\/www.prijedordanas.com\/wp-content\/uploads\/2015\/10\/kud-milan-egic-veliko-kolo-za-ginisa-3-480x320.jpg 480w, https:\/\/www.prijedordanas.com\/wp-content\/uploads\/2015\/10\/kud-milan-egic-veliko-kolo-za-ginisa-3.jpg 600w\" sizes=\"(max-width: 300px) 100vw, 300px\" \/><\/a> <a href=\"https:\/\/www.prijedordanas.com\/wp-content\/uploads\/2015\/10\/kud-milan-egic-veliko-kolo-za-ginisa-4.jpg\"><img loading=\"lazy\" decoding=\"async\" src=\"https:\/\/www.prijedordanas.com\/wp-content\/uploads\/2015\/10\/kud-milan-egic-veliko-kolo-za-ginisa-4-300x200.jpg\" alt=\"kud milan egic-veliko kolo za ginisa (4)\" width=\"300\" height=\"200\" class=\"alignleft size-medium wp-image-30415\" srcset=\"https:\/\/www.prijedordanas.com\/wp-content\/uploads\/2015\/10\/kud-milan-egic-veliko-kolo-za-ginisa-4-300x200.jpg 300w, https:\/\/www.prijedordanas.com\/wp-content\/uploads\/2015\/10\/kud-milan-egic-veliko-kolo-za-ginisa-4-480x320.jpg 480w, https:\/\/www.prijedordanas.com\/wp-content\/uploads\/2015\/10\/kud-milan-egic-veliko-kolo-za-ginisa-4.jpg 600w\" sizes=\"(max-width: 300px) 100vw, 300px\" \/><\/a> <a href=\"https:\/\/www.prijedordanas.com\/wp-content\/uploads\/2015\/10\/kud-milan-egic-veliko-kolo-za-ginisa-5.jpg\"><img loading=\"lazy\" decoding=\"async\" src=\"https:\/\/www.prijedordanas.com\/wp-content\/uploads\/2015\/10\/kud-milan-egic-veliko-kolo-za-ginisa-5-300x190.jpg\" alt=\"kud milan egic-veliko kolo za ginisa (5)\" width=\"300\" height=\"190\" class=\"alignleft size-medium wp-image-30416\" srcset=\"https:\/\/www.prijedordanas.com\/wp-content\/uploads\/2015\/10\/kud-milan-egic-veliko-kolo-za-ginisa-5-300x190.jpg 300w, https:\/\/www.prijedordanas.com\/wp-content\/uploads\/2015\/10\/kud-milan-egic-veliko-kolo-za-ginisa-5.jpg 600w\" sizes=\"(max-width: 300px) 100vw, 300px\" \/><\/a> <a href=\"https:\/\/www.prijedordanas.com\/wp-content\/uploads\/2015\/10\/kud-milan-egic-veliko-kolo-za-ginisa-6.jpg\"><img loading=\"lazy\" decoding=\"async\" src=\"https:\/\/www.prijedordanas.com\/wp-content\/uploads\/2015\/10\/kud-milan-egic-veliko-kolo-za-ginisa-6-300x204.jpg\" alt=\"kud milan egic-veliko kolo za ginisa (6)\" width=\"300\" height=\"204\" class=\"alignleft size-medium wp-image-30417\" srcset=\"https:\/\/www.prijedordanas.com\/wp-content\/uploads\/2015\/10\/kud-milan-egic-veliko-kolo-za-ginisa-6-300x204.jpg 300w, https:\/\/www.prijedordanas.com\/wp-content\/uploads\/2015\/10\/kud-milan-egic-veliko-kolo-za-ginisa-6.jpg 600w\" sizes=\"(max-width: 300px) 100vw, 300px\" \/><\/a> <a href=\"https:\/\/www.prijedordanas.com\/wp-content\/uploads\/2015\/10\/kud-milan-egic-veliko-kolo-za-ginisa-7.jpg\"><img loading=\"lazy\" decoding=\"async\" src=\"https:\/\/www.prijedordanas.com\/wp-content\/uploads\/2015\/10\/kud-milan-egic-veliko-kolo-za-ginisa-7-300x182.jpg\" alt=\"kud milan egic-veliko kolo za ginisa (7)\" width=\"300\" height=\"182\" class=\"alignleft size-medium wp-image-30419\" srcset=\"https:\/\/www.prijedordanas.com\/wp-content\/uploads\/2015\/10\/kud-milan-egic-veliko-kolo-za-ginisa-7-300x182.jpg 300w, https:\/\/www.prijedordanas.com\/wp-content\/uploads\/2015\/10\/kud-milan-egic-veliko-kolo-za-ginisa-7.jpg 600w\" sizes=\"(max-width: 300px) 100vw, 300px\" \/><\/a> <a href=\"https:\/\/www.prijedordanas.com\/wp-content\/uploads\/2015\/10\/kud-milan-egic-veliko-kolo-za-ginisa-8.jpg\"><img loading=\"lazy\" decoding=\"async\" src=\"https:\/\/www.prijedordanas.com\/wp-content\/uploads\/2015\/10\/kud-milan-egic-veliko-kolo-za-ginisa-8-300x173.jpg\" alt=\"kud milan egic-veliko kolo za ginisa (8)\" width=\"300\" height=\"173\" class=\"alignleft size-medium wp-image-30420\" srcset=\"https:\/\/www.prijedordanas.com\/wp-content\/uploads\/2015\/10\/kud-milan-egic-veliko-kolo-za-ginisa-8-300x173.jpg 300w, https:\/\/www.prijedordanas.com\/wp-content\/uploads\/2015\/10\/kud-milan-egic-veliko-kolo-za-ginisa-8.jpg 600w\" sizes=\"(max-width: 300px) 100vw, 300px\" \/><\/a><\/p>\n","protected":false},"excerpt":{"rendered":"<p>\u010clanovi Kulturno-umjetni\u010dkog dru\u0161tva \u201eMilan Egi\u0107\u201c iz Brezi\u010dana kod Prijedora, u\u010destvovali su u manifestaciji \u201eVeliko kolo za Ginisa\u201c koja je ju\u010de odr\u017eana u Novom Sadu (Srbija). Cilj ovog doga\u0111aja koji je [&hellip;]<\/p>\n","protected":false},"author":1,"featured_media":0,"comment_status":"closed","ping_status":"open","sticky":false,"template":"","format":"standard","meta":{"_monsterinsights_skip_tracking":false,"_monsterinsights_sitenote_active":false,"_monsterinsights_sitenote_note":"","_monsterinsights_sitenote_category":0,"footnotes":""},"categories":[4],"tags":[4023,5284,5283],"yoast_head":"<!-- This site is optimized with the Yoast SEO plugin v21.6 - https:\/\/yoast.com\/wordpress\/plugins\/seo\/ -->\n<title>PRIJEDOR\u010cANI U\u010cESTVOVALI U \u201eVELIKOM KOLU ZA GINISA\u201c \u2013 FOTO - PrijedorDanas.com - Prijedorski gradski portal<\/title>\n<meta name=\"robots\" content=\"index, follow, max-snippet:-1, max-image-preview:large, max-video-preview:-1\" \/>\n<link rel=\"canonical\" href=\"https:\/\/www.prijedordanas.com\/?p=30410\" \/>\n<meta property=\"og:locale\" content=\"en_US\" \/>\n<meta property=\"og:type\" content=\"article\" \/>\n<meta property=\"og:title\" content=\"PRIJEDOR\u010cANI U\u010cESTVOVALI U \u201eVELIKOM KOLU ZA GINISA\u201c \u2013 FOTO - PrijedorDanas.com - Prijedorski gradski portal\" \/>\n<meta property=\"og:description\" content=\"\u010clanovi Kulturno-umjetni\u010dkog dru\u0161tva \u201eMilan Egi\u0107\u201c iz Brezi\u010dana kod Prijedora, u\u010destvovali su u manifestaciji \u201eVeliko kolo za Ginisa\u201c koja je ju\u010de odr\u017eana u Novom Sadu (Srbija). Cilj ovog doga\u0111aja koji je [&hellip;]\" \/>\n<meta property=\"og:url\" content=\"https:\/\/www.prijedordanas.com\/?p=30410\" \/>\n<meta property=\"og:site_name\" content=\"PrijedorDanas.com - Prijedorski gradski portal\" \/>\n<meta property=\"article:publisher\" content=\"https:\/\/www.facebook.com\/PrijedorDanasCom\/\" \/>\n<meta property=\"article:published_time\" content=\"2015-10-05T16:14:46+00:00\" \/>\n<meta property=\"article:modified_time\" content=\"2015-10-06T10:54:00+00:00\" \/>\n<meta property=\"og:image\" content=\"https:\/\/www.prijedordanas.com\/wp-content\/uploads\/2015\/10\/kud-milan-egic-veliko-kolo-za-ginisa-1-300x200.jpg\" \/>\n<meta name=\"author\" content=\"admin\" \/>\n<meta name=\"twitter:card\" content=\"summary_large_image\" \/>\n<meta name=\"twitter:label1\" content=\"Written by\" \/>\n\t<meta name=\"twitter:data1\" content=\"admin\" \/>\n\t<meta name=\"twitter:label2\" content=\"Est. reading time\" \/>\n\t<meta name=\"twitter:data2\" content=\"1 minute\" \/>\n<script type=\"application\/ld+json\" class=\"yoast-schema-graph\">{\"@context\":\"https:\/\/schema.org\",\"@graph\":[{\"@type\":\"Article\",\"@id\":\"https:\/\/www.prijedordanas.com\/?p=30410#article\",\"isPartOf\":{\"@id\":\"https:\/\/www.prijedordanas.com\/?p=30410\"},\"author\":{\"name\":\"admin\",\"@id\":\"https:\/\/www.prijedordanas.com\/#\/schema\/person\/4e08ccf29b506ca916ff86d46bb700e6\"},\"headline\":\"PRIJEDOR\u010cANI U\u010cESTVOVALI U \u201eVELIKOM KOLU ZA GINISA\u201c \u2013 FOTO\",\"datePublished\":\"2015-10-05T16:14:46+00:00\",\"dateModified\":\"2015-10-06T10:54:00+00:00\",\"mainEntityOfPage\":{\"@id\":\"https:\/\/www.prijedordanas.com\/?p=30410\"},\"wordCount\":287,\"publisher\":{\"@id\":\"https:\/\/www.prijedordanas.com\/#organization\"},\"keywords\":[\"KUD \\\"Milan Egi\u0107\\\" Brezi\u010dani\",\"Novi Sad\",\"Veliko kolo za Ginisa\"],\"articleSection\":[\"Dru\u0161tvo\"],\"inLanguage\":\"en-US\"},{\"@type\":\"WebPage\",\"@id\":\"https:\/\/www.prijedordanas.com\/?p=30410\",\"url\":\"https:\/\/www.prijedordanas.com\/?p=30410\",\"name\":\"PRIJEDOR\u010cANI U\u010cESTVOVALI U \u201eVELIKOM KOLU ZA GINISA\u201c \u2013 FOTO - PrijedorDanas.com - Prijedorski gradski portal\",\"isPartOf\":{\"@id\":\"https:\/\/www.prijedordanas.com\/#website\"},\"datePublished\":\"2015-10-05T16:14:46+00:00\",\"dateModified\":\"2015-10-06T10:54:00+00:00\",\"breadcrumb\":{\"@id\":\"https:\/\/www.prijedordanas.com\/?p=30410#breadcrumb\"},\"inLanguage\":\"en-US\",\"potentialAction\":[{\"@type\":\"ReadAction\",\"target\":[\"https:\/\/www.prijedordanas.com\/?p=30410\"]}]},{\"@type\":\"BreadcrumbList\",\"@id\":\"https:\/\/www.prijedordanas.com\/?p=30410#breadcrumb\",\"itemListElement\":[{\"@type\":\"ListItem\",\"position\":1,\"name\":\"Home\",\"item\":\"https:\/\/www.prijedordanas.com\/\"},{\"@type\":\"ListItem\",\"position\":2,\"name\":\"PRIJEDOR\u010cANI U\u010cESTVOVALI U \u201eVELIKOM KOLU ZA GINISA\u201c \u2013 FOTO\"}]},{\"@type\":\"WebSite\",\"@id\":\"https:\/\/www.prijedordanas.com\/#website\",\"url\":\"https:\/\/www.prijedordanas.com\/\",\"name\":\"PrijedorDanas.com - Prijedorski gradski portal\",\"description\":\"Portal o doga\u0111anjima u gradu Prijedoru\",\"publisher\":{\"@id\":\"https:\/\/www.prijedordanas.com\/#organization\"},\"potentialAction\":[{\"@type\":\"SearchAction\",\"target\":{\"@type\":\"EntryPoint\",\"urlTemplate\":\"https:\/\/www.prijedordanas.com\/?s={search_term_string}\"},\"query-input\":\"required name=search_term_string\"}],\"inLanguage\":\"en-US\"},{\"@type\":\"Organization\",\"@id\":\"https:\/\/www.prijedordanas.com\/#organization\",\"name\":\"PrijedorDanas.com\",\"url\":\"https:\/\/www.prijedordanas.com\/\",\"logo\":{\"@type\":\"ImageObject\",\"inLanguage\":\"en-US\",\"@id\":\"https:\/\/www.prijedordanas.com\/#\/schema\/logo\/image\/\",\"url\":\"http:\/\/www.prijedordanas.com\/wp-content\/uploads\/2021\/12\/logopng.png\",\"contentUrl\":\"http:\/\/www.prijedordanas.com\/wp-content\/uploads\/2021\/12\/logopng.png\",\"width\":1019,\"height\":776,\"caption\":\"PrijedorDanas.com\"},\"image\":{\"@id\":\"https:\/\/www.prijedordanas.com\/#\/schema\/logo\/image\/\"},\"sameAs\":[\"https:\/\/www.facebook.com\/PrijedorDanasCom\/\"]},{\"@type\":\"Person\",\"@id\":\"https:\/\/www.prijedordanas.com\/#\/schema\/person\/4e08ccf29b506ca916ff86d46bb700e6\",\"name\":\"admin\",\"image\":{\"@type\":\"ImageObject\",\"inLanguage\":\"en-US\",\"@id\":\"https:\/\/www.prijedordanas.com\/#\/schema\/person\/image\/\",\"url\":\"https:\/\/secure.gravatar.com\/avatar\/1d3fc949d550f0b53a5f0d51e06dfd79?s=96&d=mm&r=g\",\"contentUrl\":\"https:\/\/secure.gravatar.com\/avatar\/1d3fc949d550f0b53a5f0d51e06dfd79?s=96&d=mm&r=g\",\"caption\":\"admin\"},\"url\":\"https:\/\/www.prijedordanas.com\/?author=1\"}]}<\/script>\n<!-- \/ Yoast SEO plugin. -->","yoast_head_json":{"title":"PRIJEDOR\u010cANI U\u010cESTVOVALI U \u201eVELIKOM KOLU ZA GINISA\u201c \u2013 FOTO - PrijedorDanas.com - Prijedorski gradski portal","robots":{"index":"index","follow":"follow","max-snippet":"max-snippet:-1","max-image-preview":"max-image-preview:large","max-video-preview":"max-video-preview:-1"},"canonical":"https:\/\/www.prijedordanas.com\/?p=30410","og_locale":"en_US","og_type":"article","og_title":"PRIJEDOR\u010cANI U\u010cESTVOVALI U \u201eVELIKOM KOLU ZA GINISA\u201c \u2013 FOTO - PrijedorDanas.com - Prijedorski gradski portal","og_description":"\u010clanovi Kulturno-umjetni\u010dkog dru\u0161tva \u201eMilan Egi\u0107\u201c iz Brezi\u010dana kod Prijedora, u\u010destvovali su u manifestaciji \u201eVeliko kolo za Ginisa\u201c koja je ju\u010de odr\u017eana u Novom Sadu (Srbija). Cilj ovog doga\u0111aja koji je [&hellip;]","og_url":"https:\/\/www.prijedordanas.com\/?p=30410","og_site_name":"PrijedorDanas.com - Prijedorski gradski portal","article_publisher":"https:\/\/www.facebook.com\/PrijedorDanasCom\/","article_published_time":"2015-10-05T16:14:46+00:00","article_modified_time":"2015-10-06T10:54:00+00:00","og_image":[{"url":"https:\/\/www.prijedordanas.com\/wp-content\/uploads\/2015\/10\/kud-milan-egic-veliko-kolo-za-ginisa-1-300x200.jpg"}],"author":"admin","twitter_card":"summary_large_image","twitter_misc":{"Written by":"admin","Est. reading time":"1 minute"},"schema":{"@context":"https:\/\/schema.org","@graph":[{"@type":"Article","@id":"https:\/\/www.prijedordanas.com\/?p=30410#article","isPartOf":{"@id":"https:\/\/www.prijedordanas.com\/?p=30410"},"author":{"name":"admin","@id":"https:\/\/www.prijedordanas.com\/#\/schema\/person\/4e08ccf29b506ca916ff86d46bb700e6"},"headline":"PRIJEDOR\u010cANI U\u010cESTVOVALI U \u201eVELIKOM KOLU ZA GINISA\u201c \u2013 FOTO","datePublished":"2015-10-05T16:14:46+00:00","dateModified":"2015-10-06T10:54:00+00:00","mainEntityOfPage":{"@id":"https:\/\/www.prijedordanas.com\/?p=30410"},"wordCount":287,"publisher":{"@id":"https:\/\/www.prijedordanas.com\/#organization"},"keywords":["KUD \"Milan Egi\u0107\" Brezi\u010dani","Novi Sad","Veliko kolo za Ginisa"],"articleSection":["Dru\u0161tvo"],"inLanguage":"en-US"},{"@type":"WebPage","@id":"https:\/\/www.prijedordanas.com\/?p=30410","url":"https:\/\/www.prijedordanas.com\/?p=30410","name":"PRIJEDOR\u010cANI U\u010cESTVOVALI U \u201eVELIKOM KOLU ZA GINISA\u201c \u2013 FOTO - PrijedorDanas.com - Prijedorski gradski portal","isPartOf":{"@id":"https:\/\/www.prijedordanas.com\/#website"},"datePublished":"2015-10-05T16:14:46+00:00","dateModified":"2015-10-06T10:54:00+00:00","breadcrumb":{"@id":"https:\/\/www.prijedordanas.com\/?p=30410#breadcrumb"},"inLanguage":"en-US","potentialAction":[{"@type":"ReadAction","target":["https:\/\/www.prijedordanas.com\/?p=30410"]}]},{"@type":"BreadcrumbList","@id":"https:\/\/www.prijedordanas.com\/?p=30410#breadcrumb","itemListElement":[{"@type":"ListItem","position":1,"name":"Home","item":"https:\/\/www.prijedordanas.com\/"},{"@type":"ListItem","position":2,"name":"PRIJEDOR\u010cANI U\u010cESTVOVALI U \u201eVELIKOM KOLU ZA GINISA\u201c \u2013 FOTO"}]},{"@type":"WebSite","@id":"https:\/\/www.prijedordanas.com\/#website","url":"https:\/\/www.prijedordanas.com\/","name":"PrijedorDanas.com - Prijedorski gradski portal","description":"Portal o doga\u0111anjima u gradu Prijedoru","publisher":{"@id":"https:\/\/www.prijedordanas.com\/#organization"},"potentialAction":[{"@type":"SearchAction","target":{"@type":"EntryPoint","urlTemplate":"https:\/\/www.prijedordanas.com\/?s={search_term_string}"},"query-input":"required name=search_term_string"}],"inLanguage":"en-US"},{"@type":"Organization","@id":"https:\/\/www.prijedordanas.com\/#organization","name":"PrijedorDanas.com","url":"https:\/\/www.prijedordanas.com\/","logo":{"@type":"ImageObject","inLanguage":"en-US","@id":"https:\/\/www.prijedordanas.com\/#\/schema\/logo\/image\/","url":"http:\/\/www.prijedordanas.com\/wp-content\/uploads\/2021\/12\/logopng.png","contentUrl":"http:\/\/www.prijedordanas.com\/wp-content\/uploads\/2021\/12\/logopng.png","width":1019,"height":776,"caption":"PrijedorDanas.com"},"image":{"@id":"https:\/\/www.prijedordanas.com\/#\/schema\/logo\/image\/"},"sameAs":["https:\/\/www.facebook.com\/PrijedorDanasCom\/"]},{"@type":"Person","@id":"https:\/\/www.prijedordanas.com\/#\/schema\/person\/4e08ccf29b506ca916ff86d46bb700e6","name":"admin","image":{"@type":"ImageObject","inLanguage":"en-US","@id":"https:\/\/www.prijedordanas.com\/#\/schema\/person\/image\/","url":"https:\/\/secure.gravatar.com\/avatar\/1d3fc949d550f0b53a5f0d51e06dfd79?s=96&d=mm&r=g","contentUrl":"https:\/\/secure.gravatar.com\/avatar\/1d3fc949d550f0b53a5f0d51e06dfd79?s=96&d=mm&r=g","caption":"admin"},"url":"https:\/\/www.prijedordanas.com\/?author=1"}]}},"_links":{"self":[{"href":"https:\/\/www.prijedordanas.com\/index.php?rest_route=\/wp\/v2\/posts\/30410"}],"collection":[{"href":"https:\/\/www.prijedordanas.com\/index.php?rest_route=\/wp\/v2\/posts"}],"about":[{"href":"https:\/\/www.prijedordanas.com\/index.php?rest_route=\/wp\/v2\/types\/post"}],"author":[{"embeddable":true,"href":"https:\/\/www.prijedordanas.com\/index.php?rest_route=\/wp\/v2\/users\/1"}],"replies":[{"embeddable":true,"href":"https:\/\/www.prijedordanas.com\/index.php?rest_route=%2Fwp%2Fv2%2Fcomments&post=30410"}],"version-history":[{"count":6,"href":"https:\/\/www.prijedordanas.com\/index.php?rest_route=\/wp\/v2\/posts\/30410\/revisions"}],"predecessor-version":[{"id":30466,"href":"https:\/\/www.prijedordanas.com\/index.php?rest_route=\/wp\/v2\/posts\/30410\/revisions\/30466"}],"wp:attachment":[{"href":"https:\/\/www.prijedordanas.com\/index.php?rest_route=%2Fwp%2Fv2%2Fmedia&parent=30410"}],"wp:term":[{"taxonomy":"category","embeddable":true,"href":"https:\/\/www.prijedordanas.com\/index.php?rest_route=%2Fwp%2Fv2%2Fcategories&post=30410"},{"taxonomy":"post_tag","embeddable":true,"href":"https:\/\/www.prijedordanas.com\/index.php?rest_route=%2Fwp%2Fv2%2Ftags&post=30410"}],"curies":[{"name":"wp","href":"https:\/\/api.w.org\/{rel}","templated":true}]}}