{"id":30317,"date":"2015-10-04T09:45:41","date_gmt":"2015-10-04T08:45:41","guid":{"rendered":"https:\/\/www.prijedordanas.com\/?p=30317"},"modified":"2015-10-04T09:45:41","modified_gmt":"2015-10-04T08:45:41","slug":"fsa-prijedor-veliki-i-u-porazu","status":"publish","type":"post","link":"https:\/\/www.prijedordanas.com\/?p=30317","title":{"rendered":"FSA PRIJEDOR VELIKI I U PORAZU!"},"content":{"rendered":"<p><a href=\"https:\/\/www.prijedordanas.com\/wp-content\/uploads\/2015\/10\/pravdabl-fsa-veliki.jpg\"><img loading=\"lazy\" decoding=\"async\" src=\"https:\/\/www.prijedordanas.com\/wp-content\/uploads\/2015\/10\/pravdabl-fsa-veliki-300x169.jpg\" alt=\"pravdabl-fsa-veliki\" width=\"300\" height=\"169\" class=\"alignleft size-medium wp-image-30318\" srcset=\"https:\/\/www.prijedordanas.com\/wp-content\/uploads\/2015\/10\/pravdabl-fsa-veliki-300x169.jpg 300w, https:\/\/www.prijedordanas.com\/wp-content\/uploads\/2015\/10\/pravdabl-fsa-veliki.jpg 600w\" sizes=\"(max-width: 300px) 100vw, 300px\" \/><\/a>Ponekad mali daju lekcije velikima, a jedna takva stigla je iz Prijedora. Iako su u premijernoj utakmici na Regionalnom Zapadu u Banjaluci pora\u017eeni od Naprijeda (0:1), to nije sprije\u010dilo \u010delnike ovog kolektiva da borbu za bodove stave u drugi plan, a vite\u0161tvo gurnu ispred svega. Na adresu kluba iz Obili\u0107eva stigao je telegram koji prenosimo u cjelosti:<\/p>\n<p>Zahvaljujemo se rukovodstvu i FK Naprijed na lijepom do\u010deku i doma\u0107inskom odnosu prema FSA Prijedor. Hvala Vam na korektno odigranoj utakmici i ovom prilikom \u010destitamo vam na zaslu\u017eenoj pobjedi, sekretar kluba Vlado Zolak. <\/p>\n<p>Predsjednik FK Naprijed \u010cedo \u0160evarika zahvalio se gostima, po\u017eeljev\u0161i im vi\u0161e sre\u0107e na zelenom terenu u narednim utakmicma.<\/p>\n<p>\u2013 Zaista nas je iznenadio ovakav gest iz Prijedora! Ovim potezom pokazali su da jo\u0161 negdje postoje vite\u0161ke odlike kao i sportski radnici koji sport do\u017eivljavaju kao relaksaciju, a pobjede i poraze do\u017eivljavaju kao ne\u0161to normalno u svemu tome. Moram da ka\u017eem da odavno na na\u0161em stadionu nije gostovala disciplinovanija ekipa, koja ima i glavu i rep i pitanje je dana kada \u0107e iza\u0107i iz rezultatske krize, jer za to imaju sve preduslove \u2013 poru\u010dio je \u0160evarika.<\/p>\n<p>Da li ovakvi potezi vra\u0107aju vjeru u na\u0161 fudal, ili \u0107e slu\u010daj iz Prijedora biti samo usamljena lastavica na nebu Srpske. Ali da svi vapimo za vite\u0161tvom, i te kako je jasno svima. Mali su uvijek bili putokaz velikim, pa neka i ova poruka ode do vrha.<\/p>\n<p>Pravdabl.com<\/p>\n","protected":false},"excerpt":{"rendered":"<p>Ponekad mali daju lekcije velikima, a jedna takva stigla je iz Prijedora. Iako su u premijernoj utakmici na Regionalnom Zapadu u Banjaluci pora\u017eeni od Naprijeda (0:1), to nije sprije\u010dilo \u010delnike [&hellip;]<\/p>\n","protected":false},"author":1,"featured_media":0,"comment_status":"closed","ping_status":"open","sticky":false,"template":"","format":"standard","meta":{"_monsterinsights_skip_tracking":false,"_monsterinsights_sitenote_active":false,"_monsterinsights_sitenote_note":"","_monsterinsights_sitenote_category":0,"footnotes":""},"categories":[7],"tags":[1825,3336,4861,5265,5264,4769],"yoast_head":"<!-- This site is optimized with the Yoast SEO plugin v21.6 - https:\/\/yoast.com\/wordpress\/plugins\/seo\/ -->\n<title>FSA PRIJEDOR VELIKI I U PORAZU! - PrijedorDanas.com - Prijedorski gradski portal<\/title>\n<meta name=\"robots\" content=\"index, follow, max-snippet:-1, max-image-preview:large, max-video-preview:-1\" \/>\n<link rel=\"canonical\" href=\"https:\/\/www.prijedordanas.com\/?p=30317\" \/>\n<meta property=\"og:locale\" content=\"en_US\" \/>\n<meta property=\"og:type\" content=\"article\" \/>\n<meta property=\"og:title\" content=\"FSA PRIJEDOR VELIKI I U PORAZU! - PrijedorDanas.com - Prijedorski gradski portal\" \/>\n<meta property=\"og:description\" content=\"Ponekad mali daju lekcije velikima, a jedna takva stigla je iz Prijedora. Iako su u premijernoj utakmici na Regionalnom Zapadu u Banjaluci pora\u017eeni od Naprijeda (0:1), to nije sprije\u010dilo \u010delnike [&hellip;]\" \/>\n<meta property=\"og:url\" content=\"https:\/\/www.prijedordanas.com\/?p=30317\" \/>\n<meta property=\"og:site_name\" content=\"PrijedorDanas.com - Prijedorski gradski portal\" \/>\n<meta property=\"article:publisher\" content=\"https:\/\/www.facebook.com\/PrijedorDanasCom\/\" \/>\n<meta property=\"article:published_time\" content=\"2015-10-04T08:45:41+00:00\" \/>\n<meta property=\"og:image\" content=\"https:\/\/www.prijedordanas.com\/wp-content\/uploads\/2015\/10\/pravdabl-fsa-veliki-300x169.jpg\" \/>\n<meta name=\"author\" content=\"admin\" \/>\n<meta name=\"twitter:card\" content=\"summary_large_image\" \/>\n<meta name=\"twitter:label1\" content=\"Written by\" \/>\n\t<meta name=\"twitter:data1\" content=\"admin\" \/>\n\t<meta name=\"twitter:label2\" content=\"Est. reading time\" \/>\n\t<meta name=\"twitter:data2\" content=\"1 minute\" \/>\n<script type=\"application\/ld+json\" class=\"yoast-schema-graph\">{\"@context\":\"https:\/\/schema.org\",\"@graph\":[{\"@type\":\"Article\",\"@id\":\"https:\/\/www.prijedordanas.com\/?p=30317#article\",\"isPartOf\":{\"@id\":\"https:\/\/www.prijedordanas.com\/?p=30317\"},\"author\":{\"name\":\"admin\",\"@id\":\"https:\/\/www.prijedordanas.com\/#\/schema\/person\/4e08ccf29b506ca916ff86d46bb700e6\"},\"headline\":\"FSA PRIJEDOR VELIKI I U PORAZU!\",\"datePublished\":\"2015-10-04T08:45:41+00:00\",\"dateModified\":\"2015-10-04T08:45:41+00:00\",\"mainEntityOfPage\":{\"@id\":\"https:\/\/www.prijedordanas.com\/?p=30317\"},\"wordCount\":259,\"publisher\":{\"@id\":\"https:\/\/www.prijedordanas.com\/#organization\"},\"keywords\":[\"FSA Prijedor\",\"Naprijed\",\"poraz\",\"telegram\",\"veliki\",\"zahvalnost\"],\"articleSection\":[\"Sport\"],\"inLanguage\":\"en-US\"},{\"@type\":\"WebPage\",\"@id\":\"https:\/\/www.prijedordanas.com\/?p=30317\",\"url\":\"https:\/\/www.prijedordanas.com\/?p=30317\",\"name\":\"FSA PRIJEDOR VELIKI I U PORAZU! - PrijedorDanas.com - Prijedorski gradski portal\",\"isPartOf\":{\"@id\":\"https:\/\/www.prijedordanas.com\/#website\"},\"datePublished\":\"2015-10-04T08:45:41+00:00\",\"dateModified\":\"2015-10-04T08:45:41+00:00\",\"breadcrumb\":{\"@id\":\"https:\/\/www.prijedordanas.com\/?p=30317#breadcrumb\"},\"inLanguage\":\"en-US\",\"potentialAction\":[{\"@type\":\"ReadAction\",\"target\":[\"https:\/\/www.prijedordanas.com\/?p=30317\"]}]},{\"@type\":\"BreadcrumbList\",\"@id\":\"https:\/\/www.prijedordanas.com\/?p=30317#breadcrumb\",\"itemListElement\":[{\"@type\":\"ListItem\",\"position\":1,\"name\":\"Home\",\"item\":\"https:\/\/www.prijedordanas.com\/\"},{\"@type\":\"ListItem\",\"position\":2,\"name\":\"FSA PRIJEDOR VELIKI I U PORAZU!\"}]},{\"@type\":\"WebSite\",\"@id\":\"https:\/\/www.prijedordanas.com\/#website\",\"url\":\"https:\/\/www.prijedordanas.com\/\",\"name\":\"PrijedorDanas.com - Prijedorski gradski portal\",\"description\":\"Portal o doga\u0111anjima u gradu Prijedoru\",\"publisher\":{\"@id\":\"https:\/\/www.prijedordanas.com\/#organization\"},\"potentialAction\":[{\"@type\":\"SearchAction\",\"target\":{\"@type\":\"EntryPoint\",\"urlTemplate\":\"https:\/\/www.prijedordanas.com\/?s={search_term_string}\"},\"query-input\":\"required name=search_term_string\"}],\"inLanguage\":\"en-US\"},{\"@type\":\"Organization\",\"@id\":\"https:\/\/www.prijedordanas.com\/#organization\",\"name\":\"PrijedorDanas.com\",\"url\":\"https:\/\/www.prijedordanas.com\/\",\"logo\":{\"@type\":\"ImageObject\",\"inLanguage\":\"en-US\",\"@id\":\"https:\/\/www.prijedordanas.com\/#\/schema\/logo\/image\/\",\"url\":\"http:\/\/www.prijedordanas.com\/wp-content\/uploads\/2021\/12\/logopng.png\",\"contentUrl\":\"http:\/\/www.prijedordanas.com\/wp-content\/uploads\/2021\/12\/logopng.png\",\"width\":1019,\"height\":776,\"caption\":\"PrijedorDanas.com\"},\"image\":{\"@id\":\"https:\/\/www.prijedordanas.com\/#\/schema\/logo\/image\/\"},\"sameAs\":[\"https:\/\/www.facebook.com\/PrijedorDanasCom\/\"]},{\"@type\":\"Person\",\"@id\":\"https:\/\/www.prijedordanas.com\/#\/schema\/person\/4e08ccf29b506ca916ff86d46bb700e6\",\"name\":\"admin\",\"image\":{\"@type\":\"ImageObject\",\"inLanguage\":\"en-US\",\"@id\":\"https:\/\/www.prijedordanas.com\/#\/schema\/person\/image\/\",\"url\":\"https:\/\/secure.gravatar.com\/avatar\/1d3fc949d550f0b53a5f0d51e06dfd79?s=96&d=mm&r=g\",\"contentUrl\":\"https:\/\/secure.gravatar.com\/avatar\/1d3fc949d550f0b53a5f0d51e06dfd79?s=96&d=mm&r=g\",\"caption\":\"admin\"},\"url\":\"https:\/\/www.prijedordanas.com\/?author=1\"}]}<\/script>\n<!-- \/ Yoast SEO plugin. -->","yoast_head_json":{"title":"FSA PRIJEDOR VELIKI I U PORAZU! - PrijedorDanas.com - Prijedorski gradski portal","robots":{"index":"index","follow":"follow","max-snippet":"max-snippet:-1","max-image-preview":"max-image-preview:large","max-video-preview":"max-video-preview:-1"},"canonical":"https:\/\/www.prijedordanas.com\/?p=30317","og_locale":"en_US","og_type":"article","og_title":"FSA PRIJEDOR VELIKI I U PORAZU! - PrijedorDanas.com - Prijedorski gradski portal","og_description":"Ponekad mali daju lekcije velikima, a jedna takva stigla je iz Prijedora. Iako su u premijernoj utakmici na Regionalnom Zapadu u Banjaluci pora\u017eeni od Naprijeda (0:1), to nije sprije\u010dilo \u010delnike [&hellip;]","og_url":"https:\/\/www.prijedordanas.com\/?p=30317","og_site_name":"PrijedorDanas.com - Prijedorski gradski portal","article_publisher":"https:\/\/www.facebook.com\/PrijedorDanasCom\/","article_published_time":"2015-10-04T08:45:41+00:00","og_image":[{"url":"https:\/\/www.prijedordanas.com\/wp-content\/uploads\/2015\/10\/pravdabl-fsa-veliki-300x169.jpg"}],"author":"admin","twitter_card":"summary_large_image","twitter_misc":{"Written by":"admin","Est. reading time":"1 minute"},"schema":{"@context":"https:\/\/schema.org","@graph":[{"@type":"Article","@id":"https:\/\/www.prijedordanas.com\/?p=30317#article","isPartOf":{"@id":"https:\/\/www.prijedordanas.com\/?p=30317"},"author":{"name":"admin","@id":"https:\/\/www.prijedordanas.com\/#\/schema\/person\/4e08ccf29b506ca916ff86d46bb700e6"},"headline":"FSA PRIJEDOR VELIKI I U PORAZU!","datePublished":"2015-10-04T08:45:41+00:00","dateModified":"2015-10-04T08:45:41+00:00","mainEntityOfPage":{"@id":"https:\/\/www.prijedordanas.com\/?p=30317"},"wordCount":259,"publisher":{"@id":"https:\/\/www.prijedordanas.com\/#organization"},"keywords":["FSA Prijedor","Naprijed","poraz","telegram","veliki","zahvalnost"],"articleSection":["Sport"],"inLanguage":"en-US"},{"@type":"WebPage","@id":"https:\/\/www.prijedordanas.com\/?p=30317","url":"https:\/\/www.prijedordanas.com\/?p=30317","name":"FSA PRIJEDOR VELIKI I U PORAZU! - PrijedorDanas.com - Prijedorski gradski portal","isPartOf":{"@id":"https:\/\/www.prijedordanas.com\/#website"},"datePublished":"2015-10-04T08:45:41+00:00","dateModified":"2015-10-04T08:45:41+00:00","breadcrumb":{"@id":"https:\/\/www.prijedordanas.com\/?p=30317#breadcrumb"},"inLanguage":"en-US","potentialAction":[{"@type":"ReadAction","target":["https:\/\/www.prijedordanas.com\/?p=30317"]}]},{"@type":"BreadcrumbList","@id":"https:\/\/www.prijedordanas.com\/?p=30317#breadcrumb","itemListElement":[{"@type":"ListItem","position":1,"name":"Home","item":"https:\/\/www.prijedordanas.com\/"},{"@type":"ListItem","position":2,"name":"FSA PRIJEDOR VELIKI I U PORAZU!"}]},{"@type":"WebSite","@id":"https:\/\/www.prijedordanas.com\/#website","url":"https:\/\/www.prijedordanas.com\/","name":"PrijedorDanas.com - Prijedorski gradski portal","description":"Portal o doga\u0111anjima u gradu Prijedoru","publisher":{"@id":"https:\/\/www.prijedordanas.com\/#organization"},"potentialAction":[{"@type":"SearchAction","target":{"@type":"EntryPoint","urlTemplate":"https:\/\/www.prijedordanas.com\/?s={search_term_string}"},"query-input":"required name=search_term_string"}],"inLanguage":"en-US"},{"@type":"Organization","@id":"https:\/\/www.prijedordanas.com\/#organization","name":"PrijedorDanas.com","url":"https:\/\/www.prijedordanas.com\/","logo":{"@type":"ImageObject","inLanguage":"en-US","@id":"https:\/\/www.prijedordanas.com\/#\/schema\/logo\/image\/","url":"http:\/\/www.prijedordanas.com\/wp-content\/uploads\/2021\/12\/logopng.png","contentUrl":"http:\/\/www.prijedordanas.com\/wp-content\/uploads\/2021\/12\/logopng.png","width":1019,"height":776,"caption":"PrijedorDanas.com"},"image":{"@id":"https:\/\/www.prijedordanas.com\/#\/schema\/logo\/image\/"},"sameAs":["https:\/\/www.facebook.com\/PrijedorDanasCom\/"]},{"@type":"Person","@id":"https:\/\/www.prijedordanas.com\/#\/schema\/person\/4e08ccf29b506ca916ff86d46bb700e6","name":"admin","image":{"@type":"ImageObject","inLanguage":"en-US","@id":"https:\/\/www.prijedordanas.com\/#\/schema\/person\/image\/","url":"https:\/\/secure.gravatar.com\/avatar\/1d3fc949d550f0b53a5f0d51e06dfd79?s=96&d=mm&r=g","contentUrl":"https:\/\/secure.gravatar.com\/avatar\/1d3fc949d550f0b53a5f0d51e06dfd79?s=96&d=mm&r=g","caption":"admin"},"url":"https:\/\/www.prijedordanas.com\/?author=1"}]}},"_links":{"self":[{"href":"https:\/\/www.prijedordanas.com\/index.php?rest_route=\/wp\/v2\/posts\/30317"}],"collection":[{"href":"https:\/\/www.prijedordanas.com\/index.php?rest_route=\/wp\/v2\/posts"}],"about":[{"href":"https:\/\/www.prijedordanas.com\/index.php?rest_route=\/wp\/v2\/types\/post"}],"author":[{"embeddable":true,"href":"https:\/\/www.prijedordanas.com\/index.php?rest_route=\/wp\/v2\/users\/1"}],"replies":[{"embeddable":true,"href":"https:\/\/www.prijedordanas.com\/index.php?rest_route=%2Fwp%2Fv2%2Fcomments&post=30317"}],"version-history":[{"count":1,"href":"https:\/\/www.prijedordanas.com\/index.php?rest_route=\/wp\/v2\/posts\/30317\/revisions"}],"predecessor-version":[{"id":30319,"href":"https:\/\/www.prijedordanas.com\/index.php?rest_route=\/wp\/v2\/posts\/30317\/revisions\/30319"}],"wp:attachment":[{"href":"https:\/\/www.prijedordanas.com\/index.php?rest_route=%2Fwp%2Fv2%2Fmedia&parent=30317"}],"wp:term":[{"taxonomy":"category","embeddable":true,"href":"https:\/\/www.prijedordanas.com\/index.php?rest_route=%2Fwp%2Fv2%2Fcategories&post=30317"},{"taxonomy":"post_tag","embeddable":true,"href":"https:\/\/www.prijedordanas.com\/index.php?rest_route=%2Fwp%2Fv2%2Ftags&post=30317"}],"curies":[{"name":"wp","href":"https:\/\/api.w.org\/{rel}","templated":true}]}}