{"id":30306,"date":"2015-10-03T18:27:23","date_gmt":"2015-10-03T17:27:23","guid":{"rendered":"https:\/\/www.prijedordanas.com\/?p=30306"},"modified":"2015-10-03T18:27:23","modified_gmt":"2015-10-03T17:27:23","slug":"fondacija-zajednicki-put-obiljezila-medunarodni-dan-starijih-lica-foto","status":"publish","type":"post","link":"https:\/\/www.prijedordanas.com\/?p=30306","title":{"rendered":"FONDACIJA \u201eZAJEDNI\u010cKI PUT\u201c OBILJE\u017dILA ME\u0110UNARODNI DAN STARIJIH LICA \u2013 FOTO"},"content":{"rendered":"<p><a href=\"https:\/\/www.prijedordanas.com\/wp-content\/uploads\/2015\/10\/fondacija-zajednicki-put-prodajna-izlozba-1.jpg\"><img loading=\"lazy\" decoding=\"async\" class=\"alignleft size-medium wp-image-30307\" src=\"https:\/\/www.prijedordanas.com\/wp-content\/uploads\/2015\/10\/fondacija-zajednicki-put-prodajna-izlozba-1-300x180.jpg\" alt=\"fondacija zajednicki put-prodajna izlozba (1)\" width=\"300\" height=\"180\" srcset=\"https:\/\/www.prijedordanas.com\/wp-content\/uploads\/2015\/10\/fondacija-zajednicki-put-prodajna-izlozba-1-300x180.jpg 300w, https:\/\/www.prijedordanas.com\/wp-content\/uploads\/2015\/10\/fondacija-zajednicki-put-prodajna-izlozba-1.jpg 600w\" sizes=\"(max-width: 300px) 100vw, 300px\" \/><\/a>Povodom obilje\u017eavanja Me\u0111unarodnog dana starijih osoba u prostorijama Doma penzionera Prijedor u \u010detvrtak, 01.10.2015. godine, odr\u017eana je prodajna izlo\u017eba proizvoda Za\u0161titne radionice Fondacije \u201cZajedni\u010dki put\u201d.<\/p>\n<p>Na izlo\u017ebi korisnici Doma penzionera i ostali posjetioci imali su priliku da se upoznaju sa konceptom Za\u0161titne radionice, pogledaju razli\u010dite proizvode iz prodajnog asortimana kao \u0161to su kroja\u010dki ru\u010dni radovi, unikatni nakit, vez, bravarski proizvodi i drugi, te da se upoznaju se sa izlaga\u010dima koji svoje proizvode izla\u017eu u ovom prostoru.<\/p>\n<p>Ovo je jedna u nizu prodajnih izlo\u017ebi proizvoda koje su organizovane od dana otvaranja Za\u0161titne radionice. Ovim putem pozivamo sve sugra\u0111ane i poslodavce da nas posjete na nekoj od predstoje\u0107ih izlo\u017ebi ili u prostorijama radionice na adresi Majora Milana Tepi\u0107a bb i tako pru\u017ee podr\u0161ku ovoj ideji.<\/p>\n<p>Za\u0161titna radionica Fondacije \u201cZajedni\u010dki put\u201d je prva takve vrste u RS\/BiH i bavi se prodajom rukotvorina vi\u0161e udru\u017eenja, kao i pojedinaca sa teritorija Prijedora. Osnovni cilj ove radionice jeste pru\u017eanje podr\u0161ke samozapo\u0161ljavanju nezaposlenih lica sa ovog podru\u010dja, prvenstveno mladih sa pote\u0161ko\u0107ama u razvoju.<\/p>\n<p>Fondacija \u201cZajedni\u010dki put\u201d Prijedor<\/p>\n<p><a href=\"https:\/\/www.prijedordanas.com\/wp-content\/uploads\/2015\/10\/fondacija-zajednicki-put-prodajna-izlozba-2.jpg\"><img loading=\"lazy\" decoding=\"async\" src=\"https:\/\/www.prijedordanas.com\/wp-content\/uploads\/2015\/10\/fondacija-zajednicki-put-prodajna-izlozba-2-300x180.jpg\" alt=\"fondacija zajednicki put-prodajna izlozba (2)\" width=\"300\" height=\"180\" class=\"alignleft size-medium wp-image-30308\" srcset=\"https:\/\/www.prijedordanas.com\/wp-content\/uploads\/2015\/10\/fondacija-zajednicki-put-prodajna-izlozba-2-300x180.jpg 300w, https:\/\/www.prijedordanas.com\/wp-content\/uploads\/2015\/10\/fondacija-zajednicki-put-prodajna-izlozba-2.jpg 600w\" sizes=\"(max-width: 300px) 100vw, 300px\" \/><\/a> <a href=\"https:\/\/www.prijedordanas.com\/wp-content\/uploads\/2015\/10\/fondacija-zajednicki-put-prodajna-izlozba-3.jpg\"><img loading=\"lazy\" decoding=\"async\" src=\"https:\/\/www.prijedordanas.com\/wp-content\/uploads\/2015\/10\/fondacija-zajednicki-put-prodajna-izlozba-3-300x180.jpg\" alt=\"fondacija zajednicki put-prodajna izlozba (3)\" width=\"300\" height=\"180\" class=\"alignleft size-medium wp-image-30309\" srcset=\"https:\/\/www.prijedordanas.com\/wp-content\/uploads\/2015\/10\/fondacija-zajednicki-put-prodajna-izlozba-3-300x180.jpg 300w, https:\/\/www.prijedordanas.com\/wp-content\/uploads\/2015\/10\/fondacija-zajednicki-put-prodajna-izlozba-3.jpg 600w\" sizes=\"(max-width: 300px) 100vw, 300px\" \/><\/a> <a href=\"https:\/\/www.prijedordanas.com\/wp-content\/uploads\/2015\/10\/fondacija-zajednicki-put-prodajna-izlozba-4.jpg\"><img loading=\"lazy\" decoding=\"async\" src=\"https:\/\/www.prijedordanas.com\/wp-content\/uploads\/2015\/10\/fondacija-zajednicki-put-prodajna-izlozba-4-300x180.jpg\" alt=\"fondacija zajednicki put-prodajna izlozba (4)\" width=\"300\" height=\"180\" class=\"alignleft size-medium wp-image-30310\" srcset=\"https:\/\/www.prijedordanas.com\/wp-content\/uploads\/2015\/10\/fondacija-zajednicki-put-prodajna-izlozba-4-300x180.jpg 300w, https:\/\/www.prijedordanas.com\/wp-content\/uploads\/2015\/10\/fondacija-zajednicki-put-prodajna-izlozba-4.jpg 600w\" sizes=\"(max-width: 300px) 100vw, 300px\" \/><\/a> <a href=\"https:\/\/www.prijedordanas.com\/wp-content\/uploads\/2015\/10\/fondacija-zajednicki-put-prodajna-izlozba-5.jpg\"><img loading=\"lazy\" decoding=\"async\" src=\"https:\/\/www.prijedordanas.com\/wp-content\/uploads\/2015\/10\/fondacija-zajednicki-put-prodajna-izlozba-5-300x180.jpg\" alt=\"fondacija zajednicki put-prodajna izlozba (5)\" width=\"300\" height=\"180\" class=\"alignleft size-medium wp-image-30311\" srcset=\"https:\/\/www.prijedordanas.com\/wp-content\/uploads\/2015\/10\/fondacija-zajednicki-put-prodajna-izlozba-5-300x180.jpg 300w, https:\/\/www.prijedordanas.com\/wp-content\/uploads\/2015\/10\/fondacija-zajednicki-put-prodajna-izlozba-5.jpg 600w\" sizes=\"(max-width: 300px) 100vw, 300px\" \/><\/a><\/p>\n","protected":false},"excerpt":{"rendered":"<p>Povodom obilje\u017eavanja Me\u0111unarodnog dana starijih osoba u prostorijama Doma penzionera Prijedor u \u010detvrtak, 01.10.2015. godine, odr\u017eana je prodajna izlo\u017eba proizvoda Za\u0161titne radionice Fondacije \u201cZajedni\u010dki put\u201d. Na izlo\u017ebi korisnici Doma penzionera [&hellip;]<\/p>\n","protected":false},"author":1,"featured_media":0,"comment_status":"closed","ping_status":"open","sticky":false,"template":"","format":"standard","meta":{"_monsterinsights_skip_tracking":false,"_monsterinsights_sitenote_active":false,"_monsterinsights_sitenote_note":"","_monsterinsights_sitenote_category":0,"footnotes":""},"categories":[8],"tags":[76,4395],"yoast_head":"<!-- This site is optimized with the Yoast SEO plugin v21.6 - https:\/\/yoast.com\/wordpress\/plugins\/seo\/ -->\n<title>FONDACIJA \u201eZAJEDNI\u010cKI PUT\u201c OBILJE\u017dILA ME\u0110UNARODNI DAN STARIJIH LICA \u2013 FOTO - PrijedorDanas.com - Prijedorski gradski portal<\/title>\n<meta name=\"robots\" content=\"index, follow, max-snippet:-1, max-image-preview:large, max-video-preview:-1\" \/>\n<link rel=\"canonical\" href=\"https:\/\/www.prijedordanas.com\/?p=30306\" \/>\n<meta property=\"og:locale\" content=\"en_US\" \/>\n<meta property=\"og:type\" content=\"article\" \/>\n<meta property=\"og:title\" content=\"FONDACIJA \u201eZAJEDNI\u010cKI PUT\u201c OBILJE\u017dILA ME\u0110UNARODNI DAN STARIJIH LICA \u2013 FOTO - PrijedorDanas.com - Prijedorski gradski portal\" \/>\n<meta property=\"og:description\" content=\"Povodom obilje\u017eavanja Me\u0111unarodnog dana starijih osoba u prostorijama Doma penzionera Prijedor u \u010detvrtak, 01.10.2015. godine, odr\u017eana je prodajna izlo\u017eba proizvoda Za\u0161titne radionice Fondacije \u201cZajedni\u010dki put\u201d. Na izlo\u017ebi korisnici Doma penzionera [&hellip;]\" \/>\n<meta property=\"og:url\" content=\"https:\/\/www.prijedordanas.com\/?p=30306\" \/>\n<meta property=\"og:site_name\" content=\"PrijedorDanas.com - Prijedorski gradski portal\" \/>\n<meta property=\"article:publisher\" content=\"https:\/\/www.facebook.com\/PrijedorDanasCom\/\" \/>\n<meta property=\"article:published_time\" content=\"2015-10-03T17:27:23+00:00\" \/>\n<meta property=\"og:image\" content=\"https:\/\/www.prijedordanas.com\/wp-content\/uploads\/2015\/10\/fondacija-zajednicki-put-prodajna-izlozba-1-300x180.jpg\" \/>\n<meta name=\"author\" content=\"admin\" \/>\n<meta name=\"twitter:card\" content=\"summary_large_image\" \/>\n<meta name=\"twitter:label1\" content=\"Written by\" \/>\n\t<meta name=\"twitter:data1\" content=\"admin\" \/>\n\t<meta name=\"twitter:label2\" content=\"Est. reading time\" \/>\n\t<meta name=\"twitter:data2\" content=\"1 minute\" \/>\n<script type=\"application\/ld+json\" class=\"yoast-schema-graph\">{\"@context\":\"https:\/\/schema.org\",\"@graph\":[{\"@type\":\"Article\",\"@id\":\"https:\/\/www.prijedordanas.com\/?p=30306#article\",\"isPartOf\":{\"@id\":\"https:\/\/www.prijedordanas.com\/?p=30306\"},\"author\":{\"name\":\"admin\",\"@id\":\"https:\/\/www.prijedordanas.com\/#\/schema\/person\/4e08ccf29b506ca916ff86d46bb700e6\"},\"headline\":\"FONDACIJA \u201eZAJEDNI\u010cKI PUT\u201c OBILJE\u017dILA ME\u0110UNARODNI DAN STARIJIH LICA \u2013 FOTO\",\"datePublished\":\"2015-10-03T17:27:23+00:00\",\"dateModified\":\"2015-10-03T17:27:23+00:00\",\"mainEntityOfPage\":{\"@id\":\"https:\/\/www.prijedordanas.com\/?p=30306\"},\"wordCount\":214,\"publisher\":{\"@id\":\"https:\/\/www.prijedordanas.com\/#organization\"},\"keywords\":[\"Fondacija Zajedni\u010dki put\",\"prodajna izlo\u017eba\"],\"articleSection\":[\"Svakodnevno\"],\"inLanguage\":\"en-US\"},{\"@type\":\"WebPage\",\"@id\":\"https:\/\/www.prijedordanas.com\/?p=30306\",\"url\":\"https:\/\/www.prijedordanas.com\/?p=30306\",\"name\":\"FONDACIJA \u201eZAJEDNI\u010cKI PUT\u201c OBILJE\u017dILA ME\u0110UNARODNI DAN STARIJIH LICA \u2013 FOTO - PrijedorDanas.com - Prijedorski gradski portal\",\"isPartOf\":{\"@id\":\"https:\/\/www.prijedordanas.com\/#website\"},\"datePublished\":\"2015-10-03T17:27:23+00:00\",\"dateModified\":\"2015-10-03T17:27:23+00:00\",\"breadcrumb\":{\"@id\":\"https:\/\/www.prijedordanas.com\/?p=30306#breadcrumb\"},\"inLanguage\":\"en-US\",\"potentialAction\":[{\"@type\":\"ReadAction\",\"target\":[\"https:\/\/www.prijedordanas.com\/?p=30306\"]}]},{\"@type\":\"BreadcrumbList\",\"@id\":\"https:\/\/www.prijedordanas.com\/?p=30306#breadcrumb\",\"itemListElement\":[{\"@type\":\"ListItem\",\"position\":1,\"name\":\"Home\",\"item\":\"https:\/\/www.prijedordanas.com\/\"},{\"@type\":\"ListItem\",\"position\":2,\"name\":\"FONDACIJA \u201eZAJEDNI\u010cKI PUT\u201c OBILJE\u017dILA ME\u0110UNARODNI DAN STARIJIH LICA \u2013 FOTO\"}]},{\"@type\":\"WebSite\",\"@id\":\"https:\/\/www.prijedordanas.com\/#website\",\"url\":\"https:\/\/www.prijedordanas.com\/\",\"name\":\"PrijedorDanas.com - Prijedorski gradski portal\",\"description\":\"Portal o doga\u0111anjima u gradu Prijedoru\",\"publisher\":{\"@id\":\"https:\/\/www.prijedordanas.com\/#organization\"},\"potentialAction\":[{\"@type\":\"SearchAction\",\"target\":{\"@type\":\"EntryPoint\",\"urlTemplate\":\"https:\/\/www.prijedordanas.com\/?s={search_term_string}\"},\"query-input\":\"required name=search_term_string\"}],\"inLanguage\":\"en-US\"},{\"@type\":\"Organization\",\"@id\":\"https:\/\/www.prijedordanas.com\/#organization\",\"name\":\"PrijedorDanas.com\",\"url\":\"https:\/\/www.prijedordanas.com\/\",\"logo\":{\"@type\":\"ImageObject\",\"inLanguage\":\"en-US\",\"@id\":\"https:\/\/www.prijedordanas.com\/#\/schema\/logo\/image\/\",\"url\":\"http:\/\/www.prijedordanas.com\/wp-content\/uploads\/2021\/12\/logopng.png\",\"contentUrl\":\"http:\/\/www.prijedordanas.com\/wp-content\/uploads\/2021\/12\/logopng.png\",\"width\":1019,\"height\":776,\"caption\":\"PrijedorDanas.com\"},\"image\":{\"@id\":\"https:\/\/www.prijedordanas.com\/#\/schema\/logo\/image\/\"},\"sameAs\":[\"https:\/\/www.facebook.com\/PrijedorDanasCom\/\"]},{\"@type\":\"Person\",\"@id\":\"https:\/\/www.prijedordanas.com\/#\/schema\/person\/4e08ccf29b506ca916ff86d46bb700e6\",\"name\":\"admin\",\"image\":{\"@type\":\"ImageObject\",\"inLanguage\":\"en-US\",\"@id\":\"https:\/\/www.prijedordanas.com\/#\/schema\/person\/image\/\",\"url\":\"https:\/\/secure.gravatar.com\/avatar\/1d3fc949d550f0b53a5f0d51e06dfd79?s=96&d=mm&r=g\",\"contentUrl\":\"https:\/\/secure.gravatar.com\/avatar\/1d3fc949d550f0b53a5f0d51e06dfd79?s=96&d=mm&r=g\",\"caption\":\"admin\"},\"url\":\"https:\/\/www.prijedordanas.com\/?author=1\"}]}<\/script>\n<!-- \/ Yoast SEO plugin. -->","yoast_head_json":{"title":"FONDACIJA \u201eZAJEDNI\u010cKI PUT\u201c OBILJE\u017dILA ME\u0110UNARODNI DAN STARIJIH LICA \u2013 FOTO - PrijedorDanas.com - Prijedorski gradski portal","robots":{"index":"index","follow":"follow","max-snippet":"max-snippet:-1","max-image-preview":"max-image-preview:large","max-video-preview":"max-video-preview:-1"},"canonical":"https:\/\/www.prijedordanas.com\/?p=30306","og_locale":"en_US","og_type":"article","og_title":"FONDACIJA \u201eZAJEDNI\u010cKI PUT\u201c OBILJE\u017dILA ME\u0110UNARODNI DAN STARIJIH LICA \u2013 FOTO - PrijedorDanas.com - Prijedorski gradski portal","og_description":"Povodom obilje\u017eavanja Me\u0111unarodnog dana starijih osoba u prostorijama Doma penzionera Prijedor u \u010detvrtak, 01.10.2015. godine, odr\u017eana je prodajna izlo\u017eba proizvoda Za\u0161titne radionice Fondacije \u201cZajedni\u010dki put\u201d. Na izlo\u017ebi korisnici Doma penzionera [&hellip;]","og_url":"https:\/\/www.prijedordanas.com\/?p=30306","og_site_name":"PrijedorDanas.com - Prijedorski gradski portal","article_publisher":"https:\/\/www.facebook.com\/PrijedorDanasCom\/","article_published_time":"2015-10-03T17:27:23+00:00","og_image":[{"url":"https:\/\/www.prijedordanas.com\/wp-content\/uploads\/2015\/10\/fondacija-zajednicki-put-prodajna-izlozba-1-300x180.jpg"}],"author":"admin","twitter_card":"summary_large_image","twitter_misc":{"Written by":"admin","Est. reading time":"1 minute"},"schema":{"@context":"https:\/\/schema.org","@graph":[{"@type":"Article","@id":"https:\/\/www.prijedordanas.com\/?p=30306#article","isPartOf":{"@id":"https:\/\/www.prijedordanas.com\/?p=30306"},"author":{"name":"admin","@id":"https:\/\/www.prijedordanas.com\/#\/schema\/person\/4e08ccf29b506ca916ff86d46bb700e6"},"headline":"FONDACIJA \u201eZAJEDNI\u010cKI PUT\u201c OBILJE\u017dILA ME\u0110UNARODNI DAN STARIJIH LICA \u2013 FOTO","datePublished":"2015-10-03T17:27:23+00:00","dateModified":"2015-10-03T17:27:23+00:00","mainEntityOfPage":{"@id":"https:\/\/www.prijedordanas.com\/?p=30306"},"wordCount":214,"publisher":{"@id":"https:\/\/www.prijedordanas.com\/#organization"},"keywords":["Fondacija Zajedni\u010dki put","prodajna izlo\u017eba"],"articleSection":["Svakodnevno"],"inLanguage":"en-US"},{"@type":"WebPage","@id":"https:\/\/www.prijedordanas.com\/?p=30306","url":"https:\/\/www.prijedordanas.com\/?p=30306","name":"FONDACIJA \u201eZAJEDNI\u010cKI PUT\u201c OBILJE\u017dILA ME\u0110UNARODNI DAN STARIJIH LICA \u2013 FOTO - PrijedorDanas.com - Prijedorski gradski portal","isPartOf":{"@id":"https:\/\/www.prijedordanas.com\/#website"},"datePublished":"2015-10-03T17:27:23+00:00","dateModified":"2015-10-03T17:27:23+00:00","breadcrumb":{"@id":"https:\/\/www.prijedordanas.com\/?p=30306#breadcrumb"},"inLanguage":"en-US","potentialAction":[{"@type":"ReadAction","target":["https:\/\/www.prijedordanas.com\/?p=30306"]}]},{"@type":"BreadcrumbList","@id":"https:\/\/www.prijedordanas.com\/?p=30306#breadcrumb","itemListElement":[{"@type":"ListItem","position":1,"name":"Home","item":"https:\/\/www.prijedordanas.com\/"},{"@type":"ListItem","position":2,"name":"FONDACIJA \u201eZAJEDNI\u010cKI PUT\u201c OBILJE\u017dILA ME\u0110UNARODNI DAN STARIJIH LICA \u2013 FOTO"}]},{"@type":"WebSite","@id":"https:\/\/www.prijedordanas.com\/#website","url":"https:\/\/www.prijedordanas.com\/","name":"PrijedorDanas.com - Prijedorski gradski portal","description":"Portal o doga\u0111anjima u gradu Prijedoru","publisher":{"@id":"https:\/\/www.prijedordanas.com\/#organization"},"potentialAction":[{"@type":"SearchAction","target":{"@type":"EntryPoint","urlTemplate":"https:\/\/www.prijedordanas.com\/?s={search_term_string}"},"query-input":"required name=search_term_string"}],"inLanguage":"en-US"},{"@type":"Organization","@id":"https:\/\/www.prijedordanas.com\/#organization","name":"PrijedorDanas.com","url":"https:\/\/www.prijedordanas.com\/","logo":{"@type":"ImageObject","inLanguage":"en-US","@id":"https:\/\/www.prijedordanas.com\/#\/schema\/logo\/image\/","url":"http:\/\/www.prijedordanas.com\/wp-content\/uploads\/2021\/12\/logopng.png","contentUrl":"http:\/\/www.prijedordanas.com\/wp-content\/uploads\/2021\/12\/logopng.png","width":1019,"height":776,"caption":"PrijedorDanas.com"},"image":{"@id":"https:\/\/www.prijedordanas.com\/#\/schema\/logo\/image\/"},"sameAs":["https:\/\/www.facebook.com\/PrijedorDanasCom\/"]},{"@type":"Person","@id":"https:\/\/www.prijedordanas.com\/#\/schema\/person\/4e08ccf29b506ca916ff86d46bb700e6","name":"admin","image":{"@type":"ImageObject","inLanguage":"en-US","@id":"https:\/\/www.prijedordanas.com\/#\/schema\/person\/image\/","url":"https:\/\/secure.gravatar.com\/avatar\/1d3fc949d550f0b53a5f0d51e06dfd79?s=96&d=mm&r=g","contentUrl":"https:\/\/secure.gravatar.com\/avatar\/1d3fc949d550f0b53a5f0d51e06dfd79?s=96&d=mm&r=g","caption":"admin"},"url":"https:\/\/www.prijedordanas.com\/?author=1"}]}},"_links":{"self":[{"href":"https:\/\/www.prijedordanas.com\/index.php?rest_route=\/wp\/v2\/posts\/30306"}],"collection":[{"href":"https:\/\/www.prijedordanas.com\/index.php?rest_route=\/wp\/v2\/posts"}],"about":[{"href":"https:\/\/www.prijedordanas.com\/index.php?rest_route=\/wp\/v2\/types\/post"}],"author":[{"embeddable":true,"href":"https:\/\/www.prijedordanas.com\/index.php?rest_route=\/wp\/v2\/users\/1"}],"replies":[{"embeddable":true,"href":"https:\/\/www.prijedordanas.com\/index.php?rest_route=%2Fwp%2Fv2%2Fcomments&post=30306"}],"version-history":[{"count":1,"href":"https:\/\/www.prijedordanas.com\/index.php?rest_route=\/wp\/v2\/posts\/30306\/revisions"}],"predecessor-version":[{"id":30312,"href":"https:\/\/www.prijedordanas.com\/index.php?rest_route=\/wp\/v2\/posts\/30306\/revisions\/30312"}],"wp:attachment":[{"href":"https:\/\/www.prijedordanas.com\/index.php?rest_route=%2Fwp%2Fv2%2Fmedia&parent=30306"}],"wp:term":[{"taxonomy":"category","embeddable":true,"href":"https:\/\/www.prijedordanas.com\/index.php?rest_route=%2Fwp%2Fv2%2Fcategories&post=30306"},{"taxonomy":"post_tag","embeddable":true,"href":"https:\/\/www.prijedordanas.com\/index.php?rest_route=%2Fwp%2Fv2%2Ftags&post=30306"}],"curies":[{"name":"wp","href":"https:\/\/api.w.org\/{rel}","templated":true}]}}