{"id":30181,"date":"2015-10-01T16:51:57","date_gmt":"2015-10-01T15:51:57","guid":{"rendered":"https:\/\/www.prijedordanas.com\/?p=30181"},"modified":"2015-10-01T16:53:31","modified_gmt":"2015-10-01T15:53:31","slug":"dom-za-starija-lica-prijedor-bogdanic-starenje-nacije-problem-buducnosti","status":"publish","type":"post","link":"https:\/\/www.prijedordanas.com\/?p=30181","title":{"rendered":"DOM ZA STARIJA LICA PRIJEDOR-BOGDANI\u0106: STARENJE NACIJE PROBLEM BUDU\u0106NOSTI"},"content":{"rendered":"<p><a href=\"https:\/\/www.prijedordanas.com\/wp-content\/uploads\/2015\/10\/dom-za-starija-lica-posjeta-ministra-bogdanica-1.jpg\"><img loading=\"lazy\" decoding=\"async\" class=\"alignleft size-medium wp-image-30182\" src=\"https:\/\/www.prijedordanas.com\/wp-content\/uploads\/2015\/10\/dom-za-starija-lica-posjeta-ministra-bogdanica-1-300x199.jpg\" alt=\"dom za starija lica-posjeta ministra bogdanica (1)\" width=\"300\" height=\"199\" srcset=\"https:\/\/www.prijedordanas.com\/wp-content\/uploads\/2015\/10\/dom-za-starija-lica-posjeta-ministra-bogdanica-1-300x199.jpg 300w, https:\/\/www.prijedordanas.com\/wp-content\/uploads\/2015\/10\/dom-za-starija-lica-posjeta-ministra-bogdanica-1-480x320.jpg 480w, https:\/\/www.prijedordanas.com\/wp-content\/uploads\/2015\/10\/dom-za-starija-lica-posjeta-ministra-bogdanica-1.jpg 600w\" sizes=\"(max-width: 300px) 100vw, 300px\" \/><\/a>Ministar zdravlja i socijalne za\u0161tite Republike Srpske Dragan Bogdani\u0107 izjavio je danas da je starenje nacije veliki problem koji \u0107e u budu\u0107nosti biti sve izra\u017eeniji.<\/p>\n<p>&#8220;Mislim da \u0107e taj problem starenja populacije biti veliki. To je problem Evrope i ne\u0107e ni nas zaobi\u0107i, ali, evo, tu smo da se borimo&#8221;, rekao je Bogdani\u0107 novinarima u Prijedoru, gdje je povodom Svjetskog dana starih posjetio Dom za starija lica.<\/p>\n<p>On je naglasio da je obaveza i Ministarstva i dru\u0161tva da se prema starim ljudima odnosi korektno, pravilno i dobro.<\/p>\n<p>&#8220;Bez obzira na neda\u0107e vremena u kojem \u017eivimo, ipak su oni ti koji su omogu\u0107ili da mi danas mo\u017eemo i da radimo i da stvaramo, zato \u0161to su se u nekom periodu sigurno vi\u0161e \u017ertvovali nego \u0161to mi to danas \u010dinimo da bismo mogli da nastavimo razvoj dru\u0161tva&#8221;, rekao je Bogdani\u0107.<\/p>\n<p><a href=\"https:\/\/www.prijedordanas.com\/wp-content\/uploads\/2015\/10\/dom-za-starija-lica-posjeta-ministra-bogdanica-3.jpg\"><img loading=\"lazy\" decoding=\"async\" class=\"alignleft size-medium wp-image-30183\" src=\"https:\/\/www.prijedordanas.com\/wp-content\/uploads\/2015\/10\/dom-za-starija-lica-posjeta-ministra-bogdanica-3-300x199.jpg\" alt=\"dom za starija lica-posjeta ministra bogdanica 3\" width=\"300\" height=\"199\" srcset=\"https:\/\/www.prijedordanas.com\/wp-content\/uploads\/2015\/10\/dom-za-starija-lica-posjeta-ministra-bogdanica-3-300x199.jpg 300w, https:\/\/www.prijedordanas.com\/wp-content\/uploads\/2015\/10\/dom-za-starija-lica-posjeta-ministra-bogdanica-3-480x320.jpg 480w, https:\/\/www.prijedordanas.com\/wp-content\/uploads\/2015\/10\/dom-za-starija-lica-posjeta-ministra-bogdanica-3.jpg 600w\" sizes=\"(max-width: 300px) 100vw, 300px\" \/><\/a>On je naveo da, osim ovih dru\u0161tvenih, ima sve ve\u0107i broj i privatnih domova za starija lica.<\/p>\n<p>&#8220;Mi smo poku\u0161ali da uradimo pravilnik tako da su ti domovi i prostorom i opremom i kadrom prilago\u0111eni&#8221;, dodao je Bogdani\u0107.<\/p>\n<p>Prema njegovim rije\u010dima, zdravstvena za\u0161tita je vrlo dostupna licima tre\u0107e dobi, ta lica oslobo\u0111ena su pla\u0107anja dosta participacija, a doprinosi koje penzioneri pla\u0107aju za zdravstvenu za\u0161titu najmanji su u okru\u017eenju.<\/p>\n<p>On je naglasio da je sve u\u010dinjeno da bi ova lica bila osigurana i da im budu pru\u017eeni svi vidovi zdravstvene za\u0161tite, kao i rehabilitacija, banjsko lije\u010denje i ortopedska pomagala.<\/p>\n<p>&#8220;S obzirom na to, nivo zdravstvene za\u0161tite trenutno prevazilazi mogu\u0107nosti dru\u0161tva u kojem \u017eivimo&#8221;, istakao je ministar zdravlja i socijalne za\u0161tite Srpske.<\/p>\n<p>Tekst \u2013 SRNA<br \/>\nFoto \u2013 Aleksandar Drakuli\u0107 \u2013 <a href=\"www.prijedordanas.com\" target=\"_blank\">www.prijedordanas.com<\/a><\/p>\n<p><a href=\"https:\/\/www.prijedordanas.com\/wp-content\/uploads\/2015\/10\/dom-za-starija-lica-posjeta-ministra-bogdanica-22.jpg\"><img loading=\"lazy\" decoding=\"async\" src=\"https:\/\/www.prijedordanas.com\/wp-content\/uploads\/2015\/10\/dom-za-starija-lica-posjeta-ministra-bogdanica-22-300x199.jpg\" alt=\"dom za starija lica-posjeta ministra bogdanica (2)\" width=\"300\" height=\"199\" class=\"alignleft size-medium wp-image-30185\" srcset=\"https:\/\/www.prijedordanas.com\/wp-content\/uploads\/2015\/10\/dom-za-starija-lica-posjeta-ministra-bogdanica-22-300x199.jpg 300w, https:\/\/www.prijedordanas.com\/wp-content\/uploads\/2015\/10\/dom-za-starija-lica-posjeta-ministra-bogdanica-22-480x320.jpg 480w, https:\/\/www.prijedordanas.com\/wp-content\/uploads\/2015\/10\/dom-za-starija-lica-posjeta-ministra-bogdanica-22.jpg 600w\" sizes=\"(max-width: 300px) 100vw, 300px\" \/><\/a> <a href=\"https:\/\/www.prijedordanas.com\/wp-content\/uploads\/2015\/10\/dom-za-starija-lica-posjeta-ministra-bogdanica-41.jpg\"><img loading=\"lazy\" decoding=\"async\" src=\"https:\/\/www.prijedordanas.com\/wp-content\/uploads\/2015\/10\/dom-za-starija-lica-posjeta-ministra-bogdanica-41-300x199.jpg\" alt=\"dom za starija lica-posjeta ministra bogdanica (4)\" width=\"300\" height=\"199\" class=\"alignleft size-medium wp-image-30186\" srcset=\"https:\/\/www.prijedordanas.com\/wp-content\/uploads\/2015\/10\/dom-za-starija-lica-posjeta-ministra-bogdanica-41-300x199.jpg 300w, https:\/\/www.prijedordanas.com\/wp-content\/uploads\/2015\/10\/dom-za-starija-lica-posjeta-ministra-bogdanica-41-480x320.jpg 480w, https:\/\/www.prijedordanas.com\/wp-content\/uploads\/2015\/10\/dom-za-starija-lica-posjeta-ministra-bogdanica-41.jpg 600w\" sizes=\"(max-width: 300px) 100vw, 300px\" \/><\/a><\/p>\n","protected":false},"excerpt":{"rendered":"<p>Ministar zdravlja i socijalne za\u0161tite Republike Srpske Dragan Bogdani\u0107 izjavio je danas da je starenje nacije veliki problem koji \u0107e u budu\u0107nosti biti sve izra\u017eeniji. &#8220;Mislim da \u0107e taj problem [&hellip;]<\/p>\n","protected":false},"author":1,"featured_media":0,"comment_status":"closed","ping_status":"open","sticky":false,"template":"","format":"standard","meta":{"_monsterinsights_skip_tracking":false,"_monsterinsights_sitenote_active":false,"_monsterinsights_sitenote_note":"","_monsterinsights_sitenote_category":0,"footnotes":""},"categories":[4],"tags":[5234,58,4754],"yoast_head":"<!-- This site is optimized with the Yoast SEO plugin v21.6 - https:\/\/yoast.com\/wordpress\/plugins\/seo\/ -->\n<title>DOM ZA STARIJA LICA PRIJEDOR-BOGDANI\u0106: STARENJE NACIJE PROBLEM BUDU\u0106NOSTI - PrijedorDanas.com - Prijedorski gradski portal<\/title>\n<meta name=\"robots\" content=\"index, follow, max-snippet:-1, max-image-preview:large, max-video-preview:-1\" \/>\n<link rel=\"canonical\" href=\"https:\/\/www.prijedordanas.com\/?p=30181\" \/>\n<meta property=\"og:locale\" content=\"en_US\" \/>\n<meta property=\"og:type\" content=\"article\" \/>\n<meta property=\"og:title\" content=\"DOM ZA STARIJA LICA PRIJEDOR-BOGDANI\u0106: STARENJE NACIJE PROBLEM BUDU\u0106NOSTI - PrijedorDanas.com - Prijedorski gradski portal\" \/>\n<meta property=\"og:description\" content=\"Ministar zdravlja i socijalne za\u0161tite Republike Srpske Dragan Bogdani\u0107 izjavio je danas da je starenje nacije veliki problem koji \u0107e u budu\u0107nosti biti sve izra\u017eeniji. &#8220;Mislim da \u0107e taj problem [&hellip;]\" \/>\n<meta property=\"og:url\" content=\"https:\/\/www.prijedordanas.com\/?p=30181\" \/>\n<meta property=\"og:site_name\" content=\"PrijedorDanas.com - Prijedorski gradski portal\" \/>\n<meta property=\"article:publisher\" content=\"https:\/\/www.facebook.com\/PrijedorDanasCom\/\" \/>\n<meta property=\"article:published_time\" content=\"2015-10-01T15:51:57+00:00\" \/>\n<meta property=\"article:modified_time\" content=\"2015-10-01T15:53:31+00:00\" \/>\n<meta property=\"og:image\" content=\"https:\/\/www.prijedordanas.com\/wp-content\/uploads\/2015\/10\/dom-za-starija-lica-posjeta-ministra-bogdanica-1-300x199.jpg\" \/>\n<meta name=\"author\" content=\"admin\" \/>\n<meta name=\"twitter:card\" content=\"summary_large_image\" \/>\n<meta name=\"twitter:label1\" content=\"Written by\" \/>\n\t<meta name=\"twitter:data1\" content=\"admin\" \/>\n\t<meta name=\"twitter:label2\" content=\"Est. reading time\" \/>\n\t<meta name=\"twitter:data2\" content=\"1 minute\" \/>\n<script type=\"application\/ld+json\" class=\"yoast-schema-graph\">{\"@context\":\"https:\/\/schema.org\",\"@graph\":[{\"@type\":\"Article\",\"@id\":\"https:\/\/www.prijedordanas.com\/?p=30181#article\",\"isPartOf\":{\"@id\":\"https:\/\/www.prijedordanas.com\/?p=30181\"},\"author\":{\"name\":\"admin\",\"@id\":\"https:\/\/www.prijedordanas.com\/#\/schema\/person\/4e08ccf29b506ca916ff86d46bb700e6\"},\"headline\":\"DOM ZA STARIJA LICA PRIJEDOR-BOGDANI\u0106: STARENJE NACIJE PROBLEM BUDU\u0106NOSTI\",\"datePublished\":\"2015-10-01T15:51:57+00:00\",\"dateModified\":\"2015-10-01T15:53:31+00:00\",\"mainEntityOfPage\":{\"@id\":\"https:\/\/www.prijedordanas.com\/?p=30181\"},\"wordCount\":307,\"publisher\":{\"@id\":\"https:\/\/www.prijedordanas.com\/#organization\"},\"keywords\":[\"Dom za starija lica Prijedor\",\"Dragan Bogdani\u0107\",\"ministar\"],\"articleSection\":[\"Dru\u0161tvo\"],\"inLanguage\":\"en-US\"},{\"@type\":\"WebPage\",\"@id\":\"https:\/\/www.prijedordanas.com\/?p=30181\",\"url\":\"https:\/\/www.prijedordanas.com\/?p=30181\",\"name\":\"DOM ZA STARIJA LICA PRIJEDOR-BOGDANI\u0106: STARENJE NACIJE PROBLEM BUDU\u0106NOSTI - PrijedorDanas.com - Prijedorski gradski portal\",\"isPartOf\":{\"@id\":\"https:\/\/www.prijedordanas.com\/#website\"},\"datePublished\":\"2015-10-01T15:51:57+00:00\",\"dateModified\":\"2015-10-01T15:53:31+00:00\",\"breadcrumb\":{\"@id\":\"https:\/\/www.prijedordanas.com\/?p=30181#breadcrumb\"},\"inLanguage\":\"en-US\",\"potentialAction\":[{\"@type\":\"ReadAction\",\"target\":[\"https:\/\/www.prijedordanas.com\/?p=30181\"]}]},{\"@type\":\"BreadcrumbList\",\"@id\":\"https:\/\/www.prijedordanas.com\/?p=30181#breadcrumb\",\"itemListElement\":[{\"@type\":\"ListItem\",\"position\":1,\"name\":\"Home\",\"item\":\"https:\/\/www.prijedordanas.com\/\"},{\"@type\":\"ListItem\",\"position\":2,\"name\":\"DOM ZA STARIJA LICA PRIJEDOR-BOGDANI\u0106: STARENJE NACIJE PROBLEM BUDU\u0106NOSTI\"}]},{\"@type\":\"WebSite\",\"@id\":\"https:\/\/www.prijedordanas.com\/#website\",\"url\":\"https:\/\/www.prijedordanas.com\/\",\"name\":\"PrijedorDanas.com - Prijedorski gradski portal\",\"description\":\"Portal o doga\u0111anjima u gradu Prijedoru\",\"publisher\":{\"@id\":\"https:\/\/www.prijedordanas.com\/#organization\"},\"potentialAction\":[{\"@type\":\"SearchAction\",\"target\":{\"@type\":\"EntryPoint\",\"urlTemplate\":\"https:\/\/www.prijedordanas.com\/?s={search_term_string}\"},\"query-input\":\"required name=search_term_string\"}],\"inLanguage\":\"en-US\"},{\"@type\":\"Organization\",\"@id\":\"https:\/\/www.prijedordanas.com\/#organization\",\"name\":\"PrijedorDanas.com\",\"url\":\"https:\/\/www.prijedordanas.com\/\",\"logo\":{\"@type\":\"ImageObject\",\"inLanguage\":\"en-US\",\"@id\":\"https:\/\/www.prijedordanas.com\/#\/schema\/logo\/image\/\",\"url\":\"http:\/\/www.prijedordanas.com\/wp-content\/uploads\/2021\/12\/logopng.png\",\"contentUrl\":\"http:\/\/www.prijedordanas.com\/wp-content\/uploads\/2021\/12\/logopng.png\",\"width\":1019,\"height\":776,\"caption\":\"PrijedorDanas.com\"},\"image\":{\"@id\":\"https:\/\/www.prijedordanas.com\/#\/schema\/logo\/image\/\"},\"sameAs\":[\"https:\/\/www.facebook.com\/PrijedorDanasCom\/\"]},{\"@type\":\"Person\",\"@id\":\"https:\/\/www.prijedordanas.com\/#\/schema\/person\/4e08ccf29b506ca916ff86d46bb700e6\",\"name\":\"admin\",\"image\":{\"@type\":\"ImageObject\",\"inLanguage\":\"en-US\",\"@id\":\"https:\/\/www.prijedordanas.com\/#\/schema\/person\/image\/\",\"url\":\"https:\/\/secure.gravatar.com\/avatar\/1d3fc949d550f0b53a5f0d51e06dfd79?s=96&d=mm&r=g\",\"contentUrl\":\"https:\/\/secure.gravatar.com\/avatar\/1d3fc949d550f0b53a5f0d51e06dfd79?s=96&d=mm&r=g\",\"caption\":\"admin\"},\"url\":\"https:\/\/www.prijedordanas.com\/?author=1\"}]}<\/script>\n<!-- \/ Yoast SEO plugin. -->","yoast_head_json":{"title":"DOM ZA STARIJA LICA PRIJEDOR-BOGDANI\u0106: STARENJE NACIJE PROBLEM BUDU\u0106NOSTI - PrijedorDanas.com - Prijedorski gradski portal","robots":{"index":"index","follow":"follow","max-snippet":"max-snippet:-1","max-image-preview":"max-image-preview:large","max-video-preview":"max-video-preview:-1"},"canonical":"https:\/\/www.prijedordanas.com\/?p=30181","og_locale":"en_US","og_type":"article","og_title":"DOM ZA STARIJA LICA PRIJEDOR-BOGDANI\u0106: STARENJE NACIJE PROBLEM BUDU\u0106NOSTI - PrijedorDanas.com - Prijedorski gradski portal","og_description":"Ministar zdravlja i socijalne za\u0161tite Republike Srpske Dragan Bogdani\u0107 izjavio je danas da je starenje nacije veliki problem koji \u0107e u budu\u0107nosti biti sve izra\u017eeniji. &#8220;Mislim da \u0107e taj problem [&hellip;]","og_url":"https:\/\/www.prijedordanas.com\/?p=30181","og_site_name":"PrijedorDanas.com - Prijedorski gradski portal","article_publisher":"https:\/\/www.facebook.com\/PrijedorDanasCom\/","article_published_time":"2015-10-01T15:51:57+00:00","article_modified_time":"2015-10-01T15:53:31+00:00","og_image":[{"url":"https:\/\/www.prijedordanas.com\/wp-content\/uploads\/2015\/10\/dom-za-starija-lica-posjeta-ministra-bogdanica-1-300x199.jpg"}],"author":"admin","twitter_card":"summary_large_image","twitter_misc":{"Written by":"admin","Est. reading time":"1 minute"},"schema":{"@context":"https:\/\/schema.org","@graph":[{"@type":"Article","@id":"https:\/\/www.prijedordanas.com\/?p=30181#article","isPartOf":{"@id":"https:\/\/www.prijedordanas.com\/?p=30181"},"author":{"name":"admin","@id":"https:\/\/www.prijedordanas.com\/#\/schema\/person\/4e08ccf29b506ca916ff86d46bb700e6"},"headline":"DOM ZA STARIJA LICA PRIJEDOR-BOGDANI\u0106: STARENJE NACIJE PROBLEM BUDU\u0106NOSTI","datePublished":"2015-10-01T15:51:57+00:00","dateModified":"2015-10-01T15:53:31+00:00","mainEntityOfPage":{"@id":"https:\/\/www.prijedordanas.com\/?p=30181"},"wordCount":307,"publisher":{"@id":"https:\/\/www.prijedordanas.com\/#organization"},"keywords":["Dom za starija lica Prijedor","Dragan Bogdani\u0107","ministar"],"articleSection":["Dru\u0161tvo"],"inLanguage":"en-US"},{"@type":"WebPage","@id":"https:\/\/www.prijedordanas.com\/?p=30181","url":"https:\/\/www.prijedordanas.com\/?p=30181","name":"DOM ZA STARIJA LICA PRIJEDOR-BOGDANI\u0106: STARENJE NACIJE PROBLEM BUDU\u0106NOSTI - PrijedorDanas.com - Prijedorski gradski portal","isPartOf":{"@id":"https:\/\/www.prijedordanas.com\/#website"},"datePublished":"2015-10-01T15:51:57+00:00","dateModified":"2015-10-01T15:53:31+00:00","breadcrumb":{"@id":"https:\/\/www.prijedordanas.com\/?p=30181#breadcrumb"},"inLanguage":"en-US","potentialAction":[{"@type":"ReadAction","target":["https:\/\/www.prijedordanas.com\/?p=30181"]}]},{"@type":"BreadcrumbList","@id":"https:\/\/www.prijedordanas.com\/?p=30181#breadcrumb","itemListElement":[{"@type":"ListItem","position":1,"name":"Home","item":"https:\/\/www.prijedordanas.com\/"},{"@type":"ListItem","position":2,"name":"DOM ZA STARIJA LICA PRIJEDOR-BOGDANI\u0106: STARENJE NACIJE PROBLEM BUDU\u0106NOSTI"}]},{"@type":"WebSite","@id":"https:\/\/www.prijedordanas.com\/#website","url":"https:\/\/www.prijedordanas.com\/","name":"PrijedorDanas.com - Prijedorski gradski portal","description":"Portal o doga\u0111anjima u gradu Prijedoru","publisher":{"@id":"https:\/\/www.prijedordanas.com\/#organization"},"potentialAction":[{"@type":"SearchAction","target":{"@type":"EntryPoint","urlTemplate":"https:\/\/www.prijedordanas.com\/?s={search_term_string}"},"query-input":"required name=search_term_string"}],"inLanguage":"en-US"},{"@type":"Organization","@id":"https:\/\/www.prijedordanas.com\/#organization","name":"PrijedorDanas.com","url":"https:\/\/www.prijedordanas.com\/","logo":{"@type":"ImageObject","inLanguage":"en-US","@id":"https:\/\/www.prijedordanas.com\/#\/schema\/logo\/image\/","url":"http:\/\/www.prijedordanas.com\/wp-content\/uploads\/2021\/12\/logopng.png","contentUrl":"http:\/\/www.prijedordanas.com\/wp-content\/uploads\/2021\/12\/logopng.png","width":1019,"height":776,"caption":"PrijedorDanas.com"},"image":{"@id":"https:\/\/www.prijedordanas.com\/#\/schema\/logo\/image\/"},"sameAs":["https:\/\/www.facebook.com\/PrijedorDanasCom\/"]},{"@type":"Person","@id":"https:\/\/www.prijedordanas.com\/#\/schema\/person\/4e08ccf29b506ca916ff86d46bb700e6","name":"admin","image":{"@type":"ImageObject","inLanguage":"en-US","@id":"https:\/\/www.prijedordanas.com\/#\/schema\/person\/image\/","url":"https:\/\/secure.gravatar.com\/avatar\/1d3fc949d550f0b53a5f0d51e06dfd79?s=96&d=mm&r=g","contentUrl":"https:\/\/secure.gravatar.com\/avatar\/1d3fc949d550f0b53a5f0d51e06dfd79?s=96&d=mm&r=g","caption":"admin"},"url":"https:\/\/www.prijedordanas.com\/?author=1"}]}},"_links":{"self":[{"href":"https:\/\/www.prijedordanas.com\/index.php?rest_route=\/wp\/v2\/posts\/30181"}],"collection":[{"href":"https:\/\/www.prijedordanas.com\/index.php?rest_route=\/wp\/v2\/posts"}],"about":[{"href":"https:\/\/www.prijedordanas.com\/index.php?rest_route=\/wp\/v2\/types\/post"}],"author":[{"embeddable":true,"href":"https:\/\/www.prijedordanas.com\/index.php?rest_route=\/wp\/v2\/users\/1"}],"replies":[{"embeddable":true,"href":"https:\/\/www.prijedordanas.com\/index.php?rest_route=%2Fwp%2Fv2%2Fcomments&post=30181"}],"version-history":[{"count":3,"href":"https:\/\/www.prijedordanas.com\/index.php?rest_route=\/wp\/v2\/posts\/30181\/revisions"}],"predecessor-version":[{"id":30188,"href":"https:\/\/www.prijedordanas.com\/index.php?rest_route=\/wp\/v2\/posts\/30181\/revisions\/30188"}],"wp:attachment":[{"href":"https:\/\/www.prijedordanas.com\/index.php?rest_route=%2Fwp%2Fv2%2Fmedia&parent=30181"}],"wp:term":[{"taxonomy":"category","embeddable":true,"href":"https:\/\/www.prijedordanas.com\/index.php?rest_route=%2Fwp%2Fv2%2Fcategories&post=30181"},{"taxonomy":"post_tag","embeddable":true,"href":"https:\/\/www.prijedordanas.com\/index.php?rest_route=%2Fwp%2Fv2%2Ftags&post=30181"}],"curies":[{"name":"wp","href":"https:\/\/api.w.org\/{rel}","templated":true}]}}